{"id":89404,"date":"2015-03-18T20:55:33","date_gmt":"2015-03-18T19:55:33","guid":{"rendered":"http:\/\/www.visit-ulcinj.com\/blog\/?p=89404"},"modified":"2015-03-19T10:46:26","modified_gmt":"2015-03-19T09:46:26","slug":"fatmir-gjeka-shume-shqiptare-nga-ulqini-ne-policine-e-nju-jorkut-se-sa-ne-ate-te-ulqinit","status":"publish","type":"post","link":"https:\/\/www.visit-ulcinj.com\/blog\/2015\/03\/18\/fatmir-gjeka-shume-shqiptare-nga-ulqini-ne-policine-e-nju-jorkut-se-sa-ne-ate-te-ulqinit\/","title":{"rendered":"Fatmir Gjeka: M\u00eb shum\u00eb shqiptar\u00eb nga Ulqini n\u00eb policin\u00eb e Nju Jorkut se sa n\u00eb at\u00eb t\u00eb Ulqinit"},"content":{"rendered":"<p><a href=\"http:\/\/www.visit-ulcinj.com\/blog\/wp-content\/uploads\/2014\/11\/Fatmir-Gjeka-5.jpg\"><img loading=\"lazy\" class=\"alignleft wp-image-86581\" src=\"http:\/\/www.visit-ulcinj.com\/blog\/wp-content\/uploads\/2014\/11\/Fatmir-Gjeka-5.jpg\" alt=\"Fatmir-Gjeka-5\" width=\"508\" height=\"339\" srcset=\"https:\/\/www.visit-ulcinj.com\/blog\/wp-content\/uploads\/2014\/11\/Fatmir-Gjeka-5.jpg 960w, https:\/\/www.visit-ulcinj.com\/blog\/wp-content\/uploads\/2014\/11\/Fatmir-Gjeka-5-300x200.jpg 300w\" sizes=\"(max-width: 508px) 100vw, 508px\" \/><\/a>Kryetari i Komun\u00ebs s\u00eb Ulqinit dhe kryetari i Partis\u00eb Demokratike Fatmir Gjeka ka th\u00ebn\u00eb se partia e tij ka obligim q\u00eb publikisht t\u00eb insistoj\u00eb n\u00eb p\u00ebrfaq\u00ebsim sa m\u00eb t\u00eb madh t\u00eb shqiptar\u00ebve n\u00eb t\u00eb gjitha fushat, si n\u00eb gjyq\u00ebsorin, arsimin, sigurin\u00eb, policin\u00eb dhe sh\u00ebrbime tjera.<\/p>\n<p>\u201dDisa fakte jan\u00eb me t\u00eb v\u00ebrtet absurde. P\u00ebr shembull, sipas t\u00eb dh\u00ebnave q\u00eb kemi, m\u00eb shum\u00eb ka shqiptar\u00eb nga Ulqini n\u00eb policin\u00eb e Nju Jorkut se sa ka n\u00eb at\u00eb t\u00eb Ulqinit\u201d, ka th\u00ebn\u00eb Gjeka.<\/p>\n<p>N\u00eb an\u00ebn tjet\u00ebr Gjeka lavd\u00ebron marr\u00ebdh\u00ebniet q\u00eb ka me Kryeministrin Djukanovic, duke th\u00ebn\u00eb se dyert e kryeministrit jan\u00eb gj\u00ebr\u00eb t\u00eb hapura p\u00ebr partin\u00eb e tij.<\/p>\n<p>\u201cNuk ka asnj\u00eb arsye serioze p\u00ebr pak\u00ebnaq\u00ebsi rreth bashk\u00ebpunimit me organet shtet\u00ebrore t\u00eb Malit t\u00eb Zi, dhe nuk e kam t\u00eb qart\u00eb prej nga spekulimet n\u00eb opinion rreth gjith\u00eb k\u00ebsaj\u201d, k\u00ebshtu \u00ebsht\u00eb shprehur kryetari i komun\u00ebs s\u00eb Ulqinit Fatmir Gjeka rreth marr\u00ebdh\u00ebnieve t\u00eb qeveris\u00eb lokale me ato shtet\u00ebrore. \u201cP\u00ebrvoja ime deri tani nga pozicioni q\u00eb kam konfirmon faktin se ne i kemi dyert gj\u00ebr\u00eb t\u00eb hapura te kabineti dhe kryeministri dhe t\u00eb t\u00eb gjitha ministrit\u00eb, por edhe te organeve t\u00eb tjera qeveritare dhe institucione dhe n\u00eb k\u00ebt\u00eb drejtim, un\u00eb jam absolutisht i k\u00ebnaqur\u201d, ka th\u00ebn\u00eb Gjeka.\/MALESIA.ORG\/<\/p>\n","protected":false},"excerpt":{"rendered":"<p>Kryetari i Komun\u00ebs s\u00eb Ulqinit dhe kryetari i Partis\u00eb Demokratike Fatmir Gjeka ka th\u00ebn\u00eb se partia e tij ka obligim q\u00eb publikisht t\u00eb insistoj\u00eb n\u00eb p\u00ebrfaq\u00ebsim sa m\u00eb t\u00eb madh t\u00eb shqiptar\u00ebve n\u00eb t\u00eb gjitha fushat, si n\u00eb gjyq\u00ebsorin, arsimin, sigurin\u00eb, policin\u00eb dhe sh\u00ebrbime tjera. \u201dDisa fakte jan\u00eb me t\u00eb v\u00ebrtet absurde. P\u00ebr shembull, sipas [&hellip;]<\/p>\n","protected":false},"author":1,"featured_media":0,"comment_status":"closed","ping_status":"closed","sticky":false,"template":"","format":"standard","meta":{"spay_email":"","jetpack_publicize_message":"","jetpack_is_tweetstorm":false,"jetpack_publicize_feature_enabled":true},"categories":[1,12],"tags":[],"jetpack_publicize_connections":[],"yoast_head":"<!-- This site is optimized with the Yoast SEO plugin v19.1 - https:\/\/yoast.com\/wordpress\/plugins\/seo\/ -->\n<title>Fatmir Gjeka: M\u00eb shum\u00eb shqiptar\u00eb nga Ulqini n\u00eb policin\u00eb e Nju Jorkut se sa n\u00eb at\u00eb t\u00eb Ulqinit - Lajme nga Ulqini<\/title>\n<meta name=\"description\" content=\"Kryetari i Komun\u00ebs s\u00eb Ulqinit dhe kryetari i Partis\u00eb Demokratike Fatmir Gjeka ka th\u00ebn\u00eb se partia e tij ka obligim q\u00eb publikisht t\u00eb insistoj\u00eb n\u00eb p\u00ebrfaq\u00ebsim\" \/>\n<meta name=\"robots\" content=\"index, follow, max-snippet:-1, max-image-preview:large, max-video-preview:-1\" \/>\n<link rel=\"canonical\" href=\"https:\/\/www.visit-ulcinj.com\/blog\/2015\/03\/18\/fatmir-gjeka-shume-shqiptare-nga-ulqini-ne-policine-e-nju-jorkut-se-sa-ne-ate-te-ulqinit\/\" \/>\n<meta property=\"og:locale\" content=\"en_US\" \/>\n<meta property=\"og:type\" content=\"article\" \/>\n<meta property=\"og:title\" content=\"Fatmir Gjeka: M\u00eb shum\u00eb shqiptar\u00eb nga Ulqini n\u00eb policin\u00eb e Nju Jorkut se sa n\u00eb at\u00eb t\u00eb Ulqinit - Lajme nga Ulqini\" \/>\n<meta property=\"og:description\" content=\"Kryetari i Komun\u00ebs s\u00eb Ulqinit dhe kryetari i Partis\u00eb Demokratike Fatmir Gjeka ka th\u00ebn\u00eb se partia e tij ka obligim q\u00eb publikisht t\u00eb insistoj\u00eb n\u00eb p\u00ebrfaq\u00ebsim\" \/>\n<meta property=\"og:url\" content=\"https:\/\/www.visit-ulcinj.com\/blog\/2015\/03\/18\/fatmir-gjeka-shume-shqiptare-nga-ulqini-ne-policine-e-nju-jorkut-se-sa-ne-ate-te-ulqinit\/\" \/>\n<meta property=\"og:site_name\" content=\"Lajme nga Ulqini\" \/>\n<meta property=\"article:published_time\" content=\"2015-03-18T19:55:33+00:00\" \/>\n<meta property=\"article:modified_time\" content=\"2015-03-19T09:46:26+00:00\" \/>\n<meta property=\"og:image\" content=\"http:\/\/www.visit-ulcinj.com\/blog\/wp-content\/uploads\/2014\/11\/Fatmir-Gjeka-5.jpg\" \/>\n<meta name=\"twitter:label1\" content=\"Written by\" \/>\n\t<meta name=\"twitter:data1\" content=\"ulqini\" \/>\n\t<meta name=\"twitter:label2\" content=\"Est. reading time\" \/>\n\t<meta name=\"twitter:data2\" content=\"1 minute\" \/>\n<script type=\"application\/ld+json\" class=\"yoast-schema-graph\">{\"@context\":\"https:\/\/schema.org\",\"@graph\":[{\"@type\":\"WebSite\",\"@id\":\"https:\/\/www.visit-ulcinj.com\/blog\/#website\",\"url\":\"https:\/\/www.visit-ulcinj.com\/blog\/\",\"name\":\"Lajme nga Ulqini\",\"description\":\"Lajme,Vijesti,Ulqini,Ulqin,Crna Gora,Mali i Zi\",\"potentialAction\":[{\"@type\":\"SearchAction\",\"target\":{\"@type\":\"EntryPoint\",\"urlTemplate\":\"https:\/\/www.visit-ulcinj.com\/blog\/?s={search_term_string}\"},\"query-input\":\"required name=search_term_string\"}],\"inLanguage\":\"en-US\"},{\"@type\":\"ImageObject\",\"inLanguage\":\"en-US\",\"@id\":\"https:\/\/www.visit-ulcinj.com\/blog\/2015\/03\/18\/fatmir-gjeka-shume-shqiptare-nga-ulqini-ne-policine-e-nju-jorkut-se-sa-ne-ate-te-ulqinit\/#primaryimage\",\"url\":\"https:\/\/www.visit-ulcinj.com\/blog\/wp-content\/uploads\/2014\/11\/Fatmir-Gjeka-5.jpg\",\"contentUrl\":\"https:\/\/www.visit-ulcinj.com\/blog\/wp-content\/uploads\/2014\/11\/Fatmir-Gjeka-5.jpg\",\"width\":960,\"height\":640},{\"@type\":\"WebPage\",\"@id\":\"https:\/\/www.visit-ulcinj.com\/blog\/2015\/03\/18\/fatmir-gjeka-shume-shqiptare-nga-ulqini-ne-policine-e-nju-jorkut-se-sa-ne-ate-te-ulqinit\/#webpage\",\"url\":\"https:\/\/www.visit-ulcinj.com\/blog\/2015\/03\/18\/fatmir-gjeka-shume-shqiptare-nga-ulqini-ne-policine-e-nju-jorkut-se-sa-ne-ate-te-ulqinit\/\",\"name\":\"Fatmir Gjeka: M\u00eb shum\u00eb shqiptar\u00eb nga Ulqini n\u00eb policin\u00eb e Nju Jorkut se sa n\u00eb at\u00eb t\u00eb Ulqinit - Lajme nga Ulqini\",\"isPartOf\":{\"@id\":\"https:\/\/www.visit-ulcinj.com\/blog\/#website\"},\"primaryImageOfPage\":{\"@id\":\"https:\/\/www.visit-ulcinj.com\/blog\/2015\/03\/18\/fatmir-gjeka-shume-shqiptare-nga-ulqini-ne-policine-e-nju-jorkut-se-sa-ne-ate-te-ulqinit\/#primaryimage\"},\"datePublished\":\"2015-03-18T19:55:33+00:00\",\"dateModified\":\"2015-03-19T09:46:26+00:00\",\"author\":{\"@id\":\"https:\/\/www.visit-ulcinj.com\/blog\/#\/schema\/person\/dcab619c614d3038751c63bc2aadc06d\"},\"description\":\"Kryetari i Komun\u00ebs s\u00eb Ulqinit dhe kryetari i Partis\u00eb Demokratike Fatmir Gjeka ka th\u00ebn\u00eb se partia e tij ka obligim q\u00eb publikisht t\u00eb insistoj\u00eb n\u00eb p\u00ebrfaq\u00ebsim\",\"breadcrumb\":{\"@id\":\"https:\/\/www.visit-ulcinj.com\/blog\/2015\/03\/18\/fatmir-gjeka-shume-shqiptare-nga-ulqini-ne-policine-e-nju-jorkut-se-sa-ne-ate-te-ulqinit\/#breadcrumb\"},\"inLanguage\":\"en-US\",\"potentialAction\":[{\"@type\":\"ReadAction\",\"target\":[\"https:\/\/www.visit-ulcinj.com\/blog\/2015\/03\/18\/fatmir-gjeka-shume-shqiptare-nga-ulqini-ne-policine-e-nju-jorkut-se-sa-ne-ate-te-ulqinit\/\"]}]},{\"@type\":\"BreadcrumbList\",\"@id\":\"https:\/\/www.visit-ulcinj.com\/blog\/2015\/03\/18\/fatmir-gjeka-shume-shqiptare-nga-ulqini-ne-policine-e-nju-jorkut-se-sa-ne-ate-te-ulqinit\/#breadcrumb\",\"itemListElement\":[{\"@type\":\"ListItem\",\"position\":1,\"name\":\"Fatmir Gjeka: M\u00eb shum\u00eb shqiptar\u00eb nga Ulqini n\u00eb policin\u00eb e Nju Jorkut se sa n\u00eb at\u00eb t\u00eb Ulqinit\"}]},{\"@type\":\"Person\",\"@id\":\"https:\/\/www.visit-ulcinj.com\/blog\/#\/schema\/person\/dcab619c614d3038751c63bc2aadc06d\",\"name\":\"ulqini\",\"sameAs\":[\"http:\/\/www.visit-ulcinj.com\"],\"url\":\"https:\/\/www.visit-ulcinj.com\/blog\/author\/admin\/\"}]}<\/script>\n<!-- \/ Yoast SEO plugin. -->","yoast_head_json":{"title":"Fatmir Gjeka: M\u00eb shum\u00eb shqiptar\u00eb nga Ulqini n\u00eb policin\u00eb e Nju Jorkut se sa n\u00eb at\u00eb t\u00eb Ulqinit - Lajme nga Ulqini","description":"Kryetari i Komun\u00ebs s\u00eb Ulqinit dhe kryetari i Partis\u00eb Demokratike Fatmir Gjeka ka th\u00ebn\u00eb se partia e tij ka obligim q\u00eb publikisht t\u00eb insistoj\u00eb n\u00eb p\u00ebrfaq\u00ebsim","robots":{"index":"index","follow":"follow","max-snippet":"max-snippet:-1","max-image-preview":"max-image-preview:large","max-video-preview":"max-video-preview:-1"},"canonical":"https:\/\/www.visit-ulcinj.com\/blog\/2015\/03\/18\/fatmir-gjeka-shume-shqiptare-nga-ulqini-ne-policine-e-nju-jorkut-se-sa-ne-ate-te-ulqinit\/","og_locale":"en_US","og_type":"article","og_title":"Fatmir Gjeka: M\u00eb shum\u00eb shqiptar\u00eb nga Ulqini n\u00eb policin\u00eb e Nju Jorkut se sa n\u00eb at\u00eb t\u00eb Ulqinit - Lajme nga Ulqini","og_description":"Kryetari i Komun\u00ebs s\u00eb Ulqinit dhe kryetari i Partis\u00eb Demokratike Fatmir Gjeka ka th\u00ebn\u00eb se partia e tij ka obligim q\u00eb publikisht t\u00eb insistoj\u00eb n\u00eb p\u00ebrfaq\u00ebsim","og_url":"https:\/\/www.visit-ulcinj.com\/blog\/2015\/03\/18\/fatmir-gjeka-shume-shqiptare-nga-ulqini-ne-policine-e-nju-jorkut-se-sa-ne-ate-te-ulqinit\/","og_site_name":"Lajme nga Ulqini","article_published_time":"2015-03-18T19:55:33+00:00","article_modified_time":"2015-03-19T09:46:26+00:00","og_image":[{"url":"http:\/\/www.visit-ulcinj.com\/blog\/wp-content\/uploads\/2014\/11\/Fatmir-Gjeka-5.jpg"}],"twitter_misc":{"Written by":"ulqini","Est. reading time":"1 minute"},"schema":{"@context":"https:\/\/schema.org","@graph":[{"@type":"WebSite","@id":"https:\/\/www.visit-ulcinj.com\/blog\/#website","url":"https:\/\/www.visit-ulcinj.com\/blog\/","name":"Lajme nga Ulqini","description":"Lajme,Vijesti,Ulqini,Ulqin,Crna Gora,Mali i Zi","potentialAction":[{"@type":"SearchAction","target":{"@type":"EntryPoint","urlTemplate":"https:\/\/www.visit-ulcinj.com\/blog\/?s={search_term_string}"},"query-input":"required name=search_term_string"}],"inLanguage":"en-US"},{"@type":"ImageObject","inLanguage":"en-US","@id":"https:\/\/www.visit-ulcinj.com\/blog\/2015\/03\/18\/fatmir-gjeka-shume-shqiptare-nga-ulqini-ne-policine-e-nju-jorkut-se-sa-ne-ate-te-ulqinit\/#primaryimage","url":"https:\/\/www.visit-ulcinj.com\/blog\/wp-content\/uploads\/2014\/11\/Fatmir-Gjeka-5.jpg","contentUrl":"https:\/\/www.visit-ulcinj.com\/blog\/wp-content\/uploads\/2014\/11\/Fatmir-Gjeka-5.jpg","width":960,"height":640},{"@type":"WebPage","@id":"https:\/\/www.visit-ulcinj.com\/blog\/2015\/03\/18\/fatmir-gjeka-shume-shqiptare-nga-ulqini-ne-policine-e-nju-jorkut-se-sa-ne-ate-te-ulqinit\/#webpage","url":"https:\/\/www.visit-ulcinj.com\/blog\/2015\/03\/18\/fatmir-gjeka-shume-shqiptare-nga-ulqini-ne-policine-e-nju-jorkut-se-sa-ne-ate-te-ulqinit\/","name":"Fatmir Gjeka: M\u00eb shum\u00eb shqiptar\u00eb nga Ulqini n\u00eb policin\u00eb e Nju Jorkut se sa n\u00eb at\u00eb t\u00eb Ulqinit - Lajme nga Ulqini","isPartOf":{"@id":"https:\/\/www.visit-ulcinj.com\/blog\/#website"},"primaryImageOfPage":{"@id":"https:\/\/www.visit-ulcinj.com\/blog\/2015\/03\/18\/fatmir-gjeka-shume-shqiptare-nga-ulqini-ne-policine-e-nju-jorkut-se-sa-ne-ate-te-ulqinit\/#primaryimage"},"datePublished":"2015-03-18T19:55:33+00:00","dateModified":"2015-03-19T09:46:26+00:00","author":{"@id":"https:\/\/www.visit-ulcinj.com\/blog\/#\/schema\/person\/dcab619c614d3038751c63bc2aadc06d"},"description":"Kryetari i Komun\u00ebs s\u00eb Ulqinit dhe kryetari i Partis\u00eb Demokratike Fatmir Gjeka ka th\u00ebn\u00eb se partia e tij ka obligim q\u00eb publikisht t\u00eb insistoj\u00eb n\u00eb p\u00ebrfaq\u00ebsim","breadcrumb":{"@id":"https:\/\/www.visit-ulcinj.com\/blog\/2015\/03\/18\/fatmir-gjeka-shume-shqiptare-nga-ulqini-ne-policine-e-nju-jorkut-se-sa-ne-ate-te-ulqinit\/#breadcrumb"},"inLanguage":"en-US","potentialAction":[{"@type":"ReadAction","target":["https:\/\/www.visit-ulcinj.com\/blog\/2015\/03\/18\/fatmir-gjeka-shume-shqiptare-nga-ulqini-ne-policine-e-nju-jorkut-se-sa-ne-ate-te-ulqinit\/"]}]},{"@type":"BreadcrumbList","@id":"https:\/\/www.visit-ulcinj.com\/blog\/2015\/03\/18\/fatmir-gjeka-shume-shqiptare-nga-ulqini-ne-policine-e-nju-jorkut-se-sa-ne-ate-te-ulqinit\/#breadcrumb","itemListElement":[{"@type":"ListItem","position":1,"name":"Fatmir Gjeka: M\u00eb shum\u00eb shqiptar\u00eb nga Ulqini n\u00eb policin\u00eb e Nju Jorkut se sa n\u00eb at\u00eb t\u00eb Ulqinit"}]},{"@type":"Person","@id":"https:\/\/www.visit-ulcinj.com\/blog\/#\/schema\/person\/dcab619c614d3038751c63bc2aadc06d","name":"ulqini","sameAs":["http:\/\/www.visit-ulcinj.com"],"url":"https:\/\/www.visit-ulcinj.com\/blog\/author\/admin\/"}]}},"jetpack_featured_media_url":"","jetpack_sharing_enabled":true,"jetpack_shortlink":"https:\/\/wp.me\/pe6lTn-ng0","_links":{"self":[{"href":"https:\/\/www.visit-ulcinj.com\/blog\/wp-json\/wp\/v2\/posts\/89404"}],"collection":[{"href":"https:\/\/www.visit-ulcinj.com\/blog\/wp-json\/wp\/v2\/posts"}],"about":[{"href":"https:\/\/www.visit-ulcinj.com\/blog\/wp-json\/wp\/v2\/types\/post"}],"author":[{"embeddable":true,"href":"https:\/\/www.visit-ulcinj.com\/blog\/wp-json\/wp\/v2\/users\/1"}],"replies":[{"embeddable":true,"href":"https:\/\/www.visit-ulcinj.com\/blog\/wp-json\/wp\/v2\/comments?post=89404"}],"version-history":[{"count":1,"href":"https:\/\/www.visit-ulcinj.com\/blog\/wp-json\/wp\/v2\/posts\/89404\/revisions"}],"predecessor-version":[{"id":89405,"href":"https:\/\/www.visit-ulcinj.com\/blog\/wp-json\/wp\/v2\/posts\/89404\/revisions\/89405"}],"wp:attachment":[{"href":"https:\/\/www.visit-ulcinj.com\/blog\/wp-json\/wp\/v2\/media?parent=89404"}],"wp:term":[{"taxonomy":"category","embeddable":true,"href":"https:\/\/www.visit-ulcinj.com\/blog\/wp-json\/wp\/v2\/categories?post=89404"},{"taxonomy":"post_tag","embeddable":true,"href":"https:\/\/www.visit-ulcinj.com\/blog\/wp-json\/wp\/v2\/tags?post=89404"}],"curies":[{"name":"wp","href":"https:\/\/api.w.org\/{rel}","templated":true}]}}