{"id":89406,"date":"2015-03-18T21:09:07","date_gmt":"2015-03-18T20:09:07","guid":{"rendered":"http:\/\/www.visit-ulcinj.com\/blog\/?p=89406"},"modified":"2015-03-18T21:10:12","modified_gmt":"2015-03-18T20:10:12","slug":"ot-e-ulqinit-merr-pjese-ne-panairin-e-turizmit-ne-moske","status":"publish","type":"post","link":"https:\/\/www.visit-ulcinj.com\/blog\/2015\/03\/18\/ot-e-ulqinit-merr-pjese-ne-panairin-e-turizmit-ne-moske\/","title":{"rendered":"OT e Ulqinit merr pjes\u00eb n\u00eb Panairin e Turizmit n\u00eb Mosk\u00eb"},"content":{"rendered":"<p><strong><a href=\"http:\/\/www.visit-ulcinj.com\/blog\/wp-content\/uploads\/2015\/03\/Ulqini-ne-Panairin-e-Turizmit-n\u00eb-Mosk\u00eb.jpg\"><img loading=\"lazy\" class=\"alignleft wp-image-89407\" src=\"http:\/\/www.visit-ulcinj.com\/blog\/wp-content\/uploads\/2015\/03\/Ulqini-ne-Panairin-e-Turizmit-n\u00eb-Mosk\u00eb.jpg\" alt=\"Ulqini ne Panairin e Turizmit n\u00eb Mosk\u00eb\" width=\"508\" height=\"286\" srcset=\"https:\/\/www.visit-ulcinj.com\/blog\/wp-content\/uploads\/2015\/03\/Ulqini-ne-Panairin-e-Turizmit-n\u00eb-Mosk\u00eb.jpg 882w, https:\/\/www.visit-ulcinj.com\/blog\/wp-content\/uploads\/2015\/03\/Ulqini-ne-Panairin-e-Turizmit-n\u00eb-Mosk\u00eb-300x169.jpg 300w\" sizes=\"(max-width: 508px) 100vw, 508px\" \/><\/a>Panairi ne Moske 2015<\/strong><\/p>\n<p>Organizata Turistike e Ulqinit ne bashkepunim me Organizaten Nacionale, organizatat lokale si dhe me afaristet tane eshte duke marre pjese ne panairin nderkombetar te turizmit Mitt 2015 qe po mbahet ne Moske prej 18 deri 22 mars, dhe ne kete menyre po prezantohet oferta turistike e Malit te Zi.<\/p>\n<p>Delegacioni I Malit te Zi drejtohet nga Sekretari i pergjithshem i turizmit Predrag Jelushiq dhe drejtoresha e ONT Zhelka Radak.<\/p>\n<p>Mitt eshte panairi me I madh ne Rusi dhe njeri nder me te rendesishmit sa I perket panaireve te turizmit boteror. Me rreth 2000 ekspozues prej 200 vendeve te ndryshme boterore, Mitt eshte nje vend ku kompanite turistike dhe destinacionet turistike mund te bejne kontrata me agjensionet dhe turoperateret ne kete treg te rendesishem.<\/p>\n<p>Prej afaristeve nga Komuna e Ulqinit te cilet se bashku me OT po prezantojne oferten turistike jane Riviera e Ulqinit, Pallata Venezia, agjesioni Arlind Tours si dhe apartmanet Llolla dhe Eneida te cilet deri ne mbarim te panairit do te kene kontakte me partnere dhe klijente te interesuar.<\/p>\n<p>Ne kete panair marrin pjese profesioniste nga lemia e turizmit sic jane drejtora, menaxhere, perfaqesues te shteteve qe kane nje rol te rendesishem ne industrine e turizmit , keshtu qe me bindje mund te themi qe eshte nje vend ku mund te shkembehen mendime, ide por edhe pse jo, te nenshkruhen kontrata te reja dhe te diskutohet per tema aktuale dhe te definohen prioritetet ne lemin e turizmit.<\/p>\n<p>Ruset jane turiste qe vazhdimisht vizitojne Malin e Zi, kurse Ulqinin ne vitin 2014 sipas te dhena statistikore e kane vizituar 10.714 turiste nga Rusia qe kane realizuar 69.543 fjetje.<\/p>\n<p>&nbsp;<\/p>\n<p>Sherbimi i OT Ulqin<\/p>\n\n\t\t<style type=\"text\/css\">\n\t\t\t#gallery-1 {\n\t\t\t\tmargin: auto;\n\t\t\t}\n\t\t\t#gallery-1 .gallery-item {\n\t\t\t\tfloat: left;\n\t\t\t\tmargin-top: 10px;\n\t\t\t\ttext-align: center;\n\t\t\t\twidth: 33%;\n\t\t\t}\n\t\t\t#gallery-1 img {\n\t\t\t\tborder: 2px solid #cfcfcf;\n\t\t\t}\n\t\t\t#gallery-1 .gallery-caption {\n\t\t\t\tmargin-left: 0;\n\t\t\t}\n\t\t\t\/* see gallery_shortcode() in wp-includes\/media.php *\/\n\t\t<\/style>\n\t\t<div id='gallery-1' class='gallery galleryid-89406 gallery-columns-3 gallery-size-thumbnail'><dl class='gallery-item'>\n\t\t\t<dt class='gallery-icon landscape'>\n\t\t\t\t<a href='https:\/\/www.visit-ulcinj.com\/blog\/2015\/03\/18\/ot-e-ulqinit-merr-pjese-ne-panairin-e-turizmit-ne-moske\/ulqini-ne-panairin-e-turizmit-ne-moske-1\/'><img width=\"150\" height=\"150\" src=\"https:\/\/www.visit-ulcinj.com\/blog\/wp-content\/uploads\/2015\/03\/Ulqini-ne-Panairin-e-Turizmit-n\u00eb-Mosk\u00eb-1-150x150.jpg\" class=\"attachment-thumbnail size-thumbnail\" alt=\"\" loading=\"lazy\" \/><\/a>\n\t\t\t<\/dt><\/dl><dl class='gallery-item'>\n\t\t\t<dt class='gallery-icon portrait'>\n\t\t\t\t<a href='https:\/\/www.visit-ulcinj.com\/blog\/2015\/03\/18\/ot-e-ulqinit-merr-pjese-ne-panairin-e-turizmit-ne-moske\/ulqini-ne-panairin-e-turizmit-ne-moske-2\/'><img width=\"150\" height=\"150\" src=\"https:\/\/www.visit-ulcinj.com\/blog\/wp-content\/uploads\/2015\/03\/Ulqini-ne-Panairin-e-Turizmit-n\u00eb-Mosk\u00eb-2-150x150.jpg\" class=\"attachment-thumbnail size-thumbnail\" alt=\"\" loading=\"lazy\" \/><\/a>\n\t\t\t<\/dt><\/dl><dl class='gallery-item'>\n\t\t\t<dt class='gallery-icon landscape'>\n\t\t\t\t<a href='https:\/\/www.visit-ulcinj.com\/blog\/2015\/03\/18\/ot-e-ulqinit-merr-pjese-ne-panairin-e-turizmit-ne-moske\/ulqini-ne-panairin-e-turizmit-ne-moske-3\/'><img width=\"150\" height=\"150\" src=\"https:\/\/www.visit-ulcinj.com\/blog\/wp-content\/uploads\/2015\/03\/Ulqini-ne-Panairin-e-Turizmit-n\u00eb-Mosk\u00eb-3-150x150.jpg\" class=\"attachment-thumbnail size-thumbnail\" alt=\"\" loading=\"lazy\" \/><\/a>\n\t\t\t<\/dt><\/dl><br style=\"clear: both\" \/>\n\t\t<\/div>\n\n<p>&nbsp;<\/p>\n","protected":false},"excerpt":{"rendered":"<p>Panairi ne Moske 2015 Organizata Turistike e Ulqinit ne bashkepunim me Organizaten Nacionale, organizatat lokale si dhe me afaristet tane eshte duke marre pjese ne panairin nderkombetar te turizmit Mitt 2015 qe po mbahet ne Moske prej 18 deri 22 mars, dhe ne kete menyre po prezantohet oferta turistike e Malit te Zi. Delegacioni I [&hellip;]<\/p>\n","protected":false},"author":1,"featured_media":0,"comment_status":"closed","ping_status":"closed","sticky":false,"template":"","format":"standard","meta":{"spay_email":"","jetpack_publicize_message":"","jetpack_is_tweetstorm":false,"jetpack_publicize_feature_enabled":true},"categories":[15],"tags":[],"jetpack_publicize_connections":[],"yoast_head":"<!-- This site is optimized with the Yoast SEO plugin v19.1 - https:\/\/yoast.com\/wordpress\/plugins\/seo\/ -->\n<title>OT e Ulqinit merr pjes\u00eb n\u00eb Panairin e Turizmit n\u00eb Mosk\u00eb - Lajme nga Ulqini<\/title>\n<meta name=\"description\" content=\"Panairi ne Moske 2015 Organizata Turistike e Ulqinit ne bashkepunim me Organizaten Nacionale, organizatat lokale si dhe me afaristet tane eshte duke marre\" \/>\n<meta name=\"robots\" content=\"index, follow, max-snippet:-1, max-image-preview:large, max-video-preview:-1\" \/>\n<link rel=\"canonical\" href=\"https:\/\/www.visit-ulcinj.com\/blog\/2015\/03\/18\/ot-e-ulqinit-merr-pjese-ne-panairin-e-turizmit-ne-moske\/\" \/>\n<meta property=\"og:locale\" content=\"en_US\" \/>\n<meta property=\"og:type\" content=\"article\" \/>\n<meta property=\"og:title\" content=\"OT e Ulqinit merr pjes\u00eb n\u00eb Panairin e Turizmit n\u00eb Mosk\u00eb - Lajme nga Ulqini\" \/>\n<meta property=\"og:description\" content=\"Panairi ne Moske 2015 Organizata Turistike e Ulqinit ne bashkepunim me Organizaten Nacionale, organizatat lokale si dhe me afaristet tane eshte duke marre\" \/>\n<meta property=\"og:url\" content=\"https:\/\/www.visit-ulcinj.com\/blog\/2015\/03\/18\/ot-e-ulqinit-merr-pjese-ne-panairin-e-turizmit-ne-moske\/\" \/>\n<meta property=\"og:site_name\" content=\"Lajme nga Ulqini\" \/>\n<meta property=\"article:published_time\" content=\"2015-03-18T20:09:07+00:00\" \/>\n<meta property=\"article:modified_time\" content=\"2015-03-18T20:10:12+00:00\" \/>\n<meta property=\"og:image\" content=\"https:\/\/www.visit-ulcinj.com\/blog\/wp-content\/uploads\/2015\/03\/Ulqini-ne-Panairin-e-Turizmit-n\u00eb-Mosk\u00eb-1-150x150.jpg\" \/>\n<meta name=\"twitter:label1\" content=\"Written by\" \/>\n\t<meta name=\"twitter:data1\" content=\"ulqini\" \/>\n\t<meta name=\"twitter:label2\" content=\"Est. reading time\" \/>\n\t<meta name=\"twitter:data2\" content=\"1 minute\" \/>\n<script type=\"application\/ld+json\" class=\"yoast-schema-graph\">{\"@context\":\"https:\/\/schema.org\",\"@graph\":[{\"@type\":\"WebSite\",\"@id\":\"https:\/\/www.visit-ulcinj.com\/blog\/#website\",\"url\":\"https:\/\/www.visit-ulcinj.com\/blog\/\",\"name\":\"Lajme nga Ulqini\",\"description\":\"Lajme,Vijesti,Ulqini,Ulqin,Crna Gora,Mali i Zi\",\"potentialAction\":[{\"@type\":\"SearchAction\",\"target\":{\"@type\":\"EntryPoint\",\"urlTemplate\":\"https:\/\/www.visit-ulcinj.com\/blog\/?s={search_term_string}\"},\"query-input\":\"required name=search_term_string\"}],\"inLanguage\":\"en-US\"},{\"@type\":\"WebPage\",\"@id\":\"https:\/\/www.visit-ulcinj.com\/blog\/2015\/03\/18\/ot-e-ulqinit-merr-pjese-ne-panairin-e-turizmit-ne-moske\/#webpage\",\"url\":\"https:\/\/www.visit-ulcinj.com\/blog\/2015\/03\/18\/ot-e-ulqinit-merr-pjese-ne-panairin-e-turizmit-ne-moske\/\",\"name\":\"OT e Ulqinit merr pjes\u00eb n\u00eb Panairin e Turizmit n\u00eb Mosk\u00eb - Lajme nga Ulqini\",\"isPartOf\":{\"@id\":\"https:\/\/www.visit-ulcinj.com\/blog\/#website\"},\"datePublished\":\"2015-03-18T20:09:07+00:00\",\"dateModified\":\"2015-03-18T20:10:12+00:00\",\"author\":{\"@id\":\"https:\/\/www.visit-ulcinj.com\/blog\/#\/schema\/person\/dcab619c614d3038751c63bc2aadc06d\"},\"description\":\"Panairi ne Moske 2015 Organizata Turistike e Ulqinit ne bashkepunim me Organizaten Nacionale, organizatat lokale si dhe me afaristet tane eshte duke marre\",\"breadcrumb\":{\"@id\":\"https:\/\/www.visit-ulcinj.com\/blog\/2015\/03\/18\/ot-e-ulqinit-merr-pjese-ne-panairin-e-turizmit-ne-moske\/#breadcrumb\"},\"inLanguage\":\"en-US\",\"potentialAction\":[{\"@type\":\"ReadAction\",\"target\":[\"https:\/\/www.visit-ulcinj.com\/blog\/2015\/03\/18\/ot-e-ulqinit-merr-pjese-ne-panairin-e-turizmit-ne-moske\/\"]}]},{\"@type\":\"BreadcrumbList\",\"@id\":\"https:\/\/www.visit-ulcinj.com\/blog\/2015\/03\/18\/ot-e-ulqinit-merr-pjese-ne-panairin-e-turizmit-ne-moske\/#breadcrumb\",\"itemListElement\":[{\"@type\":\"ListItem\",\"position\":1,\"name\":\"OT e Ulqinit merr pjes\u00eb n\u00eb Panairin e Turizmit n\u00eb Mosk\u00eb\"}]},{\"@type\":\"Person\",\"@id\":\"https:\/\/www.visit-ulcinj.com\/blog\/#\/schema\/person\/dcab619c614d3038751c63bc2aadc06d\",\"name\":\"ulqini\",\"sameAs\":[\"http:\/\/www.visit-ulcinj.com\"],\"url\":\"https:\/\/www.visit-ulcinj.com\/blog\/author\/admin\/\"}]}<\/script>\n<!-- \/ Yoast SEO plugin. -->","yoast_head_json":{"title":"OT e Ulqinit merr pjes\u00eb n\u00eb Panairin e Turizmit n\u00eb Mosk\u00eb - Lajme nga Ulqini","description":"Panairi ne Moske 2015 Organizata Turistike e Ulqinit ne bashkepunim me Organizaten Nacionale, organizatat lokale si dhe me afaristet tane eshte duke marre","robots":{"index":"index","follow":"follow","max-snippet":"max-snippet:-1","max-image-preview":"max-image-preview:large","max-video-preview":"max-video-preview:-1"},"canonical":"https:\/\/www.visit-ulcinj.com\/blog\/2015\/03\/18\/ot-e-ulqinit-merr-pjese-ne-panairin-e-turizmit-ne-moske\/","og_locale":"en_US","og_type":"article","og_title":"OT e Ulqinit merr pjes\u00eb n\u00eb Panairin e Turizmit n\u00eb Mosk\u00eb - Lajme nga Ulqini","og_description":"Panairi ne Moske 2015 Organizata Turistike e Ulqinit ne bashkepunim me Organizaten Nacionale, organizatat lokale si dhe me afaristet tane eshte duke marre","og_url":"https:\/\/www.visit-ulcinj.com\/blog\/2015\/03\/18\/ot-e-ulqinit-merr-pjese-ne-panairin-e-turizmit-ne-moske\/","og_site_name":"Lajme nga Ulqini","article_published_time":"2015-03-18T20:09:07+00:00","article_modified_time":"2015-03-18T20:10:12+00:00","og_image":[{"url":"https:\/\/www.visit-ulcinj.com\/blog\/wp-content\/uploads\/2015\/03\/Ulqini-ne-Panairin-e-Turizmit-n\u00eb-Mosk\u00eb-1-150x150.jpg"}],"twitter_misc":{"Written by":"ulqini","Est. reading time":"1 minute"},"schema":{"@context":"https:\/\/schema.org","@graph":[{"@type":"WebSite","@id":"https:\/\/www.visit-ulcinj.com\/blog\/#website","url":"https:\/\/www.visit-ulcinj.com\/blog\/","name":"Lajme nga Ulqini","description":"Lajme,Vijesti,Ulqini,Ulqin,Crna Gora,Mali i Zi","potentialAction":[{"@type":"SearchAction","target":{"@type":"EntryPoint","urlTemplate":"https:\/\/www.visit-ulcinj.com\/blog\/?s={search_term_string}"},"query-input":"required name=search_term_string"}],"inLanguage":"en-US"},{"@type":"WebPage","@id":"https:\/\/www.visit-ulcinj.com\/blog\/2015\/03\/18\/ot-e-ulqinit-merr-pjese-ne-panairin-e-turizmit-ne-moske\/#webpage","url":"https:\/\/www.visit-ulcinj.com\/blog\/2015\/03\/18\/ot-e-ulqinit-merr-pjese-ne-panairin-e-turizmit-ne-moske\/","name":"OT e Ulqinit merr pjes\u00eb n\u00eb Panairin e Turizmit n\u00eb Mosk\u00eb - Lajme nga Ulqini","isPartOf":{"@id":"https:\/\/www.visit-ulcinj.com\/blog\/#website"},"datePublished":"2015-03-18T20:09:07+00:00","dateModified":"2015-03-18T20:10:12+00:00","author":{"@id":"https:\/\/www.visit-ulcinj.com\/blog\/#\/schema\/person\/dcab619c614d3038751c63bc2aadc06d"},"description":"Panairi ne Moske 2015 Organizata Turistike e Ulqinit ne bashkepunim me Organizaten Nacionale, organizatat lokale si dhe me afaristet tane eshte duke marre","breadcrumb":{"@id":"https:\/\/www.visit-ulcinj.com\/blog\/2015\/03\/18\/ot-e-ulqinit-merr-pjese-ne-panairin-e-turizmit-ne-moske\/#breadcrumb"},"inLanguage":"en-US","potentialAction":[{"@type":"ReadAction","target":["https:\/\/www.visit-ulcinj.com\/blog\/2015\/03\/18\/ot-e-ulqinit-merr-pjese-ne-panairin-e-turizmit-ne-moske\/"]}]},{"@type":"BreadcrumbList","@id":"https:\/\/www.visit-ulcinj.com\/blog\/2015\/03\/18\/ot-e-ulqinit-merr-pjese-ne-panairin-e-turizmit-ne-moske\/#breadcrumb","itemListElement":[{"@type":"ListItem","position":1,"name":"OT e Ulqinit merr pjes\u00eb n\u00eb Panairin e Turizmit n\u00eb Mosk\u00eb"}]},{"@type":"Person","@id":"https:\/\/www.visit-ulcinj.com\/blog\/#\/schema\/person\/dcab619c614d3038751c63bc2aadc06d","name":"ulqini","sameAs":["http:\/\/www.visit-ulcinj.com"],"url":"https:\/\/www.visit-ulcinj.com\/blog\/author\/admin\/"}]}},"jetpack_featured_media_url":"","jetpack_sharing_enabled":true,"jetpack_shortlink":"https:\/\/wp.me\/pe6lTn-ng2","_links":{"self":[{"href":"https:\/\/www.visit-ulcinj.com\/blog\/wp-json\/wp\/v2\/posts\/89406"}],"collection":[{"href":"https:\/\/www.visit-ulcinj.com\/blog\/wp-json\/wp\/v2\/posts"}],"about":[{"href":"https:\/\/www.visit-ulcinj.com\/blog\/wp-json\/wp\/v2\/types\/post"}],"author":[{"embeddable":true,"href":"https:\/\/www.visit-ulcinj.com\/blog\/wp-json\/wp\/v2\/users\/1"}],"replies":[{"embeddable":true,"href":"https:\/\/www.visit-ulcinj.com\/blog\/wp-json\/wp\/v2\/comments?post=89406"}],"version-history":[{"count":2,"href":"https:\/\/www.visit-ulcinj.com\/blog\/wp-json\/wp\/v2\/posts\/89406\/revisions"}],"predecessor-version":[{"id":89412,"href":"https:\/\/www.visit-ulcinj.com\/blog\/wp-json\/wp\/v2\/posts\/89406\/revisions\/89412"}],"wp:attachment":[{"href":"https:\/\/www.visit-ulcinj.com\/blog\/wp-json\/wp\/v2\/media?parent=89406"}],"wp:term":[{"taxonomy":"category","embeddable":true,"href":"https:\/\/www.visit-ulcinj.com\/blog\/wp-json\/wp\/v2\/categories?post=89406"},{"taxonomy":"post_tag","embeddable":true,"href":"https:\/\/www.visit-ulcinj.com\/blog\/wp-json\/wp\/v2\/tags?post=89406"}],"curies":[{"name":"wp","href":"https:\/\/api.w.org\/{rel}","templated":true}]}}