{"id":89413,"date":"2015-03-18T21:17:20","date_gmt":"2015-03-18T20:17:20","guid":{"rendered":"http:\/\/www.visit-ulcinj.com\/blog\/?p=89413"},"modified":"2015-03-18T21:17:20","modified_gmt":"2015-03-18T20:17:20","slug":"ulcinj-u-medunarodni-sajam-turizma-mitt-moskva-2015","status":"publish","type":"post","link":"https:\/\/www.visit-ulcinj.com\/blog\/2015\/03\/18\/ulcinj-u-medunarodni-sajam-turizma-mitt-moskva-2015\/","title":{"rendered":"TO Ulcinj u me\u0111unarodni sajam turizma. MITT Moskva 2015"},"content":{"rendered":"<p><a href=\"http:\/\/www.visit-ulcinj.com\/blog\/wp-content\/uploads\/2015\/03\/Ulqini-ne-Panairin-e-Turizmit-n\u00eb-Mosk\u00eb-3.jpg\"><img loading=\"lazy\" class=\"alignleft wp-image-89411\" src=\"http:\/\/www.visit-ulcinj.com\/blog\/wp-content\/uploads\/2015\/03\/Ulqini-ne-Panairin-e-Turizmit-n\u00eb-Mosk\u00eb-3.jpg\" alt=\"Ulqini ne Panairin e Turizmit n\u00eb Mosk\u00eb-3\" width=\"508\" height=\"286\" srcset=\"https:\/\/www.visit-ulcinj.com\/blog\/wp-content\/uploads\/2015\/03\/Ulqini-ne-Panairin-e-Turizmit-n\u00eb-Mosk\u00eb-3.jpg 882w, https:\/\/www.visit-ulcinj.com\/blog\/wp-content\/uploads\/2015\/03\/Ulqini-ne-Panairin-e-Turizmit-n\u00eb-Mosk\u00eb-3-300x169.jpg 300w\" sizes=\"(max-width: 508px) 100vw, 508px\" \/><\/a>Moskva Mitt 2015<\/p>\n<p>&nbsp;<\/p>\n<p>Turisti\u010dka Organizacija Ulcinj u saradnji sa Nacionalnom Turisti\u010dkom Organizacijom Crne Gore, lokalnim organizacijama i turisti\u010dkom privredom u\u010destvuje na 22.me\u0111unarodnom sajmu turizma Mitt 2015 koji se odr\u017eava u Moskvi od 18 do 21.marta.<\/p>\n<p>Crnogorsku delegaciju predvode dr\u017eavni sekretar za turizam Predrag Jelu\u0161i\u0107 i direktorica NTO CG \u017deljka Radak Kukavi\u010di\u0107, koji \u0107e tokom trajanja sajma odr\u017eati sastanke sa predstavnicima ruskih turoperatora, investitora i agencija prilikom kojih \u0107e biti razmotrena mogu\u0107nost unapre\u0111enja saradnje I \u0161ira obuhva\u0107enost tr\u017ei\u0161ta.<\/p>\n<p>MITT je najve\u0107i sajam turizma u Rusiji i jedan od najzna\u010dajnijih turisti\u010dkih sajmova na svijetu. S obzirom na to da okuplja profesionalce iz oblasti turizma i putovanja, predstavlja odli\u010dnu platformu za promovisanje turisti\u010dke ponude na\u0161e zemlje na tr\u017ei\u0161tu Rusije.<\/p>\n<p>Sa preko 2000 izlaga\u010da iz oko 200 destinacija, od kojih su 74% turisti\u010dki agenti i turoperatori, MITT je klju\u010dno mjesto za turisti\u010dke kompanije i destinacije koje \u017eele da se predstave i sklope nove ugovore sa agencijama i turoperatorima na ovom zna\u010dajnom emitivnom tr\u017ei\u0161tu.<\/p>\n<p>Od turisti\u010dkih privrednika sa podru\u010dja ulcinjske Op\u0161tine prisutni su Htp Ulcinjska Rivijera, Pallata Venezia, agencija Arlind Tours I apartmani Llolla I Eneida koji \u0107e naravno tokom trajanja sajma imati kontakte sa brojnim partnerima I zainteresovanim klijentima.<\/p>\n<p>Sajam okuplja lidere iz oblasti turizma: izvr\u0161ne direktore kompanija, rukovodioce, predstavnike vlada, menad\u017eere, koji imaju va\u017enu ulogu u turisti\u010dkoj industriji, stoga je i prilika da se razmijene iskustva, prodiskutuju aktuelne teme i najnoviji trendovi, kao i da se defini\u0161u prioriteti razvoja turisti\u010dke industrije .<\/p>\n<p>Rusi su tradicionalno mnogobojni turisti Ulcinja , a prema statisti\u010dkim podacima Ulcinj je tokom 2014.godine posjetilo 10.714 turista koji su ostvarili 69.543 no\u0107enja .<\/p>\n<p>&nbsp;<\/p>\n<p>Stru\u010dna slu\u017eba TO Ulcinj<\/p>\n\n\t\t<style type=\"text\/css\">\n\t\t\t#gallery-1 {\n\t\t\t\tmargin: auto;\n\t\t\t}\n\t\t\t#gallery-1 .gallery-item {\n\t\t\t\tfloat: left;\n\t\t\t\tmargin-top: 10px;\n\t\t\t\ttext-align: center;\n\t\t\t\twidth: 33%;\n\t\t\t}\n\t\t\t#gallery-1 img {\n\t\t\t\tborder: 2px solid #cfcfcf;\n\t\t\t}\n\t\t\t#gallery-1 .gallery-caption {\n\t\t\t\tmargin-left: 0;\n\t\t\t}\n\t\t\t\/* see gallery_shortcode() in wp-includes\/media.php *\/\n\t\t<\/style>\n\t\t<div id='gallery-1' class='gallery galleryid-89413 gallery-columns-3 gallery-size-thumbnail'><dl class='gallery-item'>\n\t\t\t<dt class='gallery-icon landscape'>\n\t\t\t\t<a href='https:\/\/www.visit-ulcinj.com\/blog\/2015\/03\/18\/ot-e-ulqinit-merr-pjese-ne-panairin-e-turizmit-ne-moske\/ulqini-ne-panairin-e-turizmit-ne-moske\/'><img width=\"150\" height=\"150\" src=\"https:\/\/www.visit-ulcinj.com\/blog\/wp-content\/uploads\/2015\/03\/Ulqini-ne-Panairin-e-Turizmit-n\u00eb-Mosk\u00eb-150x150.jpg\" class=\"attachment-thumbnail size-thumbnail\" alt=\"\" loading=\"lazy\" \/><\/a>\n\t\t\t<\/dt><\/dl><dl class='gallery-item'>\n\t\t\t<dt class='gallery-icon portrait'>\n\t\t\t\t<a href='https:\/\/www.visit-ulcinj.com\/blog\/2015\/03\/18\/ot-e-ulqinit-merr-pjese-ne-panairin-e-turizmit-ne-moske\/ulqini-ne-panairin-e-turizmit-ne-moske-2\/'><img width=\"150\" height=\"150\" src=\"https:\/\/www.visit-ulcinj.com\/blog\/wp-content\/uploads\/2015\/03\/Ulqini-ne-Panairin-e-Turizmit-n\u00eb-Mosk\u00eb-2-150x150.jpg\" class=\"attachment-thumbnail size-thumbnail\" alt=\"\" loading=\"lazy\" \/><\/a>\n\t\t\t<\/dt><\/dl><dl class='gallery-item'>\n\t\t\t<dt class='gallery-icon landscape'>\n\t\t\t\t<a href='https:\/\/www.visit-ulcinj.com\/blog\/2015\/03\/18\/ot-e-ulqinit-merr-pjese-ne-panairin-e-turizmit-ne-moske\/ulqini-ne-panairin-e-turizmit-ne-moske-1\/'><img width=\"150\" height=\"150\" src=\"https:\/\/www.visit-ulcinj.com\/blog\/wp-content\/uploads\/2015\/03\/Ulqini-ne-Panairin-e-Turizmit-n\u00eb-Mosk\u00eb-1-150x150.jpg\" class=\"attachment-thumbnail size-thumbnail\" alt=\"\" loading=\"lazy\" \/><\/a>\n\t\t\t<\/dt><\/dl><br style=\"clear: both\" \/>\n\t\t<\/div>\n\n","protected":false},"excerpt":{"rendered":"<p>Moskva Mitt 2015 &nbsp; Turisti\u010dka Organizacija Ulcinj u saradnji sa Nacionalnom Turisti\u010dkom Organizacijom Crne Gore, lokalnim organizacijama i turisti\u010dkom privredom u\u010destvuje na 22.me\u0111unarodnom sajmu turizma Mitt 2015 koji se odr\u017eava u Moskvi od 18 do 21.marta. Crnogorsku delegaciju predvode dr\u017eavni sekretar za turizam Predrag Jelu\u0161i\u0107 i direktorica NTO CG \u017deljka Radak Kukavi\u010di\u0107, koji \u0107e tokom [&hellip;]<\/p>\n","protected":false},"author":1,"featured_media":0,"comment_status":"closed","ping_status":"closed","sticky":false,"template":"","format":"standard","meta":{"spay_email":"","jetpack_publicize_message":"","jetpack_is_tweetstorm":false,"jetpack_publicize_feature_enabled":true},"categories":[8337],"tags":[],"jetpack_publicize_connections":[],"yoast_head":"<!-- This site is optimized with the Yoast SEO plugin v19.1 - https:\/\/yoast.com\/wordpress\/plugins\/seo\/ -->\n<title>TO Ulcinj u me\u0111unarodni sajam turizma. MITT Moskva 2015 - Lajme nga Ulqini<\/title>\n<meta name=\"description\" content=\"Moskva Mitt 2015 &nbsp; Turisti\u010dka Organizacija Ulcinj u saradnji sa Nacionalnom Turisti\u010dkom Organizacijom Crne Gore, lokalnim organizacijama i\" \/>\n<meta name=\"robots\" content=\"index, follow, max-snippet:-1, max-image-preview:large, max-video-preview:-1\" \/>\n<link rel=\"canonical\" href=\"https:\/\/www.visit-ulcinj.com\/blog\/2015\/03\/18\/ulcinj-u-medunarodni-sajam-turizma-mitt-moskva-2015\/\" \/>\n<meta property=\"og:locale\" content=\"en_US\" \/>\n<meta property=\"og:type\" content=\"article\" \/>\n<meta property=\"og:title\" content=\"TO Ulcinj u me\u0111unarodni sajam turizma. MITT Moskva 2015 - Lajme nga Ulqini\" \/>\n<meta property=\"og:description\" content=\"Moskva Mitt 2015 &nbsp; Turisti\u010dka Organizacija Ulcinj u saradnji sa Nacionalnom Turisti\u010dkom Organizacijom Crne Gore, lokalnim organizacijama i\" \/>\n<meta property=\"og:url\" content=\"https:\/\/www.visit-ulcinj.com\/blog\/2015\/03\/18\/ulcinj-u-medunarodni-sajam-turizma-mitt-moskva-2015\/\" \/>\n<meta property=\"og:site_name\" content=\"Lajme nga Ulqini\" \/>\n<meta property=\"article:published_time\" content=\"2015-03-18T20:17:20+00:00\" \/>\n<meta property=\"og:image\" content=\"https:\/\/www.visit-ulcinj.com\/blog\/wp-content\/uploads\/2015\/03\/Ulqini-ne-Panairin-e-Turizmit-n\u00eb-Mosk\u00eb-150x150.jpg\" \/>\n<meta name=\"twitter:label1\" content=\"Written by\" \/>\n\t<meta name=\"twitter:data1\" content=\"ulqini\" \/>\n\t<meta name=\"twitter:label2\" content=\"Est. reading time\" \/>\n\t<meta name=\"twitter:data2\" content=\"2 minutes\" \/>\n<script type=\"application\/ld+json\" class=\"yoast-schema-graph\">{\"@context\":\"https:\/\/schema.org\",\"@graph\":[{\"@type\":\"WebSite\",\"@id\":\"https:\/\/www.visit-ulcinj.com\/blog\/#website\",\"url\":\"https:\/\/www.visit-ulcinj.com\/blog\/\",\"name\":\"Lajme nga Ulqini\",\"description\":\"Lajme,Vijesti,Ulqini,Ulqin,Crna Gora,Mali i Zi\",\"potentialAction\":[{\"@type\":\"SearchAction\",\"target\":{\"@type\":\"EntryPoint\",\"urlTemplate\":\"https:\/\/www.visit-ulcinj.com\/blog\/?s={search_term_string}\"},\"query-input\":\"required name=search_term_string\"}],\"inLanguage\":\"en-US\"},{\"@type\":\"WebPage\",\"@id\":\"https:\/\/www.visit-ulcinj.com\/blog\/2015\/03\/18\/ulcinj-u-medunarodni-sajam-turizma-mitt-moskva-2015\/#webpage\",\"url\":\"https:\/\/www.visit-ulcinj.com\/blog\/2015\/03\/18\/ulcinj-u-medunarodni-sajam-turizma-mitt-moskva-2015\/\",\"name\":\"TO Ulcinj u me\u0111unarodni sajam turizma. MITT Moskva 2015 - Lajme nga Ulqini\",\"isPartOf\":{\"@id\":\"https:\/\/www.visit-ulcinj.com\/blog\/#website\"},\"datePublished\":\"2015-03-18T20:17:20+00:00\",\"dateModified\":\"2015-03-18T20:17:20+00:00\",\"author\":{\"@id\":\"https:\/\/www.visit-ulcinj.com\/blog\/#\/schema\/person\/dcab619c614d3038751c63bc2aadc06d\"},\"description\":\"Moskva Mitt 2015 &nbsp; Turisti\u010dka Organizacija Ulcinj u saradnji sa Nacionalnom Turisti\u010dkom Organizacijom Crne Gore, lokalnim organizacijama i\",\"breadcrumb\":{\"@id\":\"https:\/\/www.visit-ulcinj.com\/blog\/2015\/03\/18\/ulcinj-u-medunarodni-sajam-turizma-mitt-moskva-2015\/#breadcrumb\"},\"inLanguage\":\"en-US\",\"potentialAction\":[{\"@type\":\"ReadAction\",\"target\":[\"https:\/\/www.visit-ulcinj.com\/blog\/2015\/03\/18\/ulcinj-u-medunarodni-sajam-turizma-mitt-moskva-2015\/\"]}]},{\"@type\":\"BreadcrumbList\",\"@id\":\"https:\/\/www.visit-ulcinj.com\/blog\/2015\/03\/18\/ulcinj-u-medunarodni-sajam-turizma-mitt-moskva-2015\/#breadcrumb\",\"itemListElement\":[{\"@type\":\"ListItem\",\"position\":1,\"name\":\"TO Ulcinj u me\u0111unarodni sajam turizma. MITT Moskva 2015\"}]},{\"@type\":\"Person\",\"@id\":\"https:\/\/www.visit-ulcinj.com\/blog\/#\/schema\/person\/dcab619c614d3038751c63bc2aadc06d\",\"name\":\"ulqini\",\"sameAs\":[\"http:\/\/www.visit-ulcinj.com\"],\"url\":\"https:\/\/www.visit-ulcinj.com\/blog\/author\/admin\/\"}]}<\/script>\n<!-- \/ Yoast SEO plugin. -->","yoast_head_json":{"title":"TO Ulcinj u me\u0111unarodni sajam turizma. MITT Moskva 2015 - Lajme nga Ulqini","description":"Moskva Mitt 2015 &nbsp; Turisti\u010dka Organizacija Ulcinj u saradnji sa Nacionalnom Turisti\u010dkom Organizacijom Crne Gore, lokalnim organizacijama i","robots":{"index":"index","follow":"follow","max-snippet":"max-snippet:-1","max-image-preview":"max-image-preview:large","max-video-preview":"max-video-preview:-1"},"canonical":"https:\/\/www.visit-ulcinj.com\/blog\/2015\/03\/18\/ulcinj-u-medunarodni-sajam-turizma-mitt-moskva-2015\/","og_locale":"en_US","og_type":"article","og_title":"TO Ulcinj u me\u0111unarodni sajam turizma. MITT Moskva 2015 - Lajme nga Ulqini","og_description":"Moskva Mitt 2015 &nbsp; Turisti\u010dka Organizacija Ulcinj u saradnji sa Nacionalnom Turisti\u010dkom Organizacijom Crne Gore, lokalnim organizacijama i","og_url":"https:\/\/www.visit-ulcinj.com\/blog\/2015\/03\/18\/ulcinj-u-medunarodni-sajam-turizma-mitt-moskva-2015\/","og_site_name":"Lajme nga Ulqini","article_published_time":"2015-03-18T20:17:20+00:00","og_image":[{"url":"https:\/\/www.visit-ulcinj.com\/blog\/wp-content\/uploads\/2015\/03\/Ulqini-ne-Panairin-e-Turizmit-n\u00eb-Mosk\u00eb-150x150.jpg"}],"twitter_misc":{"Written by":"ulqini","Est. reading time":"2 minutes"},"schema":{"@context":"https:\/\/schema.org","@graph":[{"@type":"WebSite","@id":"https:\/\/www.visit-ulcinj.com\/blog\/#website","url":"https:\/\/www.visit-ulcinj.com\/blog\/","name":"Lajme nga Ulqini","description":"Lajme,Vijesti,Ulqini,Ulqin,Crna Gora,Mali i Zi","potentialAction":[{"@type":"SearchAction","target":{"@type":"EntryPoint","urlTemplate":"https:\/\/www.visit-ulcinj.com\/blog\/?s={search_term_string}"},"query-input":"required name=search_term_string"}],"inLanguage":"en-US"},{"@type":"WebPage","@id":"https:\/\/www.visit-ulcinj.com\/blog\/2015\/03\/18\/ulcinj-u-medunarodni-sajam-turizma-mitt-moskva-2015\/#webpage","url":"https:\/\/www.visit-ulcinj.com\/blog\/2015\/03\/18\/ulcinj-u-medunarodni-sajam-turizma-mitt-moskva-2015\/","name":"TO Ulcinj u me\u0111unarodni sajam turizma. MITT Moskva 2015 - Lajme nga Ulqini","isPartOf":{"@id":"https:\/\/www.visit-ulcinj.com\/blog\/#website"},"datePublished":"2015-03-18T20:17:20+00:00","dateModified":"2015-03-18T20:17:20+00:00","author":{"@id":"https:\/\/www.visit-ulcinj.com\/blog\/#\/schema\/person\/dcab619c614d3038751c63bc2aadc06d"},"description":"Moskva Mitt 2015 &nbsp; Turisti\u010dka Organizacija Ulcinj u saradnji sa Nacionalnom Turisti\u010dkom Organizacijom Crne Gore, lokalnim organizacijama i","breadcrumb":{"@id":"https:\/\/www.visit-ulcinj.com\/blog\/2015\/03\/18\/ulcinj-u-medunarodni-sajam-turizma-mitt-moskva-2015\/#breadcrumb"},"inLanguage":"en-US","potentialAction":[{"@type":"ReadAction","target":["https:\/\/www.visit-ulcinj.com\/blog\/2015\/03\/18\/ulcinj-u-medunarodni-sajam-turizma-mitt-moskva-2015\/"]}]},{"@type":"BreadcrumbList","@id":"https:\/\/www.visit-ulcinj.com\/blog\/2015\/03\/18\/ulcinj-u-medunarodni-sajam-turizma-mitt-moskva-2015\/#breadcrumb","itemListElement":[{"@type":"ListItem","position":1,"name":"TO Ulcinj u me\u0111unarodni sajam turizma. MITT Moskva 2015"}]},{"@type":"Person","@id":"https:\/\/www.visit-ulcinj.com\/blog\/#\/schema\/person\/dcab619c614d3038751c63bc2aadc06d","name":"ulqini","sameAs":["http:\/\/www.visit-ulcinj.com"],"url":"https:\/\/www.visit-ulcinj.com\/blog\/author\/admin\/"}]}},"jetpack_featured_media_url":"","jetpack_sharing_enabled":true,"jetpack_shortlink":"https:\/\/wp.me\/pe6lTn-ng9","_links":{"self":[{"href":"https:\/\/www.visit-ulcinj.com\/blog\/wp-json\/wp\/v2\/posts\/89413"}],"collection":[{"href":"https:\/\/www.visit-ulcinj.com\/blog\/wp-json\/wp\/v2\/posts"}],"about":[{"href":"https:\/\/www.visit-ulcinj.com\/blog\/wp-json\/wp\/v2\/types\/post"}],"author":[{"embeddable":true,"href":"https:\/\/www.visit-ulcinj.com\/blog\/wp-json\/wp\/v2\/users\/1"}],"replies":[{"embeddable":true,"href":"https:\/\/www.visit-ulcinj.com\/blog\/wp-json\/wp\/v2\/comments?post=89413"}],"version-history":[{"count":1,"href":"https:\/\/www.visit-ulcinj.com\/blog\/wp-json\/wp\/v2\/posts\/89413\/revisions"}],"predecessor-version":[{"id":89414,"href":"https:\/\/www.visit-ulcinj.com\/blog\/wp-json\/wp\/v2\/posts\/89413\/revisions\/89414"}],"wp:attachment":[{"href":"https:\/\/www.visit-ulcinj.com\/blog\/wp-json\/wp\/v2\/media?parent=89413"}],"wp:term":[{"taxonomy":"category","embeddable":true,"href":"https:\/\/www.visit-ulcinj.com\/blog\/wp-json\/wp\/v2\/categories?post=89413"},{"taxonomy":"post_tag","embeddable":true,"href":"https:\/\/www.visit-ulcinj.com\/blog\/wp-json\/wp\/v2\/tags?post=89413"}],"curies":[{"name":"wp","href":"https:\/\/api.w.org\/{rel}","templated":true}]}}