{"id":89420,"date":"2015-03-18T22:19:12","date_gmt":"2015-03-18T21:19:12","guid":{"rendered":"http:\/\/www.visit-ulcinj.com\/blog\/?p=89420"},"modified":"2015-03-19T08:05:55","modified_gmt":"2015-03-19T07:05:55","slug":"in-memoriam-fadil-kraja-nga-ulqini","status":"publish","type":"post","link":"https:\/\/www.visit-ulcinj.com\/blog\/2015\/03\/18\/in-memoriam-fadil-kraja-nga-ulqini\/","title":{"rendered":"In Memoriam Fadil Kraja nga Ulqini"},"content":{"rendered":"<p><a href=\"http:\/\/www.visit-ulcinj.com\/blog\/wp-content\/uploads\/2015\/03\/fadil-kraja-ulqin.jpg\"><img loading=\"lazy\" class=\"alignleft wp-image-89421 size-medium\" src=\"http:\/\/www.visit-ulcinj.com\/blog\/wp-content\/uploads\/2015\/03\/fadil-kraja-ulqin-300x250.jpg\" alt=\"fadil-kraja-ulqin\" width=\"300\" height=\"250\" srcset=\"https:\/\/www.visit-ulcinj.com\/blog\/wp-content\/uploads\/2015\/03\/fadil-kraja-ulqin-300x250.jpg 300w, https:\/\/www.visit-ulcinj.com\/blog\/wp-content\/uploads\/2015\/03\/fadil-kraja-ulqin.jpg 413w\" sizes=\"(max-width: 300px) 100vw, 300px\" \/><\/a>Njoftojme te gjithe lexuesit qe n\u00eb mosh\u00ebn 69 vje\u00e7are u nda nga jeta Fadil Kraja nga Pistulla e Ulqinit.<\/p>\n<p>Vdekja e parakohshme e Fadil Kraj\u00ebs \u00ebsht\u00eb nj\u00eb humbje e madhe p\u00ebr familjen, p\u00ebr shok\u00ebt e miqt\u00eb e tij t\u00eb shumt\u00eb q\u00eb i ka n\u00eb Ulqin por edhe n\u00eb mbar\u00eb bot\u00ebn, Gjermani, Amerik, Belgjik dhe Zvic\u00ebr,.<br \/>\nFadili u nda prej nesh, por kujtimi i tij do t\u00eb mbetet i gdhendur n\u00eb mendjen e t\u00eb gjith\u00eb atyre q\u00eb e kan\u00eb njohur, ai do t\u00eb mbetet tek mendjet e zemrat e jona.<\/p>\n<p>Varrimi i t\u00eb ndjerit do b\u00ebhet sot m\u00eb 19 Mars n\u00eb ora 14:00 n\u00eb Pistull, ku do t\u00eb niset xhenazja\u00a0 nga shtepija e Plazhit t\u00eb Madh\u00eb &#8211; Ulqin ku aji jetoj\u00eb.<\/p>\n<p>Te pikelluarit: Djali Muhameti, Vajza Xhixhi , vellai Sulejman Burri dhe Adem Kraja, Motrat Xhevja dhe Hakilja dhe mbare farefisi.<br \/>\nStafi i Lajmeve nga Ulqini dergon ngushllimet e sinqerta familjes\u00a0s\u00eb Fadil Kraj\u00ebs n\u00eb Ulqin.<\/p>\n","protected":false},"excerpt":{"rendered":"<p>Njoftojme te gjithe lexuesit qe n\u00eb mosh\u00ebn 69 vje\u00e7are u nda nga jeta Fadil Kraja nga Pistulla e Ulqinit. Vdekja e parakohshme e Fadil Kraj\u00ebs \u00ebsht\u00eb nj\u00eb humbje e madhe p\u00ebr familjen, p\u00ebr shok\u00ebt e miqt\u00eb e tij t\u00eb shumt\u00eb q\u00eb i ka n\u00eb Ulqin por edhe n\u00eb mbar\u00eb bot\u00ebn, Gjermani, Amerik, Belgjik dhe Zvic\u00ebr,. [&hellip;]<\/p>\n","protected":false},"author":1,"featured_media":0,"comment_status":"closed","ping_status":"closed","sticky":false,"template":"","format":"standard","meta":{"spay_email":"","jetpack_publicize_message":"","jetpack_is_tweetstorm":false,"jetpack_publicize_feature_enabled":true},"categories":[6950],"tags":[],"jetpack_publicize_connections":[],"yoast_head":"<!-- This site is optimized with the Yoast SEO plugin v19.1 - https:\/\/yoast.com\/wordpress\/plugins\/seo\/ -->\n<title>In Memoriam Fadil Kraja nga Ulqini - Lajme nga Ulqini<\/title>\n<meta name=\"description\" content=\"Njoftojme te gjithe lexuesit qe n\u00eb mosh\u00ebn 69 vje\u00e7are u nda nga jeta Fadil Kraja nga Pistulla e Ulqinit. Vdekja e parakohshme e Fadil Kraj\u00ebs \u00ebsht\u00eb nj\u00eb\" \/>\n<meta name=\"robots\" content=\"index, follow, max-snippet:-1, max-image-preview:large, max-video-preview:-1\" \/>\n<link rel=\"canonical\" href=\"https:\/\/www.visit-ulcinj.com\/blog\/2015\/03\/18\/in-memoriam-fadil-kraja-nga-ulqini\/\" \/>\n<meta property=\"og:locale\" content=\"en_US\" \/>\n<meta property=\"og:type\" content=\"article\" \/>\n<meta property=\"og:title\" content=\"In Memoriam Fadil Kraja nga Ulqini - Lajme nga Ulqini\" \/>\n<meta property=\"og:description\" content=\"Njoftojme te gjithe lexuesit qe n\u00eb mosh\u00ebn 69 vje\u00e7are u nda nga jeta Fadil Kraja nga Pistulla e Ulqinit. Vdekja e parakohshme e Fadil Kraj\u00ebs \u00ebsht\u00eb nj\u00eb\" \/>\n<meta property=\"og:url\" content=\"https:\/\/www.visit-ulcinj.com\/blog\/2015\/03\/18\/in-memoriam-fadil-kraja-nga-ulqini\/\" \/>\n<meta property=\"og:site_name\" content=\"Lajme nga Ulqini\" \/>\n<meta property=\"article:published_time\" content=\"2015-03-18T21:19:12+00:00\" \/>\n<meta property=\"article:modified_time\" content=\"2015-03-19T07:05:55+00:00\" \/>\n<meta property=\"og:image\" content=\"http:\/\/www.visit-ulcinj.com\/blog\/wp-content\/uploads\/2015\/03\/fadil-kraja-ulqin-300x250.jpg\" \/>\n<meta name=\"twitter:label1\" content=\"Written by\" \/>\n\t<meta name=\"twitter:data1\" content=\"ulqini\" \/>\n\t<meta name=\"twitter:label2\" content=\"Est. reading time\" \/>\n\t<meta name=\"twitter:data2\" content=\"1 minute\" \/>\n<script type=\"application\/ld+json\" class=\"yoast-schema-graph\">{\"@context\":\"https:\/\/schema.org\",\"@graph\":[{\"@type\":\"WebSite\",\"@id\":\"https:\/\/www.visit-ulcinj.com\/blog\/#website\",\"url\":\"https:\/\/www.visit-ulcinj.com\/blog\/\",\"name\":\"Lajme nga Ulqini\",\"description\":\"Lajme,Vijesti,Ulqini,Ulqin,Crna Gora,Mali i Zi\",\"potentialAction\":[{\"@type\":\"SearchAction\",\"target\":{\"@type\":\"EntryPoint\",\"urlTemplate\":\"https:\/\/www.visit-ulcinj.com\/blog\/?s={search_term_string}\"},\"query-input\":\"required name=search_term_string\"}],\"inLanguage\":\"en-US\"},{\"@type\":\"ImageObject\",\"inLanguage\":\"en-US\",\"@id\":\"https:\/\/www.visit-ulcinj.com\/blog\/2015\/03\/18\/in-memoriam-fadil-kraja-nga-ulqini\/#primaryimage\",\"url\":\"https:\/\/www.visit-ulcinj.com\/blog\/wp-content\/uploads\/2015\/03\/fadil-kraja-ulqin.jpg\",\"contentUrl\":\"https:\/\/www.visit-ulcinj.com\/blog\/wp-content\/uploads\/2015\/03\/fadil-kraja-ulqin.jpg\",\"width\":413,\"height\":344},{\"@type\":\"WebPage\",\"@id\":\"https:\/\/www.visit-ulcinj.com\/blog\/2015\/03\/18\/in-memoriam-fadil-kraja-nga-ulqini\/#webpage\",\"url\":\"https:\/\/www.visit-ulcinj.com\/blog\/2015\/03\/18\/in-memoriam-fadil-kraja-nga-ulqini\/\",\"name\":\"In Memoriam Fadil Kraja nga Ulqini - Lajme nga Ulqini\",\"isPartOf\":{\"@id\":\"https:\/\/www.visit-ulcinj.com\/blog\/#website\"},\"primaryImageOfPage\":{\"@id\":\"https:\/\/www.visit-ulcinj.com\/blog\/2015\/03\/18\/in-memoriam-fadil-kraja-nga-ulqini\/#primaryimage\"},\"datePublished\":\"2015-03-18T21:19:12+00:00\",\"dateModified\":\"2015-03-19T07:05:55+00:00\",\"author\":{\"@id\":\"https:\/\/www.visit-ulcinj.com\/blog\/#\/schema\/person\/dcab619c614d3038751c63bc2aadc06d\"},\"description\":\"Njoftojme te gjithe lexuesit qe n\u00eb mosh\u00ebn 69 vje\u00e7are u nda nga jeta Fadil Kraja nga Pistulla e Ulqinit. Vdekja e parakohshme e Fadil Kraj\u00ebs \u00ebsht\u00eb nj\u00eb\",\"breadcrumb\":{\"@id\":\"https:\/\/www.visit-ulcinj.com\/blog\/2015\/03\/18\/in-memoriam-fadil-kraja-nga-ulqini\/#breadcrumb\"},\"inLanguage\":\"en-US\",\"potentialAction\":[{\"@type\":\"ReadAction\",\"target\":[\"https:\/\/www.visit-ulcinj.com\/blog\/2015\/03\/18\/in-memoriam-fadil-kraja-nga-ulqini\/\"]}]},{\"@type\":\"BreadcrumbList\",\"@id\":\"https:\/\/www.visit-ulcinj.com\/blog\/2015\/03\/18\/in-memoriam-fadil-kraja-nga-ulqini\/#breadcrumb\",\"itemListElement\":[{\"@type\":\"ListItem\",\"position\":1,\"name\":\"In Memoriam Fadil Kraja nga Ulqini\"}]},{\"@type\":\"Person\",\"@id\":\"https:\/\/www.visit-ulcinj.com\/blog\/#\/schema\/person\/dcab619c614d3038751c63bc2aadc06d\",\"name\":\"ulqini\",\"sameAs\":[\"http:\/\/www.visit-ulcinj.com\"],\"url\":\"https:\/\/www.visit-ulcinj.com\/blog\/author\/admin\/\"}]}<\/script>\n<!-- \/ Yoast SEO plugin. -->","yoast_head_json":{"title":"In Memoriam Fadil Kraja nga Ulqini - Lajme nga Ulqini","description":"Njoftojme te gjithe lexuesit qe n\u00eb mosh\u00ebn 69 vje\u00e7are u nda nga jeta Fadil Kraja nga Pistulla e Ulqinit. Vdekja e parakohshme e Fadil Kraj\u00ebs \u00ebsht\u00eb nj\u00eb","robots":{"index":"index","follow":"follow","max-snippet":"max-snippet:-1","max-image-preview":"max-image-preview:large","max-video-preview":"max-video-preview:-1"},"canonical":"https:\/\/www.visit-ulcinj.com\/blog\/2015\/03\/18\/in-memoriam-fadil-kraja-nga-ulqini\/","og_locale":"en_US","og_type":"article","og_title":"In Memoriam Fadil Kraja nga Ulqini - Lajme nga Ulqini","og_description":"Njoftojme te gjithe lexuesit qe n\u00eb mosh\u00ebn 69 vje\u00e7are u nda nga jeta Fadil Kraja nga Pistulla e Ulqinit. Vdekja e parakohshme e Fadil Kraj\u00ebs \u00ebsht\u00eb nj\u00eb","og_url":"https:\/\/www.visit-ulcinj.com\/blog\/2015\/03\/18\/in-memoriam-fadil-kraja-nga-ulqini\/","og_site_name":"Lajme nga Ulqini","article_published_time":"2015-03-18T21:19:12+00:00","article_modified_time":"2015-03-19T07:05:55+00:00","og_image":[{"url":"http:\/\/www.visit-ulcinj.com\/blog\/wp-content\/uploads\/2015\/03\/fadil-kraja-ulqin-300x250.jpg"}],"twitter_misc":{"Written by":"ulqini","Est. reading time":"1 minute"},"schema":{"@context":"https:\/\/schema.org","@graph":[{"@type":"WebSite","@id":"https:\/\/www.visit-ulcinj.com\/blog\/#website","url":"https:\/\/www.visit-ulcinj.com\/blog\/","name":"Lajme nga Ulqini","description":"Lajme,Vijesti,Ulqini,Ulqin,Crna Gora,Mali i Zi","potentialAction":[{"@type":"SearchAction","target":{"@type":"EntryPoint","urlTemplate":"https:\/\/www.visit-ulcinj.com\/blog\/?s={search_term_string}"},"query-input":"required name=search_term_string"}],"inLanguage":"en-US"},{"@type":"ImageObject","inLanguage":"en-US","@id":"https:\/\/www.visit-ulcinj.com\/blog\/2015\/03\/18\/in-memoriam-fadil-kraja-nga-ulqini\/#primaryimage","url":"https:\/\/www.visit-ulcinj.com\/blog\/wp-content\/uploads\/2015\/03\/fadil-kraja-ulqin.jpg","contentUrl":"https:\/\/www.visit-ulcinj.com\/blog\/wp-content\/uploads\/2015\/03\/fadil-kraja-ulqin.jpg","width":413,"height":344},{"@type":"WebPage","@id":"https:\/\/www.visit-ulcinj.com\/blog\/2015\/03\/18\/in-memoriam-fadil-kraja-nga-ulqini\/#webpage","url":"https:\/\/www.visit-ulcinj.com\/blog\/2015\/03\/18\/in-memoriam-fadil-kraja-nga-ulqini\/","name":"In Memoriam Fadil Kraja nga Ulqini - Lajme nga Ulqini","isPartOf":{"@id":"https:\/\/www.visit-ulcinj.com\/blog\/#website"},"primaryImageOfPage":{"@id":"https:\/\/www.visit-ulcinj.com\/blog\/2015\/03\/18\/in-memoriam-fadil-kraja-nga-ulqini\/#primaryimage"},"datePublished":"2015-03-18T21:19:12+00:00","dateModified":"2015-03-19T07:05:55+00:00","author":{"@id":"https:\/\/www.visit-ulcinj.com\/blog\/#\/schema\/person\/dcab619c614d3038751c63bc2aadc06d"},"description":"Njoftojme te gjithe lexuesit qe n\u00eb mosh\u00ebn 69 vje\u00e7are u nda nga jeta Fadil Kraja nga Pistulla e Ulqinit. Vdekja e parakohshme e Fadil Kraj\u00ebs \u00ebsht\u00eb nj\u00eb","breadcrumb":{"@id":"https:\/\/www.visit-ulcinj.com\/blog\/2015\/03\/18\/in-memoriam-fadil-kraja-nga-ulqini\/#breadcrumb"},"inLanguage":"en-US","potentialAction":[{"@type":"ReadAction","target":["https:\/\/www.visit-ulcinj.com\/blog\/2015\/03\/18\/in-memoriam-fadil-kraja-nga-ulqini\/"]}]},{"@type":"BreadcrumbList","@id":"https:\/\/www.visit-ulcinj.com\/blog\/2015\/03\/18\/in-memoriam-fadil-kraja-nga-ulqini\/#breadcrumb","itemListElement":[{"@type":"ListItem","position":1,"name":"In Memoriam Fadil Kraja nga Ulqini"}]},{"@type":"Person","@id":"https:\/\/www.visit-ulcinj.com\/blog\/#\/schema\/person\/dcab619c614d3038751c63bc2aadc06d","name":"ulqini","sameAs":["http:\/\/www.visit-ulcinj.com"],"url":"https:\/\/www.visit-ulcinj.com\/blog\/author\/admin\/"}]}},"jetpack_featured_media_url":"","jetpack_sharing_enabled":true,"jetpack_shortlink":"https:\/\/wp.me\/pe6lTn-ngg","_links":{"self":[{"href":"https:\/\/www.visit-ulcinj.com\/blog\/wp-json\/wp\/v2\/posts\/89420"}],"collection":[{"href":"https:\/\/www.visit-ulcinj.com\/blog\/wp-json\/wp\/v2\/posts"}],"about":[{"href":"https:\/\/www.visit-ulcinj.com\/blog\/wp-json\/wp\/v2\/types\/post"}],"author":[{"embeddable":true,"href":"https:\/\/www.visit-ulcinj.com\/blog\/wp-json\/wp\/v2\/users\/1"}],"replies":[{"embeddable":true,"href":"https:\/\/www.visit-ulcinj.com\/blog\/wp-json\/wp\/v2\/comments?post=89420"}],"version-history":[{"count":5,"href":"https:\/\/www.visit-ulcinj.com\/blog\/wp-json\/wp\/v2\/posts\/89420\/revisions"}],"predecessor-version":[{"id":89429,"href":"https:\/\/www.visit-ulcinj.com\/blog\/wp-json\/wp\/v2\/posts\/89420\/revisions\/89429"}],"wp:attachment":[{"href":"https:\/\/www.visit-ulcinj.com\/blog\/wp-json\/wp\/v2\/media?parent=89420"}],"wp:term":[{"taxonomy":"category","embeddable":true,"href":"https:\/\/www.visit-ulcinj.com\/blog\/wp-json\/wp\/v2\/categories?post=89420"},{"taxonomy":"post_tag","embeddable":true,"href":"https:\/\/www.visit-ulcinj.com\/blog\/wp-json\/wp\/v2\/tags?post=89420"}],"curies":[{"name":"wp","href":"https:\/\/api.w.org\/{rel}","templated":true}]}}