{"id":89440,"date":"2015-03-19T09:32:03","date_gmt":"2015-03-19T08:32:03","guid":{"rendered":"http:\/\/www.visit-ulcinj.com\/blog\/?p=89440"},"modified":"2015-03-19T12:36:01","modified_gmt":"2015-03-19T11:36:01","slug":"dritan-abazovic-u-briselu-na-elitnom-programu-tiln","status":"publish","type":"post","link":"https:\/\/www.visit-ulcinj.com\/blog\/2015\/03\/19\/dritan-abazovic-u-briselu-na-elitnom-programu-tiln\/","title":{"rendered":"Dritan Abazovi\u0107 u Briselu na elitnom programu TILN"},"content":{"rendered":"<p><strong><a href=\"http:\/\/www.visit-ulcinj.com\/blog\/wp-content\/uploads\/2015\/03\/Dritan-Abazovic-Brugge-Belgium.jpg\"><img loading=\"lazy\" class=\"alignleft wp-image-89468\" src=\"http:\/\/www.visit-ulcinj.com\/blog\/wp-content\/uploads\/2015\/03\/Dritan-Abazovic-Brugge-Belgium.jpg\" alt=\"Dritan-Abazovic-Brugge-Belgium\" width=\"508\" height=\"381\" srcset=\"https:\/\/www.visit-ulcinj.com\/blog\/wp-content\/uploads\/2015\/03\/Dritan-Abazovic-Brugge-Belgium.jpg 960w, https:\/\/www.visit-ulcinj.com\/blog\/wp-content\/uploads\/2015\/03\/Dritan-Abazovic-Brugge-Belgium-300x225.jpg 300w\" sizes=\"(max-width: 508px) 100vw, 508px\" \/><\/a>U\u010desnici \u0107e, izme\u0111u ostalog, imati razgovore sa evropskim parlamentarcima, kao i sa \u0161efom Programa za edukaciju u Bijeloj ku\u0107i<\/strong><\/p>\n<p>Poslanik Gra\u0111anskog pokreta URA, Dritan Abazovi\u0107, boravi\u0107e narednih dana\u00a0u Briselu na elitnom programu TILN (Transatlantic Leadership Initiative\u00a0Network, Inicijativa transatlanske mre\u017ee lidera) koju za 20 lidera iz\u00a0Evrope i SAD organizuje \u201cGerman Marshal Fond\u201d iz Va\u0161ingtona.<\/p>\n<p>Kako je saop\u0161teno iz Kluba samostalnih poslanika, tokom programa koji ima za cilj uskla\u0111ivanje politika SAD i Evrope,\u00a0u\u010desnici \u0107e, izme\u0111u ostalog, imati razgovore sa evropskim parlamentarcima, kao i sa \u0161efom Programa za edukaciju u Bijeloj ku\u0107i.<\/p>\n<p>&#8220;Teme koje \u0107e biti na dnevnom redu tokom programa vezane su, pored\u00a0ostalog, za bezbjednost u globalnom dru\u0161tvu i mogu\u0107nostima uvezivanja \u00a0globalnih politika.\u00a0Naro\u010ditu pa\u017enju u\u010desnika konferencije izazivaju politi\u010dka kretanja na\u00a0relaciji Zapad-Rusija, kao i de\u0161avanja na Bliskom Istoku&#8221;, navodi se u saop\u0161tenju.<\/p>\n<p>Krajem nedjelje njih 20-tak \u0107e se pridru\u017eiti Briselskom forumu koji po\u010dinje u petak.<\/p>\n<p><strong>Izvor: Vijesti Online<\/strong><\/p>\n","protected":false},"excerpt":{"rendered":"<p>U\u010desnici \u0107e, izme\u0111u ostalog, imati razgovore sa evropskim parlamentarcima, kao i sa \u0161efom Programa za edukaciju u Bijeloj ku\u0107i Poslanik Gra\u0111anskog pokreta URA, Dritan Abazovi\u0107, boravi\u0107e narednih dana\u00a0u Briselu na elitnom programu TILN (Transatlantic Leadership Initiative\u00a0Network, Inicijativa transatlanske mre\u017ee lidera) koju za 20 lidera iz\u00a0Evrope i SAD organizuje \u201cGerman Marshal Fond\u201d iz Va\u0161ingtona. Kako je [&hellip;]<\/p>\n","protected":false},"author":1,"featured_media":0,"comment_status":"closed","ping_status":"closed","sticky":false,"template":"","format":"standard","meta":{"spay_email":"","jetpack_publicize_message":"","jetpack_is_tweetstorm":false,"jetpack_publicize_feature_enabled":true},"categories":[6950],"tags":[],"jetpack_publicize_connections":[],"yoast_head":"<!-- This site is optimized with the Yoast SEO plugin v19.1 - https:\/\/yoast.com\/wordpress\/plugins\/seo\/ -->\n<title>Dritan Abazovi\u0107 u Briselu na elitnom programu TILN - Lajme nga Ulqini<\/title>\n<meta name=\"description\" content=\"U\u010desnici \u0107e, izme\u0111u ostalog, imati razgovore sa evropskim parlamentarcima, kao i sa \u0161efom Programa za edukaciju u Bijeloj ku\u0107i Poslanik Gra\u0111anskog pokreta\" \/>\n<meta name=\"robots\" content=\"index, follow, max-snippet:-1, max-image-preview:large, max-video-preview:-1\" \/>\n<link rel=\"canonical\" href=\"https:\/\/www.visit-ulcinj.com\/blog\/2015\/03\/19\/dritan-abazovic-u-briselu-na-elitnom-programu-tiln\/\" \/>\n<meta property=\"og:locale\" content=\"en_US\" \/>\n<meta property=\"og:type\" content=\"article\" \/>\n<meta property=\"og:title\" content=\"Dritan Abazovi\u0107 u Briselu na elitnom programu TILN - Lajme nga Ulqini\" \/>\n<meta property=\"og:description\" content=\"U\u010desnici \u0107e, izme\u0111u ostalog, imati razgovore sa evropskim parlamentarcima, kao i sa \u0161efom Programa za edukaciju u Bijeloj ku\u0107i Poslanik Gra\u0111anskog pokreta\" \/>\n<meta property=\"og:url\" content=\"https:\/\/www.visit-ulcinj.com\/blog\/2015\/03\/19\/dritan-abazovic-u-briselu-na-elitnom-programu-tiln\/\" \/>\n<meta property=\"og:site_name\" content=\"Lajme nga Ulqini\" \/>\n<meta property=\"article:published_time\" content=\"2015-03-19T08:32:03+00:00\" \/>\n<meta property=\"article:modified_time\" content=\"2015-03-19T11:36:01+00:00\" \/>\n<meta property=\"og:image\" content=\"http:\/\/www.visit-ulcinj.com\/blog\/wp-content\/uploads\/2015\/03\/Dritan-Abazovic-Brugge-Belgium.jpg\" \/>\n<meta name=\"twitter:label1\" content=\"Written by\" \/>\n\t<meta name=\"twitter:data1\" content=\"ulqini\" \/>\n\t<meta name=\"twitter:label2\" content=\"Est. reading time\" \/>\n\t<meta name=\"twitter:data2\" content=\"1 minute\" \/>\n<script type=\"application\/ld+json\" class=\"yoast-schema-graph\">{\"@context\":\"https:\/\/schema.org\",\"@graph\":[{\"@type\":\"WebSite\",\"@id\":\"https:\/\/www.visit-ulcinj.com\/blog\/#website\",\"url\":\"https:\/\/www.visit-ulcinj.com\/blog\/\",\"name\":\"Lajme nga Ulqini\",\"description\":\"Lajme,Vijesti,Ulqini,Ulqin,Crna Gora,Mali i Zi\",\"potentialAction\":[{\"@type\":\"SearchAction\",\"target\":{\"@type\":\"EntryPoint\",\"urlTemplate\":\"https:\/\/www.visit-ulcinj.com\/blog\/?s={search_term_string}\"},\"query-input\":\"required name=search_term_string\"}],\"inLanguage\":\"en-US\"},{\"@type\":\"ImageObject\",\"inLanguage\":\"en-US\",\"@id\":\"https:\/\/www.visit-ulcinj.com\/blog\/2015\/03\/19\/dritan-abazovic-u-briselu-na-elitnom-programu-tiln\/#primaryimage\",\"url\":\"https:\/\/www.visit-ulcinj.com\/blog\/wp-content\/uploads\/2015\/03\/Dritan-Abazovic-Brugge-Belgium.jpg\",\"contentUrl\":\"https:\/\/www.visit-ulcinj.com\/blog\/wp-content\/uploads\/2015\/03\/Dritan-Abazovic-Brugge-Belgium.jpg\",\"width\":960,\"height\":720},{\"@type\":\"WebPage\",\"@id\":\"https:\/\/www.visit-ulcinj.com\/blog\/2015\/03\/19\/dritan-abazovic-u-briselu-na-elitnom-programu-tiln\/#webpage\",\"url\":\"https:\/\/www.visit-ulcinj.com\/blog\/2015\/03\/19\/dritan-abazovic-u-briselu-na-elitnom-programu-tiln\/\",\"name\":\"Dritan Abazovi\u0107 u Briselu na elitnom programu TILN - Lajme nga Ulqini\",\"isPartOf\":{\"@id\":\"https:\/\/www.visit-ulcinj.com\/blog\/#website\"},\"primaryImageOfPage\":{\"@id\":\"https:\/\/www.visit-ulcinj.com\/blog\/2015\/03\/19\/dritan-abazovic-u-briselu-na-elitnom-programu-tiln\/#primaryimage\"},\"datePublished\":\"2015-03-19T08:32:03+00:00\",\"dateModified\":\"2015-03-19T11:36:01+00:00\",\"author\":{\"@id\":\"https:\/\/www.visit-ulcinj.com\/blog\/#\/schema\/person\/dcab619c614d3038751c63bc2aadc06d\"},\"description\":\"U\u010desnici \u0107e, izme\u0111u ostalog, imati razgovore sa evropskim parlamentarcima, kao i sa \u0161efom Programa za edukaciju u Bijeloj ku\u0107i Poslanik Gra\u0111anskog pokreta\",\"breadcrumb\":{\"@id\":\"https:\/\/www.visit-ulcinj.com\/blog\/2015\/03\/19\/dritan-abazovic-u-briselu-na-elitnom-programu-tiln\/#breadcrumb\"},\"inLanguage\":\"en-US\",\"potentialAction\":[{\"@type\":\"ReadAction\",\"target\":[\"https:\/\/www.visit-ulcinj.com\/blog\/2015\/03\/19\/dritan-abazovic-u-briselu-na-elitnom-programu-tiln\/\"]}]},{\"@type\":\"BreadcrumbList\",\"@id\":\"https:\/\/www.visit-ulcinj.com\/blog\/2015\/03\/19\/dritan-abazovic-u-briselu-na-elitnom-programu-tiln\/#breadcrumb\",\"itemListElement\":[{\"@type\":\"ListItem\",\"position\":1,\"name\":\"Dritan Abazovi\u0107 u Briselu na elitnom programu TILN\"}]},{\"@type\":\"Person\",\"@id\":\"https:\/\/www.visit-ulcinj.com\/blog\/#\/schema\/person\/dcab619c614d3038751c63bc2aadc06d\",\"name\":\"ulqini\",\"sameAs\":[\"http:\/\/www.visit-ulcinj.com\"],\"url\":\"https:\/\/www.visit-ulcinj.com\/blog\/author\/admin\/\"}]}<\/script>\n<!-- \/ Yoast SEO plugin. -->","yoast_head_json":{"title":"Dritan Abazovi\u0107 u Briselu na elitnom programu TILN - Lajme nga Ulqini","description":"U\u010desnici \u0107e, izme\u0111u ostalog, imati razgovore sa evropskim parlamentarcima, kao i sa \u0161efom Programa za edukaciju u Bijeloj ku\u0107i Poslanik Gra\u0111anskog pokreta","robots":{"index":"index","follow":"follow","max-snippet":"max-snippet:-1","max-image-preview":"max-image-preview:large","max-video-preview":"max-video-preview:-1"},"canonical":"https:\/\/www.visit-ulcinj.com\/blog\/2015\/03\/19\/dritan-abazovic-u-briselu-na-elitnom-programu-tiln\/","og_locale":"en_US","og_type":"article","og_title":"Dritan Abazovi\u0107 u Briselu na elitnom programu TILN - Lajme nga Ulqini","og_description":"U\u010desnici \u0107e, izme\u0111u ostalog, imati razgovore sa evropskim parlamentarcima, kao i sa \u0161efom Programa za edukaciju u Bijeloj ku\u0107i Poslanik Gra\u0111anskog pokreta","og_url":"https:\/\/www.visit-ulcinj.com\/blog\/2015\/03\/19\/dritan-abazovic-u-briselu-na-elitnom-programu-tiln\/","og_site_name":"Lajme nga Ulqini","article_published_time":"2015-03-19T08:32:03+00:00","article_modified_time":"2015-03-19T11:36:01+00:00","og_image":[{"url":"http:\/\/www.visit-ulcinj.com\/blog\/wp-content\/uploads\/2015\/03\/Dritan-Abazovic-Brugge-Belgium.jpg"}],"twitter_misc":{"Written by":"ulqini","Est. reading time":"1 minute"},"schema":{"@context":"https:\/\/schema.org","@graph":[{"@type":"WebSite","@id":"https:\/\/www.visit-ulcinj.com\/blog\/#website","url":"https:\/\/www.visit-ulcinj.com\/blog\/","name":"Lajme nga Ulqini","description":"Lajme,Vijesti,Ulqini,Ulqin,Crna Gora,Mali i Zi","potentialAction":[{"@type":"SearchAction","target":{"@type":"EntryPoint","urlTemplate":"https:\/\/www.visit-ulcinj.com\/blog\/?s={search_term_string}"},"query-input":"required name=search_term_string"}],"inLanguage":"en-US"},{"@type":"ImageObject","inLanguage":"en-US","@id":"https:\/\/www.visit-ulcinj.com\/blog\/2015\/03\/19\/dritan-abazovic-u-briselu-na-elitnom-programu-tiln\/#primaryimage","url":"https:\/\/www.visit-ulcinj.com\/blog\/wp-content\/uploads\/2015\/03\/Dritan-Abazovic-Brugge-Belgium.jpg","contentUrl":"https:\/\/www.visit-ulcinj.com\/blog\/wp-content\/uploads\/2015\/03\/Dritan-Abazovic-Brugge-Belgium.jpg","width":960,"height":720},{"@type":"WebPage","@id":"https:\/\/www.visit-ulcinj.com\/blog\/2015\/03\/19\/dritan-abazovic-u-briselu-na-elitnom-programu-tiln\/#webpage","url":"https:\/\/www.visit-ulcinj.com\/blog\/2015\/03\/19\/dritan-abazovic-u-briselu-na-elitnom-programu-tiln\/","name":"Dritan Abazovi\u0107 u Briselu na elitnom programu TILN - Lajme nga Ulqini","isPartOf":{"@id":"https:\/\/www.visit-ulcinj.com\/blog\/#website"},"primaryImageOfPage":{"@id":"https:\/\/www.visit-ulcinj.com\/blog\/2015\/03\/19\/dritan-abazovic-u-briselu-na-elitnom-programu-tiln\/#primaryimage"},"datePublished":"2015-03-19T08:32:03+00:00","dateModified":"2015-03-19T11:36:01+00:00","author":{"@id":"https:\/\/www.visit-ulcinj.com\/blog\/#\/schema\/person\/dcab619c614d3038751c63bc2aadc06d"},"description":"U\u010desnici \u0107e, izme\u0111u ostalog, imati razgovore sa evropskim parlamentarcima, kao i sa \u0161efom Programa za edukaciju u Bijeloj ku\u0107i Poslanik Gra\u0111anskog pokreta","breadcrumb":{"@id":"https:\/\/www.visit-ulcinj.com\/blog\/2015\/03\/19\/dritan-abazovic-u-briselu-na-elitnom-programu-tiln\/#breadcrumb"},"inLanguage":"en-US","potentialAction":[{"@type":"ReadAction","target":["https:\/\/www.visit-ulcinj.com\/blog\/2015\/03\/19\/dritan-abazovic-u-briselu-na-elitnom-programu-tiln\/"]}]},{"@type":"BreadcrumbList","@id":"https:\/\/www.visit-ulcinj.com\/blog\/2015\/03\/19\/dritan-abazovic-u-briselu-na-elitnom-programu-tiln\/#breadcrumb","itemListElement":[{"@type":"ListItem","position":1,"name":"Dritan Abazovi\u0107 u Briselu na elitnom programu TILN"}]},{"@type":"Person","@id":"https:\/\/www.visit-ulcinj.com\/blog\/#\/schema\/person\/dcab619c614d3038751c63bc2aadc06d","name":"ulqini","sameAs":["http:\/\/www.visit-ulcinj.com"],"url":"https:\/\/www.visit-ulcinj.com\/blog\/author\/admin\/"}]}},"jetpack_featured_media_url":"","jetpack_sharing_enabled":true,"jetpack_shortlink":"https:\/\/wp.me\/pe6lTn-ngA","_links":{"self":[{"href":"https:\/\/www.visit-ulcinj.com\/blog\/wp-json\/wp\/v2\/posts\/89440"}],"collection":[{"href":"https:\/\/www.visit-ulcinj.com\/blog\/wp-json\/wp\/v2\/posts"}],"about":[{"href":"https:\/\/www.visit-ulcinj.com\/blog\/wp-json\/wp\/v2\/types\/post"}],"author":[{"embeddable":true,"href":"https:\/\/www.visit-ulcinj.com\/blog\/wp-json\/wp\/v2\/users\/1"}],"replies":[{"embeddable":true,"href":"https:\/\/www.visit-ulcinj.com\/blog\/wp-json\/wp\/v2\/comments?post=89440"}],"version-history":[{"count":3,"href":"https:\/\/www.visit-ulcinj.com\/blog\/wp-json\/wp\/v2\/posts\/89440\/revisions"}],"predecessor-version":[{"id":89469,"href":"https:\/\/www.visit-ulcinj.com\/blog\/wp-json\/wp\/v2\/posts\/89440\/revisions\/89469"}],"wp:attachment":[{"href":"https:\/\/www.visit-ulcinj.com\/blog\/wp-json\/wp\/v2\/media?parent=89440"}],"wp:term":[{"taxonomy":"category","embeddable":true,"href":"https:\/\/www.visit-ulcinj.com\/blog\/wp-json\/wp\/v2\/categories?post=89440"},{"taxonomy":"post_tag","embeddable":true,"href":"https:\/\/www.visit-ulcinj.com\/blog\/wp-json\/wp\/v2\/tags?post=89440"}],"curies":[{"name":"wp","href":"https:\/\/api.w.org\/{rel}","templated":true}]}}