{"id":89460,"date":"2015-03-19T10:18:26","date_gmt":"2015-03-19T09:18:26","guid":{"rendered":"http:\/\/www.visit-ulcinj.com\/blog\/?p=89460"},"modified":"2015-03-19T10:18:26","modified_gmt":"2015-03-19T09:18:26","slug":"konkurs-ue-per-gazetari-investiguese-ne-mal-te-zi","status":"publish","type":"post","link":"https:\/\/www.visit-ulcinj.com\/blog\/2015\/03\/19\/konkurs-ue-per-gazetari-investiguese-ne-mal-te-zi\/","title":{"rendered":"Konkurs i UE p\u00ebr gazetari investiguese n\u00eb Mal t\u00eb Zi"},"content":{"rendered":"<p><a href=\"http:\/\/www.visit-ulcinj.com\/blog\/wp-content\/uploads\/2015\/03\/The-Speak-Up-Montenegro.jpg\"><img loading=\"lazy\" class=\"alignleft wp-image-89461\" src=\"http:\/\/www.visit-ulcinj.com\/blog\/wp-content\/uploads\/2015\/03\/The-Speak-Up-Montenegro.jpg\" alt=\"The Speak Up-Montenegro\" width=\"508\" height=\"157\" srcset=\"https:\/\/www.visit-ulcinj.com\/blog\/wp-content\/uploads\/2015\/03\/The-Speak-Up-Montenegro.jpg 819w, https:\/\/www.visit-ulcinj.com\/blog\/wp-content\/uploads\/2015\/03\/The-Speak-Up-Montenegro-300x93.jpg 300w\" sizes=\"(max-width: 508px) 100vw, 508px\" \/><\/a>Delegacioni i UE n\u00eb Mal t\u00eb Zi\u00a0 ka shpall konkursin p\u00ebr ndarjen e shp\u00ebrblimeve p\u00ebr gazetari investiguese\u00a0 n\u00eb Mal t\u00eb Zi p\u00ebr tekstet q\u00eb kontribuojn\u00eb transparenc\u00ebs dhe p\u00ebr raportet mbi \u00e7\u00ebshtjet shoq\u00ebrore\u00a0 lidhur me shp\u00ebrdorimin e pozit\u00ebs , t\u00eb drejtat themelore , p\u00ebr korrupsion dhe kriminalitetin e organizuar. Konkursi do t\u00eb jet\u00eb i hapur deri me 15 .prill dhe shp\u00ebrblimet do t\u00eb ndahen p\u00ebr shkrimet m\u00eb t\u00eb mira investiguese ne vitin 2014 ,2015 dhe 2016. Shefi i delegacionit t\u00eb UE ,Mitja Drobni\u00e7 ka theksuar se kjo iniciativ\u00eb \u00ebsht\u00eb rezultat i konferenc\u00ebs me titull \u201cSpeek up to\u201d\u00a0\u00a0 e cila \u00ebsht\u00eb mbajtur n\u00eb qershor t\u00eb vitit 2013 n\u00eb Brukesl. Si\u00e7 ka theksuar Drobni\u00e7, n\u00eb k\u00ebt\u00eb konferenc\u00eb \u00ebsht\u00eb konkluduar se Komisioni evropian\u00eb d\u00ebshiron t\u00eb nd\u00ebrpres dhun\u00ebn\u00a0 dhe frik\u00ebsimin e gazetar\u00ebve dhe pret q\u00eb rastet e m\u00ebparshme t\u00eb tilla t\u00eb hetohen dhe t\u00eb procesuohen n\u00eb shtetet aspirante p\u00ebr zgjerim. Sipas fjal\u00ebve t\u00eb tij gazetaria hulumtuese , kur ajo punohet me profesionalitet dhe p\u00ebrmes respektimit strikte t\u00eb standardeve etike paraqet vler\u00ebn shtes\u00eb p\u00ebr sundimin e ligjit. Si\u00e7 \u00ebsht\u00eb theksuar, fondi i p\u00ebrgjithshme p\u00ebr shp\u00ebrblime p\u00ebr shtetet pjes\u00ebmarr\u00ebse \u00ebsht\u00eb 210 mij\u00eb euro , kurse p\u00ebr Malin e Zi n\u00eb k\u00ebt\u00eb vit jan\u00eb parapar\u00eb 10 mij\u00eb euro. Do t\u00eb ndahen m\u00eb s\u00eb tep\u00ebrmi tri shp\u00ebrblime prej 3 deri n\u00eb 5 mij\u00eb euro.<\/p>\n<p><strong>TVCG<\/strong><\/p>\n<p>&nbsp;<\/p>\n<p><strong>The Speak Up!2 conference is over<\/strong><\/p>\n<p><strong>The Speak Up!2 conference is over. Thank you for your interest and your participation! For all further information on the conference to be published soon (e.g. conclusions, photos, webcast &amp; video recordings), please check DG Enlargement&#8217;s website at<\/strong> <strong><a href=\"http:\/\/ec.europa.eu\/enlargement\/policy\/policy-highlights\/media-freedom\/index_en.htm\" target=\"_blank\">http:\/\/ec.europa.eu\/enlargement\/policy\/policy-highlights\/media-freedom\/index_en.htm<\/a><\/strong><\/p>\n<p>The European Commission&#8217;s annual strategy on EU enlargement, adopted in October last year, highlighted freedom of expression and media as one of the most important challenges for the countries aspiring to EU membership. Moreover, freedom of expression is considered an EU accession priority. The conclusions of the first <strong>Speak Up!<\/strong> conference, hosted by DG Enlargement in 2011, became an important reference point for tackling issues in this field. Two years later, it is time to take stock of the results achieved and define the way forward.<\/p>\n<p>To this end, the <strong>Speak Up!2<\/strong> conference on 20 June 2013 will bring together some 450 participants from international, regional and national organisations dealing with freedom of expression, as well as journalists, media analysts and decision-makers from the enlargement countries to discuss achievements, remaining issues and the way forward.<\/p>\n<p>Pre-registration to the conference is now closed and the conference venue is fully booked. On-site registration is foreseen from 8.30 but is subject to the availability of seats (e.g. due to last-minute cancellations).<\/p>\n<p>For more information on EU Enlargement policy, please have a look at the website of the Directorate General for <strong>Enlargement: <a href=\"http:\/\/ec.europa.eu\/enlargement\/index_en.htm\" target=\"_blank\">http:\/\/ec.europa.eu\/enlargement\/index_en.htm<\/a><\/strong><\/p>\n","protected":false},"excerpt":{"rendered":"<p>Delegacioni i UE n\u00eb Mal t\u00eb Zi\u00a0 ka shpall konkursin p\u00ebr ndarjen e shp\u00ebrblimeve p\u00ebr gazetari investiguese\u00a0 n\u00eb Mal t\u00eb Zi p\u00ebr tekstet q\u00eb kontribuojn\u00eb transparenc\u00ebs dhe p\u00ebr raportet mbi \u00e7\u00ebshtjet shoq\u00ebrore\u00a0 lidhur me shp\u00ebrdorimin e pozit\u00ebs , t\u00eb drejtat themelore , p\u00ebr korrupsion dhe kriminalitetin e organizuar. Konkursi do t\u00eb jet\u00eb i hapur deri [&hellip;]<\/p>\n","protected":false},"author":1,"featured_media":0,"comment_status":"closed","ping_status":"closed","sticky":false,"template":"","format":"standard","meta":{"spay_email":"","jetpack_publicize_message":"","jetpack_is_tweetstorm":false,"jetpack_publicize_feature_enabled":true},"categories":[13],"tags":[],"jetpack_publicize_connections":[],"yoast_head":"<!-- This site is optimized with the Yoast SEO plugin v19.1 - https:\/\/yoast.com\/wordpress\/plugins\/seo\/ -->\n<title>Konkurs i UE p\u00ebr gazetari investiguese n\u00eb Mal t\u00eb Zi - Lajme nga Ulqini<\/title>\n<meta name=\"description\" content=\"Delegacioni i UE n\u00eb Mal t\u00eb Zi\u00a0 ka shpall konkursin p\u00ebr ndarjen e shp\u00ebrblimeve p\u00ebr gazetari investiguese\u00a0 n\u00eb Mal t\u00eb Zi p\u00ebr tekstet q\u00eb kontribuojn\u00eb\" \/>\n<meta name=\"robots\" content=\"index, follow, max-snippet:-1, max-image-preview:large, max-video-preview:-1\" \/>\n<link rel=\"canonical\" href=\"https:\/\/www.visit-ulcinj.com\/blog\/2015\/03\/19\/konkurs-ue-per-gazetari-investiguese-ne-mal-te-zi\/\" \/>\n<meta property=\"og:locale\" content=\"en_US\" \/>\n<meta property=\"og:type\" content=\"article\" \/>\n<meta property=\"og:title\" content=\"Konkurs i UE p\u00ebr gazetari investiguese n\u00eb Mal t\u00eb Zi - Lajme nga Ulqini\" \/>\n<meta property=\"og:description\" content=\"Delegacioni i UE n\u00eb Mal t\u00eb Zi\u00a0 ka shpall konkursin p\u00ebr ndarjen e shp\u00ebrblimeve p\u00ebr gazetari investiguese\u00a0 n\u00eb Mal t\u00eb Zi p\u00ebr tekstet q\u00eb kontribuojn\u00eb\" \/>\n<meta property=\"og:url\" content=\"https:\/\/www.visit-ulcinj.com\/blog\/2015\/03\/19\/konkurs-ue-per-gazetari-investiguese-ne-mal-te-zi\/\" \/>\n<meta property=\"og:site_name\" content=\"Lajme nga Ulqini\" \/>\n<meta property=\"article:published_time\" content=\"2015-03-19T09:18:26+00:00\" \/>\n<meta property=\"og:image\" content=\"http:\/\/www.visit-ulcinj.com\/blog\/wp-content\/uploads\/2015\/03\/The-Speak-Up-Montenegro.jpg\" \/>\n<meta name=\"twitter:label1\" content=\"Written by\" \/>\n\t<meta name=\"twitter:data1\" content=\"ulqini\" \/>\n\t<meta name=\"twitter:label2\" content=\"Est. reading time\" \/>\n\t<meta name=\"twitter:data2\" content=\"2 minutes\" \/>\n<script type=\"application\/ld+json\" class=\"yoast-schema-graph\">{\"@context\":\"https:\/\/schema.org\",\"@graph\":[{\"@type\":\"WebSite\",\"@id\":\"https:\/\/www.visit-ulcinj.com\/blog\/#website\",\"url\":\"https:\/\/www.visit-ulcinj.com\/blog\/\",\"name\":\"Lajme nga Ulqini\",\"description\":\"Lajme,Vijesti,Ulqini,Ulqin,Crna Gora,Mali i Zi\",\"potentialAction\":[{\"@type\":\"SearchAction\",\"target\":{\"@type\":\"EntryPoint\",\"urlTemplate\":\"https:\/\/www.visit-ulcinj.com\/blog\/?s={search_term_string}\"},\"query-input\":\"required name=search_term_string\"}],\"inLanguage\":\"en-US\"},{\"@type\":\"ImageObject\",\"inLanguage\":\"en-US\",\"@id\":\"https:\/\/www.visit-ulcinj.com\/blog\/2015\/03\/19\/konkurs-ue-per-gazetari-investiguese-ne-mal-te-zi\/#primaryimage\",\"url\":\"https:\/\/www.visit-ulcinj.com\/blog\/wp-content\/uploads\/2015\/03\/The-Speak-Up-Montenegro.jpg\",\"contentUrl\":\"https:\/\/www.visit-ulcinj.com\/blog\/wp-content\/uploads\/2015\/03\/The-Speak-Up-Montenegro.jpg\",\"width\":819,\"height\":253},{\"@type\":\"WebPage\",\"@id\":\"https:\/\/www.visit-ulcinj.com\/blog\/2015\/03\/19\/konkurs-ue-per-gazetari-investiguese-ne-mal-te-zi\/#webpage\",\"url\":\"https:\/\/www.visit-ulcinj.com\/blog\/2015\/03\/19\/konkurs-ue-per-gazetari-investiguese-ne-mal-te-zi\/\",\"name\":\"Konkurs i UE p\u00ebr gazetari investiguese n\u00eb Mal t\u00eb Zi - Lajme nga Ulqini\",\"isPartOf\":{\"@id\":\"https:\/\/www.visit-ulcinj.com\/blog\/#website\"},\"primaryImageOfPage\":{\"@id\":\"https:\/\/www.visit-ulcinj.com\/blog\/2015\/03\/19\/konkurs-ue-per-gazetari-investiguese-ne-mal-te-zi\/#primaryimage\"},\"datePublished\":\"2015-03-19T09:18:26+00:00\",\"dateModified\":\"2015-03-19T09:18:26+00:00\",\"author\":{\"@id\":\"https:\/\/www.visit-ulcinj.com\/blog\/#\/schema\/person\/dcab619c614d3038751c63bc2aadc06d\"},\"description\":\"Delegacioni i UE n\u00eb Mal t\u00eb Zi\u00a0 ka shpall konkursin p\u00ebr ndarjen e shp\u00ebrblimeve p\u00ebr gazetari investiguese\u00a0 n\u00eb Mal t\u00eb Zi p\u00ebr tekstet q\u00eb kontribuojn\u00eb\",\"breadcrumb\":{\"@id\":\"https:\/\/www.visit-ulcinj.com\/blog\/2015\/03\/19\/konkurs-ue-per-gazetari-investiguese-ne-mal-te-zi\/#breadcrumb\"},\"inLanguage\":\"en-US\",\"potentialAction\":[{\"@type\":\"ReadAction\",\"target\":[\"https:\/\/www.visit-ulcinj.com\/blog\/2015\/03\/19\/konkurs-ue-per-gazetari-investiguese-ne-mal-te-zi\/\"]}]},{\"@type\":\"BreadcrumbList\",\"@id\":\"https:\/\/www.visit-ulcinj.com\/blog\/2015\/03\/19\/konkurs-ue-per-gazetari-investiguese-ne-mal-te-zi\/#breadcrumb\",\"itemListElement\":[{\"@type\":\"ListItem\",\"position\":1,\"name\":\"Konkurs i UE p\u00ebr gazetari investiguese n\u00eb Mal t\u00eb Zi\"}]},{\"@type\":\"Person\",\"@id\":\"https:\/\/www.visit-ulcinj.com\/blog\/#\/schema\/person\/dcab619c614d3038751c63bc2aadc06d\",\"name\":\"ulqini\",\"sameAs\":[\"http:\/\/www.visit-ulcinj.com\"],\"url\":\"https:\/\/www.visit-ulcinj.com\/blog\/author\/admin\/\"}]}<\/script>\n<!-- \/ Yoast SEO plugin. -->","yoast_head_json":{"title":"Konkurs i UE p\u00ebr gazetari investiguese n\u00eb Mal t\u00eb Zi - Lajme nga Ulqini","description":"Delegacioni i UE n\u00eb Mal t\u00eb Zi\u00a0 ka shpall konkursin p\u00ebr ndarjen e shp\u00ebrblimeve p\u00ebr gazetari investiguese\u00a0 n\u00eb Mal t\u00eb Zi p\u00ebr tekstet q\u00eb kontribuojn\u00eb","robots":{"index":"index","follow":"follow","max-snippet":"max-snippet:-1","max-image-preview":"max-image-preview:large","max-video-preview":"max-video-preview:-1"},"canonical":"https:\/\/www.visit-ulcinj.com\/blog\/2015\/03\/19\/konkurs-ue-per-gazetari-investiguese-ne-mal-te-zi\/","og_locale":"en_US","og_type":"article","og_title":"Konkurs i UE p\u00ebr gazetari investiguese n\u00eb Mal t\u00eb Zi - Lajme nga Ulqini","og_description":"Delegacioni i UE n\u00eb Mal t\u00eb Zi\u00a0 ka shpall konkursin p\u00ebr ndarjen e shp\u00ebrblimeve p\u00ebr gazetari investiguese\u00a0 n\u00eb Mal t\u00eb Zi p\u00ebr tekstet q\u00eb kontribuojn\u00eb","og_url":"https:\/\/www.visit-ulcinj.com\/blog\/2015\/03\/19\/konkurs-ue-per-gazetari-investiguese-ne-mal-te-zi\/","og_site_name":"Lajme nga Ulqini","article_published_time":"2015-03-19T09:18:26+00:00","og_image":[{"url":"http:\/\/www.visit-ulcinj.com\/blog\/wp-content\/uploads\/2015\/03\/The-Speak-Up-Montenegro.jpg"}],"twitter_misc":{"Written by":"ulqini","Est. reading time":"2 minutes"},"schema":{"@context":"https:\/\/schema.org","@graph":[{"@type":"WebSite","@id":"https:\/\/www.visit-ulcinj.com\/blog\/#website","url":"https:\/\/www.visit-ulcinj.com\/blog\/","name":"Lajme nga Ulqini","description":"Lajme,Vijesti,Ulqini,Ulqin,Crna Gora,Mali i Zi","potentialAction":[{"@type":"SearchAction","target":{"@type":"EntryPoint","urlTemplate":"https:\/\/www.visit-ulcinj.com\/blog\/?s={search_term_string}"},"query-input":"required name=search_term_string"}],"inLanguage":"en-US"},{"@type":"ImageObject","inLanguage":"en-US","@id":"https:\/\/www.visit-ulcinj.com\/blog\/2015\/03\/19\/konkurs-ue-per-gazetari-investiguese-ne-mal-te-zi\/#primaryimage","url":"https:\/\/www.visit-ulcinj.com\/blog\/wp-content\/uploads\/2015\/03\/The-Speak-Up-Montenegro.jpg","contentUrl":"https:\/\/www.visit-ulcinj.com\/blog\/wp-content\/uploads\/2015\/03\/The-Speak-Up-Montenegro.jpg","width":819,"height":253},{"@type":"WebPage","@id":"https:\/\/www.visit-ulcinj.com\/blog\/2015\/03\/19\/konkurs-ue-per-gazetari-investiguese-ne-mal-te-zi\/#webpage","url":"https:\/\/www.visit-ulcinj.com\/blog\/2015\/03\/19\/konkurs-ue-per-gazetari-investiguese-ne-mal-te-zi\/","name":"Konkurs i UE p\u00ebr gazetari investiguese n\u00eb Mal t\u00eb Zi - Lajme nga Ulqini","isPartOf":{"@id":"https:\/\/www.visit-ulcinj.com\/blog\/#website"},"primaryImageOfPage":{"@id":"https:\/\/www.visit-ulcinj.com\/blog\/2015\/03\/19\/konkurs-ue-per-gazetari-investiguese-ne-mal-te-zi\/#primaryimage"},"datePublished":"2015-03-19T09:18:26+00:00","dateModified":"2015-03-19T09:18:26+00:00","author":{"@id":"https:\/\/www.visit-ulcinj.com\/blog\/#\/schema\/person\/dcab619c614d3038751c63bc2aadc06d"},"description":"Delegacioni i UE n\u00eb Mal t\u00eb Zi\u00a0 ka shpall konkursin p\u00ebr ndarjen e shp\u00ebrblimeve p\u00ebr gazetari investiguese\u00a0 n\u00eb Mal t\u00eb Zi p\u00ebr tekstet q\u00eb kontribuojn\u00eb","breadcrumb":{"@id":"https:\/\/www.visit-ulcinj.com\/blog\/2015\/03\/19\/konkurs-ue-per-gazetari-investiguese-ne-mal-te-zi\/#breadcrumb"},"inLanguage":"en-US","potentialAction":[{"@type":"ReadAction","target":["https:\/\/www.visit-ulcinj.com\/blog\/2015\/03\/19\/konkurs-ue-per-gazetari-investiguese-ne-mal-te-zi\/"]}]},{"@type":"BreadcrumbList","@id":"https:\/\/www.visit-ulcinj.com\/blog\/2015\/03\/19\/konkurs-ue-per-gazetari-investiguese-ne-mal-te-zi\/#breadcrumb","itemListElement":[{"@type":"ListItem","position":1,"name":"Konkurs i UE p\u00ebr gazetari investiguese n\u00eb Mal t\u00eb Zi"}]},{"@type":"Person","@id":"https:\/\/www.visit-ulcinj.com\/blog\/#\/schema\/person\/dcab619c614d3038751c63bc2aadc06d","name":"ulqini","sameAs":["http:\/\/www.visit-ulcinj.com"],"url":"https:\/\/www.visit-ulcinj.com\/blog\/author\/admin\/"}]}},"jetpack_featured_media_url":"","jetpack_sharing_enabled":true,"jetpack_shortlink":"https:\/\/wp.me\/pe6lTn-ngU","_links":{"self":[{"href":"https:\/\/www.visit-ulcinj.com\/blog\/wp-json\/wp\/v2\/posts\/89460"}],"collection":[{"href":"https:\/\/www.visit-ulcinj.com\/blog\/wp-json\/wp\/v2\/posts"}],"about":[{"href":"https:\/\/www.visit-ulcinj.com\/blog\/wp-json\/wp\/v2\/types\/post"}],"author":[{"embeddable":true,"href":"https:\/\/www.visit-ulcinj.com\/blog\/wp-json\/wp\/v2\/users\/1"}],"replies":[{"embeddable":true,"href":"https:\/\/www.visit-ulcinj.com\/blog\/wp-json\/wp\/v2\/comments?post=89460"}],"version-history":[{"count":1,"href":"https:\/\/www.visit-ulcinj.com\/blog\/wp-json\/wp\/v2\/posts\/89460\/revisions"}],"predecessor-version":[{"id":89462,"href":"https:\/\/www.visit-ulcinj.com\/blog\/wp-json\/wp\/v2\/posts\/89460\/revisions\/89462"}],"wp:attachment":[{"href":"https:\/\/www.visit-ulcinj.com\/blog\/wp-json\/wp\/v2\/media?parent=89460"}],"wp:term":[{"taxonomy":"category","embeddable":true,"href":"https:\/\/www.visit-ulcinj.com\/blog\/wp-json\/wp\/v2\/categories?post=89460"},{"taxonomy":"post_tag","embeddable":true,"href":"https:\/\/www.visit-ulcinj.com\/blog\/wp-json\/wp\/v2\/tags?post=89460"}],"curies":[{"name":"wp","href":"https:\/\/api.w.org\/{rel}","templated":true}]}}