{"id":89465,"date":"2015-03-19T11:14:42","date_gmt":"2015-03-19T10:14:42","guid":{"rendered":"http:\/\/www.visit-ulcinj.com\/blog\/?p=89465"},"modified":"2015-03-20T15:39:31","modified_gmt":"2015-03-20T14:39:31","slug":"shatradita-perfaqeson-shqiptaret-nga-mali-zi-ne-festivalin-folklorik-kombetar-ne-gjirokaster","status":"publish","type":"post","link":"https:\/\/www.visit-ulcinj.com\/blog\/2015\/03\/19\/shatradita-perfaqeson-shqiptaret-nga-mali-zi-ne-festivalin-folklorik-kombetar-ne-gjirokaster\/","title":{"rendered":"SHA\u201dTRADITA\u201d p\u00ebrfaq\u00ebson shqiptar\u00ebt nga Mali i Zi  n\u00eb Festivalin Folklorik Komb\u00ebtar n\u00eb Gjirokast\u00ebr"},"content":{"rendered":"<p><strong><a href=\"http:\/\/www.visit-ulcinj.com\/blog\/wp-content\/uploads\/2015\/03\/SHA-TRADITA-ANA-MALIT.jpg\"><img loading=\"lazy\" class=\"alignleft wp-image-89466\" src=\"http:\/\/www.visit-ulcinj.com\/blog\/wp-content\/uploads\/2015\/03\/SHA-TRADITA-ANA-MALIT.jpg\" alt=\"SHA-TRADITA-ANA-MALIT\" width=\"508\" height=\"338\" srcset=\"https:\/\/www.visit-ulcinj.com\/blog\/wp-content\/uploads\/2015\/03\/SHA-TRADITA-ANA-MALIT.jpg 960w, https:\/\/www.visit-ulcinj.com\/blog\/wp-content\/uploads\/2015\/03\/SHA-TRADITA-ANA-MALIT-300x200.jpg 300w\" sizes=\"(max-width: 508px) 100vw, 508px\" \/><\/a>JP CENTAR ZA KULTURU<\/strong><\/p>\n<p><strong>NP QENDRA E KULTUR\u00cbS<\/strong><\/p>\n<p><strong>Br.\/Nr.47<\/strong><\/p>\n<p><strong>Ulcinj-Ulqin<\/strong><\/p>\n<p><strong>18.3.2015<\/strong><\/p>\n<p style=\"text-align: center;\"><strong>\u00a0<\/strong><\/p>\n<p style=\"text-align: center;\"><strong>Njoftim p\u00ebr media<\/strong><\/p>\n<p><strong><em>\u00a0<\/em><\/strong><\/p>\n<p>Nga ana e Ministris\u00eb s\u00eb Kultur\u00ebs s\u00eb Shqip\u00ebris\u00eb, p\u00ebrkat\u00ebsisht Qendra Komb\u00ebtare e Veprimtarive Folklorike, iu njoftoj se nga ana e tyre ka arritur Ftesa me nr. 72 e dat\u00ebs 12.3.2015, ne lidhje me pjes\u00ebmarrjen e grupit folklorik t\u00eb shqiptar\u00ebve nga Mali i Zi n\u00eb Festivalin Folklorik Komb\u00ebtar i cili do t\u00eb zhvillohet n\u00eb Gjirokast\u00ebr nga data 10-16 maj 2015.<\/p>\n<p>Andaj me k\u00ebnaq\u00ebsi njoftoj opinionin se shqiptar\u00ebt nga Mali i Zi n\u00eb Festivalin Folklorik Komb\u00ebtar n\u00eb Gjirokast\u00ebr do ti p\u00ebrfaq\u00ebsoj\u00a0\u00a0 <strong>SHA \u201dTRADITA\u201d<\/strong> nga Ana e Malit-Ulqin.<\/p>\n<p>Urojm\u00eb p\u00ebr nj\u00eb p\u00ebrfaq\u00ebsim t\u00eb suksessh\u00ebm t\u00eb folklorit t\u00eb t\u00eb gjitha viseve shqiptare n\u00eb Malin e Zi n\u00eb ket\u00eb veprimtari shum\u00eb t\u00eb r\u00ebnd\u00ebsishme t\u00eb trash\u00ebgimis\u00eb son\u00eb kulkturore.<\/p>\n<p>&nbsp;<\/p>\n<p>&nbsp;<\/p>\n<p>Me nderime,<\/p>\n<p><strong>\u00a0<\/strong><\/p>\n<p><strong>Drejtori<\/strong><\/p>\n<p><strong>Dr.Nail Draga <\/strong><\/p>\n","protected":false},"excerpt":{"rendered":"<p>JP CENTAR ZA KULTURU NP QENDRA E KULTUR\u00cbS Br.\/Nr.47 Ulcinj-Ulqin 18.3.2015 \u00a0 Njoftim p\u00ebr media \u00a0 Nga ana e Ministris\u00eb s\u00eb Kultur\u00ebs s\u00eb Shqip\u00ebris\u00eb, p\u00ebrkat\u00ebsisht Qendra Komb\u00ebtare e Veprimtarive Folklorike, iu njoftoj se nga ana e tyre ka arritur Ftesa me nr. 72 e dat\u00ebs 12.3.2015, ne lidhje me pjes\u00ebmarrjen e grupit folklorik t\u00eb shqiptar\u00ebve [&hellip;]<\/p>\n","protected":false},"author":1,"featured_media":0,"comment_status":"closed","ping_status":"closed","sticky":false,"template":"","format":"standard","meta":{"spay_email":"","jetpack_publicize_message":"","jetpack_is_tweetstorm":false,"jetpack_publicize_feature_enabled":true},"categories":[11],"tags":[],"jetpack_publicize_connections":[],"yoast_head":"<!-- This site is optimized with the Yoast SEO plugin v19.1 - https:\/\/yoast.com\/wordpress\/plugins\/seo\/ -->\n<title>SHA\u201dTRADITA\u201d p\u00ebrfaq\u00ebson shqiptar\u00ebt nga Mali i Zi n\u00eb Festivalin Folklorik Komb\u00ebtar n\u00eb Gjirokast\u00ebr - Lajme nga Ulqini<\/title>\n<meta name=\"description\" content=\"JP CENTAR ZA KULTURU NP QENDRA E KULTUR\u00cbS Br.\/Nr.47 Ulcinj-Ulqin 18.3.2015 \u00a0 Njoftim p\u00ebr media \u00a0 Nga ana e Ministris\u00eb s\u00eb Kultur\u00ebs s\u00eb Shqip\u00ebris\u00eb,\" \/>\n<meta name=\"robots\" content=\"index, follow, max-snippet:-1, max-image-preview:large, max-video-preview:-1\" \/>\n<link rel=\"canonical\" href=\"https:\/\/www.visit-ulcinj.com\/blog\/2015\/03\/19\/shatradita-perfaqeson-shqiptaret-nga-mali-zi-ne-festivalin-folklorik-kombetar-ne-gjirokaster\/\" \/>\n<meta property=\"og:locale\" content=\"en_US\" \/>\n<meta property=\"og:type\" content=\"article\" \/>\n<meta property=\"og:title\" content=\"SHA\u201dTRADITA\u201d p\u00ebrfaq\u00ebson shqiptar\u00ebt nga Mali i Zi n\u00eb Festivalin Folklorik Komb\u00ebtar n\u00eb Gjirokast\u00ebr - Lajme nga Ulqini\" \/>\n<meta property=\"og:description\" content=\"JP CENTAR ZA KULTURU NP QENDRA E KULTUR\u00cbS Br.\/Nr.47 Ulcinj-Ulqin 18.3.2015 \u00a0 Njoftim p\u00ebr media \u00a0 Nga ana e Ministris\u00eb s\u00eb Kultur\u00ebs s\u00eb Shqip\u00ebris\u00eb,\" \/>\n<meta property=\"og:url\" content=\"https:\/\/www.visit-ulcinj.com\/blog\/2015\/03\/19\/shatradita-perfaqeson-shqiptaret-nga-mali-zi-ne-festivalin-folklorik-kombetar-ne-gjirokaster\/\" \/>\n<meta property=\"og:site_name\" content=\"Lajme nga Ulqini\" \/>\n<meta property=\"article:published_time\" content=\"2015-03-19T10:14:42+00:00\" \/>\n<meta property=\"article:modified_time\" content=\"2015-03-20T14:39:31+00:00\" \/>\n<meta property=\"og:image\" content=\"http:\/\/www.visit-ulcinj.com\/blog\/wp-content\/uploads\/2015\/03\/SHA-TRADITA-ANA-MALIT.jpg\" \/>\n<meta name=\"twitter:label1\" content=\"Written by\" \/>\n\t<meta name=\"twitter:data1\" content=\"ulqini\" \/>\n\t<meta name=\"twitter:label2\" content=\"Est. reading time\" \/>\n\t<meta name=\"twitter:data2\" content=\"1 minute\" \/>\n<script type=\"application\/ld+json\" class=\"yoast-schema-graph\">{\"@context\":\"https:\/\/schema.org\",\"@graph\":[{\"@type\":\"WebSite\",\"@id\":\"https:\/\/www.visit-ulcinj.com\/blog\/#website\",\"url\":\"https:\/\/www.visit-ulcinj.com\/blog\/\",\"name\":\"Lajme nga Ulqini\",\"description\":\"Lajme,Vijesti,Ulqini,Ulqin,Crna Gora,Mali i Zi\",\"potentialAction\":[{\"@type\":\"SearchAction\",\"target\":{\"@type\":\"EntryPoint\",\"urlTemplate\":\"https:\/\/www.visit-ulcinj.com\/blog\/?s={search_term_string}\"},\"query-input\":\"required name=search_term_string\"}],\"inLanguage\":\"en-US\"},{\"@type\":\"ImageObject\",\"inLanguage\":\"en-US\",\"@id\":\"https:\/\/www.visit-ulcinj.com\/blog\/2015\/03\/19\/shatradita-perfaqeson-shqiptaret-nga-mali-zi-ne-festivalin-folklorik-kombetar-ne-gjirokaster\/#primaryimage\",\"url\":\"https:\/\/www.visit-ulcinj.com\/blog\/wp-content\/uploads\/2015\/03\/SHA-TRADITA-ANA-MALIT.jpg\",\"contentUrl\":\"https:\/\/www.visit-ulcinj.com\/blog\/wp-content\/uploads\/2015\/03\/SHA-TRADITA-ANA-MALIT.jpg\",\"width\":960,\"height\":639},{\"@type\":\"WebPage\",\"@id\":\"https:\/\/www.visit-ulcinj.com\/blog\/2015\/03\/19\/shatradita-perfaqeson-shqiptaret-nga-mali-zi-ne-festivalin-folklorik-kombetar-ne-gjirokaster\/#webpage\",\"url\":\"https:\/\/www.visit-ulcinj.com\/blog\/2015\/03\/19\/shatradita-perfaqeson-shqiptaret-nga-mali-zi-ne-festivalin-folklorik-kombetar-ne-gjirokaster\/\",\"name\":\"SHA\u201dTRADITA\u201d p\u00ebrfaq\u00ebson shqiptar\u00ebt nga Mali i Zi n\u00eb Festivalin Folklorik Komb\u00ebtar n\u00eb Gjirokast\u00ebr - Lajme nga Ulqini\",\"isPartOf\":{\"@id\":\"https:\/\/www.visit-ulcinj.com\/blog\/#website\"},\"primaryImageOfPage\":{\"@id\":\"https:\/\/www.visit-ulcinj.com\/blog\/2015\/03\/19\/shatradita-perfaqeson-shqiptaret-nga-mali-zi-ne-festivalin-folklorik-kombetar-ne-gjirokaster\/#primaryimage\"},\"datePublished\":\"2015-03-19T10:14:42+00:00\",\"dateModified\":\"2015-03-20T14:39:31+00:00\",\"author\":{\"@id\":\"https:\/\/www.visit-ulcinj.com\/blog\/#\/schema\/person\/dcab619c614d3038751c63bc2aadc06d\"},\"description\":\"JP CENTAR ZA KULTURU NP QENDRA E KULTUR\u00cbS Br.\/Nr.47 Ulcinj-Ulqin 18.3.2015 \u00a0 Njoftim p\u00ebr media \u00a0 Nga ana e Ministris\u00eb s\u00eb Kultur\u00ebs s\u00eb Shqip\u00ebris\u00eb,\",\"breadcrumb\":{\"@id\":\"https:\/\/www.visit-ulcinj.com\/blog\/2015\/03\/19\/shatradita-perfaqeson-shqiptaret-nga-mali-zi-ne-festivalin-folklorik-kombetar-ne-gjirokaster\/#breadcrumb\"},\"inLanguage\":\"en-US\",\"potentialAction\":[{\"@type\":\"ReadAction\",\"target\":[\"https:\/\/www.visit-ulcinj.com\/blog\/2015\/03\/19\/shatradita-perfaqeson-shqiptaret-nga-mali-zi-ne-festivalin-folklorik-kombetar-ne-gjirokaster\/\"]}]},{\"@type\":\"BreadcrumbList\",\"@id\":\"https:\/\/www.visit-ulcinj.com\/blog\/2015\/03\/19\/shatradita-perfaqeson-shqiptaret-nga-mali-zi-ne-festivalin-folklorik-kombetar-ne-gjirokaster\/#breadcrumb\",\"itemListElement\":[{\"@type\":\"ListItem\",\"position\":1,\"name\":\"SHA\u201dTRADITA\u201d p\u00ebrfaq\u00ebson shqiptar\u00ebt nga Mali i Zi n\u00eb Festivalin Folklorik Komb\u00ebtar n\u00eb Gjirokast\u00ebr\"}]},{\"@type\":\"Person\",\"@id\":\"https:\/\/www.visit-ulcinj.com\/blog\/#\/schema\/person\/dcab619c614d3038751c63bc2aadc06d\",\"name\":\"ulqini\",\"sameAs\":[\"http:\/\/www.visit-ulcinj.com\"],\"url\":\"https:\/\/www.visit-ulcinj.com\/blog\/author\/admin\/\"}]}<\/script>\n<!-- \/ Yoast SEO plugin. -->","yoast_head_json":{"title":"SHA\u201dTRADITA\u201d p\u00ebrfaq\u00ebson shqiptar\u00ebt nga Mali i Zi n\u00eb Festivalin Folklorik Komb\u00ebtar n\u00eb Gjirokast\u00ebr - Lajme nga Ulqini","description":"JP CENTAR ZA KULTURU NP QENDRA E KULTUR\u00cbS Br.\/Nr.47 Ulcinj-Ulqin 18.3.2015 \u00a0 Njoftim p\u00ebr media \u00a0 Nga ana e Ministris\u00eb s\u00eb Kultur\u00ebs s\u00eb Shqip\u00ebris\u00eb,","robots":{"index":"index","follow":"follow","max-snippet":"max-snippet:-1","max-image-preview":"max-image-preview:large","max-video-preview":"max-video-preview:-1"},"canonical":"https:\/\/www.visit-ulcinj.com\/blog\/2015\/03\/19\/shatradita-perfaqeson-shqiptaret-nga-mali-zi-ne-festivalin-folklorik-kombetar-ne-gjirokaster\/","og_locale":"en_US","og_type":"article","og_title":"SHA\u201dTRADITA\u201d p\u00ebrfaq\u00ebson shqiptar\u00ebt nga Mali i Zi n\u00eb Festivalin Folklorik Komb\u00ebtar n\u00eb Gjirokast\u00ebr - Lajme nga Ulqini","og_description":"JP CENTAR ZA KULTURU NP QENDRA E KULTUR\u00cbS Br.\/Nr.47 Ulcinj-Ulqin 18.3.2015 \u00a0 Njoftim p\u00ebr media \u00a0 Nga ana e Ministris\u00eb s\u00eb Kultur\u00ebs s\u00eb Shqip\u00ebris\u00eb,","og_url":"https:\/\/www.visit-ulcinj.com\/blog\/2015\/03\/19\/shatradita-perfaqeson-shqiptaret-nga-mali-zi-ne-festivalin-folklorik-kombetar-ne-gjirokaster\/","og_site_name":"Lajme nga Ulqini","article_published_time":"2015-03-19T10:14:42+00:00","article_modified_time":"2015-03-20T14:39:31+00:00","og_image":[{"url":"http:\/\/www.visit-ulcinj.com\/blog\/wp-content\/uploads\/2015\/03\/SHA-TRADITA-ANA-MALIT.jpg"}],"twitter_misc":{"Written by":"ulqini","Est. reading time":"1 minute"},"schema":{"@context":"https:\/\/schema.org","@graph":[{"@type":"WebSite","@id":"https:\/\/www.visit-ulcinj.com\/blog\/#website","url":"https:\/\/www.visit-ulcinj.com\/blog\/","name":"Lajme nga Ulqini","description":"Lajme,Vijesti,Ulqini,Ulqin,Crna Gora,Mali i Zi","potentialAction":[{"@type":"SearchAction","target":{"@type":"EntryPoint","urlTemplate":"https:\/\/www.visit-ulcinj.com\/blog\/?s={search_term_string}"},"query-input":"required name=search_term_string"}],"inLanguage":"en-US"},{"@type":"ImageObject","inLanguage":"en-US","@id":"https:\/\/www.visit-ulcinj.com\/blog\/2015\/03\/19\/shatradita-perfaqeson-shqiptaret-nga-mali-zi-ne-festivalin-folklorik-kombetar-ne-gjirokaster\/#primaryimage","url":"https:\/\/www.visit-ulcinj.com\/blog\/wp-content\/uploads\/2015\/03\/SHA-TRADITA-ANA-MALIT.jpg","contentUrl":"https:\/\/www.visit-ulcinj.com\/blog\/wp-content\/uploads\/2015\/03\/SHA-TRADITA-ANA-MALIT.jpg","width":960,"height":639},{"@type":"WebPage","@id":"https:\/\/www.visit-ulcinj.com\/blog\/2015\/03\/19\/shatradita-perfaqeson-shqiptaret-nga-mali-zi-ne-festivalin-folklorik-kombetar-ne-gjirokaster\/#webpage","url":"https:\/\/www.visit-ulcinj.com\/blog\/2015\/03\/19\/shatradita-perfaqeson-shqiptaret-nga-mali-zi-ne-festivalin-folklorik-kombetar-ne-gjirokaster\/","name":"SHA\u201dTRADITA\u201d p\u00ebrfaq\u00ebson shqiptar\u00ebt nga Mali i Zi n\u00eb Festivalin Folklorik Komb\u00ebtar n\u00eb Gjirokast\u00ebr - Lajme nga Ulqini","isPartOf":{"@id":"https:\/\/www.visit-ulcinj.com\/blog\/#website"},"primaryImageOfPage":{"@id":"https:\/\/www.visit-ulcinj.com\/blog\/2015\/03\/19\/shatradita-perfaqeson-shqiptaret-nga-mali-zi-ne-festivalin-folklorik-kombetar-ne-gjirokaster\/#primaryimage"},"datePublished":"2015-03-19T10:14:42+00:00","dateModified":"2015-03-20T14:39:31+00:00","author":{"@id":"https:\/\/www.visit-ulcinj.com\/blog\/#\/schema\/person\/dcab619c614d3038751c63bc2aadc06d"},"description":"JP CENTAR ZA KULTURU NP QENDRA E KULTUR\u00cbS Br.\/Nr.47 Ulcinj-Ulqin 18.3.2015 \u00a0 Njoftim p\u00ebr media \u00a0 Nga ana e Ministris\u00eb s\u00eb Kultur\u00ebs s\u00eb Shqip\u00ebris\u00eb,","breadcrumb":{"@id":"https:\/\/www.visit-ulcinj.com\/blog\/2015\/03\/19\/shatradita-perfaqeson-shqiptaret-nga-mali-zi-ne-festivalin-folklorik-kombetar-ne-gjirokaster\/#breadcrumb"},"inLanguage":"en-US","potentialAction":[{"@type":"ReadAction","target":["https:\/\/www.visit-ulcinj.com\/blog\/2015\/03\/19\/shatradita-perfaqeson-shqiptaret-nga-mali-zi-ne-festivalin-folklorik-kombetar-ne-gjirokaster\/"]}]},{"@type":"BreadcrumbList","@id":"https:\/\/www.visit-ulcinj.com\/blog\/2015\/03\/19\/shatradita-perfaqeson-shqiptaret-nga-mali-zi-ne-festivalin-folklorik-kombetar-ne-gjirokaster\/#breadcrumb","itemListElement":[{"@type":"ListItem","position":1,"name":"SHA\u201dTRADITA\u201d p\u00ebrfaq\u00ebson shqiptar\u00ebt nga Mali i Zi n\u00eb Festivalin Folklorik Komb\u00ebtar n\u00eb Gjirokast\u00ebr"}]},{"@type":"Person","@id":"https:\/\/www.visit-ulcinj.com\/blog\/#\/schema\/person\/dcab619c614d3038751c63bc2aadc06d","name":"ulqini","sameAs":["http:\/\/www.visit-ulcinj.com"],"url":"https:\/\/www.visit-ulcinj.com\/blog\/author\/admin\/"}]}},"jetpack_featured_media_url":"","jetpack_sharing_enabled":true,"jetpack_shortlink":"https:\/\/wp.me\/pe6lTn-ngZ","_links":{"self":[{"href":"https:\/\/www.visit-ulcinj.com\/blog\/wp-json\/wp\/v2\/posts\/89465"}],"collection":[{"href":"https:\/\/www.visit-ulcinj.com\/blog\/wp-json\/wp\/v2\/posts"}],"about":[{"href":"https:\/\/www.visit-ulcinj.com\/blog\/wp-json\/wp\/v2\/types\/post"}],"author":[{"embeddable":true,"href":"https:\/\/www.visit-ulcinj.com\/blog\/wp-json\/wp\/v2\/users\/1"}],"replies":[{"embeddable":true,"href":"https:\/\/www.visit-ulcinj.com\/blog\/wp-json\/wp\/v2\/comments?post=89465"}],"version-history":[{"count":1,"href":"https:\/\/www.visit-ulcinj.com\/blog\/wp-json\/wp\/v2\/posts\/89465\/revisions"}],"predecessor-version":[{"id":89467,"href":"https:\/\/www.visit-ulcinj.com\/blog\/wp-json\/wp\/v2\/posts\/89465\/revisions\/89467"}],"wp:attachment":[{"href":"https:\/\/www.visit-ulcinj.com\/blog\/wp-json\/wp\/v2\/media?parent=89465"}],"wp:term":[{"taxonomy":"category","embeddable":true,"href":"https:\/\/www.visit-ulcinj.com\/blog\/wp-json\/wp\/v2\/categories?post=89465"},{"taxonomy":"post_tag","embeddable":true,"href":"https:\/\/www.visit-ulcinj.com\/blog\/wp-json\/wp\/v2\/tags?post=89465"}],"curies":[{"name":"wp","href":"https:\/\/api.w.org\/{rel}","templated":true}]}}