{"id":89473,"date":"2015-03-19T21:42:13","date_gmt":"2015-03-19T20:42:13","guid":{"rendered":"http:\/\/www.visit-ulcinj.com\/blog\/?p=89473"},"modified":"2015-03-19T21:42:13","modified_gmt":"2015-03-19T20:42:13","slug":"gjonaj-70-vjetori-pushkatimit-te-preke-calit","status":"publish","type":"post","link":"https:\/\/www.visit-ulcinj.com\/blog\/2015\/03\/19\/gjonaj-70-vjetori-pushkatimit-te-preke-calit\/","title":{"rendered":"Gjonaj: 70-vjetori i pushkatimit t\u00eb Prek\u00eb Calit"},"content":{"rendered":"<p><strong><a href=\"http:\/\/www.visit-ulcinj.com\/blog\/wp-content\/uploads\/2015\/03\/Prek-Cali.jpg\"><img loading=\"lazy\" class=\"alignleft wp-image-89474 size-full\" src=\"http:\/\/www.visit-ulcinj.com\/blog\/wp-content\/uploads\/2015\/03\/Prek-Cali.jpg\" alt=\"Prek-Cali\" width=\"324\" height=\"434\" \/><\/a>Luft\u00ebtar i pakompromis p\u00ebr t\u00ebr\u00ebsin\u00eb e tokave shqiptare<\/strong><\/p>\n<p><strong>Gjek\u00eb Gjonaj<\/strong><\/p>\n<p>Dit\u00ebn e m\u00ebrkur\u00eb , m\u00eb 25 mars b\u00ebhen 70 vjet nga pushkatimi i legjend\u00ebs s\u00eb Kelmendit dhe nj\u00ebrit nga figurat\u00a0\u00a0 burr\u00ebrore n\u00eb historin\u00eb e Shqip\u00ebris\u00eb Prek\u00eb Calit . Ky burr\u00eb i spikatur i Mal\u00ebsis\u00eb s\u00eb Madhe dhe luft\u00ebtar i pa shkoll\u00eb, por trim si zana dallohej nga moshatar\u00ebt e koh\u00ebs me nj\u00eb fizik tipik t\u00eb rac\u00ebs shqiptare &#8211; mal\u00ebsore dhe me q\u00ebndrimin e vendosur dhe t\u00eb paluhatsh\u00ebm p\u00ebr t\u2018u p\u00ebrballuar me \u00e7do armik n\u00eb dobi t\u00eb sigurimit t\u00eb t\u00ebr\u00ebsis\u00eb komb\u00ebtare tok\u00ebsore t\u00eb popullit t\u00eb vet. Ai hyrin\u00eb jet\u00ebn politike t\u00eb Shqip\u00ebris\u00eb si jerii thjesht\u00eb, mir\u00ebpo fal\u00eb aft\u00ebsive t\u00eb tij psiko-fizike dhe dashur\u00ebs s\u00eb flakt\u00eb nda atdheut n\u00ebmosh\u00eb t\u00eb re u vu n\u00eb sh\u00ebrbim t\u00eb mbrojtjes s\u00eb kufijvje t\u00eb Shqip\u00ebris\u00eb, ve\u00e7mas t\u00eb beshk\u00ebve t\u00eb Vermoshit, t\u00eb cilat her\u00eb pas here c\u00ebnoheshin n\u00eb pretendimet serbo-malazeze. Si p\u00ebfaq\u00ebsues i shqiptar\u00ebve n\u00eb Komisionin e kufijve nuk lejoi q\u00eb Vermoshi t\u2019i jepet Malit t\u00eb Zi , si\u00e7 ishte projektuar n\u00eb kanceelarit\u00eb e Evrop\u00ebs. Ky prij\u00ebs popullor me tipare t\u00eb ve\u00e7ante burr\u00ebrore, karakteristik\u00eb kjo e mal\u00ebsor\u00ebve t\u00eb mal\u00ebsive tona, e ka shkrir\u00eb jet\u00ebn dhe aktivitetin e tij n\u00eb luft\u00ebn dhe p\u00ebrpjekjet titanike t\u00eb popullit shqiptar p\u00ebr liri e pavar\u00ebsi. P\u00ebrher\u00eb u gjend n\u00eb ball\u00eb t\u00eb veprimeve atdhetare q\u00eb u nd\u00ebrmor\u00ebn n\u00eb thell\u00ebsit\u00eb e maleve t\u00eb Mal\u00ebsis\u00eb s\u00eb Madhe midis dy luft\u00ebrave bot\u00ebrore. Si luft\u00ebtar i pakompromis p\u00ebr t\u00ebr\u00ebsin\u00eb e tokave shqiptare \u00ebsht\u00eb sh\u00ebmb\u00eblltyr\u00eb me t\u00eb cil\u00ebn krenohet Kelmendi, Mal\u00ebsia e Madhe, Shkodra e qytetet tjera t\u00eb Shqip\u00ebris\u00eb e m\u00eb gjer\u00eb. Dashuria ndaj atdheut, besnik\u00ebria, sinqeriteti, drejt\u00ebsia, ndershm\u00ebria, trim\u00ebria, guximi, zgjuar\u00ebsia, mikpritja, modestia, humanizmi dhe toleranca ia rrit\u00ebn pesh\u00ebn k\u00ebtij vigani t\u00eb Mal\u00ebsis\u00eb s\u00eb Madhe. K\u00ebto cil\u00ebsi humane e komb\u00ebtare e b\u00ebn\u00eb q\u00eb masat popullore ta pranonin Prek\u00eb Calin si prij\u00ebs t\u00eb tyre n\u00eb luft\u00eb kund\u00ebr \u00e7do armiku t\u00eb koh\u00ebs, kund\u00ebr pretendimeve territoriale t\u00eb shteteve fqinje dhe kund\u00ebr komunizmit. Ky prij\u00ebs popullor, njeri i pushk\u00ebs dhe i fjal\u00ebs u b\u00eb i njohur n\u00eb popull q\u00eb n\u00eb Kryengritjen e Mal\u00ebsis\u00eb s\u00eb Madhe t\u00eb vitit 1911, sepse e deshti tok\u00ebn amtare deri n\u00eb vet\u00ebmohim. U \u00e7elikos n\u00eb zjarrin e kryengritjeve shqiptare t\u00eb parreshtura t\u00eb popullit shqiptar, q\u00eb synonin mbrojtjen me gjak t\u00eb tokave t\u00eb tija t\u00eb shenjta, t\u00eb cilat rrezikoheshin nga vendimet armiq\u00ebsore t\u00eb Kongresit t\u00eb Berlinit, ku mor\u00ebn pjes\u00eb gjasht\u00eb fuqit\u00eb e m\u00ebdha: Anglia, Austro-Hungaria, Franca, Rusia, Italia dhe Gjermania n\u00eb favor t\u00eb Malit t\u00eb Zi dhe Serbis\u00eb. Preka duke u rreshtuar qysh n\u00eb mosh\u00eb t\u00eb re n\u00eb radh\u00ebn e patriot\u00ebve shqiptar\u00eb p\u00ebr liri, luftoi me gjith\u00eb fuqin\u00eb q\u00eb Kelmendit t\u00eb mos i shk\u00ebputej asnj\u00eb p\u00ebll\u00ebmb\u00eb tok\u00eb dhe p\u00ebr formmin e nj\u00eb shteti shqiptar me nj\u00eb qend\u00ebr t\u00eb vetme. P\u00ebr k\u00ebto ideale t\u00eb larta komb\u00ebtare, ky bir i Kelmendit, Mal\u00ebsis\u00eb s\u00eb Madhe dhe gjith\u00eb Shqip\u00ebris\u00eb nuk kurseu asgj\u00eb. Ai n\u00eb k\u00ebto luft\u00ebra u shqua jo vet\u00ebm si organizator i masave popullore, por edhe si strateg ushtarak popullor n\u00eb drejtimin e veprimeve luftarake. U b\u00ebri sfid\u00eb gjit\u00eb ofertave, q\u00eb i b\u00ebn\u00eb armiqt\u00eb p\u00ebr ta graduar e korruptuar, dhe eci me guxim n\u00eb rrug\u00ebn e kryengrit\u00ebsve e patriot\u00ebve shqiptar\u00eb, t\u00eb cil\u00ebt e \u00ebnd\u00ebrronin Shqip\u00ebrin\u00eb demokratike. Ajo q\u00eb bie n\u00eb sy gjat\u00eb gjith\u00eb veprimtaris\u00eb s\u00eb Prek\u00eb Calit, pavar\u00ebsisht p\u00ebrpjekjeve t\u00eb vazhdueshme t\u00eb regjimit komunist shqiptar dhe p\u00ebrkrah\u00ebsve t\u00eb tij t\u00eb flakt\u00eb p\u00ebr ta denigruar k\u00ebt\u00eb figur\u00eb madhore t\u00eb kombit ton\u00eb, ai dha kontributin e tij t\u00eb drejtp\u00ebrdrejt\u00eb p\u00ebr formimin e shtetit shqiptar komb\u00ebtar, ruajtjes s\u00eb t\u00ebr\u00ebsis\u00eb tok\u00ebsore t\u00eb tij, \u00e7lirimit t\u00eb trojeve shqiptare dhe bashkimit t\u00eb tyre n\u00eb shtetin am\u00eb. T\u00eb dh\u00ebnat shkrimore t\u00eb koh\u00ebs, burimet reale shkencore e letrare, ashtu edhe kujtesa dhe krijimtaria e pasur popullore d\u00ebshmojn\u00eb se Prek\u00eb Cali ishte nj\u00eb mal\u00ebsor i rrall\u00eb kelmendas n\u00eb \u00e7do pik\u00ebpamje, nj\u00eb personalitet historik q\u00eb punoi vet\u00ebm p\u00ebr t\u00eb mir\u00ebn e atdheut e t\u00eb njeriut n\u00eb p\u00ebrgjith\u00ebsi, t\u00eb cilin e stolisin tiparet m\u00eb t\u00eb larta njer\u00ebzore, fal\u00eb t\u00eb cilave ai ishte dhe mbeti nj\u00eb figur\u00eb q\u00eb dep\u00ebrtoi thell\u00eb n\u00eb zemrat e njer\u00ebzve. Bazuar nga k\u00ebto dokumenta q\u00eb poseduam p\u00ebr t\u00eb ndri\u00e7uar fugur\u00ebn e\u00a0\u00a0 Prek\u00eb Calit mund t\u00eb konkludojm\u00eb se ai n\u00eb t\u00eb gjith\u00eb rrethanat, ngjarjet dhe situatat kryesore t\u00eb historis\u00eb s\u00eb Mal\u00ebsis\u00eb s\u00eb Madhe miidis dy luft\u00ebrave bot\u00ebrore, p\u00ebrher\u00eb u gjend n\u00eb ball\u00eb t\u00eb veprimeve atdhetare, gj\u00eb q\u00eb n\u00eb vep\u00ebr d\u00ebshmon p\u00ebr ndjenj\u00ebn e tij t\u00eb past\u00ebr t\u00eb atdhedashuris\u00eb dhe komb\u00ebtaris\u00eb.<\/p>\n<p>Me vepr\u00ebn e tij n\u00eb n\u00eb mbrojtjen e kufirit e kufijve t\u00eb Vermoshit, si pjes\u00ebtar i pal\u00ebs shqiptare n\u00eb Komisionin Nd\u00ebrkomb\u00ebtar p\u00ebr caktimin e kufitrit verior t\u00eb Shqip\u00ebris\u00eb, me rezistenc\u00ebn heroike q\u00eb u b\u00ebri sunduesve t\u00eb huaj dhe komunist\u00ebve shqiptar\u00eb partizan\u00eb, e nderoi sh\u00ebmb\u00eblltyr\u00ebn e tij, sikund\u00ebr dhe Kelmendin.<\/p>\n<p>Gjat\u00eb Luft\u00ebs s\u00eb Dyt\u00eb Bot\u00ebrore, ky prij\u00ebs kreshnik i mal\u00ebsor\u00ebve, udh\u00ebheq\u00ebsi i par\u00eb i Kryengritjes antikomuniste, n\u00eb gjith\u00eb Europ\u00ebn Lindore n\u00eb bashk\u00ebpunim me patriot\u00ebt m\u00eb t\u00eb shquar t\u00eb kombit shqiptar vihet p\u00ebrball\u00eb forcave t\u00eb shumta q\u00eb ksihin p\u00ebr q\u00ebllim zaptimin e Shqip\u00ebris\u00eb. Po aq sa ishte kund\u00ebr lakmive serbo-malazeze, po me aq indinjat\u00eb e p\u00ebrbuzje ishte kund\u00ebr pushtimit fashist e sidomos kund\u00ebr \u00e7komb\u00ebtarizimit e perversitetit komunist. Pra ishte tri her\u00eb kund\u00ebr, sepse e donte Shqip\u00ebrin\u00eb m\u00eb shum\u00eb se vetveten. P\u00ebr t\u00eb ishte i gatsh\u00ebm t\u00eb flijoj\u00eb edhe gjen\u00eb m\u00eb t\u00eb shtrenjt\u00eb-jet\u00ebn. Nuk luftoi kund\u00ebr serb\u00ebve e malazez\u00ebve p\u00ebr t\u00eb shtyr\u00eb kufijt\u00eb, as p\u00ebr t\u00eb grabitur gjan\u00eb e mallin e tyre, por p\u00ebr t\u00eb mbrojtur tokat e t\u00eb par\u00ebve, nderin , fen\u00eb e shenjt\u00eb, doket e zakonet. Nuk luftoi as p\u00ebr pozita, grada, tituj e dekorata, por p\u00ebr t\u00eb mir\u00ebn e vendit, t\u00eb popullit dhe fisit. Ai pati bindjen se \u00e7do pushtim e regjim totalitar nuk \u00ebsht\u00eb i p\u00ebrjetsh\u00ebm.<\/p>\n<p>Si i till\u00eb Prek\u00eb Cali ka hyr\u00eb n\u00eb thesarin e \u00e7muesh\u00ebm dhe t\u00eb pasur t\u00eb krijimtaris\u00eb son\u00eb popullore, por edhe t\u00eb krijuesve letrar\u00eb, t\u00eb cil\u00ebt i kan\u00eb thur\u00eb shum\u00eb k\u00ebng\u00eb, q\u00eb p\u00ebr mendimin ton\u00eb kan\u00eb vlera t\u00eb m\u00ebdha jo vet\u00ebm artistike, pasi p\u00ebrmes k\u00ebsaj krijimtarie shpir\u00ebtrore t\u00eb poullit t\u00eb vet, vepra e Prek\u00eb Calit mbetet p\u00ebrher\u00eb e pavdekshme.<\/p>\n<p>P\u00ebr k\u00ebt\u00eb burr\u00eb t\u00eb ndritur e kund\u00ebrshtar guximtar deri n\u00eb vdekje t\u00eb komunizmit, regjimi diktatorial n\u00eb Shqip\u00ebri grumbulloi me koh\u00eb gjith\u00eb zem\u00ebrimin dhe urrejtjen p\u00ebr t\u00eb , ndaj e tradh\u00ebtoi n\u00eb bes\u00eb t\u00eb shqiptarit dhe e pushkatoi. Emri i tij, sikur shum\u00eb fytyra tona t\u00eb r\u00ebnd\u00ebsishme historike, gjat\u00eb sundimit pes\u00ebdhjet\u00ebvje\u00e7ar komunist, ishte i anatemuar dhe nuk lejohej t\u00eb flitej p\u00ebr p\u00ebr t\u00eb, kjo dikttur\u00eb e futi at\u00eb n\u00eb list\u00ebn e \u201c kriminel\u00ebve\u201d e \u201ctradhtar\u00ebve\u201d. Komunist\u00ebt shiptar aq e urrenin k\u00ebt\u00eb koklos saq\u00eb edhe, jo vet\u00ebm se ia humb\u00ebn eshtrat, t\u00eb cil\u00ebt kush e di se ku i ka bart\u00eb uji i rr\u00ebmbyesh\u00ebm i Kirit, u p\u00ebrpoq\u00ebn ta p\u00ebrulin e baltosin figur\u00ebn e tij, t\u00eb cil\u00ebn kujtesa komb\u00ebtare nuk e shlyen kurr\u00eb p\u00ebr t\u00eb mir\u00eb nga mendja. Ata bashk\u00eb me eshtrat e tij u munduan t\u00eb shlyejn\u00eb edhe \u00e7do gjurm\u00eb tjet\u00ebr, q\u00eb ka t\u00eb b\u00ebj\u00eb me jet\u00ebn dhe veprimtarin\u00eb e tij, sikurse edhe pas vdekjes i konfiskuan t\u00eb gjith\u00eb pasurin\u00eb e paluajtshme, e cila nuk ishte e vog\u00ebl, pra edhe Kull\u00ebn n\u00eb Vermosh,t\u00eb cil\u00ebn e p\u00ebrdor\u00ebn p\u00ebr nevoja ushtarake deri n\u00eb vitin 2002.<\/p>\n<p>N\u00eb nderim dhe p\u00ebrkushtim t\u00eb ve\u00e7ant\u00eb p\u00ebr vepr\u00ebn madhore t\u00eb k\u00ebtij trimi legjendar t\u00eb cilin komunist\u00ebt shqiptar\u00eb e tradh\u00ebtuan n\u00eb bes\u00eb t\u00eb shqiptarit, e p\u00ebrbuz\u00ebn, e etiketuan me t\u00eb pav\u00ebrteta, e njiollos\u00ebn, e d\u00ebnuan pa faj dhe s\u00eb fundi e pushkatuan m\u00eb 25 mars 1945 n\u00eb Shkod\u00ebr, presidenti i Shqip\u00ebris\u00eb, z. Sali Berisha, e dekoroi me medaljen \u201c Martir i Demokracis\u00eb\u201d. K\u00ebshtu Qeveria demokratike n\u00eb Shqip\u00ebri e ngriti n\u00eb piedestal k\u00ebt\u00eb figur\u00eb t\u00eb shquar t\u00eb Kelmendit dhe popullit shqiptar, eshtrat e t\u00eb cilit p\u00ebr fat t\u00eb keq ende nuk dihen se ku gjinden. Pavar\u00ebshit nga ky nderim q\u00eb sistemi i ri politik n\u00eb Shqip\u00ebri ka b\u00ebr\u00eb vepr\u00ebs s\u00eb Prek\u00eb Calit, politikan\u00ebt dhe historian\u00ebt shqiptar\u00eb nuk e kan\u00eb shlyer borxhin ndaj k\u00ebtij atdhetari t\u00eb njohur, luft\u00ebtari t\u00eb shquar t\u00eb Mal\u00ebsis\u00eb s\u00eb Madhe martire, mbrojt\u00ebsi t\u00eb kufijve shqiptar\u00eb, demokrati, antikomunisti dhe pishtari t\u00eb demokracis\u00eb shqiptare. Nga politikan\u00ebt pritet n\u00eb radh\u00eb t\u00eb par\u00eb veendimi i meritur dhe i shum\u00ebpritur p\u00ebr k\u00ebrkimin e eshtrave t\u00eb tij dhe martir\u00ebve t\u00eb tjer\u00eb t\u00eb pushkatuar padrejt\u00ebsisht nga regjimi komunist n\u00eb Shqip\u00ebri, pastaj restaurimi i Kull\u00ebs s\u00eb Prek\u00eb Calit n\u00eb Vermosh dhe shnd\u00ebrrimi i saj n\u00eb nj\u00eb sht\u00ebpi muze. Nd\u00ebrkaq historian\u00ebve u mbetet obligim komb\u00ebtar q\u00eb t\u00eb hulumtojn\u00eb m\u00eb shum\u00eb n\u00eb k\u00ebkim t\u00eb vetvet\u00ebs, p\u00ebr t\u00ebd\u00ebshmuar rolin e madh t\u00eb veprimtaris\u00eb patriotike t\u00eb k\u00ebtij nacionalisti pro per\u00ebndimor.dhe jo vet\u00ebm atij.<\/p>\n<p>&nbsp;<\/p>\n","protected":false},"excerpt":{"rendered":"<p>Luft\u00ebtar i pakompromis p\u00ebr t\u00ebr\u00ebsin\u00eb e tokave shqiptare Gjek\u00eb Gjonaj Dit\u00ebn e m\u00ebrkur\u00eb , m\u00eb 25 mars b\u00ebhen 70 vjet nga pushkatimi i legjend\u00ebs s\u00eb Kelmendit dhe nj\u00ebrit nga figurat\u00a0\u00a0 burr\u00ebrore n\u00eb historin\u00eb e Shqip\u00ebris\u00eb Prek\u00eb Calit . Ky burr\u00eb i spikatur i Mal\u00ebsis\u00eb s\u00eb Madhe dhe luft\u00ebtar i pa shkoll\u00eb, por trim si zana [&hellip;]<\/p>\n","protected":false},"author":1,"featured_media":0,"comment_status":"closed","ping_status":"closed","sticky":false,"template":"","format":"standard","meta":{"spay_email":"","jetpack_publicize_message":"","jetpack_is_tweetstorm":false,"jetpack_publicize_feature_enabled":true},"categories":[14249],"tags":[],"jetpack_publicize_connections":[],"yoast_head":"<!-- This site is optimized with the Yoast SEO plugin v19.1 - https:\/\/yoast.com\/wordpress\/plugins\/seo\/ -->\n<title>Gjonaj: 70-vjetori i pushkatimit t\u00eb Prek\u00eb Calit - Lajme nga Ulqini<\/title>\n<meta name=\"description\" content=\"Luft\u00ebtar i pakompromis p\u00ebr t\u00ebr\u00ebsin\u00eb e tokave shqiptare Gjek\u00eb Gjonaj Dit\u00ebn e m\u00ebrkur\u00eb , m\u00eb 25 mars b\u00ebhen 70 vjet nga pushkatimi i legjend\u00ebs s\u00eb Kelmendit dhe\" \/>\n<meta name=\"robots\" content=\"index, follow, max-snippet:-1, max-image-preview:large, max-video-preview:-1\" \/>\n<link rel=\"canonical\" href=\"https:\/\/www.visit-ulcinj.com\/blog\/2015\/03\/19\/gjonaj-70-vjetori-pushkatimit-te-preke-calit\/\" \/>\n<meta property=\"og:locale\" content=\"en_US\" \/>\n<meta property=\"og:type\" content=\"article\" \/>\n<meta property=\"og:title\" content=\"Gjonaj: 70-vjetori i pushkatimit t\u00eb Prek\u00eb Calit - Lajme nga Ulqini\" \/>\n<meta property=\"og:description\" content=\"Luft\u00ebtar i pakompromis p\u00ebr t\u00ebr\u00ebsin\u00eb e tokave shqiptare Gjek\u00eb Gjonaj Dit\u00ebn e m\u00ebrkur\u00eb , m\u00eb 25 mars b\u00ebhen 70 vjet nga pushkatimi i legjend\u00ebs s\u00eb Kelmendit dhe\" \/>\n<meta property=\"og:url\" content=\"https:\/\/www.visit-ulcinj.com\/blog\/2015\/03\/19\/gjonaj-70-vjetori-pushkatimit-te-preke-calit\/\" \/>\n<meta property=\"og:site_name\" content=\"Lajme nga Ulqini\" \/>\n<meta property=\"article:published_time\" content=\"2015-03-19T20:42:13+00:00\" \/>\n<meta property=\"og:image\" content=\"http:\/\/www.visit-ulcinj.com\/blog\/wp-content\/uploads\/2015\/03\/Prek-Cali.jpg\" \/>\n<meta name=\"twitter:label1\" content=\"Written by\" \/>\n\t<meta name=\"twitter:data1\" content=\"ulqini\" \/>\n\t<meta name=\"twitter:label2\" content=\"Est. reading time\" \/>\n\t<meta name=\"twitter:data2\" content=\"8 minutes\" \/>\n<script type=\"application\/ld+json\" class=\"yoast-schema-graph\">{\"@context\":\"https:\/\/schema.org\",\"@graph\":[{\"@type\":\"WebSite\",\"@id\":\"https:\/\/www.visit-ulcinj.com\/blog\/#website\",\"url\":\"https:\/\/www.visit-ulcinj.com\/blog\/\",\"name\":\"Lajme nga Ulqini\",\"description\":\"Lajme,Vijesti,Ulqini,Ulqin,Crna Gora,Mali i Zi\",\"potentialAction\":[{\"@type\":\"SearchAction\",\"target\":{\"@type\":\"EntryPoint\",\"urlTemplate\":\"https:\/\/www.visit-ulcinj.com\/blog\/?s={search_term_string}\"},\"query-input\":\"required name=search_term_string\"}],\"inLanguage\":\"en-US\"},{\"@type\":\"ImageObject\",\"inLanguage\":\"en-US\",\"@id\":\"https:\/\/www.visit-ulcinj.com\/blog\/2015\/03\/19\/gjonaj-70-vjetori-pushkatimit-te-preke-calit\/#primaryimage\",\"url\":\"http:\/\/www.visit-ulcinj.com\/blog\/wp-content\/uploads\/2015\/03\/Prek-Cali.jpg\",\"contentUrl\":\"http:\/\/www.visit-ulcinj.com\/blog\/wp-content\/uploads\/2015\/03\/Prek-Cali.jpg\"},{\"@type\":\"WebPage\",\"@id\":\"https:\/\/www.visit-ulcinj.com\/blog\/2015\/03\/19\/gjonaj-70-vjetori-pushkatimit-te-preke-calit\/#webpage\",\"url\":\"https:\/\/www.visit-ulcinj.com\/blog\/2015\/03\/19\/gjonaj-70-vjetori-pushkatimit-te-preke-calit\/\",\"name\":\"Gjonaj: 70-vjetori i pushkatimit t\u00eb Prek\u00eb Calit - Lajme nga Ulqini\",\"isPartOf\":{\"@id\":\"https:\/\/www.visit-ulcinj.com\/blog\/#website\"},\"primaryImageOfPage\":{\"@id\":\"https:\/\/www.visit-ulcinj.com\/blog\/2015\/03\/19\/gjonaj-70-vjetori-pushkatimit-te-preke-calit\/#primaryimage\"},\"datePublished\":\"2015-03-19T20:42:13+00:00\",\"dateModified\":\"2015-03-19T20:42:13+00:00\",\"author\":{\"@id\":\"https:\/\/www.visit-ulcinj.com\/blog\/#\/schema\/person\/dcab619c614d3038751c63bc2aadc06d\"},\"description\":\"Luft\u00ebtar i pakompromis p\u00ebr t\u00ebr\u00ebsin\u00eb e tokave shqiptare Gjek\u00eb Gjonaj Dit\u00ebn e m\u00ebrkur\u00eb , m\u00eb 25 mars b\u00ebhen 70 vjet nga pushkatimi i legjend\u00ebs s\u00eb Kelmendit dhe\",\"breadcrumb\":{\"@id\":\"https:\/\/www.visit-ulcinj.com\/blog\/2015\/03\/19\/gjonaj-70-vjetori-pushkatimit-te-preke-calit\/#breadcrumb\"},\"inLanguage\":\"en-US\",\"potentialAction\":[{\"@type\":\"ReadAction\",\"target\":[\"https:\/\/www.visit-ulcinj.com\/blog\/2015\/03\/19\/gjonaj-70-vjetori-pushkatimit-te-preke-calit\/\"]}]},{\"@type\":\"BreadcrumbList\",\"@id\":\"https:\/\/www.visit-ulcinj.com\/blog\/2015\/03\/19\/gjonaj-70-vjetori-pushkatimit-te-preke-calit\/#breadcrumb\",\"itemListElement\":[{\"@type\":\"ListItem\",\"position\":1,\"name\":\"Gjonaj: 70-vjetori i pushkatimit t\u00eb Prek\u00eb Calit\"}]},{\"@type\":\"Person\",\"@id\":\"https:\/\/www.visit-ulcinj.com\/blog\/#\/schema\/person\/dcab619c614d3038751c63bc2aadc06d\",\"name\":\"ulqini\",\"sameAs\":[\"http:\/\/www.visit-ulcinj.com\"],\"url\":\"https:\/\/www.visit-ulcinj.com\/blog\/author\/admin\/\"}]}<\/script>\n<!-- \/ Yoast SEO plugin. -->","yoast_head_json":{"title":"Gjonaj: 70-vjetori i pushkatimit t\u00eb Prek\u00eb Calit - Lajme nga Ulqini","description":"Luft\u00ebtar i pakompromis p\u00ebr t\u00ebr\u00ebsin\u00eb e tokave shqiptare Gjek\u00eb Gjonaj Dit\u00ebn e m\u00ebrkur\u00eb , m\u00eb 25 mars b\u00ebhen 70 vjet nga pushkatimi i legjend\u00ebs s\u00eb Kelmendit dhe","robots":{"index":"index","follow":"follow","max-snippet":"max-snippet:-1","max-image-preview":"max-image-preview:large","max-video-preview":"max-video-preview:-1"},"canonical":"https:\/\/www.visit-ulcinj.com\/blog\/2015\/03\/19\/gjonaj-70-vjetori-pushkatimit-te-preke-calit\/","og_locale":"en_US","og_type":"article","og_title":"Gjonaj: 70-vjetori i pushkatimit t\u00eb Prek\u00eb Calit - Lajme nga Ulqini","og_description":"Luft\u00ebtar i pakompromis p\u00ebr t\u00ebr\u00ebsin\u00eb e tokave shqiptare Gjek\u00eb Gjonaj Dit\u00ebn e m\u00ebrkur\u00eb , m\u00eb 25 mars b\u00ebhen 70 vjet nga pushkatimi i legjend\u00ebs s\u00eb Kelmendit dhe","og_url":"https:\/\/www.visit-ulcinj.com\/blog\/2015\/03\/19\/gjonaj-70-vjetori-pushkatimit-te-preke-calit\/","og_site_name":"Lajme nga Ulqini","article_published_time":"2015-03-19T20:42:13+00:00","og_image":[{"url":"http:\/\/www.visit-ulcinj.com\/blog\/wp-content\/uploads\/2015\/03\/Prek-Cali.jpg"}],"twitter_misc":{"Written by":"ulqini","Est. reading time":"8 minutes"},"schema":{"@context":"https:\/\/schema.org","@graph":[{"@type":"WebSite","@id":"https:\/\/www.visit-ulcinj.com\/blog\/#website","url":"https:\/\/www.visit-ulcinj.com\/blog\/","name":"Lajme nga Ulqini","description":"Lajme,Vijesti,Ulqini,Ulqin,Crna Gora,Mali i Zi","potentialAction":[{"@type":"SearchAction","target":{"@type":"EntryPoint","urlTemplate":"https:\/\/www.visit-ulcinj.com\/blog\/?s={search_term_string}"},"query-input":"required name=search_term_string"}],"inLanguage":"en-US"},{"@type":"ImageObject","inLanguage":"en-US","@id":"https:\/\/www.visit-ulcinj.com\/blog\/2015\/03\/19\/gjonaj-70-vjetori-pushkatimit-te-preke-calit\/#primaryimage","url":"http:\/\/www.visit-ulcinj.com\/blog\/wp-content\/uploads\/2015\/03\/Prek-Cali.jpg","contentUrl":"http:\/\/www.visit-ulcinj.com\/blog\/wp-content\/uploads\/2015\/03\/Prek-Cali.jpg"},{"@type":"WebPage","@id":"https:\/\/www.visit-ulcinj.com\/blog\/2015\/03\/19\/gjonaj-70-vjetori-pushkatimit-te-preke-calit\/#webpage","url":"https:\/\/www.visit-ulcinj.com\/blog\/2015\/03\/19\/gjonaj-70-vjetori-pushkatimit-te-preke-calit\/","name":"Gjonaj: 70-vjetori i pushkatimit t\u00eb Prek\u00eb Calit - Lajme nga Ulqini","isPartOf":{"@id":"https:\/\/www.visit-ulcinj.com\/blog\/#website"},"primaryImageOfPage":{"@id":"https:\/\/www.visit-ulcinj.com\/blog\/2015\/03\/19\/gjonaj-70-vjetori-pushkatimit-te-preke-calit\/#primaryimage"},"datePublished":"2015-03-19T20:42:13+00:00","dateModified":"2015-03-19T20:42:13+00:00","author":{"@id":"https:\/\/www.visit-ulcinj.com\/blog\/#\/schema\/person\/dcab619c614d3038751c63bc2aadc06d"},"description":"Luft\u00ebtar i pakompromis p\u00ebr t\u00ebr\u00ebsin\u00eb e tokave shqiptare Gjek\u00eb Gjonaj Dit\u00ebn e m\u00ebrkur\u00eb , m\u00eb 25 mars b\u00ebhen 70 vjet nga pushkatimi i legjend\u00ebs s\u00eb Kelmendit dhe","breadcrumb":{"@id":"https:\/\/www.visit-ulcinj.com\/blog\/2015\/03\/19\/gjonaj-70-vjetori-pushkatimit-te-preke-calit\/#breadcrumb"},"inLanguage":"en-US","potentialAction":[{"@type":"ReadAction","target":["https:\/\/www.visit-ulcinj.com\/blog\/2015\/03\/19\/gjonaj-70-vjetori-pushkatimit-te-preke-calit\/"]}]},{"@type":"BreadcrumbList","@id":"https:\/\/www.visit-ulcinj.com\/blog\/2015\/03\/19\/gjonaj-70-vjetori-pushkatimit-te-preke-calit\/#breadcrumb","itemListElement":[{"@type":"ListItem","position":1,"name":"Gjonaj: 70-vjetori i pushkatimit t\u00eb Prek\u00eb Calit"}]},{"@type":"Person","@id":"https:\/\/www.visit-ulcinj.com\/blog\/#\/schema\/person\/dcab619c614d3038751c63bc2aadc06d","name":"ulqini","sameAs":["http:\/\/www.visit-ulcinj.com"],"url":"https:\/\/www.visit-ulcinj.com\/blog\/author\/admin\/"}]}},"jetpack_featured_media_url":"","jetpack_sharing_enabled":true,"jetpack_shortlink":"https:\/\/wp.me\/pe6lTn-nh7","_links":{"self":[{"href":"https:\/\/www.visit-ulcinj.com\/blog\/wp-json\/wp\/v2\/posts\/89473"}],"collection":[{"href":"https:\/\/www.visit-ulcinj.com\/blog\/wp-json\/wp\/v2\/posts"}],"about":[{"href":"https:\/\/www.visit-ulcinj.com\/blog\/wp-json\/wp\/v2\/types\/post"}],"author":[{"embeddable":true,"href":"https:\/\/www.visit-ulcinj.com\/blog\/wp-json\/wp\/v2\/users\/1"}],"replies":[{"embeddable":true,"href":"https:\/\/www.visit-ulcinj.com\/blog\/wp-json\/wp\/v2\/comments?post=89473"}],"version-history":[{"count":1,"href":"https:\/\/www.visit-ulcinj.com\/blog\/wp-json\/wp\/v2\/posts\/89473\/revisions"}],"predecessor-version":[{"id":89475,"href":"https:\/\/www.visit-ulcinj.com\/blog\/wp-json\/wp\/v2\/posts\/89473\/revisions\/89475"}],"wp:attachment":[{"href":"https:\/\/www.visit-ulcinj.com\/blog\/wp-json\/wp\/v2\/media?parent=89473"}],"wp:term":[{"taxonomy":"category","embeddable":true,"href":"https:\/\/www.visit-ulcinj.com\/blog\/wp-json\/wp\/v2\/categories?post=89473"},{"taxonomy":"post_tag","embeddable":true,"href":"https:\/\/www.visit-ulcinj.com\/blog\/wp-json\/wp\/v2\/tags?post=89473"}],"curies":[{"name":"wp","href":"https:\/\/api.w.org\/{rel}","templated":true}]}}