{"id":89476,"date":"2015-03-20T07:04:48","date_gmt":"2015-03-20T06:04:48","guid":{"rendered":"http:\/\/www.visit-ulcinj.com\/blog\/?p=89476"},"modified":"2015-03-21T19:30:49","modified_gmt":"2015-03-21T18:30:49","slug":"aksion-humanitar-i-bereqetit-ne-rinovimin-e-shtepis-familjes-islami-mille","status":"publish","type":"post","link":"https:\/\/www.visit-ulcinj.com\/blog\/2015\/03\/20\/aksion-humanitar-i-bereqetit-ne-rinovimin-e-shtepis-familjes-islami-mille\/","title":{"rendered":"Aksion humanitar i \u201cBereqetit\u201d n\u00eb rinovimin e sht\u00ebpis familjes Islami &#8211; Mill\u00eb"},"content":{"rendered":"<p><strong><a href=\"http:\/\/www.visit-ulcinj.com\/blog\/wp-content\/uploads\/2015\/03\/Aksion-humanitar-Bereqetit-familja-Islami-Mille-31.jpg\"><img loading=\"lazy\" class=\"alignleft wp-image-89478\" src=\"http:\/\/www.visit-ulcinj.com\/blog\/wp-content\/uploads\/2015\/03\/Aksion-humanitar-Bereqetit-familja-Islami-Mille-31.jpg\" alt=\"Aksion-humanitar-Bereqetit-familja-Islami-Mille-3\" width=\"508\" height=\"381\" srcset=\"https:\/\/www.visit-ulcinj.com\/blog\/wp-content\/uploads\/2015\/03\/Aksion-humanitar-Bereqetit-familja-Islami-Mille-31.jpg 1000w, https:\/\/www.visit-ulcinj.com\/blog\/wp-content\/uploads\/2015\/03\/Aksion-humanitar-Bereqetit-familja-Islami-Mille-31-300x225.jpg 300w\" sizes=\"(max-width: 508px) 100vw, 508px\" \/><\/a>Aksion humanitar i \u201cBereqetit\u201d<\/strong><br \/>\nKomisioni Bereqeti I cili funksionon n\u00eb Kuader t\u00eb Bashk\u00ebsis Islame Ulqin Vazhdon aksionin Humanitar n\u00eb bamir\u00ebsi,Duke e pasur para<span class=\"text_exposed_show\">sysh gjendjen e r\u00ebnd\u00eb ekonomike t\u00eb familjes Safet Islami nga fshati Mille Komisioni Bereqeti mori iniciativ\u00ebn p\u00ebr rinovimin e nj\u00eb sht\u00ebpie te k\u00ebsaj familje. Kjo iniciativ\u00eb nga vet\u00eb fakti se t\u00eb gjith\u00eb duhet t\u00eb ndjejm\u00eb p\u00ebrgjegj\u00ebsi p\u00ebr t\u2019u ndihmuar njer\u00ebzve n\u00eb nevoj\u00eb dhe t\u00eb kontribojm\u00eb aq sa kemi mund\u00ebsi.<br \/>\nDeri ne keto dite, aksionin humanitar e kane ndihmuar kompanite:<br \/>\n<strong>Rapex \u2013 Tivar,<\/strong><br \/>\n<strong> Eko Al \u2013 Ulqin,<\/strong><br \/>\n<strong> Vero Al \u2013 Ulqin, dhe<\/strong><br \/>\n<strong> DoorAl \u2013 Krythe,<\/strong><br \/>\n<strong> Euromix \u2013 Ulqin,<\/strong><br \/>\n<strong> Nail Islami, \u2013 Ulqin,<\/strong><br \/>\n<strong> Mastering \u2013 Ulqin,<\/strong><br \/>\n<strong> Mirso Niko\u00e7i \u2013 Ulqin<\/strong><br \/>\nDhe p\u00ebr fund, te dashur dhe t\u00eb nderuar, t\u00eb mendojme n\u00eb vet\u00ebvete dhe familjet e tona, dhe mos t\u00eb harrojm\u00eb se tek Zoti nuk humb\u00eb asgje, na ndihmoni tua lehtesojme jeten jetim\u00ebve , skamnor\u00ebve dhe nevojtar\u00ebve.<br \/>\nAndaj apelojm\u00eb dhe ju b\u00ebjm\u00eb thirrje q\u00eb t\u00eb inkuadroheni edhe ju p\u00ebr t\u00eb na ndihmuar.<\/span><\/p>\n<div class=\"text_exposed_show\">\n<p>Zoti ju ruajt juve dhe familjet e juaja.<\/p>\n\n\t\t<style type=\"text\/css\">\n\t\t\t#gallery-1 {\n\t\t\t\tmargin: auto;\n\t\t\t}\n\t\t\t#gallery-1 .gallery-item {\n\t\t\t\tfloat: left;\n\t\t\t\tmargin-top: 10px;\n\t\t\t\ttext-align: center;\n\t\t\t\twidth: 33%;\n\t\t\t}\n\t\t\t#gallery-1 img {\n\t\t\t\tborder: 2px solid #cfcfcf;\n\t\t\t}\n\t\t\t#gallery-1 .gallery-caption {\n\t\t\t\tmargin-left: 0;\n\t\t\t}\n\t\t\t\/* see gallery_shortcode() in wp-includes\/media.php *\/\n\t\t<\/style>\n\t\t<div id='gallery-1' class='gallery galleryid-89476 gallery-columns-3 gallery-size-thumbnail'><dl class='gallery-item'>\n\t\t\t<dt class='gallery-icon landscape'>\n\t\t\t\t<a href='https:\/\/www.visit-ulcinj.com\/blog\/2015\/03\/20\/aksion-humanitar-i-bereqetit-ne-rinovimin-e-shtepis-familjes-islami-mille\/aksion-humanitar-bereqetit-familja-islami-mille\/'><img width=\"150\" height=\"150\" src=\"https:\/\/www.visit-ulcinj.com\/blog\/wp-content\/uploads\/2015\/03\/Aksion-humanitar-Bereqetit-familja-Islami-Mille--150x150.jpg\" class=\"attachment-thumbnail size-thumbnail\" alt=\"\" loading=\"lazy\" \/><\/a>\n\t\t\t<\/dt><\/dl><dl class='gallery-item'>\n\t\t\t<dt class='gallery-icon portrait'>\n\t\t\t\t<a href='https:\/\/www.visit-ulcinj.com\/blog\/2015\/03\/20\/aksion-humanitar-i-bereqetit-ne-rinovimin-e-shtepis-familjes-islami-mille\/aksion-humanitar-bereqetit-familja-islami-mille-1\/'><img width=\"150\" height=\"150\" src=\"https:\/\/www.visit-ulcinj.com\/blog\/wp-content\/uploads\/2015\/03\/Aksion-humanitar-Bereqetit-familja-Islami-Mille-1-150x150.jpg\" class=\"attachment-thumbnail size-thumbnail\" alt=\"\" loading=\"lazy\" \/><\/a>\n\t\t\t<\/dt><\/dl><dl class='gallery-item'>\n\t\t\t<dt class='gallery-icon portrait'>\n\t\t\t\t<a href='https:\/\/www.visit-ulcinj.com\/blog\/2015\/03\/20\/aksion-humanitar-i-bereqetit-ne-rinovimin-e-shtepis-familjes-islami-mille\/aksion-humanitar-bereqetit-familja-islami-mille-2\/'><img width=\"150\" height=\"150\" src=\"https:\/\/www.visit-ulcinj.com\/blog\/wp-content\/uploads\/2015\/03\/Aksion-humanitar-Bereqetit-familja-Islami-Mille-2-150x150.jpg\" class=\"attachment-thumbnail size-thumbnail\" alt=\"\" loading=\"lazy\" \/><\/a>\n\t\t\t<\/dt><\/dl><br style=\"clear: both\" \/>\n\t\t<\/div>\n\n<\/div>\n","protected":false},"excerpt":{"rendered":"<p>Aksion humanitar i \u201cBereqetit\u201d Komisioni Bereqeti I cili funksionon n\u00eb Kuader t\u00eb Bashk\u00ebsis Islame Ulqin Vazhdon aksionin Humanitar n\u00eb bamir\u00ebsi,Duke e pasur parasysh gjendjen e r\u00ebnd\u00eb ekonomike t\u00eb familjes Safet Islami nga fshati Mille Komisioni Bereqeti mori iniciativ\u00ebn p\u00ebr rinovimin e nj\u00eb sht\u00ebpie te k\u00ebsaj familje. Kjo iniciativ\u00eb nga vet\u00eb fakti se t\u00eb gjith\u00eb duhet [&hellip;]<\/p>\n","protected":false},"author":1,"featured_media":0,"comment_status":"closed","ping_status":"closed","sticky":false,"template":"","format":"standard","meta":{"spay_email":"","jetpack_publicize_message":"","jetpack_is_tweetstorm":false,"jetpack_publicize_feature_enabled":true},"categories":[1,2451],"tags":[],"jetpack_publicize_connections":[],"yoast_head":"<!-- This site is optimized with the Yoast SEO plugin v19.1 - https:\/\/yoast.com\/wordpress\/plugins\/seo\/ -->\n<title>Aksion humanitar i \u201cBereqetit\u201d n\u00eb rinovimin e sht\u00ebpis familjes Islami - Mill\u00eb - Lajme nga Ulqini<\/title>\n<meta name=\"description\" content=\"Aksion humanitar i \u201cBereqetit\u201d Komisioni Bereqeti I cili funksionon n\u00eb Kuader t\u00eb Bashk\u00ebsis Islame Ulqin Vazhdon aksionin Humanitar n\u00eb bamir\u00ebsi,Duke e\" \/>\n<meta name=\"robots\" content=\"index, follow, max-snippet:-1, max-image-preview:large, max-video-preview:-1\" \/>\n<link rel=\"canonical\" href=\"https:\/\/www.visit-ulcinj.com\/blog\/2015\/03\/20\/aksion-humanitar-i-bereqetit-ne-rinovimin-e-shtepis-familjes-islami-mille\/\" \/>\n<meta property=\"og:locale\" content=\"en_US\" \/>\n<meta property=\"og:type\" content=\"article\" \/>\n<meta property=\"og:title\" content=\"Aksion humanitar i \u201cBereqetit\u201d n\u00eb rinovimin e sht\u00ebpis familjes Islami - Mill\u00eb - Lajme nga Ulqini\" \/>\n<meta property=\"og:description\" content=\"Aksion humanitar i \u201cBereqetit\u201d Komisioni Bereqeti I cili funksionon n\u00eb Kuader t\u00eb Bashk\u00ebsis Islame Ulqin Vazhdon aksionin Humanitar n\u00eb bamir\u00ebsi,Duke e\" \/>\n<meta property=\"og:url\" content=\"https:\/\/www.visit-ulcinj.com\/blog\/2015\/03\/20\/aksion-humanitar-i-bereqetit-ne-rinovimin-e-shtepis-familjes-islami-mille\/\" \/>\n<meta property=\"og:site_name\" content=\"Lajme nga Ulqini\" \/>\n<meta property=\"article:published_time\" content=\"2015-03-20T06:04:48+00:00\" \/>\n<meta property=\"article:modified_time\" content=\"2015-03-21T18:30:49+00:00\" \/>\n<meta property=\"og:image\" content=\"https:\/\/www.visit-ulcinj.com\/blog\/wp-content\/uploads\/2015\/03\/Aksion-humanitar-Bereqetit-familja-Islami-Mille--150x150.jpg\" \/>\n<meta name=\"twitter:label1\" content=\"Written by\" \/>\n\t<meta name=\"twitter:data1\" content=\"ulqini\" \/>\n\t<meta name=\"twitter:label2\" content=\"Est. reading time\" \/>\n\t<meta name=\"twitter:data2\" content=\"1 minute\" \/>\n<script type=\"application\/ld+json\" class=\"yoast-schema-graph\">{\"@context\":\"https:\/\/schema.org\",\"@graph\":[{\"@type\":\"WebSite\",\"@id\":\"https:\/\/www.visit-ulcinj.com\/blog\/#website\",\"url\":\"https:\/\/www.visit-ulcinj.com\/blog\/\",\"name\":\"Lajme nga Ulqini\",\"description\":\"Lajme,Vijesti,Ulqini,Ulqin,Crna Gora,Mali i Zi\",\"potentialAction\":[{\"@type\":\"SearchAction\",\"target\":{\"@type\":\"EntryPoint\",\"urlTemplate\":\"https:\/\/www.visit-ulcinj.com\/blog\/?s={search_term_string}\"},\"query-input\":\"required name=search_term_string\"}],\"inLanguage\":\"en-US\"},{\"@type\":\"ImageObject\",\"inLanguage\":\"en-US\",\"@id\":\"https:\/\/www.visit-ulcinj.com\/blog\/2015\/03\/20\/aksion-humanitar-i-bereqetit-ne-rinovimin-e-shtepis-familjes-islami-mille\/#primaryimage\",\"url\":\"https:\/\/www.visit-ulcinj.com\/blog\/wp-content\/uploads\/2015\/03\/Aksion-humanitar-Bereqetit-familja-Islami-Mille-31.jpg\",\"contentUrl\":\"https:\/\/www.visit-ulcinj.com\/blog\/wp-content\/uploads\/2015\/03\/Aksion-humanitar-Bereqetit-familja-Islami-Mille-31.jpg\",\"width\":1000,\"height\":750},{\"@type\":\"WebPage\",\"@id\":\"https:\/\/www.visit-ulcinj.com\/blog\/2015\/03\/20\/aksion-humanitar-i-bereqetit-ne-rinovimin-e-shtepis-familjes-islami-mille\/#webpage\",\"url\":\"https:\/\/www.visit-ulcinj.com\/blog\/2015\/03\/20\/aksion-humanitar-i-bereqetit-ne-rinovimin-e-shtepis-familjes-islami-mille\/\",\"name\":\"Aksion humanitar i \u201cBereqetit\u201d n\u00eb rinovimin e sht\u00ebpis familjes Islami - Mill\u00eb - Lajme nga Ulqini\",\"isPartOf\":{\"@id\":\"https:\/\/www.visit-ulcinj.com\/blog\/#website\"},\"primaryImageOfPage\":{\"@id\":\"https:\/\/www.visit-ulcinj.com\/blog\/2015\/03\/20\/aksion-humanitar-i-bereqetit-ne-rinovimin-e-shtepis-familjes-islami-mille\/#primaryimage\"},\"datePublished\":\"2015-03-20T06:04:48+00:00\",\"dateModified\":\"2015-03-21T18:30:49+00:00\",\"author\":{\"@id\":\"https:\/\/www.visit-ulcinj.com\/blog\/#\/schema\/person\/dcab619c614d3038751c63bc2aadc06d\"},\"description\":\"Aksion humanitar i \u201cBereqetit\u201d Komisioni Bereqeti I cili funksionon n\u00eb Kuader t\u00eb Bashk\u00ebsis Islame Ulqin Vazhdon aksionin Humanitar n\u00eb bamir\u00ebsi,Duke e\",\"breadcrumb\":{\"@id\":\"https:\/\/www.visit-ulcinj.com\/blog\/2015\/03\/20\/aksion-humanitar-i-bereqetit-ne-rinovimin-e-shtepis-familjes-islami-mille\/#breadcrumb\"},\"inLanguage\":\"en-US\",\"potentialAction\":[{\"@type\":\"ReadAction\",\"target\":[\"https:\/\/www.visit-ulcinj.com\/blog\/2015\/03\/20\/aksion-humanitar-i-bereqetit-ne-rinovimin-e-shtepis-familjes-islami-mille\/\"]}]},{\"@type\":\"BreadcrumbList\",\"@id\":\"https:\/\/www.visit-ulcinj.com\/blog\/2015\/03\/20\/aksion-humanitar-i-bereqetit-ne-rinovimin-e-shtepis-familjes-islami-mille\/#breadcrumb\",\"itemListElement\":[{\"@type\":\"ListItem\",\"position\":1,\"name\":\"Aksion humanitar i \u201cBereqetit\u201d n\u00eb rinovimin e sht\u00ebpis familjes Islami &#8211; Mill\u00eb\"}]},{\"@type\":\"Person\",\"@id\":\"https:\/\/www.visit-ulcinj.com\/blog\/#\/schema\/person\/dcab619c614d3038751c63bc2aadc06d\",\"name\":\"ulqini\",\"sameAs\":[\"http:\/\/www.visit-ulcinj.com\"],\"url\":\"https:\/\/www.visit-ulcinj.com\/blog\/author\/admin\/\"}]}<\/script>\n<!-- \/ Yoast SEO plugin. -->","yoast_head_json":{"title":"Aksion humanitar i \u201cBereqetit\u201d n\u00eb rinovimin e sht\u00ebpis familjes Islami - Mill\u00eb - Lajme nga Ulqini","description":"Aksion humanitar i \u201cBereqetit\u201d Komisioni Bereqeti I cili funksionon n\u00eb Kuader t\u00eb Bashk\u00ebsis Islame Ulqin Vazhdon aksionin Humanitar n\u00eb bamir\u00ebsi,Duke e","robots":{"index":"index","follow":"follow","max-snippet":"max-snippet:-1","max-image-preview":"max-image-preview:large","max-video-preview":"max-video-preview:-1"},"canonical":"https:\/\/www.visit-ulcinj.com\/blog\/2015\/03\/20\/aksion-humanitar-i-bereqetit-ne-rinovimin-e-shtepis-familjes-islami-mille\/","og_locale":"en_US","og_type":"article","og_title":"Aksion humanitar i \u201cBereqetit\u201d n\u00eb rinovimin e sht\u00ebpis familjes Islami - Mill\u00eb - Lajme nga Ulqini","og_description":"Aksion humanitar i \u201cBereqetit\u201d Komisioni Bereqeti I cili funksionon n\u00eb Kuader t\u00eb Bashk\u00ebsis Islame Ulqin Vazhdon aksionin Humanitar n\u00eb bamir\u00ebsi,Duke e","og_url":"https:\/\/www.visit-ulcinj.com\/blog\/2015\/03\/20\/aksion-humanitar-i-bereqetit-ne-rinovimin-e-shtepis-familjes-islami-mille\/","og_site_name":"Lajme nga Ulqini","article_published_time":"2015-03-20T06:04:48+00:00","article_modified_time":"2015-03-21T18:30:49+00:00","og_image":[{"url":"https:\/\/www.visit-ulcinj.com\/blog\/wp-content\/uploads\/2015\/03\/Aksion-humanitar-Bereqetit-familja-Islami-Mille--150x150.jpg"}],"twitter_misc":{"Written by":"ulqini","Est. reading time":"1 minute"},"schema":{"@context":"https:\/\/schema.org","@graph":[{"@type":"WebSite","@id":"https:\/\/www.visit-ulcinj.com\/blog\/#website","url":"https:\/\/www.visit-ulcinj.com\/blog\/","name":"Lajme nga Ulqini","description":"Lajme,Vijesti,Ulqini,Ulqin,Crna Gora,Mali i Zi","potentialAction":[{"@type":"SearchAction","target":{"@type":"EntryPoint","urlTemplate":"https:\/\/www.visit-ulcinj.com\/blog\/?s={search_term_string}"},"query-input":"required name=search_term_string"}],"inLanguage":"en-US"},{"@type":"ImageObject","inLanguage":"en-US","@id":"https:\/\/www.visit-ulcinj.com\/blog\/2015\/03\/20\/aksion-humanitar-i-bereqetit-ne-rinovimin-e-shtepis-familjes-islami-mille\/#primaryimage","url":"https:\/\/www.visit-ulcinj.com\/blog\/wp-content\/uploads\/2015\/03\/Aksion-humanitar-Bereqetit-familja-Islami-Mille-31.jpg","contentUrl":"https:\/\/www.visit-ulcinj.com\/blog\/wp-content\/uploads\/2015\/03\/Aksion-humanitar-Bereqetit-familja-Islami-Mille-31.jpg","width":1000,"height":750},{"@type":"WebPage","@id":"https:\/\/www.visit-ulcinj.com\/blog\/2015\/03\/20\/aksion-humanitar-i-bereqetit-ne-rinovimin-e-shtepis-familjes-islami-mille\/#webpage","url":"https:\/\/www.visit-ulcinj.com\/blog\/2015\/03\/20\/aksion-humanitar-i-bereqetit-ne-rinovimin-e-shtepis-familjes-islami-mille\/","name":"Aksion humanitar i \u201cBereqetit\u201d n\u00eb rinovimin e sht\u00ebpis familjes Islami - Mill\u00eb - Lajme nga Ulqini","isPartOf":{"@id":"https:\/\/www.visit-ulcinj.com\/blog\/#website"},"primaryImageOfPage":{"@id":"https:\/\/www.visit-ulcinj.com\/blog\/2015\/03\/20\/aksion-humanitar-i-bereqetit-ne-rinovimin-e-shtepis-familjes-islami-mille\/#primaryimage"},"datePublished":"2015-03-20T06:04:48+00:00","dateModified":"2015-03-21T18:30:49+00:00","author":{"@id":"https:\/\/www.visit-ulcinj.com\/blog\/#\/schema\/person\/dcab619c614d3038751c63bc2aadc06d"},"description":"Aksion humanitar i \u201cBereqetit\u201d Komisioni Bereqeti I cili funksionon n\u00eb Kuader t\u00eb Bashk\u00ebsis Islame Ulqin Vazhdon aksionin Humanitar n\u00eb bamir\u00ebsi,Duke e","breadcrumb":{"@id":"https:\/\/www.visit-ulcinj.com\/blog\/2015\/03\/20\/aksion-humanitar-i-bereqetit-ne-rinovimin-e-shtepis-familjes-islami-mille\/#breadcrumb"},"inLanguage":"en-US","potentialAction":[{"@type":"ReadAction","target":["https:\/\/www.visit-ulcinj.com\/blog\/2015\/03\/20\/aksion-humanitar-i-bereqetit-ne-rinovimin-e-shtepis-familjes-islami-mille\/"]}]},{"@type":"BreadcrumbList","@id":"https:\/\/www.visit-ulcinj.com\/blog\/2015\/03\/20\/aksion-humanitar-i-bereqetit-ne-rinovimin-e-shtepis-familjes-islami-mille\/#breadcrumb","itemListElement":[{"@type":"ListItem","position":1,"name":"Aksion humanitar i \u201cBereqetit\u201d n\u00eb rinovimin e sht\u00ebpis familjes Islami &#8211; Mill\u00eb"}]},{"@type":"Person","@id":"https:\/\/www.visit-ulcinj.com\/blog\/#\/schema\/person\/dcab619c614d3038751c63bc2aadc06d","name":"ulqini","sameAs":["http:\/\/www.visit-ulcinj.com"],"url":"https:\/\/www.visit-ulcinj.com\/blog\/author\/admin\/"}]}},"jetpack_featured_media_url":"","jetpack_sharing_enabled":true,"jetpack_shortlink":"https:\/\/wp.me\/pe6lTn-nha","_links":{"self":[{"href":"https:\/\/www.visit-ulcinj.com\/blog\/wp-json\/wp\/v2\/posts\/89476"}],"collection":[{"href":"https:\/\/www.visit-ulcinj.com\/blog\/wp-json\/wp\/v2\/posts"}],"about":[{"href":"https:\/\/www.visit-ulcinj.com\/blog\/wp-json\/wp\/v2\/types\/post"}],"author":[{"embeddable":true,"href":"https:\/\/www.visit-ulcinj.com\/blog\/wp-json\/wp\/v2\/users\/1"}],"replies":[{"embeddable":true,"href":"https:\/\/www.visit-ulcinj.com\/blog\/wp-json\/wp\/v2\/comments?post=89476"}],"version-history":[{"count":2,"href":"https:\/\/www.visit-ulcinj.com\/blog\/wp-json\/wp\/v2\/posts\/89476\/revisions"}],"predecessor-version":[{"id":89483,"href":"https:\/\/www.visit-ulcinj.com\/blog\/wp-json\/wp\/v2\/posts\/89476\/revisions\/89483"}],"wp:attachment":[{"href":"https:\/\/www.visit-ulcinj.com\/blog\/wp-json\/wp\/v2\/media?parent=89476"}],"wp:term":[{"taxonomy":"category","embeddable":true,"href":"https:\/\/www.visit-ulcinj.com\/blog\/wp-json\/wp\/v2\/categories?post=89476"},{"taxonomy":"post_tag","embeddable":true,"href":"https:\/\/www.visit-ulcinj.com\/blog\/wp-json\/wp\/v2\/tags?post=89476"}],"curies":[{"name":"wp","href":"https:\/\/api.w.org\/{rel}","templated":true}]}}