{"id":89486,"date":"2015-03-20T15:39:43","date_gmt":"2015-03-20T14:39:43","guid":{"rendered":"http:\/\/www.visit-ulcinj.com\/blog\/?p=89486"},"modified":"2015-03-20T15:39:43","modified_gmt":"2015-03-20T14:39:43","slug":"berjashi-ata-qe-e-deshen-shume-ulqinin","status":"publish","type":"post","link":"https:\/\/www.visit-ulcinj.com\/blog\/2015\/03\/20\/berjashi-ata-qe-e-deshen-shume-ulqinin\/","title":{"rendered":"Berjashi: Ata q\u00eb e desh\u00ebn shum\u00eb Ulqinin"},"content":{"rendered":"<p><strong><a href=\"http:\/\/www.visit-ulcinj.com\/blog\/wp-content\/uploads\/2013\/02\/Ibrahim-Berjashi.jpg\"><img loading=\"lazy\" class=\"alignleft wp-image-68276\" src=\"http:\/\/www.visit-ulcinj.com\/blog\/wp-content\/uploads\/2013\/02\/Ibrahim-Berjashi.jpg\" alt=\"Ibrahim-Berjashi\" width=\"508\" height=\"339\" srcset=\"https:\/\/www.visit-ulcinj.com\/blog\/wp-content\/uploads\/2013\/02\/Ibrahim-Berjashi.jpg 1000w, https:\/\/www.visit-ulcinj.com\/blog\/wp-content\/uploads\/2013\/02\/Ibrahim-Berjashi-300x200.jpg 300w\" sizes=\"(max-width: 508px) 100vw, 508px\" \/><\/a>Nga Ibrahim Berjashi,ish- kryetar i SHAI \u201cART CLUB\u201d<\/strong><\/p>\n<p>Ali Podrimja, njeri nd\u00ebr poet\u00ebt m\u00eb t\u00eb spikatur shqiptar n\u00eb p\u00ebrgjith\u00ebsi,u ka dh\u00ebn\u00eb nj\u00eb p\u00ebrkrahje\u00a0 t\u00eb ve\u00e7ant\u00eb autor\u00ebve\u00a0 shqiptar\u00eb nga Ulqini dhe mbar\u00eb Mali i Zi si redaktor\u00a0 i poezis\u00eb n\u00eb veprimtarin\u00eb botuese t\u00eb ish- nd\u00ebrmarrjes \u201cRilindja\u201d t\u00eb Prishtin\u00ebs.<\/p>\n<p><a href=\"http:\/\/www.visit-ulcinj.com\/blog\/wp-content\/uploads\/2012\/07\/kalimera-poetike-ulqin.jpg\"><img loading=\"lazy\" class=\"alignleft wp-image-62478 size-full\" src=\"http:\/\/www.visit-ulcinj.com\/blog\/wp-content\/uploads\/2012\/07\/kalimera-poetike-ulqin.jpg\" alt=\"kalimera poetike ulqin\" width=\"508\" height=\"472\" srcset=\"https:\/\/www.visit-ulcinj.com\/blog\/wp-content\/uploads\/2012\/07\/kalimera-poetike-ulqin.jpg 508w, https:\/\/www.visit-ulcinj.com\/blog\/wp-content\/uploads\/2012\/07\/kalimera-poetike-ulqin-300x278.jpg 300w\" sizes=\"(max-width: 508px) 100vw, 508px\" \/><\/a><\/p>\n<p><strong>Poeti Ali Poddrimja n\u00eb Kala t\u00eb Ulqinit <\/strong><\/p>\n<p>Podrimja kishte dashuri t\u00eb ve\u00e7ant\u00eb dhe respect p\u00ebr Ulqinin,ndaj e vizitonte shpesh gjat\u00eb vitit edhe p\u00ebrher\u00eb sillte v\u00ebllime t\u00eb reja poetike, t\u00eb tij, por edhe t\u00eb autor\u00ebve t\u00eb tjer\u00eb nga hap\u00ebsira\u00a0 mbar\u00ebkomb\u00ebtare.<\/p>\n<p>Personalisht e kam pasur p\u00ebrkrahes t\u00eb fuqish\u00ebm n\u00eb themelimin edhe afirmimin e takimeve nd\u00ebrkomb\u00ebtare \u201cKalimera poetike\u201d, t\u00eb organizuar nga Shoqata e Artist\u00ebve dhe Intelektual\u00ebve \u201cArt Club\u201d.<\/p>\n<p>Vazhdimish m\u00eb thoshte se Ulqini duhet ta ket\u00eb nj\u00eb veprimtari letrare q\u00eb do ta identifikonte edhe do t\u00eb ishte sinonim I takimeve poetike\u00a0 verore.<\/p>\n<p><strong>Ashtu edhe ka ndodhur.<\/strong><\/p>\n<p>\u201cKalimera poetike\u201d, e afirmoi Ulqinin, krahas turizmit ,edhe si \u201cb\u00ebrtham\u00eb\u201d e poezis\u00eb moderne.<\/p>\n<p>Podrimja entuziasmohej edhe kudo q\u00eb shkonte n\u00ebp\u00ebr vendet ballkanike dhe evropiane,\u201dKalimer\u00ebn poetike\u201d, s`e\u00a0 hiqte nga mendja as nga goja me njer\u00ebzit m\u00eb t\u00eb shquar t\u00eb letrave.<\/p>\n<p>P\u00ebr \u00e7do ver\u00eb,\u201dKalimera poetike\u201d nis me kujtes\u00ebn edhe ndihmes\u00ebn e poetit Ali Podrimja.<\/p>\n<p>P\u00ebr dashurin\u00eb q\u00eb ka pasur p\u00ebr Ulqinin edhe \u201cKalimer\u00ebn poetike\u201d,Shasin, po se po,d\u00ebshmojn\u00eb poezit\u00eb,fotografit\u00eb,miq\u00ebsit\u00eb,&#8230;autorit t\u00eb \u201cLum Lumit\u201d, Ulqini i ka shum\u00eb borxh, shpirt\u00ebror, kulturor dhe intelektual.<\/p>\n<p>Borxhi nuk \u00ebsht\u00eb fare m\u00eb i vog\u00ebl as ndaj \u201cenciklopedis\u00eb\u201d s\u00eb letrave shqipe,Rifat Kukaj, i cili nd\u00ebrroi jet\u00eb n\u00eb Ran\u00eb t\u00eb Ulqinit duke u frym\u00ebzuar me imazhin e detit t\u00eb kalt\u00ebrt.<\/p>\n<p>Nuk e harroj jo, se e n\u00eb edicionin e \u201cKalimer\u00ebs poetike\u201d n\u00eb vitin 2009, n\u00eb em\u00ebr t\u00eb SHAI \u201cArt Club\u201d e kisha mysafir Ramiz Kelmendin, autorin e \u201cLetrave prej Ulqinit\u201d, i cili Ulqinin e ka quajtur \u201c Vendlindja ime letrare\u201d.<\/p>\n<p>Sipas mendimit tim, k\u00ebto personalitete q\u00eb aq shum\u00eb e desh\u00ebn Ulqinin duhet t\u00eb g\u00ebzojn\u00eb statusin \u201c Nderi i Ulqinit\u201d, sepse kan\u00eb l\u00ebn\u00eb vlera q\u00eb shk\u00eblqejn\u00eb deri n\u00eb amshim!<\/p>\n<p>&nbsp;<\/p>\n<p>Ulqin, m\u00eb 21 mars 2015<\/p>\n","protected":false},"excerpt":{"rendered":"<p>Nga Ibrahim Berjashi,ish- kryetar i SHAI \u201cART CLUB\u201d Ali Podrimja, njeri nd\u00ebr poet\u00ebt m\u00eb t\u00eb spikatur shqiptar n\u00eb p\u00ebrgjith\u00ebsi,u ka dh\u00ebn\u00eb nj\u00eb p\u00ebrkrahje\u00a0 t\u00eb ve\u00e7ant\u00eb autor\u00ebve\u00a0 shqiptar\u00eb nga Ulqini dhe mbar\u00eb Mali i Zi si redaktor\u00a0 i poezis\u00eb n\u00eb veprimtarin\u00eb botuese t\u00eb ish- nd\u00ebrmarrjes \u201cRilindja\u201d t\u00eb Prishtin\u00ebs. Poeti Ali Poddrimja n\u00eb Kala t\u00eb Ulqinit Podrimja [&hellip;]<\/p>\n","protected":false},"author":1,"featured_media":0,"comment_status":"closed","ping_status":"closed","sticky":false,"template":"","format":"standard","meta":{"spay_email":"","jetpack_publicize_message":"","jetpack_is_tweetstorm":false,"jetpack_publicize_feature_enabled":true},"categories":[4],"tags":[],"jetpack_publicize_connections":[],"yoast_head":"<!-- This site is optimized with the Yoast SEO plugin v19.1 - https:\/\/yoast.com\/wordpress\/plugins\/seo\/ -->\n<title>Berjashi: Ata q\u00eb e desh\u00ebn shum\u00eb Ulqinin - Lajme nga Ulqini<\/title>\n<meta name=\"description\" content=\"Nga Ibrahim Berjashi,ish- kryetar i SHAI \u201cART CLUB\u201d Ali Podrimja, njeri nd\u00ebr poet\u00ebt m\u00eb t\u00eb spikatur shqiptar n\u00eb p\u00ebrgjith\u00ebsi,u ka dh\u00ebn\u00eb nj\u00eb p\u00ebrkrahje\u00a0 t\u00eb\" \/>\n<meta name=\"robots\" content=\"index, follow, max-snippet:-1, max-image-preview:large, max-video-preview:-1\" \/>\n<link rel=\"canonical\" href=\"https:\/\/www.visit-ulcinj.com\/blog\/2015\/03\/20\/berjashi-ata-qe-e-deshen-shume-ulqinin\/\" \/>\n<meta property=\"og:locale\" content=\"en_US\" \/>\n<meta property=\"og:type\" content=\"article\" \/>\n<meta property=\"og:title\" content=\"Berjashi: Ata q\u00eb e desh\u00ebn shum\u00eb Ulqinin - Lajme nga Ulqini\" \/>\n<meta property=\"og:description\" content=\"Nga Ibrahim Berjashi,ish- kryetar i SHAI \u201cART CLUB\u201d Ali Podrimja, njeri nd\u00ebr poet\u00ebt m\u00eb t\u00eb spikatur shqiptar n\u00eb p\u00ebrgjith\u00ebsi,u ka dh\u00ebn\u00eb nj\u00eb p\u00ebrkrahje\u00a0 t\u00eb\" \/>\n<meta property=\"og:url\" content=\"https:\/\/www.visit-ulcinj.com\/blog\/2015\/03\/20\/berjashi-ata-qe-e-deshen-shume-ulqinin\/\" \/>\n<meta property=\"og:site_name\" content=\"Lajme nga Ulqini\" \/>\n<meta property=\"article:published_time\" content=\"2015-03-20T14:39:43+00:00\" \/>\n<meta property=\"og:image\" content=\"http:\/\/www.visit-ulcinj.com\/blog\/wp-content\/uploads\/2013\/02\/Ibrahim-Berjashi.jpg\" \/>\n<meta name=\"twitter:label1\" content=\"Written by\" \/>\n\t<meta name=\"twitter:data1\" content=\"ulqini\" \/>\n\t<meta name=\"twitter:label2\" content=\"Est. reading time\" \/>\n\t<meta name=\"twitter:data2\" content=\"2 minutes\" \/>\n<script type=\"application\/ld+json\" class=\"yoast-schema-graph\">{\"@context\":\"https:\/\/schema.org\",\"@graph\":[{\"@type\":\"WebSite\",\"@id\":\"https:\/\/www.visit-ulcinj.com\/blog\/#website\",\"url\":\"https:\/\/www.visit-ulcinj.com\/blog\/\",\"name\":\"Lajme nga Ulqini\",\"description\":\"Lajme,Vijesti,Ulqini,Ulqin,Crna Gora,Mali i Zi\",\"potentialAction\":[{\"@type\":\"SearchAction\",\"target\":{\"@type\":\"EntryPoint\",\"urlTemplate\":\"https:\/\/www.visit-ulcinj.com\/blog\/?s={search_term_string}\"},\"query-input\":\"required name=search_term_string\"}],\"inLanguage\":\"en-US\"},{\"@type\":\"ImageObject\",\"inLanguage\":\"en-US\",\"@id\":\"https:\/\/www.visit-ulcinj.com\/blog\/2015\/03\/20\/berjashi-ata-qe-e-deshen-shume-ulqinin\/#primaryimage\",\"url\":\"https:\/\/www.visit-ulcinj.com\/blog\/wp-content\/uploads\/2013\/02\/Ibrahim-Berjashi.jpg\",\"contentUrl\":\"https:\/\/www.visit-ulcinj.com\/blog\/wp-content\/uploads\/2013\/02\/Ibrahim-Berjashi.jpg\",\"width\":1000,\"height\":667},{\"@type\":\"WebPage\",\"@id\":\"https:\/\/www.visit-ulcinj.com\/blog\/2015\/03\/20\/berjashi-ata-qe-e-deshen-shume-ulqinin\/#webpage\",\"url\":\"https:\/\/www.visit-ulcinj.com\/blog\/2015\/03\/20\/berjashi-ata-qe-e-deshen-shume-ulqinin\/\",\"name\":\"Berjashi: Ata q\u00eb e desh\u00ebn shum\u00eb Ulqinin - Lajme nga Ulqini\",\"isPartOf\":{\"@id\":\"https:\/\/www.visit-ulcinj.com\/blog\/#website\"},\"primaryImageOfPage\":{\"@id\":\"https:\/\/www.visit-ulcinj.com\/blog\/2015\/03\/20\/berjashi-ata-qe-e-deshen-shume-ulqinin\/#primaryimage\"},\"datePublished\":\"2015-03-20T14:39:43+00:00\",\"dateModified\":\"2015-03-20T14:39:43+00:00\",\"author\":{\"@id\":\"https:\/\/www.visit-ulcinj.com\/blog\/#\/schema\/person\/dcab619c614d3038751c63bc2aadc06d\"},\"description\":\"Nga Ibrahim Berjashi,ish- kryetar i SHAI \u201cART CLUB\u201d Ali Podrimja, njeri nd\u00ebr poet\u00ebt m\u00eb t\u00eb spikatur shqiptar n\u00eb p\u00ebrgjith\u00ebsi,u ka dh\u00ebn\u00eb nj\u00eb p\u00ebrkrahje\u00a0 t\u00eb\",\"breadcrumb\":{\"@id\":\"https:\/\/www.visit-ulcinj.com\/blog\/2015\/03\/20\/berjashi-ata-qe-e-deshen-shume-ulqinin\/#breadcrumb\"},\"inLanguage\":\"en-US\",\"potentialAction\":[{\"@type\":\"ReadAction\",\"target\":[\"https:\/\/www.visit-ulcinj.com\/blog\/2015\/03\/20\/berjashi-ata-qe-e-deshen-shume-ulqinin\/\"]}]},{\"@type\":\"BreadcrumbList\",\"@id\":\"https:\/\/www.visit-ulcinj.com\/blog\/2015\/03\/20\/berjashi-ata-qe-e-deshen-shume-ulqinin\/#breadcrumb\",\"itemListElement\":[{\"@type\":\"ListItem\",\"position\":1,\"name\":\"Berjashi: Ata q\u00eb e desh\u00ebn shum\u00eb Ulqinin\"}]},{\"@type\":\"Person\",\"@id\":\"https:\/\/www.visit-ulcinj.com\/blog\/#\/schema\/person\/dcab619c614d3038751c63bc2aadc06d\",\"name\":\"ulqini\",\"sameAs\":[\"http:\/\/www.visit-ulcinj.com\"],\"url\":\"https:\/\/www.visit-ulcinj.com\/blog\/author\/admin\/\"}]}<\/script>\n<!-- \/ Yoast SEO plugin. -->","yoast_head_json":{"title":"Berjashi: Ata q\u00eb e desh\u00ebn shum\u00eb Ulqinin - Lajme nga Ulqini","description":"Nga Ibrahim Berjashi,ish- kryetar i SHAI \u201cART CLUB\u201d Ali Podrimja, njeri nd\u00ebr poet\u00ebt m\u00eb t\u00eb spikatur shqiptar n\u00eb p\u00ebrgjith\u00ebsi,u ka dh\u00ebn\u00eb nj\u00eb p\u00ebrkrahje\u00a0 t\u00eb","robots":{"index":"index","follow":"follow","max-snippet":"max-snippet:-1","max-image-preview":"max-image-preview:large","max-video-preview":"max-video-preview:-1"},"canonical":"https:\/\/www.visit-ulcinj.com\/blog\/2015\/03\/20\/berjashi-ata-qe-e-deshen-shume-ulqinin\/","og_locale":"en_US","og_type":"article","og_title":"Berjashi: Ata q\u00eb e desh\u00ebn shum\u00eb Ulqinin - Lajme nga Ulqini","og_description":"Nga Ibrahim Berjashi,ish- kryetar i SHAI \u201cART CLUB\u201d Ali Podrimja, njeri nd\u00ebr poet\u00ebt m\u00eb t\u00eb spikatur shqiptar n\u00eb p\u00ebrgjith\u00ebsi,u ka dh\u00ebn\u00eb nj\u00eb p\u00ebrkrahje\u00a0 t\u00eb","og_url":"https:\/\/www.visit-ulcinj.com\/blog\/2015\/03\/20\/berjashi-ata-qe-e-deshen-shume-ulqinin\/","og_site_name":"Lajme nga Ulqini","article_published_time":"2015-03-20T14:39:43+00:00","og_image":[{"url":"http:\/\/www.visit-ulcinj.com\/blog\/wp-content\/uploads\/2013\/02\/Ibrahim-Berjashi.jpg"}],"twitter_misc":{"Written by":"ulqini","Est. reading time":"2 minutes"},"schema":{"@context":"https:\/\/schema.org","@graph":[{"@type":"WebSite","@id":"https:\/\/www.visit-ulcinj.com\/blog\/#website","url":"https:\/\/www.visit-ulcinj.com\/blog\/","name":"Lajme nga Ulqini","description":"Lajme,Vijesti,Ulqini,Ulqin,Crna Gora,Mali i Zi","potentialAction":[{"@type":"SearchAction","target":{"@type":"EntryPoint","urlTemplate":"https:\/\/www.visit-ulcinj.com\/blog\/?s={search_term_string}"},"query-input":"required name=search_term_string"}],"inLanguage":"en-US"},{"@type":"ImageObject","inLanguage":"en-US","@id":"https:\/\/www.visit-ulcinj.com\/blog\/2015\/03\/20\/berjashi-ata-qe-e-deshen-shume-ulqinin\/#primaryimage","url":"https:\/\/www.visit-ulcinj.com\/blog\/wp-content\/uploads\/2013\/02\/Ibrahim-Berjashi.jpg","contentUrl":"https:\/\/www.visit-ulcinj.com\/blog\/wp-content\/uploads\/2013\/02\/Ibrahim-Berjashi.jpg","width":1000,"height":667},{"@type":"WebPage","@id":"https:\/\/www.visit-ulcinj.com\/blog\/2015\/03\/20\/berjashi-ata-qe-e-deshen-shume-ulqinin\/#webpage","url":"https:\/\/www.visit-ulcinj.com\/blog\/2015\/03\/20\/berjashi-ata-qe-e-deshen-shume-ulqinin\/","name":"Berjashi: Ata q\u00eb e desh\u00ebn shum\u00eb Ulqinin - Lajme nga Ulqini","isPartOf":{"@id":"https:\/\/www.visit-ulcinj.com\/blog\/#website"},"primaryImageOfPage":{"@id":"https:\/\/www.visit-ulcinj.com\/blog\/2015\/03\/20\/berjashi-ata-qe-e-deshen-shume-ulqinin\/#primaryimage"},"datePublished":"2015-03-20T14:39:43+00:00","dateModified":"2015-03-20T14:39:43+00:00","author":{"@id":"https:\/\/www.visit-ulcinj.com\/blog\/#\/schema\/person\/dcab619c614d3038751c63bc2aadc06d"},"description":"Nga Ibrahim Berjashi,ish- kryetar i SHAI \u201cART CLUB\u201d Ali Podrimja, njeri nd\u00ebr poet\u00ebt m\u00eb t\u00eb spikatur shqiptar n\u00eb p\u00ebrgjith\u00ebsi,u ka dh\u00ebn\u00eb nj\u00eb p\u00ebrkrahje\u00a0 t\u00eb","breadcrumb":{"@id":"https:\/\/www.visit-ulcinj.com\/blog\/2015\/03\/20\/berjashi-ata-qe-e-deshen-shume-ulqinin\/#breadcrumb"},"inLanguage":"en-US","potentialAction":[{"@type":"ReadAction","target":["https:\/\/www.visit-ulcinj.com\/blog\/2015\/03\/20\/berjashi-ata-qe-e-deshen-shume-ulqinin\/"]}]},{"@type":"BreadcrumbList","@id":"https:\/\/www.visit-ulcinj.com\/blog\/2015\/03\/20\/berjashi-ata-qe-e-deshen-shume-ulqinin\/#breadcrumb","itemListElement":[{"@type":"ListItem","position":1,"name":"Berjashi: Ata q\u00eb e desh\u00ebn shum\u00eb Ulqinin"}]},{"@type":"Person","@id":"https:\/\/www.visit-ulcinj.com\/blog\/#\/schema\/person\/dcab619c614d3038751c63bc2aadc06d","name":"ulqini","sameAs":["http:\/\/www.visit-ulcinj.com"],"url":"https:\/\/www.visit-ulcinj.com\/blog\/author\/admin\/"}]}},"jetpack_featured_media_url":"","jetpack_sharing_enabled":true,"jetpack_shortlink":"https:\/\/wp.me\/pe6lTn-nhk","_links":{"self":[{"href":"https:\/\/www.visit-ulcinj.com\/blog\/wp-json\/wp\/v2\/posts\/89486"}],"collection":[{"href":"https:\/\/www.visit-ulcinj.com\/blog\/wp-json\/wp\/v2\/posts"}],"about":[{"href":"https:\/\/www.visit-ulcinj.com\/blog\/wp-json\/wp\/v2\/types\/post"}],"author":[{"embeddable":true,"href":"https:\/\/www.visit-ulcinj.com\/blog\/wp-json\/wp\/v2\/users\/1"}],"replies":[{"embeddable":true,"href":"https:\/\/www.visit-ulcinj.com\/blog\/wp-json\/wp\/v2\/comments?post=89486"}],"version-history":[{"count":1,"href":"https:\/\/www.visit-ulcinj.com\/blog\/wp-json\/wp\/v2\/posts\/89486\/revisions"}],"predecessor-version":[{"id":89487,"href":"https:\/\/www.visit-ulcinj.com\/blog\/wp-json\/wp\/v2\/posts\/89486\/revisions\/89487"}],"wp:attachment":[{"href":"https:\/\/www.visit-ulcinj.com\/blog\/wp-json\/wp\/v2\/media?parent=89486"}],"wp:term":[{"taxonomy":"category","embeddable":true,"href":"https:\/\/www.visit-ulcinj.com\/blog\/wp-json\/wp\/v2\/categories?post=89486"},{"taxonomy":"post_tag","embeddable":true,"href":"https:\/\/www.visit-ulcinj.com\/blog\/wp-json\/wp\/v2\/tags?post=89486"}],"curies":[{"name":"wp","href":"https:\/\/api.w.org\/{rel}","templated":true}]}}