{"id":89488,"date":"2015-03-20T15:45:41","date_gmt":"2015-03-20T14:45:41","guid":{"rendered":"http:\/\/www.visit-ulcinj.com\/blog\/?p=89488"},"modified":"2015-03-20T17:20:03","modified_gmt":"2015-03-20T16:20:03","slug":"zeneli-lojalizmi-qe-roberon-vetevehten","status":"publish","type":"post","link":"https:\/\/www.visit-ulcinj.com\/blog\/2015\/03\/20\/zeneli-lojalizmi-qe-roberon-vetevehten\/","title":{"rendered":"Zeneli: Lojalizmi qe roberon vetevehten"},"content":{"rendered":"<p><a href=\"http:\/\/www.visit-ulcinj.com\/blog\/wp-content\/uploads\/2013\/12\/Haxhi-Zeneli.jpg\"><img loading=\"lazy\" class=\"alignleft wp-image-77106 size-thumbnail\" src=\"http:\/\/www.visit-ulcinj.com\/blog\/wp-content\/uploads\/2013\/12\/Haxhi-Zeneli-150x150.jpg\" alt=\"Haxhi-Zeneli\" width=\"150\" height=\"150\" \/><\/a><strong>Shkruan: Haxhi Zeneli<\/strong><\/p>\n<p>Ai popull i cili nuk njeh historin e ti,ose nuk rrespekton at\u00eb histori t\u00eb lavdish\u00ebme,q\u00eb t\u00eb<br \/>\npar\u00ebt ja kan\u00eb krijuar me gjakun e derdhur,ka gjasa q\u00eb ai popull edhe t\u00eb humb\u00ebt,sepse ka ndaluar t\u00eb ndih\u00ebt krenar p\u00ebr vet\u00ebn dhe t\u00eb par\u00ebt e tij,ai e ka zav\u00ebnd\u00ebsuar ata me krenarin e nj\u00eb populli tjet\u00ebr,n\u00eb fakt me\u00a0 ate t\u00eb robruesit t\u00eb ti,i cili e ka poshtruar t\u00ebr jet\u00ebn.<br \/>\nNj\u00eb pjes\u00eb e shqiptar\u00ebve&#8221;lojal&#8221;vazhdimisht kan\u00eb ndihmuar rob\u00ebrin e tyre,kurse nj\u00eb pjes\u00eb tjet\u00ebr kan\u00eb luftuar p\u00ebr tu \u00e7liruar.Kjo gjend\u00ebje e shqiptar\u00ebve ende po vazhdon edhe sot.Sa her\u00eb q\u00eb rob\u00ebruesi ka k\u00ebrkuar ndihm\u00ebn e tyre,ata jan\u00eb gjindur aty,t\u00eb cil\u00ebt kan\u00eb ndihmuar at\u00eb rob\u00ebrues i cili nuk ja ka njohur t\u00eb drejt\u00ebn e ti.P\u00ebrkundrazi ata jan\u00eb:keq\u00ebtrajtuar,poshtruar dhe ekonomikisht jan\u00eb shkatrruar,me q\u00ebllim t\u00eb asimilimit dhe t\u00eb zhv\u00ebndosj\u00ebs s\u00eb tyre.<br \/>\nGj\u00ebndja e shqiptar\u00ebve n\u00ebn Malin e Zi,n\u00eb krahasim me t\u00eb kaluar\u00ebn,mund t\u00eb themi se \u00ebsht\u00eb p\u00ebrkeq\u00ebsuar.Atje shqiptar\u00ebt dita,dit\u00ebs po t&#8217;kurr\u00ebn,dhe ekonomikisht b\u00ebh\u00ebn m\u00eb t\u00eb dob\u00ebt,p\u00ebr arsyet se vet\u00eb shteti shkatrron t\u00eb mirat ekonomike n\u00eb troj\u00ebt e shqiptar\u00ebve ku ata jetojn\u00eb.Shteti i Malit t\u00eb Zi,sa her\u00eb q\u00eb ka patur nevoj\u00ebn e tyre,i ka manipuluar dhe p\u00ebrdorur shqiptar\u00ebt p\u00ebr interesat e tyre.Bile historia e shekullit t\u00eb XIX,na i paraqet shqiptar\u00ebt me malazez\u00ebt n\u00eb disa luftra t\u00eb p\u00ebrbashk\u00ebta,sepse atyre ju ishte premtuar lirija pasi q\u00eb t\u00eb \u00e7liroh\u00ebn nga Osman\u00ebt,por n\u00eb t\u00eb v\u00ebrtet\u00eb Mali i Zi,synonin robrimin e tokave t\u00eb tyre.\u00a0 \u00a0<br \/>\n \u00a0 \u00a0 \u00a0 \u00a0 \u00a0 \u00a0 \u00a0 \u00a0 \u00a0 \u00a0 \u00a0 \u00a0 \u00a0 \u00a0 \u00a0 \u00a0 \u00a0 \u00a0 \u00a0 \u00a0 \u00a0 \u00a0 \u00a0 \u00a0 \u00a0 \u00a0 \u00a0 \u00a0 \u00a0 \u00a0 \u00a0 \u00a0 \u00a0 \u00a0<br \/>\nA kan\u00eb ndryshuar shqiptar\u00ebt?apo shqiptar\u00ebt vazhdojn\u00eb ende duke ndihmuar rob\u00ebrimin e tyre?<\/p>\n<p>Por nj\u00eb gj\u00eb dih\u00ebt sipas fakteve se:serbo\/malazez\u00ebt,nuk kan\u00eb ndryshuar.Ata vazhdimisht p\u00ebr m\u00eb tep\u00ebr se nj\u00eb shekull po mohojn\u00eb t\u00eb drejtat e shqiptar\u00ebve.\u00cbsht\u00eb p\u00ebr tu habitur,q\u00eb shqiptar\u00ebt ende trajtoh\u00ebn si qytetar t\u00eb rendit t\u00eb dyt\u00eb.Serbo\/malazez\u00ebt kan\u00eb ngelur n\u00eb ideologjin e paraardh\u00ebs\u00ebve t\u00eb tyre.Ata nuk din\u00eb t\u00eb dalin nga nj\u00eb der\u00eb rrotulluese,ku mondoh\u00ebsh t\u00eb dal\u00ebsh jasht\u00eb,por ajo p\u00ebrs\u00ebri t\u00eb zbrap\u00ebson tek vendi i hyrjes.<\/p>\n<p>Annett\u00eb Lantos, e cila punonte p\u00ebr t\u00eb drejtat e njeriut n\u00eb Grupin Kongresional,t\u00eb Sh.B.A-ve,ka konstatuar nj\u00eb trajtim racist ndaj shqiptar\u00ebve t\u00eb Malit t\u00eb Zi nga ky shtet,duke u bazuar n\u00eb krejt\u00a0 at\u00eb q\u00eb \u00ebsht\u00eb d\u00ebgjuar dhe \u00ebsht\u00eb dukumentuar,ku thot\u00eb se:&#8221;Mali i Zi \u00ebsht\u00eb nj\u00ebqind vjet mbrapa,ndaj\u00eb pjes\u00ebs tjet\u00ebr t\u00eb Evrop\u00ebs&#8221;.Gjiashtu edhe Kongresmeni Tom Lantos thot\u00eb se:&#8221;Gjith\u00eb ky diskriminim i thell\u00eb,nga njer\u00ebz t\u00eb cil\u00ebt,quajn\u00eb vet\u00ebn t\u00eb qytet\u00ebruar,malazez\u00ebt&#8221;kan\u00eb urrejt\u00ebje ndaj\u00eb tyre(shqiptar\u00ebve)vet\u00ebm pse ata duan t\u00eb ruajn\u00eb gjuh\u00ebn,dhe trash\u00ebgimin\u00eb e tyre kulturore&#8221;.<\/p>\n<p>N\u00ebse shfletojm\u00eb historin,k\u00ebtu nuk ka di\u00e7ka t\u00eb re!Por shifet qart\u00eb q\u00eb gjendja,n\u00eb vend q\u00eb t\u00eb p\u00ebrmir\u00ebsoh\u00ebt,ajo vazhdon e p\u00ebrkeq\u00ebsoh\u00ebt.N\u00ebse i referoh\u00ebmi t\u00eb kaluar\u00ebs historike, n\u00eb at\u00eb q\u00eb shkruan kronistja angleze Edit Durham,p\u00ebr gjendj\u00ebn e shqiptar\u00ebve t\u00eb asaj\u00eb kohe nga malazez\u00ebt,ku thot\u00eb se:&#8221;&#8230;.me lig\u00ebshtoh\u0113t zemra kur\u00eb shoh\u00eb k\u00ebto malsor trima t\u00eb cilet vdesin p\u00ebr lirin\u00eb dhe p\u00ebr t\u00eb pasur shkollat p\u00ebr f\u00ebmit e tyre.N\u00eb krejt\u00eb Malin e Zi nuk mund t\u00eb gjind\u00ebt asnj\u00eb shkoll\u00eb shqip\u00ebtare q\u00eb \u00ebsht\u00eb lejuar nga ky shtet.Ku me forc\u00eb kan\u00eb p\u00ebrdorur sllavizimin e shqip\u00ebtar\u00ebve te fisit Ku\u00e7 e Triepsh\u201d.Ka kaluar m\u00eb tep\u00ebr se nj\u00eb shekull,ku shqiptar\u00ebve n\u00eb shkollat e tyre,ju imponoh\u00ebt nj\u00eb program m\u00ebsimor jo komb\u00ebtar.Ku n\u00eb tekstet shkollore:q\u00eb nga Abetar\u00ebja e &#8220;fabrikuar nga shteti&#8221;,me &#8220;ide v\u00ebllaz\u00ebrimi&#8221;,e deri tek heronj\u00ebt komb\u00ebtar shqiptar,q\u00eb nuk p\u00ebrfshih\u00ebn n\u00eb tekstet e tyre,aty shif\u00ebt qart se p\u00ebrmban frym\u00ebn asimiluese t\u00eb shqiptar\u00ebve,ku p\u00ebr fat t\u00eb keq n\u00eb hartimin e k\u00ebtyre librave,mor\u00ebn pjes\u00eb edhe disa shqipfol\u00ebs.Nj\u00eb pasqyrim tjet\u00ebr na jep Durham,e cila p\u00ebrshkruan me sakt\u00ebsi manipulimet e Krajl Nikolles, ku p\u00ebrdori shqiptar\u00ebt p\u00ebr t\u00eb luftuar n\u00eb krahun e Malit t\u00eb Zi,duke ju premtuar atyre lirin\u00eb dhe shkollat.Edit Mary Durham shkruan p\u00ebr nj\u00eb rast konkret:se&#8221;nj\u00eb krye plak dhe burr me nam\u00eb i fisit t\u00eb Grudes i quajtur me emrin Sokol Baci,i njohur p\u00ebr luftrat kund\u00ebr tuq\u00ebve n\u00eb vitin 1877,dhe p\u00ebr k\u00ebte arsy i ju \u00ebsht\u00eb dh\u00ebn\u00eb n\u00ebnshtet\u00ebsia malazeze nga Krajl Nikolla p\u00ebr sh\u00ebrbimet e tija&#8221;,ku Sokoli pasi q\u00eb kishte kuptuar se mbreti kishte luajtur me ta si:&#8221;maca me miun&#8221;,ai ishte zemruar,por ishte von\u00eb.Shqiptar\u00ebt nuk munguan as n\u00eb vitin 2006,n\u00eb ndihm\u00ebn e pavar\u00ebsimit t\u00eb Shtetit t\u00eb Malit t\u00eb Zi.Ku si shp\u00ebrblim&#8221;nga ky shtet shqiptar\u00ebve ju montoh\u00ebt nj\u00eb grack\u00eb t\u00eb ashtuquajtur:&#8221;Fluturimi Shqiponj\u00ebs&#8221;,n\u00eb Mal\u00ebsin Heroike,duke i azgj\u00ebsuar dhe torturuar n\u00eb burgjet e Shpuz\u00ebz.<\/p>\n<p>Mir\u00ebq\u00ebnja n\u00eb mes k\u00ebtyre dy popujve,t\u00eb cil\u00ebt kan\u00eb shum\u00eb ngjashm\u00ebri n\u00eb mes veti,po thuaj vjen e zbeh\u00ebt edhe m\u00eb tep\u00ebr.Sipas Antonio Ballda\u00e7it:&#8221;malazez\u00ebt jan\u00eb sllavizuar nga fiset shqiptare,n\u00eb gjuh\u00eb dhe n\u00eb fe,me q\u00ebllim q\u00eb t\u00eb \u00e7liroh\u00ebn nga zgjedha turke.K\u00ebto dy popuj mburren q\u00eb kan\u00eb gjakun ilir.Ideja e malazez\u00ebve \u00ebsht\u00eb q\u00eb shqiptar\u00ebt autokton t\u00eb sllavizoh\u00ebn sikurse paraar\u00ebdh\u00ebsit e tyre,me q\u00ebllim q\u00eb t\u00eb rrisin numrin e tyre i cili po zvogloh\u00ebt dita,dit\u00ebs.Shqiptar\u00ebt me dekada ende luftojn\u00eb p\u00ebr t\u00eb drejtat e tyre q\u00eb jetojn\u00eb br\u00ebnda k\u00ebti shteti.Interesat e Malit t\u00eb Zi jan\u00eb drejtuar nga Nato dhe Bashkimi Europian,dhe k\u00ebrkesat q\u00eb b\u00ebjn\u00eb shqiptar\u00ebt,ata mundoh\u00ebt q\u00eb ti fshijn\u00eb n\u00ebn &#8220;qilimin e mundafsh\u00ebt&#8221;,dhe p\u00ebr k\u00ebt\u00eb i nd\u00ebrmarrin t\u00eb gjitha masat p\u00ebr ti qet\u00ebsuar situat\u00ebn.Pas nj\u00eb demostrate n\u00eb prill t\u00eb 2014-t\u00ebs,e cila u organizue para &#8220;Sht\u00ebpis s\u00eb Bardh\u00eb&#8221;n\u00eb Washington,nga shqiptar\u00ebt,si\u00e7 duk\u00ebt pas-efektet i k\u00ebsaj\u00eb jehone,b\u00ebri q\u00eb Shteti Malazez t\u00eb mobilizoj\u00eb njer\u00ebzit e vet\u00eb,q\u00eb t\u00eb takoh\u00ebn me Shoqatat Shqiptare atje ku ata veprojn\u00eb,(New York).Shif\u00ebt se kur\u00eb ky shtet ka nevoj\u00ebn e shqiptar\u00ebve,shkon edhe n\u00eb fund t\u00eb bot\u00ebs p\u00ebr ti takuar ata,q\u00eb mos ti prishin pun\u00ebt e &#8220;antar\u00ebsimit&#8221;.\u00c7far\u00eb u bisedua?,dhe \u00e7far\u00eb u premtuan shqiptar\u00ebve?kjo s&#8217;ka fare r\u00ebnd\u00ebsi,sepse q\u00ebllimi i k\u00ebti shkrimi nuk \u00ebsht\u00eb ky,apo t\u00eb gjykojm\u00eb shqiptar\u00ebt,p\u00ebrse u ul\u00ebn n\u00eb bisedime?.Por\u00eb dih\u00ebt nj\u00eb gj\u00eb:q\u00eb nga e kaluera historike e k\u00ebti shteti,nuk ka ndodhur q\u00eb ky shtet t\u00eb ju plot\u00ebsoj\u00eb k\u00ebrkesat e shqiptar\u00ebve,apo q\u00eb kan\u00eb mbajtur premtimet e ndonj\u00eb rasti me r\u00ebnd\u00ebsi.Koh\u00ebn e fundit &#8220;Mbreti Millo&#8221;,ja ka m\u00ebsyar &#8220;partive shqiptare&#8221;,edhe nj\u00eb her\u00eb p\u00ebr ta ndihmuar:n\u00eb antar\u00ebsimin e k\u00ebti shteti n\u00eb Nato dhe Bashkimin Europian!a thu q\u00eb k\u00ebsaj\u00eb her\u00eb shqiptar\u00ebt do ti v\u00ebn\u00eb kushte k\u00ebti shteti?apo ndoshta nga&#8221;rrespekti&#8221;q\u00eb kan\u00eb p\u00ebr&#8221;mb\u00ebretin&#8221;do t\u00eb qesin n\u00eb harres\u00eb,vazhdim\u00ebsin e k\u00ebti shteti me idet shkomb\u00ebtarizuese t\u00eb shqiptar\u00ebve,apo do mbes edhe k\u00ebsaj\u00eb rradhe,si premtimet e &#8220;Krajl Nikoll\u00ebs,tek Sokol Baci tek Edith Durham&#8221;.Sidoqoft,historia nuk harron,p\u00ebrkundrazi ajo sh\u00ebnon dhe m\u00eb n\u00eb fund gjykon.<\/p>\n<p>\u00cbsht\u00eb p\u00ebr tu habitur nga rasti,q\u00eb disa nga&#8221;lojalist\u00ebt&#8221;e kan\u00eb p\u00ebr krenari dhe mburr\u00ebn,q\u00eb i takojn\u00eb partis e cila rob\u00ebron kombin e tyre.Kemi edhe nga ata t\u00eb cil\u00ebt zih\u00ebn p\u00ebr pazar\u00ebll\u00ebqet e mandateve,ku n\u00ebnkuptoh\u00ebt qart\u00eb se nuk e kan\u00eb hallin e popullit,dhe t\u00eb kobit.Njer\u00ebzi t\u00eb till,harrojn\u00eb p\u00ebrse kan\u00eb ardhur n\u00eb k\u00ebt\u00eb bot\u00eb.\u00a0 \u00a0 \u00a0 \u00a0 \u00a0 \u00a0 \u00a0 \u00a0 \u00a0 \u00a0 \u00a0 \u00a0 <\/p>\n<p>Sidoqof\u00ebt mund t\u00eb themi k\u00ebte:se armiq\u00ebt tan\u00eb,met\u00ebv\u00ebrtet\u00eb arrit\u00ebn ta zvog\u00eblojn\u00eb num\u00ebrin e shqiptar\u00ebve,por ata kurr nuk do t\u00eb arrijn\u00eb ta zhdukin k\u00ebt\u00eb popull,i cili ka vul\u00ebn e perendis.Jemi t\u00eb sigurt q\u00eb nj\u00eb dit\u00eb,t\u00eb gjith\u00eb k\u00ebto armiq\u00ebt tan\u00eb,q\u00eb na luftuan dhe na p\u00ebrdor\u00ebn,ku shumica e tyre dol\u00ebn nga gjiri i k\u00ebti populli dhe krijuan kombet e tyre,ata p\u00ebrs\u00ebri do k\u00ebrkojn\u00eb nga shqiptar\u00ebt,q\u00eb t\u00eb ndihmojn\u00eb popullin e tyre.Por shpresojm\u00eb q\u00eb ne shqiptar\u00ebt kemi m\u00ebsuar di\u00e7ka nga e kaluera e mosp\u00ebrmbush\u00ebjes s\u00eb premtimeve t\u00eb tyre historike pa kushte.Ka ardhur koha q\u00eb p\u00ebrfaq\u00ebsuesit e popullit,t\u00eb parashtrojn\u00eb kushtet e nevoj\u00ebsh\u00ebme,dhe n\u00eb m\u00ebnyr\u00eb t\u00eb organizuar t\u00eb punojm\u00eb p\u00ebr bashkimin ton\u00eb.Ta r\u00ebndisim veht\u00ebn para t\u00eb tjer\u00ebve,n\u00eb ato troje,ashtu si\u00e7 na ka r\u00ebnditur historija.<\/p>\n<p>Mars,2015<\/p>\n<p>&nbsp;<\/p>\n","protected":false},"excerpt":{"rendered":"<p>Shkruan: Haxhi Zeneli Ai popull i cili nuk njeh historin e ti,ose nuk rrespekton at\u00eb histori t\u00eb lavdish\u00ebme,q\u00eb t\u00eb par\u00ebt ja kan\u00eb krijuar me gjakun e derdhur,ka gjasa q\u00eb ai popull edhe t\u00eb humb\u00ebt,sepse ka ndaluar t\u00eb ndih\u00ebt krenar p\u00ebr vet\u00ebn dhe t\u00eb par\u00ebt e tij,ai e ka zav\u00ebnd\u00ebsuar ata me krenarin e nj\u00eb populli [&hellip;]<\/p>\n","protected":false},"author":1,"featured_media":0,"comment_status":"closed","ping_status":"closed","sticky":false,"template":"","format":"standard","meta":{"spay_email":"","jetpack_publicize_message":"","jetpack_is_tweetstorm":false,"jetpack_publicize_feature_enabled":true},"categories":[7],"tags":[],"jetpack_publicize_connections":[],"yoast_head":"<!-- This site is optimized with the Yoast SEO plugin v19.1 - https:\/\/yoast.com\/wordpress\/plugins\/seo\/ -->\n<title>Zeneli: Lojalizmi qe roberon vetevehten - Lajme nga Ulqini<\/title>\n<meta name=\"description\" content=\"Shkruan: Haxhi Zeneli Ai popull i cili nuk njeh historin e ti,ose nuk rrespekton at\u00eb histori t\u00eb lavdish\u00ebme,q\u00eb t\u00eb par\u00ebt ja kan\u00eb krijuar me gjakun e\" \/>\n<meta name=\"robots\" content=\"index, follow, max-snippet:-1, max-image-preview:large, max-video-preview:-1\" \/>\n<link rel=\"canonical\" href=\"https:\/\/www.visit-ulcinj.com\/blog\/2015\/03\/20\/zeneli-lojalizmi-qe-roberon-vetevehten\/\" \/>\n<meta property=\"og:locale\" content=\"en_US\" \/>\n<meta property=\"og:type\" content=\"article\" \/>\n<meta property=\"og:title\" content=\"Zeneli: Lojalizmi qe roberon vetevehten - Lajme nga Ulqini\" \/>\n<meta property=\"og:description\" content=\"Shkruan: Haxhi Zeneli Ai popull i cili nuk njeh historin e ti,ose nuk rrespekton at\u00eb histori t\u00eb lavdish\u00ebme,q\u00eb t\u00eb par\u00ebt ja kan\u00eb krijuar me gjakun e\" \/>\n<meta property=\"og:url\" content=\"https:\/\/www.visit-ulcinj.com\/blog\/2015\/03\/20\/zeneli-lojalizmi-qe-roberon-vetevehten\/\" \/>\n<meta property=\"og:site_name\" content=\"Lajme nga Ulqini\" \/>\n<meta property=\"article:published_time\" content=\"2015-03-20T14:45:41+00:00\" \/>\n<meta property=\"article:modified_time\" content=\"2015-03-20T16:20:03+00:00\" \/>\n<meta property=\"og:image\" content=\"http:\/\/www.visit-ulcinj.com\/blog\/wp-content\/uploads\/2013\/12\/Haxhi-Zeneli-150x150.jpg\" \/>\n<meta name=\"twitter:label1\" content=\"Written by\" \/>\n\t<meta name=\"twitter:data1\" content=\"ulqini\" \/>\n\t<meta name=\"twitter:label2\" content=\"Est. reading time\" \/>\n\t<meta name=\"twitter:data2\" content=\"8 minutes\" \/>\n<script type=\"application\/ld+json\" class=\"yoast-schema-graph\">{\"@context\":\"https:\/\/schema.org\",\"@graph\":[{\"@type\":\"WebSite\",\"@id\":\"https:\/\/www.visit-ulcinj.com\/blog\/#website\",\"url\":\"https:\/\/www.visit-ulcinj.com\/blog\/\",\"name\":\"Lajme nga Ulqini\",\"description\":\"Lajme,Vijesti,Ulqini,Ulqin,Crna Gora,Mali i Zi\",\"potentialAction\":[{\"@type\":\"SearchAction\",\"target\":{\"@type\":\"EntryPoint\",\"urlTemplate\":\"https:\/\/www.visit-ulcinj.com\/blog\/?s={search_term_string}\"},\"query-input\":\"required name=search_term_string\"}],\"inLanguage\":\"en-US\"},{\"@type\":\"ImageObject\",\"inLanguage\":\"en-US\",\"@id\":\"https:\/\/www.visit-ulcinj.com\/blog\/2015\/03\/20\/zeneli-lojalizmi-qe-roberon-vetevehten\/#primaryimage\",\"url\":\"https:\/\/www.visit-ulcinj.com\/blog\/wp-content\/uploads\/2013\/12\/Haxhi-Zeneli.jpg\",\"contentUrl\":\"https:\/\/www.visit-ulcinj.com\/blog\/wp-content\/uploads\/2013\/12\/Haxhi-Zeneli.jpg\",\"width\":562,\"height\":675},{\"@type\":\"WebPage\",\"@id\":\"https:\/\/www.visit-ulcinj.com\/blog\/2015\/03\/20\/zeneli-lojalizmi-qe-roberon-vetevehten\/#webpage\",\"url\":\"https:\/\/www.visit-ulcinj.com\/blog\/2015\/03\/20\/zeneli-lojalizmi-qe-roberon-vetevehten\/\",\"name\":\"Zeneli: Lojalizmi qe roberon vetevehten - Lajme nga Ulqini\",\"isPartOf\":{\"@id\":\"https:\/\/www.visit-ulcinj.com\/blog\/#website\"},\"primaryImageOfPage\":{\"@id\":\"https:\/\/www.visit-ulcinj.com\/blog\/2015\/03\/20\/zeneli-lojalizmi-qe-roberon-vetevehten\/#primaryimage\"},\"datePublished\":\"2015-03-20T14:45:41+00:00\",\"dateModified\":\"2015-03-20T16:20:03+00:00\",\"author\":{\"@id\":\"https:\/\/www.visit-ulcinj.com\/blog\/#\/schema\/person\/dcab619c614d3038751c63bc2aadc06d\"},\"description\":\"Shkruan: Haxhi Zeneli Ai popull i cili nuk njeh historin e ti,ose nuk rrespekton at\u00eb histori t\u00eb lavdish\u00ebme,q\u00eb t\u00eb par\u00ebt ja kan\u00eb krijuar me gjakun e\",\"breadcrumb\":{\"@id\":\"https:\/\/www.visit-ulcinj.com\/blog\/2015\/03\/20\/zeneli-lojalizmi-qe-roberon-vetevehten\/#breadcrumb\"},\"inLanguage\":\"en-US\",\"potentialAction\":[{\"@type\":\"ReadAction\",\"target\":[\"https:\/\/www.visit-ulcinj.com\/blog\/2015\/03\/20\/zeneli-lojalizmi-qe-roberon-vetevehten\/\"]}]},{\"@type\":\"BreadcrumbList\",\"@id\":\"https:\/\/www.visit-ulcinj.com\/blog\/2015\/03\/20\/zeneli-lojalizmi-qe-roberon-vetevehten\/#breadcrumb\",\"itemListElement\":[{\"@type\":\"ListItem\",\"position\":1,\"name\":\"Zeneli: Lojalizmi qe roberon vetevehten\"}]},{\"@type\":\"Person\",\"@id\":\"https:\/\/www.visit-ulcinj.com\/blog\/#\/schema\/person\/dcab619c614d3038751c63bc2aadc06d\",\"name\":\"ulqini\",\"sameAs\":[\"http:\/\/www.visit-ulcinj.com\"],\"url\":\"https:\/\/www.visit-ulcinj.com\/blog\/author\/admin\/\"}]}<\/script>\n<!-- \/ Yoast SEO plugin. -->","yoast_head_json":{"title":"Zeneli: Lojalizmi qe roberon vetevehten - Lajme nga Ulqini","description":"Shkruan: Haxhi Zeneli Ai popull i cili nuk njeh historin e ti,ose nuk rrespekton at\u00eb histori t\u00eb lavdish\u00ebme,q\u00eb t\u00eb par\u00ebt ja kan\u00eb krijuar me gjakun e","robots":{"index":"index","follow":"follow","max-snippet":"max-snippet:-1","max-image-preview":"max-image-preview:large","max-video-preview":"max-video-preview:-1"},"canonical":"https:\/\/www.visit-ulcinj.com\/blog\/2015\/03\/20\/zeneli-lojalizmi-qe-roberon-vetevehten\/","og_locale":"en_US","og_type":"article","og_title":"Zeneli: Lojalizmi qe roberon vetevehten - Lajme nga Ulqini","og_description":"Shkruan: Haxhi Zeneli Ai popull i cili nuk njeh historin e ti,ose nuk rrespekton at\u00eb histori t\u00eb lavdish\u00ebme,q\u00eb t\u00eb par\u00ebt ja kan\u00eb krijuar me gjakun e","og_url":"https:\/\/www.visit-ulcinj.com\/blog\/2015\/03\/20\/zeneli-lojalizmi-qe-roberon-vetevehten\/","og_site_name":"Lajme nga Ulqini","article_published_time":"2015-03-20T14:45:41+00:00","article_modified_time":"2015-03-20T16:20:03+00:00","og_image":[{"url":"http:\/\/www.visit-ulcinj.com\/blog\/wp-content\/uploads\/2013\/12\/Haxhi-Zeneli-150x150.jpg"}],"twitter_misc":{"Written by":"ulqini","Est. reading time":"8 minutes"},"schema":{"@context":"https:\/\/schema.org","@graph":[{"@type":"WebSite","@id":"https:\/\/www.visit-ulcinj.com\/blog\/#website","url":"https:\/\/www.visit-ulcinj.com\/blog\/","name":"Lajme nga Ulqini","description":"Lajme,Vijesti,Ulqini,Ulqin,Crna Gora,Mali i Zi","potentialAction":[{"@type":"SearchAction","target":{"@type":"EntryPoint","urlTemplate":"https:\/\/www.visit-ulcinj.com\/blog\/?s={search_term_string}"},"query-input":"required name=search_term_string"}],"inLanguage":"en-US"},{"@type":"ImageObject","inLanguage":"en-US","@id":"https:\/\/www.visit-ulcinj.com\/blog\/2015\/03\/20\/zeneli-lojalizmi-qe-roberon-vetevehten\/#primaryimage","url":"https:\/\/www.visit-ulcinj.com\/blog\/wp-content\/uploads\/2013\/12\/Haxhi-Zeneli.jpg","contentUrl":"https:\/\/www.visit-ulcinj.com\/blog\/wp-content\/uploads\/2013\/12\/Haxhi-Zeneli.jpg","width":562,"height":675},{"@type":"WebPage","@id":"https:\/\/www.visit-ulcinj.com\/blog\/2015\/03\/20\/zeneli-lojalizmi-qe-roberon-vetevehten\/#webpage","url":"https:\/\/www.visit-ulcinj.com\/blog\/2015\/03\/20\/zeneli-lojalizmi-qe-roberon-vetevehten\/","name":"Zeneli: Lojalizmi qe roberon vetevehten - Lajme nga Ulqini","isPartOf":{"@id":"https:\/\/www.visit-ulcinj.com\/blog\/#website"},"primaryImageOfPage":{"@id":"https:\/\/www.visit-ulcinj.com\/blog\/2015\/03\/20\/zeneli-lojalizmi-qe-roberon-vetevehten\/#primaryimage"},"datePublished":"2015-03-20T14:45:41+00:00","dateModified":"2015-03-20T16:20:03+00:00","author":{"@id":"https:\/\/www.visit-ulcinj.com\/blog\/#\/schema\/person\/dcab619c614d3038751c63bc2aadc06d"},"description":"Shkruan: Haxhi Zeneli Ai popull i cili nuk njeh historin e ti,ose nuk rrespekton at\u00eb histori t\u00eb lavdish\u00ebme,q\u00eb t\u00eb par\u00ebt ja kan\u00eb krijuar me gjakun e","breadcrumb":{"@id":"https:\/\/www.visit-ulcinj.com\/blog\/2015\/03\/20\/zeneli-lojalizmi-qe-roberon-vetevehten\/#breadcrumb"},"inLanguage":"en-US","potentialAction":[{"@type":"ReadAction","target":["https:\/\/www.visit-ulcinj.com\/blog\/2015\/03\/20\/zeneli-lojalizmi-qe-roberon-vetevehten\/"]}]},{"@type":"BreadcrumbList","@id":"https:\/\/www.visit-ulcinj.com\/blog\/2015\/03\/20\/zeneli-lojalizmi-qe-roberon-vetevehten\/#breadcrumb","itemListElement":[{"@type":"ListItem","position":1,"name":"Zeneli: Lojalizmi qe roberon vetevehten"}]},{"@type":"Person","@id":"https:\/\/www.visit-ulcinj.com\/blog\/#\/schema\/person\/dcab619c614d3038751c63bc2aadc06d","name":"ulqini","sameAs":["http:\/\/www.visit-ulcinj.com"],"url":"https:\/\/www.visit-ulcinj.com\/blog\/author\/admin\/"}]}},"jetpack_featured_media_url":"","jetpack_sharing_enabled":true,"jetpack_shortlink":"https:\/\/wp.me\/pe6lTn-nhm","_links":{"self":[{"href":"https:\/\/www.visit-ulcinj.com\/blog\/wp-json\/wp\/v2\/posts\/89488"}],"collection":[{"href":"https:\/\/www.visit-ulcinj.com\/blog\/wp-json\/wp\/v2\/posts"}],"about":[{"href":"https:\/\/www.visit-ulcinj.com\/blog\/wp-json\/wp\/v2\/types\/post"}],"author":[{"embeddable":true,"href":"https:\/\/www.visit-ulcinj.com\/blog\/wp-json\/wp\/v2\/users\/1"}],"replies":[{"embeddable":true,"href":"https:\/\/www.visit-ulcinj.com\/blog\/wp-json\/wp\/v2\/comments?post=89488"}],"version-history":[{"count":6,"href":"https:\/\/www.visit-ulcinj.com\/blog\/wp-json\/wp\/v2\/posts\/89488\/revisions"}],"predecessor-version":[{"id":89494,"href":"https:\/\/www.visit-ulcinj.com\/blog\/wp-json\/wp\/v2\/posts\/89488\/revisions\/89494"}],"wp:attachment":[{"href":"https:\/\/www.visit-ulcinj.com\/blog\/wp-json\/wp\/v2\/media?parent=89488"}],"wp:term":[{"taxonomy":"category","embeddable":true,"href":"https:\/\/www.visit-ulcinj.com\/blog\/wp-json\/wp\/v2\/categories?post=89488"},{"taxonomy":"post_tag","embeddable":true,"href":"https:\/\/www.visit-ulcinj.com\/blog\/wp-json\/wp\/v2\/tags?post=89488"}],"curies":[{"name":"wp","href":"https:\/\/api.w.org\/{rel}","templated":true}]}}