{"id":89532,"date":"2015-03-23T16:31:56","date_gmt":"2015-03-23T15:31:56","guid":{"rendered":"http:\/\/www.visit-ulcinj.com\/blog\/?p=89532"},"modified":"2015-03-23T16:31:56","modified_gmt":"2015-03-23T15:31:56","slug":"danas-bujar-nisani-u-posjeti-crnoj-gori","status":"publish","type":"post","link":"https:\/\/www.visit-ulcinj.com\/blog\/2015\/03\/23\/danas-bujar-nisani-u-posjeti-crnoj-gori\/","title":{"rendered":"Danas Bujar Ni\u0161ani u posjeti Crnoj Gori"},"content":{"rendered":"<p><a href=\"http:\/\/www.visit-ulcinj.com\/blog\/wp-content\/uploads\/2015\/03\/Filip-Vujanovic-Bujar-Nishani-Cetinje.jpg\"><img loading=\"lazy\" class=\"alignleft wp-image-89530\" src=\"http:\/\/www.visit-ulcinj.com\/blog\/wp-content\/uploads\/2015\/03\/Filip-Vujanovic-Bujar-Nishani-Cetinje.jpg\" alt=\"Filip-Vujanovic-Bujar-Nishani-Cetinje\" width=\"508\" height=\"307\" srcset=\"https:\/\/www.visit-ulcinj.com\/blog\/wp-content\/uploads\/2015\/03\/Filip-Vujanovic-Bujar-Nishani-Cetinje.jpg 600w, https:\/\/www.visit-ulcinj.com\/blog\/wp-content\/uploads\/2015\/03\/Filip-Vujanovic-Bujar-Nishani-Cetinje-300x182.jpg 300w\" sizes=\"(max-width: 508px) 100vw, 508px\" \/><\/a>Za nas Albance, Crna Gora nije samo susjedna zemlja, ve\u0107 i prijateljska, s kojom dijelimo zajedni\u010dke ciljeve i vrijednosti, poru\u010dio je danas na Cetinju Bujar Ni\u0161ani, predsjednik Albanije, koji boravi u zvani\u010dnoj\u00a0posjeti\u00a0Crnoj Gori.<\/p>\n<p>Ni\u0161ani se danas na po\u010detku zvani\u010dne posjete Crnoj Gori sastao sa crnogorskim predsjednikom Filipom Vujanovi\u0107em. Obojica\u00a0predsjednika su istakla da izme\u0111u dvije dr\u017eave nema otvorenih pitanja.<\/p>\n<p>Predsjednik Crne Gore Filip Vujanovi\u0107\u00a0kazao je da\u00a0Ni\u0161anijevu posjetu\u00a0Crnoj Gori do\u017eivljava kao potvrdu bliskog, prijateljskog i dobrosusjedskog odnosa.<\/p>\n<p>\u201eIzme\u0111u dvije dr\u017eave nema otvorenih pitanja\u00a0i postoji otvoreni prostor za saradnju u mnogim oblastima, posebno u oblasti ekonomije. Razgovarali smo o na\u0161oj saradnji u oblasti integracionih procesa. Crna Gora, koja je u procesu pregovora o pristupanju\u00a0Evropskoj uniji, spremna je da svoja iskustva podijeli sa Albanijom. Sa druge strane, Albanija podr\u017eava NATO integraciju Crne Gore, \u0161to je za nas posebno va\u017eno, jer je Albanija \u010dlan NATO-a i na\u0161 susjed\u201c, istakao je Vujanovi\u0107.<\/p>\n<p>Tema predsjed\u010dkih razgovora bila je i saradnja\u00a0u oblasti infrastrukture. Najavljeno je da \u0107e put Plav-Podgorica, koji dijelom prolazi kroz albansku teritoriju, biti zavr\u0161en do kraja 2016. godine.<\/p>\n<p>\u201eObje dr\u017eave treba da podr\u017ee u regionalnom smislu dva velika projekta, jadransko-jonski put i jadransko-jonski gasovod. U oblasti saobra\u0107ajne infratsrukture, posebno smo naglasili magistralni put izme\u0111u Plava i Podgorice, koji bi trebao da se zavr\u0161i do kraja 2016. godine. Taj put bi skratio saobra\u0107ajnu distancu izme\u0111u Plava i Podgorice za 120 kilometara\u201c, kazao je Vujanovi\u0107.<\/p>\n<p>Albanski predsjednik Bujar Ni\u0161ani\u00a0poru\u010dio je da izme\u0111u dvije dr\u017eave postoji dobra osnova za dalji razvoj.<\/p>\n<p>\u201eZa nas Albance, Crna Gora nije samo susjedna zemlja, ve\u0107 i prijateljska, s kojom dijelimo zajedni\u010dke ciljeve i vrijednosti. \u00a0U ime svih Albanaca, izrazio sam zahvalnost za pomo\u0107 Crne Gore tokom poplava koje su pogodile jug Albanije\u201c, kazao je Ni\u0161ani.<\/p>\n<p>On je pohvalio put Crne Gore kada je rije\u010d o integraciji\u00a0u Evropsku uniju rekav\u0161i kako u tom smislu Crna Gora predstavlja pozitivan primjer.<\/p>\n<p>&#8220;Crna Gora je korak ispred u odnosu na Albaniju kada su u pitanju EU integracije\u00a0i rekao sam predsjedniku Vujanovi\u0107u da su modeli Hrvatske i Crne Gore primjeri koje treba da slijede zemlje Balkana. Albanija, kao zemlja NATO-a, potpuno podr\u017eava u\u010dlanjenje Crne Gore u NATO.\u00a0U\u010dlanjenje Crne Gore u ovaj savez \u0107e pove\u0107ati stabilnost u ovom regionu\u201c, kazao je Ni\u0161ani.<\/p>\n<p>Albanski predsjednik osvrnuo se i na status Albanaca u Crnoj Gori.<\/p>\n<p>\u201eAlbanci u Crnoj Gori se osje\u0107aju dobro predstavljeni, oslanjaju\u0107i se na Ustav Crne Gore. Po\u0161tuje se pravo svojine, kao i pravo \u0161kolovanja na albanskom jeziku i upotreba nacionalnih simbola\u201c, kazao je Ni\u0161ani.<\/p>\n<p>Albanski predsjednik \u0107e se danas u okviru posjete Crnoj Gori sastati i sa premijerom Milom \u0110ukanovi\u0107em, kao i sa predsjednikom Skup\u0161tine Rankom Krivokapi\u0107em.<\/p>\n<p>(Anadolu Agency)<\/p>\n<p>&nbsp;<\/p>\n","protected":false},"excerpt":{"rendered":"<p>Za nas Albance, Crna Gora nije samo susjedna zemlja, ve\u0107 i prijateljska, s kojom dijelimo zajedni\u010dke ciljeve i vrijednosti, poru\u010dio je danas na Cetinju Bujar Ni\u0161ani, predsjednik Albanije, koji boravi u zvani\u010dnoj\u00a0posjeti\u00a0Crnoj Gori. Ni\u0161ani se danas na po\u010detku zvani\u010dne posjete Crnoj Gori sastao sa crnogorskim predsjednikom Filipom Vujanovi\u0107em. Obojica\u00a0predsjednika su istakla da izme\u0111u dvije dr\u017eave [&hellip;]<\/p>\n","protected":false},"author":1,"featured_media":0,"comment_status":"closed","ping_status":"closed","sticky":false,"template":"","format":"standard","meta":{"spay_email":"","jetpack_publicize_message":"","jetpack_is_tweetstorm":false,"jetpack_publicize_feature_enabled":true},"categories":[8337],"tags":[],"jetpack_publicize_connections":[],"yoast_head":"<!-- This site is optimized with the Yoast SEO plugin v19.1 - https:\/\/yoast.com\/wordpress\/plugins\/seo\/ -->\n<title>Danas Bujar Ni\u0161ani u posjeti Crnoj Gori - Lajme nga Ulqini<\/title>\n<meta name=\"description\" content=\"Za nas Albance, Crna Gora nije samo susjedna zemlja, ve\u0107 i prijateljska, s kojom dijelimo zajedni\u010dke ciljeve i vrijednosti, poru\u010dio je danas na Cetinju\" \/>\n<meta name=\"robots\" content=\"index, follow, max-snippet:-1, max-image-preview:large, max-video-preview:-1\" \/>\n<link rel=\"canonical\" href=\"https:\/\/www.visit-ulcinj.com\/blog\/2015\/03\/23\/danas-bujar-nisani-u-posjeti-crnoj-gori\/\" \/>\n<meta property=\"og:locale\" content=\"en_US\" \/>\n<meta property=\"og:type\" content=\"article\" \/>\n<meta property=\"og:title\" content=\"Danas Bujar Ni\u0161ani u posjeti Crnoj Gori - Lajme nga Ulqini\" \/>\n<meta property=\"og:description\" content=\"Za nas Albance, Crna Gora nije samo susjedna zemlja, ve\u0107 i prijateljska, s kojom dijelimo zajedni\u010dke ciljeve i vrijednosti, poru\u010dio je danas na Cetinju\" \/>\n<meta property=\"og:url\" content=\"https:\/\/www.visit-ulcinj.com\/blog\/2015\/03\/23\/danas-bujar-nisani-u-posjeti-crnoj-gori\/\" \/>\n<meta property=\"og:site_name\" content=\"Lajme nga Ulqini\" \/>\n<meta property=\"article:published_time\" content=\"2015-03-23T15:31:56+00:00\" \/>\n<meta property=\"og:image\" content=\"http:\/\/www.visit-ulcinj.com\/blog\/wp-content\/uploads\/2015\/03\/Filip-Vujanovic-Bujar-Nishani-Cetinje.jpg\" \/>\n<meta name=\"twitter:label1\" content=\"Written by\" \/>\n\t<meta name=\"twitter:data1\" content=\"ulqini\" \/>\n\t<meta name=\"twitter:label2\" content=\"Est. reading time\" \/>\n\t<meta name=\"twitter:data2\" content=\"2 minutes\" \/>\n<script type=\"application\/ld+json\" class=\"yoast-schema-graph\">{\"@context\":\"https:\/\/schema.org\",\"@graph\":[{\"@type\":\"WebSite\",\"@id\":\"https:\/\/www.visit-ulcinj.com\/blog\/#website\",\"url\":\"https:\/\/www.visit-ulcinj.com\/blog\/\",\"name\":\"Lajme nga Ulqini\",\"description\":\"Lajme,Vijesti,Ulqini,Ulqin,Crna Gora,Mali i Zi\",\"potentialAction\":[{\"@type\":\"SearchAction\",\"target\":{\"@type\":\"EntryPoint\",\"urlTemplate\":\"https:\/\/www.visit-ulcinj.com\/blog\/?s={search_term_string}\"},\"query-input\":\"required name=search_term_string\"}],\"inLanguage\":\"en-US\"},{\"@type\":\"ImageObject\",\"inLanguage\":\"en-US\",\"@id\":\"https:\/\/www.visit-ulcinj.com\/blog\/2015\/03\/23\/danas-bujar-nisani-u-posjeti-crnoj-gori\/#primaryimage\",\"url\":\"https:\/\/www.visit-ulcinj.com\/blog\/wp-content\/uploads\/2015\/03\/Filip-Vujanovic-Bujar-Nishani-Cetinje.jpg\",\"contentUrl\":\"https:\/\/www.visit-ulcinj.com\/blog\/wp-content\/uploads\/2015\/03\/Filip-Vujanovic-Bujar-Nishani-Cetinje.jpg\",\"width\":600,\"height\":363},{\"@type\":\"WebPage\",\"@id\":\"https:\/\/www.visit-ulcinj.com\/blog\/2015\/03\/23\/danas-bujar-nisani-u-posjeti-crnoj-gori\/#webpage\",\"url\":\"https:\/\/www.visit-ulcinj.com\/blog\/2015\/03\/23\/danas-bujar-nisani-u-posjeti-crnoj-gori\/\",\"name\":\"Danas Bujar Ni\u0161ani u posjeti Crnoj Gori - Lajme nga Ulqini\",\"isPartOf\":{\"@id\":\"https:\/\/www.visit-ulcinj.com\/blog\/#website\"},\"primaryImageOfPage\":{\"@id\":\"https:\/\/www.visit-ulcinj.com\/blog\/2015\/03\/23\/danas-bujar-nisani-u-posjeti-crnoj-gori\/#primaryimage\"},\"datePublished\":\"2015-03-23T15:31:56+00:00\",\"dateModified\":\"2015-03-23T15:31:56+00:00\",\"author\":{\"@id\":\"https:\/\/www.visit-ulcinj.com\/blog\/#\/schema\/person\/dcab619c614d3038751c63bc2aadc06d\"},\"description\":\"Za nas Albance, Crna Gora nije samo susjedna zemlja, ve\u0107 i prijateljska, s kojom dijelimo zajedni\u010dke ciljeve i vrijednosti, poru\u010dio je danas na Cetinju\",\"breadcrumb\":{\"@id\":\"https:\/\/www.visit-ulcinj.com\/blog\/2015\/03\/23\/danas-bujar-nisani-u-posjeti-crnoj-gori\/#breadcrumb\"},\"inLanguage\":\"en-US\",\"potentialAction\":[{\"@type\":\"ReadAction\",\"target\":[\"https:\/\/www.visit-ulcinj.com\/blog\/2015\/03\/23\/danas-bujar-nisani-u-posjeti-crnoj-gori\/\"]}]},{\"@type\":\"BreadcrumbList\",\"@id\":\"https:\/\/www.visit-ulcinj.com\/blog\/2015\/03\/23\/danas-bujar-nisani-u-posjeti-crnoj-gori\/#breadcrumb\",\"itemListElement\":[{\"@type\":\"ListItem\",\"position\":1,\"name\":\"Danas Bujar Ni\u0161ani u posjeti Crnoj Gori\"}]},{\"@type\":\"Person\",\"@id\":\"https:\/\/www.visit-ulcinj.com\/blog\/#\/schema\/person\/dcab619c614d3038751c63bc2aadc06d\",\"name\":\"ulqini\",\"sameAs\":[\"http:\/\/www.visit-ulcinj.com\"],\"url\":\"https:\/\/www.visit-ulcinj.com\/blog\/author\/admin\/\"}]}<\/script>\n<!-- \/ Yoast SEO plugin. -->","yoast_head_json":{"title":"Danas Bujar Ni\u0161ani u posjeti Crnoj Gori - Lajme nga Ulqini","description":"Za nas Albance, Crna Gora nije samo susjedna zemlja, ve\u0107 i prijateljska, s kojom dijelimo zajedni\u010dke ciljeve i vrijednosti, poru\u010dio je danas na Cetinju","robots":{"index":"index","follow":"follow","max-snippet":"max-snippet:-1","max-image-preview":"max-image-preview:large","max-video-preview":"max-video-preview:-1"},"canonical":"https:\/\/www.visit-ulcinj.com\/blog\/2015\/03\/23\/danas-bujar-nisani-u-posjeti-crnoj-gori\/","og_locale":"en_US","og_type":"article","og_title":"Danas Bujar Ni\u0161ani u posjeti Crnoj Gori - Lajme nga Ulqini","og_description":"Za nas Albance, Crna Gora nije samo susjedna zemlja, ve\u0107 i prijateljska, s kojom dijelimo zajedni\u010dke ciljeve i vrijednosti, poru\u010dio je danas na Cetinju","og_url":"https:\/\/www.visit-ulcinj.com\/blog\/2015\/03\/23\/danas-bujar-nisani-u-posjeti-crnoj-gori\/","og_site_name":"Lajme nga Ulqini","article_published_time":"2015-03-23T15:31:56+00:00","og_image":[{"url":"http:\/\/www.visit-ulcinj.com\/blog\/wp-content\/uploads\/2015\/03\/Filip-Vujanovic-Bujar-Nishani-Cetinje.jpg"}],"twitter_misc":{"Written by":"ulqini","Est. reading time":"2 minutes"},"schema":{"@context":"https:\/\/schema.org","@graph":[{"@type":"WebSite","@id":"https:\/\/www.visit-ulcinj.com\/blog\/#website","url":"https:\/\/www.visit-ulcinj.com\/blog\/","name":"Lajme nga Ulqini","description":"Lajme,Vijesti,Ulqini,Ulqin,Crna Gora,Mali i Zi","potentialAction":[{"@type":"SearchAction","target":{"@type":"EntryPoint","urlTemplate":"https:\/\/www.visit-ulcinj.com\/blog\/?s={search_term_string}"},"query-input":"required name=search_term_string"}],"inLanguage":"en-US"},{"@type":"ImageObject","inLanguage":"en-US","@id":"https:\/\/www.visit-ulcinj.com\/blog\/2015\/03\/23\/danas-bujar-nisani-u-posjeti-crnoj-gori\/#primaryimage","url":"https:\/\/www.visit-ulcinj.com\/blog\/wp-content\/uploads\/2015\/03\/Filip-Vujanovic-Bujar-Nishani-Cetinje.jpg","contentUrl":"https:\/\/www.visit-ulcinj.com\/blog\/wp-content\/uploads\/2015\/03\/Filip-Vujanovic-Bujar-Nishani-Cetinje.jpg","width":600,"height":363},{"@type":"WebPage","@id":"https:\/\/www.visit-ulcinj.com\/blog\/2015\/03\/23\/danas-bujar-nisani-u-posjeti-crnoj-gori\/#webpage","url":"https:\/\/www.visit-ulcinj.com\/blog\/2015\/03\/23\/danas-bujar-nisani-u-posjeti-crnoj-gori\/","name":"Danas Bujar Ni\u0161ani u posjeti Crnoj Gori - Lajme nga Ulqini","isPartOf":{"@id":"https:\/\/www.visit-ulcinj.com\/blog\/#website"},"primaryImageOfPage":{"@id":"https:\/\/www.visit-ulcinj.com\/blog\/2015\/03\/23\/danas-bujar-nisani-u-posjeti-crnoj-gori\/#primaryimage"},"datePublished":"2015-03-23T15:31:56+00:00","dateModified":"2015-03-23T15:31:56+00:00","author":{"@id":"https:\/\/www.visit-ulcinj.com\/blog\/#\/schema\/person\/dcab619c614d3038751c63bc2aadc06d"},"description":"Za nas Albance, Crna Gora nije samo susjedna zemlja, ve\u0107 i prijateljska, s kojom dijelimo zajedni\u010dke ciljeve i vrijednosti, poru\u010dio je danas na Cetinju","breadcrumb":{"@id":"https:\/\/www.visit-ulcinj.com\/blog\/2015\/03\/23\/danas-bujar-nisani-u-posjeti-crnoj-gori\/#breadcrumb"},"inLanguage":"en-US","potentialAction":[{"@type":"ReadAction","target":["https:\/\/www.visit-ulcinj.com\/blog\/2015\/03\/23\/danas-bujar-nisani-u-posjeti-crnoj-gori\/"]}]},{"@type":"BreadcrumbList","@id":"https:\/\/www.visit-ulcinj.com\/blog\/2015\/03\/23\/danas-bujar-nisani-u-posjeti-crnoj-gori\/#breadcrumb","itemListElement":[{"@type":"ListItem","position":1,"name":"Danas Bujar Ni\u0161ani u posjeti Crnoj Gori"}]},{"@type":"Person","@id":"https:\/\/www.visit-ulcinj.com\/blog\/#\/schema\/person\/dcab619c614d3038751c63bc2aadc06d","name":"ulqini","sameAs":["http:\/\/www.visit-ulcinj.com"],"url":"https:\/\/www.visit-ulcinj.com\/blog\/author\/admin\/"}]}},"jetpack_featured_media_url":"","jetpack_sharing_enabled":true,"jetpack_shortlink":"https:\/\/wp.me\/pe6lTn-ni4","_links":{"self":[{"href":"https:\/\/www.visit-ulcinj.com\/blog\/wp-json\/wp\/v2\/posts\/89532"}],"collection":[{"href":"https:\/\/www.visit-ulcinj.com\/blog\/wp-json\/wp\/v2\/posts"}],"about":[{"href":"https:\/\/www.visit-ulcinj.com\/blog\/wp-json\/wp\/v2\/types\/post"}],"author":[{"embeddable":true,"href":"https:\/\/www.visit-ulcinj.com\/blog\/wp-json\/wp\/v2\/users\/1"}],"replies":[{"embeddable":true,"href":"https:\/\/www.visit-ulcinj.com\/blog\/wp-json\/wp\/v2\/comments?post=89532"}],"version-history":[{"count":1,"href":"https:\/\/www.visit-ulcinj.com\/blog\/wp-json\/wp\/v2\/posts\/89532\/revisions"}],"predecessor-version":[{"id":89533,"href":"https:\/\/www.visit-ulcinj.com\/blog\/wp-json\/wp\/v2\/posts\/89532\/revisions\/89533"}],"wp:attachment":[{"href":"https:\/\/www.visit-ulcinj.com\/blog\/wp-json\/wp\/v2\/media?parent=89532"}],"wp:term":[{"taxonomy":"category","embeddable":true,"href":"https:\/\/www.visit-ulcinj.com\/blog\/wp-json\/wp\/v2\/categories?post=89532"},{"taxonomy":"post_tag","embeddable":true,"href":"https:\/\/www.visit-ulcinj.com\/blog\/wp-json\/wp\/v2\/tags?post=89532"}],"curies":[{"name":"wp","href":"https:\/\/api.w.org\/{rel}","templated":true}]}}