{"id":89539,"date":"2015-03-23T16:42:35","date_gmt":"2015-03-23T15:42:35","guid":{"rendered":"http:\/\/www.visit-ulcinj.com\/blog\/?p=89539"},"modified":"2015-03-24T09:00:18","modified_gmt":"2015-03-24T08:00:18","slug":"bujar-nishani-u-takua-edhe-kryeministrin-e-malit-te-zi-milo-dukanovic","status":"publish","type":"post","link":"https:\/\/www.visit-ulcinj.com\/blog\/2015\/03\/23\/bujar-nishani-u-takua-edhe-kryeministrin-e-malit-te-zi-milo-dukanovic\/","title":{"rendered":"Bujar Nishani u takua edhe me kryeministrin e Malit t\u00eb Zi, Milo \u0110ukanovi\u0107"},"content":{"rendered":"<p><a href=\"http:\/\/www.visit-ulcinj.com\/blog\/wp-content\/uploads\/2015\/03\/Bujar-Nishani-Milo-Djukanovic-.jpg\"><img loading=\"lazy\" class=\"alignleft wp-image-89540\" src=\"http:\/\/www.visit-ulcinj.com\/blog\/wp-content\/uploads\/2015\/03\/Bujar-Nishani-Milo-Djukanovic-.jpg\" alt=\"Bujar-Nishani-Milo-Djukanovic-\" width=\"508\" height=\"359\" srcset=\"https:\/\/www.visit-ulcinj.com\/blog\/wp-content\/uploads\/2015\/03\/Bujar-Nishani-Milo-Djukanovic-.jpg 840w, https:\/\/www.visit-ulcinj.com\/blog\/wp-content\/uploads\/2015\/03\/Bujar-Nishani-Milo-Djukanovic--300x212.jpg 300w\" sizes=\"(max-width: 508px) 100vw, 508px\" \/><\/a>Presidenti i Republik\u00ebs, Sh.T.Z. Bujar Nishani gjat\u00eb vizit\u00ebs shtet\u00ebrore n\u00eb Mal t\u00eb Zi zhvilloi nj\u00eb takim t\u00eb ve\u00e7ant\u00eb edhe me Kryeministrin e Malit t\u00eb Zi, zotin Milo \u0110ukanovi\u0107.<\/p>\n<p>Presidenti i Republik\u00ebs n\u00eb bised\u00ebn me Kryeministrin e Malit t\u00eb Zi vler\u00ebsoi kontributin personal t\u00eb Kryeministrit \u0110ukanovi\u0107 n\u00eb krijimin e marr\u00ebdh\u00ebnieve shum\u00eb t\u00eb mira e miq\u00ebsore mes Shqip\u00ebris\u00eb me Malin e Zi, duke theksuar se p\u00ebr shqiptar\u00ebt Mali i Zi \u00ebsht\u00eb jo vet\u00ebm nj\u00eb vend fqinj, por edhe nj\u00eb vend mik me t\u00eb cilin ndajm\u00eb vlera e sfida t\u00eb p\u00ebrbashk\u00ebta.<\/p>\n<p>Presidenti Nishani i shprehu Kryeministrit \u0110ukanovi\u0107 mir\u00ebnjohjen n\u00eb em\u00ebr t\u00eb qytetar\u00ebve shqiptar\u00eb p\u00ebr ndihm\u00ebn e dh\u00ebn\u00eb nga Mali i Zi p\u00ebr kap\u00ebrcimin e situat\u00ebs s\u00eb emergjenc\u00ebs nga p\u00ebrmbytjet e fundit n\u00eb zon\u00ebn e jugut t\u00eb Shqip\u00ebris\u00eb. \u201cNdihma n\u00eb raste fatkeq\u00ebsish dhe katastrofash natyrore meritojn\u00eb gjithmon\u00eb mir\u00ebnjohje, por kur ato vijn\u00eb nga nj\u00eb vend fqinj e mik ato jan\u00eb t\u00eb pa\u00e7mueshme.\u201d \u2013 u shpreh Kreu i Shtetit shqiptar.<\/p>\n<p>Presidenti i Republik\u00ebs vler\u00ebsoi interesin e p\u00ebrbashk\u00ebt t\u00eb t\u00eb dy vendeve p\u00ebr forcimin e bashk\u00ebpunimit ekonomik e tregtar duke theksuar se ky bashk\u00ebpunim \u00ebsht\u00eb ende larg marr\u00ebdh\u00ebnieve shum\u00eb t\u00eb mira politike. Kreu i Shtetit theksoi gjithashtu se fal\u00eb kuadrit ligjor t\u00eb p\u00ebrbashk\u00ebt, ekzistojn\u00eb t\u00eb gjitha mund\u00ebsit\u00eb q\u00eb institucionet e t\u00eb dy vendeve t\u00eb evidentojn\u00eb, vler\u00ebsojn\u00eb dhe shfryt\u00ebzojn\u00eb sa m\u00eb mir\u00eb potencialet dhe burimet natyrore dhe njer\u00ebzore, p\u00ebr t\u00eb thelluar dhe zgjeruar bashk\u00ebpunimin ekonomik, n\u00eb fushat me interes t\u00eb nd\u00ebrsjell\u00eb. N\u00eb m\u00ebnyr\u00eb t\u00eb ve\u00e7ant\u00eb, t\u00eb dy bashk\u00ebbiseduesit trajtuan edhe mund\u00ebsin\u00eb e nxitjes s\u00eb projekteve konkrete, si n\u00eb kuadrin e bashk\u00ebpunimit nd\u00ebrkufitar, p\u00ebrmes p\u00ebrmir\u00ebsimit t\u00eb infrastruktur\u00ebs n\u00eb lidhjet mes dy vendeve dhe nxitjes s\u00eb turizmit n\u00eb Liqenin e Shkodr\u00ebs, por dhe p\u00ebrmes mund\u00ebsis\u00eb s\u00eb p\u00ebrmir\u00ebsimit t\u00eb lidhjes s\u00eb linj\u00ebs hekurudhore mes dy vendeve.<\/p>\n<p>Presidenti Nishani theksoi se niveli i bashk\u00ebpunimit ekonomik dypal\u00ebsh, ve\u00e7an\u00ebrisht n\u00eb fush\u00ebn e energjis\u00eb, turizmit, telekomunikacionit dhe bujq\u00ebsis\u00eb kan\u00eb nj\u00eb impakt pozitiv edhe n\u00eb kuadrin e bashk\u00ebpunimit rajonal dhe kthimin e rajonit t\u00eb Ballkanit Per\u00ebndimor n\u00eb nj\u00eb treg me interes p\u00ebr vendet e Bashkimit Evropian dhe investitor\u00ebt e tjer\u00eb strategjik\u00eb. \u201cJemi shum\u00eb t\u00eb interesuar p\u00ebr promovimin e kohezionit rajonal, duke synuar zhvillimin ekonomik, ekologjik, kulturor e social t\u00eb rajonit ton\u00eb\u201d \u2013 u shpreh Kreu i Shtetit.<\/p>\n<p><a href=\"http:\/\/www.visit-ulcinj.com\/blog\/wp-content\/uploads\/2015\/03\/Bujar-Nishani-Milo-Djukanovic-1.jpg\"><img loading=\"lazy\" class=\"alignleft wp-image-89541\" src=\"http:\/\/www.visit-ulcinj.com\/blog\/wp-content\/uploads\/2015\/03\/Bujar-Nishani-Milo-Djukanovic-1.jpg\" alt=\"Bujar-Nishani-Milo-Djukanovic-1\" width=\"508\" height=\"307\" srcset=\"https:\/\/www.visit-ulcinj.com\/blog\/wp-content\/uploads\/2015\/03\/Bujar-Nishani-Milo-Djukanovic-1.jpg 840w, https:\/\/www.visit-ulcinj.com\/blog\/wp-content\/uploads\/2015\/03\/Bujar-Nishani-Milo-Djukanovic-1-300x181.jpg 300w\" sizes=\"(max-width: 508px) 100vw, 508px\" \/><\/a><\/p>\n<p>Presidenti Nishani edhe n\u00eb takimin me Kryeministrin e Malit t\u00eb Zi, Milo \u0110ukanovi\u0107 trajtoi \u00e7\u00ebshtjen e pakicave komb\u00ebtare, duke vler\u00ebsuar rolin e tyre si ura lidh\u00ebse t\u00eb r\u00ebnd\u00ebsishme e t\u00eb q\u00ebndrueshme miq\u00ebsie. Presidenti theksoi gjithashtu se \u00ebsht\u00eb shum\u00eb e r\u00ebnd\u00ebsishme q\u00eb shqiptar\u00ebt n\u00eb Mal t\u00eb Zi duhet t\u00eb ndihen t\u00eb mir\u00ebp\u00ebrfaq\u00ebsuar si dhe duhet t\u00eb respektohet e drejta e pron\u00ebs private dhe e administrimit t\u00eb saj.<\/p>\n<p>\u201cShqiptar\u00ebt n\u00eb Mal t\u00eb Zi duhet t\u00eb g\u00ebzojn\u00eb t\u00eb gjith\u00eb hap\u00ebsir\u00ebn e nevojshme ligjore n\u00eb shkollimin e gjuh\u00ebs shqipe, si dhe n\u00eb p\u00ebrdorimin e simboleve dhe t\u00eb gjuh\u00ebs komb\u00ebtare\u201d \u2013 u shpreh Kreu i Shtetit<\/p>\n<p>Presidenti Nishani vler\u00ebsoi gjithashtu se zgjidhja p\u00ebrfundimtare e statusit t\u00eb Komun\u00ebs s\u00eb Tuzit do t\u00eb jet\u00eb nj\u00eb hap\u00ebsir\u00eb m\u00eb e madhe p\u00ebr zhvillim dhe bashk\u00ebpunim n\u00eb t\u00eb gjith\u00eb zon\u00ebn, theksohet nga presidenca e Republik\u00ebs s\u00eb Shqip\u00ebris\u00eb.<\/p>\n","protected":false},"excerpt":{"rendered":"<p>Presidenti i Republik\u00ebs, Sh.T.Z. Bujar Nishani gjat\u00eb vizit\u00ebs shtet\u00ebrore n\u00eb Mal t\u00eb Zi zhvilloi nj\u00eb takim t\u00eb ve\u00e7ant\u00eb edhe me Kryeministrin e Malit t\u00eb Zi, zotin Milo \u0110ukanovi\u0107. Presidenti i Republik\u00ebs n\u00eb bised\u00ebn me Kryeministrin e Malit t\u00eb Zi vler\u00ebsoi kontributin personal t\u00eb Kryeministrit \u0110ukanovi\u0107 n\u00eb krijimin e marr\u00ebdh\u00ebnieve shum\u00eb t\u00eb mira e miq\u00ebsore mes [&hellip;]<\/p>\n","protected":false},"author":1,"featured_media":0,"comment_status":"closed","ping_status":"closed","sticky":false,"template":"","format":"standard","meta":{"spay_email":"","jetpack_publicize_message":"","jetpack_is_tweetstorm":false,"jetpack_publicize_feature_enabled":true},"categories":[1,2451],"tags":[],"jetpack_publicize_connections":[],"yoast_head":"<!-- This site is optimized with the Yoast SEO plugin v19.1 - https:\/\/yoast.com\/wordpress\/plugins\/seo\/ -->\n<title>Bujar Nishani u takua edhe me kryeministrin e Malit t\u00eb Zi, Milo \u0110ukanovi\u0107 - Lajme nga Ulqini<\/title>\n<meta name=\"description\" content=\"Presidenti i Republik\u00ebs, Sh.T.Z. Bujar Nishani gjat\u00eb vizit\u00ebs shtet\u00ebrore n\u00eb Mal t\u00eb Zi zhvilloi nj\u00eb takim t\u00eb ve\u00e7ant\u00eb edhe me Kryeministrin e Malit t\u00eb Zi,\" \/>\n<meta name=\"robots\" content=\"index, follow, max-snippet:-1, max-image-preview:large, max-video-preview:-1\" \/>\n<link rel=\"canonical\" href=\"https:\/\/www.visit-ulcinj.com\/blog\/2015\/03\/23\/bujar-nishani-u-takua-edhe-kryeministrin-e-malit-te-zi-milo-dukanovic\/\" \/>\n<meta property=\"og:locale\" content=\"en_US\" \/>\n<meta property=\"og:type\" content=\"article\" \/>\n<meta property=\"og:title\" content=\"Bujar Nishani u takua edhe me kryeministrin e Malit t\u00eb Zi, Milo \u0110ukanovi\u0107 - Lajme nga Ulqini\" \/>\n<meta property=\"og:description\" content=\"Presidenti i Republik\u00ebs, Sh.T.Z. Bujar Nishani gjat\u00eb vizit\u00ebs shtet\u00ebrore n\u00eb Mal t\u00eb Zi zhvilloi nj\u00eb takim t\u00eb ve\u00e7ant\u00eb edhe me Kryeministrin e Malit t\u00eb Zi,\" \/>\n<meta property=\"og:url\" content=\"https:\/\/www.visit-ulcinj.com\/blog\/2015\/03\/23\/bujar-nishani-u-takua-edhe-kryeministrin-e-malit-te-zi-milo-dukanovic\/\" \/>\n<meta property=\"og:site_name\" content=\"Lajme nga Ulqini\" \/>\n<meta property=\"article:published_time\" content=\"2015-03-23T15:42:35+00:00\" \/>\n<meta property=\"article:modified_time\" content=\"2015-03-24T08:00:18+00:00\" \/>\n<meta property=\"og:image\" content=\"http:\/\/www.visit-ulcinj.com\/blog\/wp-content\/uploads\/2015\/03\/Bujar-Nishani-Milo-Djukanovic-.jpg\" \/>\n<meta name=\"twitter:label1\" content=\"Written by\" \/>\n\t<meta name=\"twitter:data1\" content=\"ulqini\" \/>\n\t<meta name=\"twitter:label2\" content=\"Est. reading time\" \/>\n\t<meta name=\"twitter:data2\" content=\"3 minutes\" \/>\n<script type=\"application\/ld+json\" class=\"yoast-schema-graph\">{\"@context\":\"https:\/\/schema.org\",\"@graph\":[{\"@type\":\"WebSite\",\"@id\":\"https:\/\/www.visit-ulcinj.com\/blog\/#website\",\"url\":\"https:\/\/www.visit-ulcinj.com\/blog\/\",\"name\":\"Lajme nga Ulqini\",\"description\":\"Lajme,Vijesti,Ulqini,Ulqin,Crna Gora,Mali i Zi\",\"potentialAction\":[{\"@type\":\"SearchAction\",\"target\":{\"@type\":\"EntryPoint\",\"urlTemplate\":\"https:\/\/www.visit-ulcinj.com\/blog\/?s={search_term_string}\"},\"query-input\":\"required name=search_term_string\"}],\"inLanguage\":\"en-US\"},{\"@type\":\"ImageObject\",\"inLanguage\":\"en-US\",\"@id\":\"https:\/\/www.visit-ulcinj.com\/blog\/2015\/03\/23\/bujar-nishani-u-takua-edhe-kryeministrin-e-malit-te-zi-milo-dukanovic\/#primaryimage\",\"url\":\"https:\/\/www.visit-ulcinj.com\/blog\/wp-content\/uploads\/2015\/03\/Bujar-Nishani-Milo-Djukanovic-.jpg\",\"contentUrl\":\"https:\/\/www.visit-ulcinj.com\/blog\/wp-content\/uploads\/2015\/03\/Bujar-Nishani-Milo-Djukanovic-.jpg\",\"width\":840,\"height\":594},{\"@type\":\"WebPage\",\"@id\":\"https:\/\/www.visit-ulcinj.com\/blog\/2015\/03\/23\/bujar-nishani-u-takua-edhe-kryeministrin-e-malit-te-zi-milo-dukanovic\/#webpage\",\"url\":\"https:\/\/www.visit-ulcinj.com\/blog\/2015\/03\/23\/bujar-nishani-u-takua-edhe-kryeministrin-e-malit-te-zi-milo-dukanovic\/\",\"name\":\"Bujar Nishani u takua edhe me kryeministrin e Malit t\u00eb Zi, Milo \u0110ukanovi\u0107 - Lajme nga Ulqini\",\"isPartOf\":{\"@id\":\"https:\/\/www.visit-ulcinj.com\/blog\/#website\"},\"primaryImageOfPage\":{\"@id\":\"https:\/\/www.visit-ulcinj.com\/blog\/2015\/03\/23\/bujar-nishani-u-takua-edhe-kryeministrin-e-malit-te-zi-milo-dukanovic\/#primaryimage\"},\"datePublished\":\"2015-03-23T15:42:35+00:00\",\"dateModified\":\"2015-03-24T08:00:18+00:00\",\"author\":{\"@id\":\"https:\/\/www.visit-ulcinj.com\/blog\/#\/schema\/person\/dcab619c614d3038751c63bc2aadc06d\"},\"description\":\"Presidenti i Republik\u00ebs, Sh.T.Z. Bujar Nishani gjat\u00eb vizit\u00ebs shtet\u00ebrore n\u00eb Mal t\u00eb Zi zhvilloi nj\u00eb takim t\u00eb ve\u00e7ant\u00eb edhe me Kryeministrin e Malit t\u00eb Zi,\",\"breadcrumb\":{\"@id\":\"https:\/\/www.visit-ulcinj.com\/blog\/2015\/03\/23\/bujar-nishani-u-takua-edhe-kryeministrin-e-malit-te-zi-milo-dukanovic\/#breadcrumb\"},\"inLanguage\":\"en-US\",\"potentialAction\":[{\"@type\":\"ReadAction\",\"target\":[\"https:\/\/www.visit-ulcinj.com\/blog\/2015\/03\/23\/bujar-nishani-u-takua-edhe-kryeministrin-e-malit-te-zi-milo-dukanovic\/\"]}]},{\"@type\":\"BreadcrumbList\",\"@id\":\"https:\/\/www.visit-ulcinj.com\/blog\/2015\/03\/23\/bujar-nishani-u-takua-edhe-kryeministrin-e-malit-te-zi-milo-dukanovic\/#breadcrumb\",\"itemListElement\":[{\"@type\":\"ListItem\",\"position\":1,\"name\":\"Bujar Nishani u takua edhe me kryeministrin e Malit t\u00eb Zi, Milo \u0110ukanovi\u0107\"}]},{\"@type\":\"Person\",\"@id\":\"https:\/\/www.visit-ulcinj.com\/blog\/#\/schema\/person\/dcab619c614d3038751c63bc2aadc06d\",\"name\":\"ulqini\",\"sameAs\":[\"http:\/\/www.visit-ulcinj.com\"],\"url\":\"https:\/\/www.visit-ulcinj.com\/blog\/author\/admin\/\"}]}<\/script>\n<!-- \/ Yoast SEO plugin. -->","yoast_head_json":{"title":"Bujar Nishani u takua edhe me kryeministrin e Malit t\u00eb Zi, Milo \u0110ukanovi\u0107 - Lajme nga Ulqini","description":"Presidenti i Republik\u00ebs, Sh.T.Z. Bujar Nishani gjat\u00eb vizit\u00ebs shtet\u00ebrore n\u00eb Mal t\u00eb Zi zhvilloi nj\u00eb takim t\u00eb ve\u00e7ant\u00eb edhe me Kryeministrin e Malit t\u00eb Zi,","robots":{"index":"index","follow":"follow","max-snippet":"max-snippet:-1","max-image-preview":"max-image-preview:large","max-video-preview":"max-video-preview:-1"},"canonical":"https:\/\/www.visit-ulcinj.com\/blog\/2015\/03\/23\/bujar-nishani-u-takua-edhe-kryeministrin-e-malit-te-zi-milo-dukanovic\/","og_locale":"en_US","og_type":"article","og_title":"Bujar Nishani u takua edhe me kryeministrin e Malit t\u00eb Zi, Milo \u0110ukanovi\u0107 - Lajme nga Ulqini","og_description":"Presidenti i Republik\u00ebs, Sh.T.Z. Bujar Nishani gjat\u00eb vizit\u00ebs shtet\u00ebrore n\u00eb Mal t\u00eb Zi zhvilloi nj\u00eb takim t\u00eb ve\u00e7ant\u00eb edhe me Kryeministrin e Malit t\u00eb Zi,","og_url":"https:\/\/www.visit-ulcinj.com\/blog\/2015\/03\/23\/bujar-nishani-u-takua-edhe-kryeministrin-e-malit-te-zi-milo-dukanovic\/","og_site_name":"Lajme nga Ulqini","article_published_time":"2015-03-23T15:42:35+00:00","article_modified_time":"2015-03-24T08:00:18+00:00","og_image":[{"url":"http:\/\/www.visit-ulcinj.com\/blog\/wp-content\/uploads\/2015\/03\/Bujar-Nishani-Milo-Djukanovic-.jpg"}],"twitter_misc":{"Written by":"ulqini","Est. reading time":"3 minutes"},"schema":{"@context":"https:\/\/schema.org","@graph":[{"@type":"WebSite","@id":"https:\/\/www.visit-ulcinj.com\/blog\/#website","url":"https:\/\/www.visit-ulcinj.com\/blog\/","name":"Lajme nga Ulqini","description":"Lajme,Vijesti,Ulqini,Ulqin,Crna Gora,Mali i Zi","potentialAction":[{"@type":"SearchAction","target":{"@type":"EntryPoint","urlTemplate":"https:\/\/www.visit-ulcinj.com\/blog\/?s={search_term_string}"},"query-input":"required name=search_term_string"}],"inLanguage":"en-US"},{"@type":"ImageObject","inLanguage":"en-US","@id":"https:\/\/www.visit-ulcinj.com\/blog\/2015\/03\/23\/bujar-nishani-u-takua-edhe-kryeministrin-e-malit-te-zi-milo-dukanovic\/#primaryimage","url":"https:\/\/www.visit-ulcinj.com\/blog\/wp-content\/uploads\/2015\/03\/Bujar-Nishani-Milo-Djukanovic-.jpg","contentUrl":"https:\/\/www.visit-ulcinj.com\/blog\/wp-content\/uploads\/2015\/03\/Bujar-Nishani-Milo-Djukanovic-.jpg","width":840,"height":594},{"@type":"WebPage","@id":"https:\/\/www.visit-ulcinj.com\/blog\/2015\/03\/23\/bujar-nishani-u-takua-edhe-kryeministrin-e-malit-te-zi-milo-dukanovic\/#webpage","url":"https:\/\/www.visit-ulcinj.com\/blog\/2015\/03\/23\/bujar-nishani-u-takua-edhe-kryeministrin-e-malit-te-zi-milo-dukanovic\/","name":"Bujar Nishani u takua edhe me kryeministrin e Malit t\u00eb Zi, Milo \u0110ukanovi\u0107 - Lajme nga Ulqini","isPartOf":{"@id":"https:\/\/www.visit-ulcinj.com\/blog\/#website"},"primaryImageOfPage":{"@id":"https:\/\/www.visit-ulcinj.com\/blog\/2015\/03\/23\/bujar-nishani-u-takua-edhe-kryeministrin-e-malit-te-zi-milo-dukanovic\/#primaryimage"},"datePublished":"2015-03-23T15:42:35+00:00","dateModified":"2015-03-24T08:00:18+00:00","author":{"@id":"https:\/\/www.visit-ulcinj.com\/blog\/#\/schema\/person\/dcab619c614d3038751c63bc2aadc06d"},"description":"Presidenti i Republik\u00ebs, Sh.T.Z. Bujar Nishani gjat\u00eb vizit\u00ebs shtet\u00ebrore n\u00eb Mal t\u00eb Zi zhvilloi nj\u00eb takim t\u00eb ve\u00e7ant\u00eb edhe me Kryeministrin e Malit t\u00eb Zi,","breadcrumb":{"@id":"https:\/\/www.visit-ulcinj.com\/blog\/2015\/03\/23\/bujar-nishani-u-takua-edhe-kryeministrin-e-malit-te-zi-milo-dukanovic\/#breadcrumb"},"inLanguage":"en-US","potentialAction":[{"@type":"ReadAction","target":["https:\/\/www.visit-ulcinj.com\/blog\/2015\/03\/23\/bujar-nishani-u-takua-edhe-kryeministrin-e-malit-te-zi-milo-dukanovic\/"]}]},{"@type":"BreadcrumbList","@id":"https:\/\/www.visit-ulcinj.com\/blog\/2015\/03\/23\/bujar-nishani-u-takua-edhe-kryeministrin-e-malit-te-zi-milo-dukanovic\/#breadcrumb","itemListElement":[{"@type":"ListItem","position":1,"name":"Bujar Nishani u takua edhe me kryeministrin e Malit t\u00eb Zi, Milo \u0110ukanovi\u0107"}]},{"@type":"Person","@id":"https:\/\/www.visit-ulcinj.com\/blog\/#\/schema\/person\/dcab619c614d3038751c63bc2aadc06d","name":"ulqini","sameAs":["http:\/\/www.visit-ulcinj.com"],"url":"https:\/\/www.visit-ulcinj.com\/blog\/author\/admin\/"}]}},"jetpack_featured_media_url":"","jetpack_sharing_enabled":true,"jetpack_shortlink":"https:\/\/wp.me\/pe6lTn-nib","_links":{"self":[{"href":"https:\/\/www.visit-ulcinj.com\/blog\/wp-json\/wp\/v2\/posts\/89539"}],"collection":[{"href":"https:\/\/www.visit-ulcinj.com\/blog\/wp-json\/wp\/v2\/posts"}],"about":[{"href":"https:\/\/www.visit-ulcinj.com\/blog\/wp-json\/wp\/v2\/types\/post"}],"author":[{"embeddable":true,"href":"https:\/\/www.visit-ulcinj.com\/blog\/wp-json\/wp\/v2\/users\/1"}],"replies":[{"embeddable":true,"href":"https:\/\/www.visit-ulcinj.com\/blog\/wp-json\/wp\/v2\/comments?post=89539"}],"version-history":[{"count":1,"href":"https:\/\/www.visit-ulcinj.com\/blog\/wp-json\/wp\/v2\/posts\/89539\/revisions"}],"predecessor-version":[{"id":89542,"href":"https:\/\/www.visit-ulcinj.com\/blog\/wp-json\/wp\/v2\/posts\/89539\/revisions\/89542"}],"wp:attachment":[{"href":"https:\/\/www.visit-ulcinj.com\/blog\/wp-json\/wp\/v2\/media?parent=89539"}],"wp:term":[{"taxonomy":"category","embeddable":true,"href":"https:\/\/www.visit-ulcinj.com\/blog\/wp-json\/wp\/v2\/categories?post=89539"},{"taxonomy":"post_tag","embeddable":true,"href":"https:\/\/www.visit-ulcinj.com\/blog\/wp-json\/wp\/v2\/tags?post=89539"}],"curies":[{"name":"wp","href":"https:\/\/api.w.org\/{rel}","templated":true}]}}