{"id":89556,"date":"2015-03-23T18:29:05","date_gmt":"2015-03-23T17:29:05","guid":{"rendered":"http:\/\/www.visit-ulcinj.com\/blog\/?p=89556"},"modified":"2015-03-23T18:29:05","modified_gmt":"2015-03-23T17:29:05","slug":"krivokapic-nisani-zajedno-na-evropskom-putu","status":"publish","type":"post","link":"https:\/\/www.visit-ulcinj.com\/blog\/2015\/03\/23\/krivokapic-nisani-zajedno-na-evropskom-putu\/","title":{"rendered":"Krivokapi\u0107 &#8211;  Ni\u0161ani: Zajedno na evropskom putu"},"content":{"rendered":"<p><a href=\"http:\/\/www.visit-ulcinj.com\/blog\/wp-content\/uploads\/2015\/03\/Krivokapic-Bujar-Nisani.jpg\"><img loading=\"lazy\" class=\"alignleft wp-image-89557\" src=\"http:\/\/www.visit-ulcinj.com\/blog\/wp-content\/uploads\/2015\/03\/Krivokapic-Bujar-Nisani.jpg\" alt=\"Krivokapic-Bujar-Nisani\" width=\"508\" height=\"338\" srcset=\"https:\/\/www.visit-ulcinj.com\/blog\/wp-content\/uploads\/2015\/03\/Krivokapic-Bujar-Nisani.jpg 900w, https:\/\/www.visit-ulcinj.com\/blog\/wp-content\/uploads\/2015\/03\/Krivokapic-Bujar-Nisani-300x199.jpg 300w\" sizes=\"(max-width: 508px) 100vw, 508px\" \/><\/a>Predsjednik Skup\u0161tine Crne Gore Ranko Krivokapi\u0107 i albanski predsjednik Bujar Ni\u0161ani razgovarali su danas u Podgorici i istakli dobre odnose dvije zemlje, ocjenjuju\u0107i da odnosi Crne Gore i Albanije mogu slu\u017eiti kao model dobrosusjedstva i prijateljstva u ovom regionu.<\/p>\n<p>&#8220;Krivokapi\u0107 je tokom sastanka sa predsjednikom Albanije ocijenio da su dvije dr\u017eave na istom evropskom putu, koji zna\u010di suo\u010davanje sa sli\u010dnim izazovima. Na\u0161im dr\u017eavama ostaje izazov osna\u017eiti vladavinu prava jer je ona najva\u017eniji temelj dr\u017eave\u201d, poru\u010dio je Krivokapi\u0107, navode\u0107i kako se nada da \u0107e dvije zemlje uskoro biti u zajedni\u010dkoj evropskoj ku\u0107i.<\/p>\n<p>Ni\u0161ani je, sa druge strane, ocijenio da su politi\u010dki odnosi dvije dr\u017eave prijateljski i sadr\u017eajni, istakav\u0161i da postoji veliki prostor za ekonomsku saradnju u potencijalima koji su nedovoljno iskori\u0161\u0107eni.<\/p>\n<p>&#8220;Ni\u0161ani je iskazao podr\u0161ku na\u0161oj dr\u017eavi za punopravno \u010dlanstvo u NATO i EU&#8221;, saop\u0161teno je iz Krivokapi\u0107evog kabineta.<\/p>\n<p>TVCG<\/p>\n","protected":false},"excerpt":{"rendered":"<p>Predsjednik Skup\u0161tine Crne Gore Ranko Krivokapi\u0107 i albanski predsjednik Bujar Ni\u0161ani razgovarali su danas u Podgorici i istakli dobre odnose dvije zemlje, ocjenjuju\u0107i da odnosi Crne Gore i Albanije mogu slu\u017eiti kao model dobrosusjedstva i prijateljstva u ovom regionu. &#8220;Krivokapi\u0107 je tokom sastanka sa predsjednikom Albanije ocijenio da su dvije dr\u017eave na istom evropskom putu, [&hellip;]<\/p>\n","protected":false},"author":1,"featured_media":0,"comment_status":"closed","ping_status":"closed","sticky":false,"template":"","format":"standard","meta":{"spay_email":"","jetpack_publicize_message":"","jetpack_is_tweetstorm":false,"jetpack_publicize_feature_enabled":true},"categories":[6950],"tags":[],"jetpack_publicize_connections":[],"yoast_head":"<!-- This site is optimized with the Yoast SEO plugin v19.1 - https:\/\/yoast.com\/wordpress\/plugins\/seo\/ -->\n<title>Krivokapi\u0107 - Ni\u0161ani: Zajedno na evropskom putu - Lajme nga Ulqini<\/title>\n<meta name=\"description\" content=\"Predsjednik Skup\u0161tine Crne Gore Ranko Krivokapi\u0107 i albanski predsjednik Bujar Ni\u0161ani razgovarali su danas u Podgorici i istakli dobre odnose dvije zemlje,\" \/>\n<meta name=\"robots\" content=\"index, follow, max-snippet:-1, max-image-preview:large, max-video-preview:-1\" \/>\n<link rel=\"canonical\" href=\"https:\/\/www.visit-ulcinj.com\/blog\/2015\/03\/23\/krivokapic-nisani-zajedno-na-evropskom-putu\/\" \/>\n<meta property=\"og:locale\" content=\"en_US\" \/>\n<meta property=\"og:type\" content=\"article\" \/>\n<meta property=\"og:title\" content=\"Krivokapi\u0107 - Ni\u0161ani: Zajedno na evropskom putu - Lajme nga Ulqini\" \/>\n<meta property=\"og:description\" content=\"Predsjednik Skup\u0161tine Crne Gore Ranko Krivokapi\u0107 i albanski predsjednik Bujar Ni\u0161ani razgovarali su danas u Podgorici i istakli dobre odnose dvije zemlje,\" \/>\n<meta property=\"og:url\" content=\"https:\/\/www.visit-ulcinj.com\/blog\/2015\/03\/23\/krivokapic-nisani-zajedno-na-evropskom-putu\/\" \/>\n<meta property=\"og:site_name\" content=\"Lajme nga Ulqini\" \/>\n<meta property=\"article:published_time\" content=\"2015-03-23T17:29:05+00:00\" \/>\n<meta property=\"og:image\" content=\"http:\/\/www.visit-ulcinj.com\/blog\/wp-content\/uploads\/2015\/03\/Krivokapic-Bujar-Nisani.jpg\" \/>\n<meta name=\"twitter:label1\" content=\"Written by\" \/>\n\t<meta name=\"twitter:data1\" content=\"ulqini\" \/>\n\t<meta name=\"twitter:label2\" content=\"Est. reading time\" \/>\n\t<meta name=\"twitter:data2\" content=\"1 minute\" \/>\n<script type=\"application\/ld+json\" class=\"yoast-schema-graph\">{\"@context\":\"https:\/\/schema.org\",\"@graph\":[{\"@type\":\"WebSite\",\"@id\":\"https:\/\/www.visit-ulcinj.com\/blog\/#website\",\"url\":\"https:\/\/www.visit-ulcinj.com\/blog\/\",\"name\":\"Lajme nga Ulqini\",\"description\":\"Lajme,Vijesti,Ulqini,Ulqin,Crna Gora,Mali i Zi\",\"potentialAction\":[{\"@type\":\"SearchAction\",\"target\":{\"@type\":\"EntryPoint\",\"urlTemplate\":\"https:\/\/www.visit-ulcinj.com\/blog\/?s={search_term_string}\"},\"query-input\":\"required name=search_term_string\"}],\"inLanguage\":\"en-US\"},{\"@type\":\"ImageObject\",\"inLanguage\":\"en-US\",\"@id\":\"https:\/\/www.visit-ulcinj.com\/blog\/2015\/03\/23\/krivokapic-nisani-zajedno-na-evropskom-putu\/#primaryimage\",\"url\":\"https:\/\/www.visit-ulcinj.com\/blog\/wp-content\/uploads\/2015\/03\/Krivokapic-Bujar-Nisani.jpg\",\"contentUrl\":\"https:\/\/www.visit-ulcinj.com\/blog\/wp-content\/uploads\/2015\/03\/Krivokapic-Bujar-Nisani.jpg\",\"width\":900,\"height\":598},{\"@type\":\"WebPage\",\"@id\":\"https:\/\/www.visit-ulcinj.com\/blog\/2015\/03\/23\/krivokapic-nisani-zajedno-na-evropskom-putu\/#webpage\",\"url\":\"https:\/\/www.visit-ulcinj.com\/blog\/2015\/03\/23\/krivokapic-nisani-zajedno-na-evropskom-putu\/\",\"name\":\"Krivokapi\u0107 - Ni\u0161ani: Zajedno na evropskom putu - Lajme nga Ulqini\",\"isPartOf\":{\"@id\":\"https:\/\/www.visit-ulcinj.com\/blog\/#website\"},\"primaryImageOfPage\":{\"@id\":\"https:\/\/www.visit-ulcinj.com\/blog\/2015\/03\/23\/krivokapic-nisani-zajedno-na-evropskom-putu\/#primaryimage\"},\"datePublished\":\"2015-03-23T17:29:05+00:00\",\"dateModified\":\"2015-03-23T17:29:05+00:00\",\"author\":{\"@id\":\"https:\/\/www.visit-ulcinj.com\/blog\/#\/schema\/person\/dcab619c614d3038751c63bc2aadc06d\"},\"description\":\"Predsjednik Skup\u0161tine Crne Gore Ranko Krivokapi\u0107 i albanski predsjednik Bujar Ni\u0161ani razgovarali su danas u Podgorici i istakli dobre odnose dvije zemlje,\",\"breadcrumb\":{\"@id\":\"https:\/\/www.visit-ulcinj.com\/blog\/2015\/03\/23\/krivokapic-nisani-zajedno-na-evropskom-putu\/#breadcrumb\"},\"inLanguage\":\"en-US\",\"potentialAction\":[{\"@type\":\"ReadAction\",\"target\":[\"https:\/\/www.visit-ulcinj.com\/blog\/2015\/03\/23\/krivokapic-nisani-zajedno-na-evropskom-putu\/\"]}]},{\"@type\":\"BreadcrumbList\",\"@id\":\"https:\/\/www.visit-ulcinj.com\/blog\/2015\/03\/23\/krivokapic-nisani-zajedno-na-evropskom-putu\/#breadcrumb\",\"itemListElement\":[{\"@type\":\"ListItem\",\"position\":1,\"name\":\"Krivokapi\u0107 &#8211; Ni\u0161ani: Zajedno na evropskom putu\"}]},{\"@type\":\"Person\",\"@id\":\"https:\/\/www.visit-ulcinj.com\/blog\/#\/schema\/person\/dcab619c614d3038751c63bc2aadc06d\",\"name\":\"ulqini\",\"sameAs\":[\"http:\/\/www.visit-ulcinj.com\"],\"url\":\"https:\/\/www.visit-ulcinj.com\/blog\/author\/admin\/\"}]}<\/script>\n<!-- \/ Yoast SEO plugin. -->","yoast_head_json":{"title":"Krivokapi\u0107 - Ni\u0161ani: Zajedno na evropskom putu - Lajme nga Ulqini","description":"Predsjednik Skup\u0161tine Crne Gore Ranko Krivokapi\u0107 i albanski predsjednik Bujar Ni\u0161ani razgovarali su danas u Podgorici i istakli dobre odnose dvije zemlje,","robots":{"index":"index","follow":"follow","max-snippet":"max-snippet:-1","max-image-preview":"max-image-preview:large","max-video-preview":"max-video-preview:-1"},"canonical":"https:\/\/www.visit-ulcinj.com\/blog\/2015\/03\/23\/krivokapic-nisani-zajedno-na-evropskom-putu\/","og_locale":"en_US","og_type":"article","og_title":"Krivokapi\u0107 - Ni\u0161ani: Zajedno na evropskom putu - Lajme nga Ulqini","og_description":"Predsjednik Skup\u0161tine Crne Gore Ranko Krivokapi\u0107 i albanski predsjednik Bujar Ni\u0161ani razgovarali su danas u Podgorici i istakli dobre odnose dvije zemlje,","og_url":"https:\/\/www.visit-ulcinj.com\/blog\/2015\/03\/23\/krivokapic-nisani-zajedno-na-evropskom-putu\/","og_site_name":"Lajme nga Ulqini","article_published_time":"2015-03-23T17:29:05+00:00","og_image":[{"url":"http:\/\/www.visit-ulcinj.com\/blog\/wp-content\/uploads\/2015\/03\/Krivokapic-Bujar-Nisani.jpg"}],"twitter_misc":{"Written by":"ulqini","Est. reading time":"1 minute"},"schema":{"@context":"https:\/\/schema.org","@graph":[{"@type":"WebSite","@id":"https:\/\/www.visit-ulcinj.com\/blog\/#website","url":"https:\/\/www.visit-ulcinj.com\/blog\/","name":"Lajme nga Ulqini","description":"Lajme,Vijesti,Ulqini,Ulqin,Crna Gora,Mali i Zi","potentialAction":[{"@type":"SearchAction","target":{"@type":"EntryPoint","urlTemplate":"https:\/\/www.visit-ulcinj.com\/blog\/?s={search_term_string}"},"query-input":"required name=search_term_string"}],"inLanguage":"en-US"},{"@type":"ImageObject","inLanguage":"en-US","@id":"https:\/\/www.visit-ulcinj.com\/blog\/2015\/03\/23\/krivokapic-nisani-zajedno-na-evropskom-putu\/#primaryimage","url":"https:\/\/www.visit-ulcinj.com\/blog\/wp-content\/uploads\/2015\/03\/Krivokapic-Bujar-Nisani.jpg","contentUrl":"https:\/\/www.visit-ulcinj.com\/blog\/wp-content\/uploads\/2015\/03\/Krivokapic-Bujar-Nisani.jpg","width":900,"height":598},{"@type":"WebPage","@id":"https:\/\/www.visit-ulcinj.com\/blog\/2015\/03\/23\/krivokapic-nisani-zajedno-na-evropskom-putu\/#webpage","url":"https:\/\/www.visit-ulcinj.com\/blog\/2015\/03\/23\/krivokapic-nisani-zajedno-na-evropskom-putu\/","name":"Krivokapi\u0107 - Ni\u0161ani: Zajedno na evropskom putu - Lajme nga Ulqini","isPartOf":{"@id":"https:\/\/www.visit-ulcinj.com\/blog\/#website"},"primaryImageOfPage":{"@id":"https:\/\/www.visit-ulcinj.com\/blog\/2015\/03\/23\/krivokapic-nisani-zajedno-na-evropskom-putu\/#primaryimage"},"datePublished":"2015-03-23T17:29:05+00:00","dateModified":"2015-03-23T17:29:05+00:00","author":{"@id":"https:\/\/www.visit-ulcinj.com\/blog\/#\/schema\/person\/dcab619c614d3038751c63bc2aadc06d"},"description":"Predsjednik Skup\u0161tine Crne Gore Ranko Krivokapi\u0107 i albanski predsjednik Bujar Ni\u0161ani razgovarali su danas u Podgorici i istakli dobre odnose dvije zemlje,","breadcrumb":{"@id":"https:\/\/www.visit-ulcinj.com\/blog\/2015\/03\/23\/krivokapic-nisani-zajedno-na-evropskom-putu\/#breadcrumb"},"inLanguage":"en-US","potentialAction":[{"@type":"ReadAction","target":["https:\/\/www.visit-ulcinj.com\/blog\/2015\/03\/23\/krivokapic-nisani-zajedno-na-evropskom-putu\/"]}]},{"@type":"BreadcrumbList","@id":"https:\/\/www.visit-ulcinj.com\/blog\/2015\/03\/23\/krivokapic-nisani-zajedno-na-evropskom-putu\/#breadcrumb","itemListElement":[{"@type":"ListItem","position":1,"name":"Krivokapi\u0107 &#8211; Ni\u0161ani: Zajedno na evropskom putu"}]},{"@type":"Person","@id":"https:\/\/www.visit-ulcinj.com\/blog\/#\/schema\/person\/dcab619c614d3038751c63bc2aadc06d","name":"ulqini","sameAs":["http:\/\/www.visit-ulcinj.com"],"url":"https:\/\/www.visit-ulcinj.com\/blog\/author\/admin\/"}]}},"jetpack_featured_media_url":"","jetpack_sharing_enabled":true,"jetpack_shortlink":"https:\/\/wp.me\/pe6lTn-nis","_links":{"self":[{"href":"https:\/\/www.visit-ulcinj.com\/blog\/wp-json\/wp\/v2\/posts\/89556"}],"collection":[{"href":"https:\/\/www.visit-ulcinj.com\/blog\/wp-json\/wp\/v2\/posts"}],"about":[{"href":"https:\/\/www.visit-ulcinj.com\/blog\/wp-json\/wp\/v2\/types\/post"}],"author":[{"embeddable":true,"href":"https:\/\/www.visit-ulcinj.com\/blog\/wp-json\/wp\/v2\/users\/1"}],"replies":[{"embeddable":true,"href":"https:\/\/www.visit-ulcinj.com\/blog\/wp-json\/wp\/v2\/comments?post=89556"}],"version-history":[{"count":1,"href":"https:\/\/www.visit-ulcinj.com\/blog\/wp-json\/wp\/v2\/posts\/89556\/revisions"}],"predecessor-version":[{"id":89558,"href":"https:\/\/www.visit-ulcinj.com\/blog\/wp-json\/wp\/v2\/posts\/89556\/revisions\/89558"}],"wp:attachment":[{"href":"https:\/\/www.visit-ulcinj.com\/blog\/wp-json\/wp\/v2\/media?parent=89556"}],"wp:term":[{"taxonomy":"category","embeddable":true,"href":"https:\/\/www.visit-ulcinj.com\/blog\/wp-json\/wp\/v2\/categories?post=89556"},{"taxonomy":"post_tag","embeddable":true,"href":"https:\/\/www.visit-ulcinj.com\/blog\/wp-json\/wp\/v2\/tags?post=89556"}],"curies":[{"name":"wp","href":"https:\/\/api.w.org\/{rel}","templated":true}]}}