{"id":89559,"date":"2015-03-23T18:33:39","date_gmt":"2015-03-23T17:33:39","guid":{"rendered":"http:\/\/www.visit-ulcinj.com\/blog\/?p=89559"},"modified":"2015-03-23T18:37:36","modified_gmt":"2015-03-23T17:37:36","slug":"rusi-putuju-manje-zbog-ukrajine","status":"publish","type":"post","link":"https:\/\/www.visit-ulcinj.com\/blog\/2015\/03\/23\/rusi-putuju-manje-zbog-ukrajine\/","title":{"rendered":"Rusi putuju manje zbog Ukrajine"},"content":{"rendered":"<p><a href=\"http:\/\/www.visit-ulcinj.com\/blog\/wp-content\/uploads\/2015\/03\/Sajam-Moskva-2015_Crna-Gora.jpg\"><img loading=\"lazy\" class=\"alignleft wp-image-89560\" src=\"http:\/\/www.visit-ulcinj.com\/blog\/wp-content\/uploads\/2015\/03\/Sajam-Moskva-2015_Crna-Gora.jpg\" alt=\"Sajam Moskva 2015_Crna-Gora\" width=\"508\" height=\"321\" srcset=\"https:\/\/www.visit-ulcinj.com\/blog\/wp-content\/uploads\/2015\/03\/Sajam-Moskva-2015_Crna-Gora.jpg 759w, https:\/\/www.visit-ulcinj.com\/blog\/wp-content\/uploads\/2015\/03\/Sajam-Moskva-2015_Crna-Gora-300x190.jpg 300w\" sizes=\"(max-width: 508px) 100vw, 508px\" \/><\/a>Aktuelna politi\u010dka de\u0161avanja u Ukrajini, devalvacija rublje i pad \u017eivotnog standarda u Rusiji odra\u017eava se na putovanja ruskih dr\u017eavljana generalno, a posebno kad je rije\u010d o zemljama eurozone koje su zna\u010dajno skuplje u odnosu na isti period pro\u0161le godine, saop\u0161teno je iz Nacionalne turisti\u010dke organizacije Crne Gore.<\/p>\n<p>NTO i ove godine predstavlja turisti\u010dku ponudu Crne Gore na tr\u017ei\u0161tu Rusije, u okviru sajma turizma &#8220;MITT 2015&#8221; u Moskvi.<\/p>\n<p>&#8220;Prema informacijama i podacima turoperatora i crnogorske privrede, evidentno je da su rezervacije smje\u0161taja sa ovog tr\u017ei\u0161ta ove godine po\u010dele kasnije i da u nastupaju\u0107em period predstoji intezivnija prodaja, uz umjereni optimizam. Aktuelna politi\u010dka de\u0161avanja u Ukrajini, devalvacija rublje i pad \u017eivotnog standarda se svakako odra\u017eava na putovanja ruskih dr\u017eavljana generalno, a posebno kada su u pitanju zemlje eurozone\u00a0 koje su zna\u010dajno skuplje u odnosu na isti period prethodne godine&#8221;, saop\u0161teno je iz NTO Crne Gore.<\/p>\n<p>Turoperatori, kako je saop\u0161teno, isti\u010du prednost Crne Gore u odnosu na druge destinacije, prije svega iz razloga \u0161to ruskim turistima nije potrebna viza za boravak do 30 dana.<\/p>\n<p>&#8220;Kao i to \u0161to je crnogorska privreda u postoje\u0107oj globalnoj situaciji u Rusiji, uglavnom korigovala cijene usluga za ovo zna\u010dajno tr\u017ei\u0161te u odnosu na prethodnu godinu. Broj individualnih dolazaka sa ovog tr\u017ei\u0161ta, prema podacima hotelijera u prvom kvartalu ove godine, je zna\u010dajnije pove\u0107an u odnosu na isti period prethodne godine, imaju\u0107i u vidu\u00a0 povoljne\u00a0 aran\u017emane i dobru avio\u00a0 povezanost. U prilog tome govori i istra\u017eivanje kompanije Amadeus IT Group kada je u pitanju avio saobra\u0107aj izmedju Rusije i Crne Gore, frekvencija, raspored letova, raspolo\u017eivi kapaciteti, stepen popunjenosti, broj putnika i sl&#8221;, navode iz NTO.<\/p>\n<p>Podsje\u0107aju da \u0107e nacionalni avioprevoznik Montenegroerlajnz u saradnji sa turoperatorima sa ovog tr\u017ei\u0161ta, u periodu tokom ljetnje turisti\u010dke sezone, imati oko 20 letova nedjeljno iz Moskve za Tivat i Podgoricu.<\/p>\n<p>&#8220;Novitet u redu letjenja nacionalne aviokompanije je redovna linija za Sankt Peterburg, dva puta nedeljno, u periodu maj-septembar. Tako\u0111e, od juna mjeseca, ruski avioprevoznik, Rossiya Airlines, uvodi redovnu liniju na relaciji Sankt Peterburg \u2013 Tivat. Kao i prethodnih godina ruske avio kompanije Aeroflot, Transaero i Siberia, u saradnji sa generalnim zastupnikom za Crnu Goru Fly Montenegro, imaju redovne letove na godi\u0161njem nivou a bi\u0107e realizovani i \u010darter letovi iz Ekaterinburga, Samare i Tjumena. Novina je i da je prodaja na tr\u017ei\u0161tu Bjelorusije znatno pobolj\u0161ana, te da \u0107e broj \u010darter letova biti uve\u0107an u odnosu na prethodnu godinu&#8221;, saop\u0161teno je iz NTO.<\/p>\n<p>Nacionalna turisti\u010dka organizacija \u0107e, kako je saop\u0161teno, u predstoje\u0107em periodu poja\u010dati aktivnosti na tr\u017ei\u0161tu Isto\u010dne Evrope i ve\u0107 po\u010detkom aprila u saradnji sa lokalnim turisti\u010dkim organizacijama i turisti\u010dkom privredom prezentovati ponudu na sajmu u Sankt Peterburgu i u Bakuu.<\/p>\n<p>&#8220;Tokom 2014. godine Crnu Goru je posjetilo oko 320.000 turista iz Rusije, koji su ostvarili preko 2,6 miliona no\u0107enja, \u0161to \u010dini pove\u0107anje od 6% u odnosu na prethodnu godinu. Prosje\u010dni boravak je trajao oko 8 dana. Turisti iz Rusije u\u010destvuju sa oko 28% u ukupnoj strukturi stranih turista&#8221;, istakli su iz NTO.<\/p>\n<p>TVCG<\/p>\n","protected":false},"excerpt":{"rendered":"<p>Aktuelna politi\u010dka de\u0161avanja u Ukrajini, devalvacija rublje i pad \u017eivotnog standarda u Rusiji odra\u017eava se na putovanja ruskih dr\u017eavljana generalno, a posebno kad je rije\u010d o zemljama eurozone koje su zna\u010dajno skuplje u odnosu na isti period pro\u0161le godine, saop\u0161teno je iz Nacionalne turisti\u010dke organizacije Crne Gore. NTO i ove godine predstavlja turisti\u010dku ponudu Crne [&hellip;]<\/p>\n","protected":false},"author":1,"featured_media":0,"comment_status":"closed","ping_status":"closed","sticky":false,"template":"","format":"standard","meta":{"spay_email":"","jetpack_publicize_message":"","jetpack_is_tweetstorm":false,"jetpack_publicize_feature_enabled":true},"categories":[6950],"tags":[],"jetpack_publicize_connections":[],"yoast_head":"<!-- This site is optimized with the Yoast SEO plugin v19.1 - https:\/\/yoast.com\/wordpress\/plugins\/seo\/ -->\n<title>Rusi putuju manje zbog Ukrajine - Lajme nga Ulqini<\/title>\n<meta name=\"description\" content=\"Aktuelna politi\u010dka de\u0161avanja u Ukrajini, devalvacija rublje i pad \u017eivotnog standarda u Rusiji odra\u017eava se na putovanja ruskih dr\u017eavljana generalno, a\" \/>\n<meta name=\"robots\" content=\"index, follow, max-snippet:-1, max-image-preview:large, max-video-preview:-1\" \/>\n<link rel=\"canonical\" href=\"https:\/\/www.visit-ulcinj.com\/blog\/2015\/03\/23\/rusi-putuju-manje-zbog-ukrajine\/\" \/>\n<meta property=\"og:locale\" content=\"en_US\" \/>\n<meta property=\"og:type\" content=\"article\" \/>\n<meta property=\"og:title\" content=\"Rusi putuju manje zbog Ukrajine - Lajme nga Ulqini\" \/>\n<meta property=\"og:description\" content=\"Aktuelna politi\u010dka de\u0161avanja u Ukrajini, devalvacija rublje i pad \u017eivotnog standarda u Rusiji odra\u017eava se na putovanja ruskih dr\u017eavljana generalno, a\" \/>\n<meta property=\"og:url\" content=\"https:\/\/www.visit-ulcinj.com\/blog\/2015\/03\/23\/rusi-putuju-manje-zbog-ukrajine\/\" \/>\n<meta property=\"og:site_name\" content=\"Lajme nga Ulqini\" \/>\n<meta property=\"article:published_time\" content=\"2015-03-23T17:33:39+00:00\" \/>\n<meta property=\"article:modified_time\" content=\"2015-03-23T17:37:36+00:00\" \/>\n<meta property=\"og:image\" content=\"http:\/\/www.visit-ulcinj.com\/blog\/wp-content\/uploads\/2015\/03\/Sajam-Moskva-2015_Crna-Gora.jpg\" \/>\n<meta name=\"twitter:label1\" content=\"Written by\" \/>\n\t<meta name=\"twitter:data1\" content=\"ulqini\" \/>\n\t<meta name=\"twitter:label2\" content=\"Est. reading time\" \/>\n\t<meta name=\"twitter:data2\" content=\"3 minutes\" \/>\n<script type=\"application\/ld+json\" class=\"yoast-schema-graph\">{\"@context\":\"https:\/\/schema.org\",\"@graph\":[{\"@type\":\"WebSite\",\"@id\":\"https:\/\/www.visit-ulcinj.com\/blog\/#website\",\"url\":\"https:\/\/www.visit-ulcinj.com\/blog\/\",\"name\":\"Lajme nga Ulqini\",\"description\":\"Lajme,Vijesti,Ulqini,Ulqin,Crna Gora,Mali i Zi\",\"potentialAction\":[{\"@type\":\"SearchAction\",\"target\":{\"@type\":\"EntryPoint\",\"urlTemplate\":\"https:\/\/www.visit-ulcinj.com\/blog\/?s={search_term_string}\"},\"query-input\":\"required name=search_term_string\"}],\"inLanguage\":\"en-US\"},{\"@type\":\"ImageObject\",\"inLanguage\":\"en-US\",\"@id\":\"https:\/\/www.visit-ulcinj.com\/blog\/2015\/03\/23\/rusi-putuju-manje-zbog-ukrajine\/#primaryimage\",\"url\":\"https:\/\/www.visit-ulcinj.com\/blog\/wp-content\/uploads\/2015\/03\/Sajam-Moskva-2015_Crna-Gora.jpg\",\"contentUrl\":\"https:\/\/www.visit-ulcinj.com\/blog\/wp-content\/uploads\/2015\/03\/Sajam-Moskva-2015_Crna-Gora.jpg\",\"width\":759,\"height\":480},{\"@type\":\"WebPage\",\"@id\":\"https:\/\/www.visit-ulcinj.com\/blog\/2015\/03\/23\/rusi-putuju-manje-zbog-ukrajine\/#webpage\",\"url\":\"https:\/\/www.visit-ulcinj.com\/blog\/2015\/03\/23\/rusi-putuju-manje-zbog-ukrajine\/\",\"name\":\"Rusi putuju manje zbog Ukrajine - Lajme nga Ulqini\",\"isPartOf\":{\"@id\":\"https:\/\/www.visit-ulcinj.com\/blog\/#website\"},\"primaryImageOfPage\":{\"@id\":\"https:\/\/www.visit-ulcinj.com\/blog\/2015\/03\/23\/rusi-putuju-manje-zbog-ukrajine\/#primaryimage\"},\"datePublished\":\"2015-03-23T17:33:39+00:00\",\"dateModified\":\"2015-03-23T17:37:36+00:00\",\"author\":{\"@id\":\"https:\/\/www.visit-ulcinj.com\/blog\/#\/schema\/person\/dcab619c614d3038751c63bc2aadc06d\"},\"description\":\"Aktuelna politi\u010dka de\u0161avanja u Ukrajini, devalvacija rublje i pad \u017eivotnog standarda u Rusiji odra\u017eava se na putovanja ruskih dr\u017eavljana generalno, a\",\"breadcrumb\":{\"@id\":\"https:\/\/www.visit-ulcinj.com\/blog\/2015\/03\/23\/rusi-putuju-manje-zbog-ukrajine\/#breadcrumb\"},\"inLanguage\":\"en-US\",\"potentialAction\":[{\"@type\":\"ReadAction\",\"target\":[\"https:\/\/www.visit-ulcinj.com\/blog\/2015\/03\/23\/rusi-putuju-manje-zbog-ukrajine\/\"]}]},{\"@type\":\"BreadcrumbList\",\"@id\":\"https:\/\/www.visit-ulcinj.com\/blog\/2015\/03\/23\/rusi-putuju-manje-zbog-ukrajine\/#breadcrumb\",\"itemListElement\":[{\"@type\":\"ListItem\",\"position\":1,\"name\":\"Rusi putuju manje zbog Ukrajine\"}]},{\"@type\":\"Person\",\"@id\":\"https:\/\/www.visit-ulcinj.com\/blog\/#\/schema\/person\/dcab619c614d3038751c63bc2aadc06d\",\"name\":\"ulqini\",\"sameAs\":[\"http:\/\/www.visit-ulcinj.com\"],\"url\":\"https:\/\/www.visit-ulcinj.com\/blog\/author\/admin\/\"}]}<\/script>\n<!-- \/ Yoast SEO plugin. -->","yoast_head_json":{"title":"Rusi putuju manje zbog Ukrajine - Lajme nga Ulqini","description":"Aktuelna politi\u010dka de\u0161avanja u Ukrajini, devalvacija rublje i pad \u017eivotnog standarda u Rusiji odra\u017eava se na putovanja ruskih dr\u017eavljana generalno, a","robots":{"index":"index","follow":"follow","max-snippet":"max-snippet:-1","max-image-preview":"max-image-preview:large","max-video-preview":"max-video-preview:-1"},"canonical":"https:\/\/www.visit-ulcinj.com\/blog\/2015\/03\/23\/rusi-putuju-manje-zbog-ukrajine\/","og_locale":"en_US","og_type":"article","og_title":"Rusi putuju manje zbog Ukrajine - Lajme nga Ulqini","og_description":"Aktuelna politi\u010dka de\u0161avanja u Ukrajini, devalvacija rublje i pad \u017eivotnog standarda u Rusiji odra\u017eava se na putovanja ruskih dr\u017eavljana generalno, a","og_url":"https:\/\/www.visit-ulcinj.com\/blog\/2015\/03\/23\/rusi-putuju-manje-zbog-ukrajine\/","og_site_name":"Lajme nga Ulqini","article_published_time":"2015-03-23T17:33:39+00:00","article_modified_time":"2015-03-23T17:37:36+00:00","og_image":[{"url":"http:\/\/www.visit-ulcinj.com\/blog\/wp-content\/uploads\/2015\/03\/Sajam-Moskva-2015_Crna-Gora.jpg"}],"twitter_misc":{"Written by":"ulqini","Est. reading time":"3 minutes"},"schema":{"@context":"https:\/\/schema.org","@graph":[{"@type":"WebSite","@id":"https:\/\/www.visit-ulcinj.com\/blog\/#website","url":"https:\/\/www.visit-ulcinj.com\/blog\/","name":"Lajme nga Ulqini","description":"Lajme,Vijesti,Ulqini,Ulqin,Crna Gora,Mali i Zi","potentialAction":[{"@type":"SearchAction","target":{"@type":"EntryPoint","urlTemplate":"https:\/\/www.visit-ulcinj.com\/blog\/?s={search_term_string}"},"query-input":"required name=search_term_string"}],"inLanguage":"en-US"},{"@type":"ImageObject","inLanguage":"en-US","@id":"https:\/\/www.visit-ulcinj.com\/blog\/2015\/03\/23\/rusi-putuju-manje-zbog-ukrajine\/#primaryimage","url":"https:\/\/www.visit-ulcinj.com\/blog\/wp-content\/uploads\/2015\/03\/Sajam-Moskva-2015_Crna-Gora.jpg","contentUrl":"https:\/\/www.visit-ulcinj.com\/blog\/wp-content\/uploads\/2015\/03\/Sajam-Moskva-2015_Crna-Gora.jpg","width":759,"height":480},{"@type":"WebPage","@id":"https:\/\/www.visit-ulcinj.com\/blog\/2015\/03\/23\/rusi-putuju-manje-zbog-ukrajine\/#webpage","url":"https:\/\/www.visit-ulcinj.com\/blog\/2015\/03\/23\/rusi-putuju-manje-zbog-ukrajine\/","name":"Rusi putuju manje zbog Ukrajine - Lajme nga Ulqini","isPartOf":{"@id":"https:\/\/www.visit-ulcinj.com\/blog\/#website"},"primaryImageOfPage":{"@id":"https:\/\/www.visit-ulcinj.com\/blog\/2015\/03\/23\/rusi-putuju-manje-zbog-ukrajine\/#primaryimage"},"datePublished":"2015-03-23T17:33:39+00:00","dateModified":"2015-03-23T17:37:36+00:00","author":{"@id":"https:\/\/www.visit-ulcinj.com\/blog\/#\/schema\/person\/dcab619c614d3038751c63bc2aadc06d"},"description":"Aktuelna politi\u010dka de\u0161avanja u Ukrajini, devalvacija rublje i pad \u017eivotnog standarda u Rusiji odra\u017eava se na putovanja ruskih dr\u017eavljana generalno, a","breadcrumb":{"@id":"https:\/\/www.visit-ulcinj.com\/blog\/2015\/03\/23\/rusi-putuju-manje-zbog-ukrajine\/#breadcrumb"},"inLanguage":"en-US","potentialAction":[{"@type":"ReadAction","target":["https:\/\/www.visit-ulcinj.com\/blog\/2015\/03\/23\/rusi-putuju-manje-zbog-ukrajine\/"]}]},{"@type":"BreadcrumbList","@id":"https:\/\/www.visit-ulcinj.com\/blog\/2015\/03\/23\/rusi-putuju-manje-zbog-ukrajine\/#breadcrumb","itemListElement":[{"@type":"ListItem","position":1,"name":"Rusi putuju manje zbog Ukrajine"}]},{"@type":"Person","@id":"https:\/\/www.visit-ulcinj.com\/blog\/#\/schema\/person\/dcab619c614d3038751c63bc2aadc06d","name":"ulqini","sameAs":["http:\/\/www.visit-ulcinj.com"],"url":"https:\/\/www.visit-ulcinj.com\/blog\/author\/admin\/"}]}},"jetpack_featured_media_url":"","jetpack_sharing_enabled":true,"jetpack_shortlink":"https:\/\/wp.me\/pe6lTn-niv","_links":{"self":[{"href":"https:\/\/www.visit-ulcinj.com\/blog\/wp-json\/wp\/v2\/posts\/89559"}],"collection":[{"href":"https:\/\/www.visit-ulcinj.com\/blog\/wp-json\/wp\/v2\/posts"}],"about":[{"href":"https:\/\/www.visit-ulcinj.com\/blog\/wp-json\/wp\/v2\/types\/post"}],"author":[{"embeddable":true,"href":"https:\/\/www.visit-ulcinj.com\/blog\/wp-json\/wp\/v2\/users\/1"}],"replies":[{"embeddable":true,"href":"https:\/\/www.visit-ulcinj.com\/blog\/wp-json\/wp\/v2\/comments?post=89559"}],"version-history":[{"count":1,"href":"https:\/\/www.visit-ulcinj.com\/blog\/wp-json\/wp\/v2\/posts\/89559\/revisions"}],"predecessor-version":[{"id":89561,"href":"https:\/\/www.visit-ulcinj.com\/blog\/wp-json\/wp\/v2\/posts\/89559\/revisions\/89561"}],"wp:attachment":[{"href":"https:\/\/www.visit-ulcinj.com\/blog\/wp-json\/wp\/v2\/media?parent=89559"}],"wp:term":[{"taxonomy":"category","embeddable":true,"href":"https:\/\/www.visit-ulcinj.com\/blog\/wp-json\/wp\/v2\/categories?post=89559"},{"taxonomy":"post_tag","embeddable":true,"href":"https:\/\/www.visit-ulcinj.com\/blog\/wp-json\/wp\/v2\/tags?post=89559"}],"curies":[{"name":"wp","href":"https:\/\/api.w.org\/{rel}","templated":true}]}}