{"id":89562,"date":"2015-03-23T18:50:32","date_gmt":"2015-03-23T17:50:32","guid":{"rendered":"http:\/\/www.visit-ulcinj.com\/blog\/?p=89562"},"modified":"2015-03-23T18:50:32","modified_gmt":"2015-03-23T17:50:32","slug":"radulovic-cijene-ove-sezone-prepolovljene","status":"publish","type":"post","link":"https:\/\/www.visit-ulcinj.com\/blog\/2015\/03\/23\/radulovic-cijene-ove-sezone-prepolovljene\/","title":{"rendered":"Radulovi\u0107: Cijene ove sezone prepolovljene"},"content":{"rendered":"<p><a href=\"http:\/\/www.visit-ulcinj.com\/blog\/wp-content\/uploads\/2014\/11\/Zarko-Radulovic.jpg\"><img loading=\"lazy\" class=\"alignleft wp-image-86070\" src=\"http:\/\/www.visit-ulcinj.com\/blog\/wp-content\/uploads\/2014\/11\/Zarko-Radulovic.jpg\" alt=\"Zarko Radulovic\" width=\"508\" height=\"355\" srcset=\"https:\/\/www.visit-ulcinj.com\/blog\/wp-content\/uploads\/2014\/11\/Zarko-Radulovic.jpg 686w, https:\/\/www.visit-ulcinj.com\/blog\/wp-content\/uploads\/2014\/11\/Zarko-Radulovic-300x209.jpg 300w\" sizes=\"(max-width: 508px) 100vw, 508px\" \/><\/a>Nekoliko mjeseci uo\u010di \u0161pica turisti\u010dke sezone, poznavaoci prilika ka\u017eu da slika nije ba\u0161 sjajna. Nema dobrog rezultata zakazivanja ljetovanja na crnogorskoj obali, a posebno fale Rusi i Ukrajinci. Zato \u0107emo, kako najavljuje predsjednik CTU, \u017darko Radulovi\u0107 cijene morati da smanjimo skoro duplo. Tako \u0107e dan ljetovanja kod nas, umjesto pro\u0161logodi\u0161njih 100, ko\u0161tati 50 eura.<\/p>\n<p>Dva i po mjeseca uo\u010di po\u010detka ljetnje sezone, situacija nije ba\u0161 sjajna, ka\u017eu poznavaoci prilika. U prvom planu bi\u0107e izostanak turista sa istoka.<\/p>\n<p>&#8220;Situacija na tr\u017ei\u0161tu govori da nema dobrog bukiranja posebno sa ruskog tr\u017ei\u0161ta i biv\u0161ih sovjetskih zemalja. Situacija je poznata. Glavni razlog je politi\u010dka, pa time i ekonomska situacija izme\u0111u Rusije i Ukrajine i svakako da \u0107e se to odraziti na crnogorski turizam&#8221;, kazala je dekan Fakulteta za turizam u Baru, dr Silvana \u0110ura\u0161evi\u0107 za Atlas televiziju.<\/p>\n<p>I predsjednik CTU i jedan od vlasnika &#8220;Splenida&#8221;, \u017darko Radulovi\u0107 ka\u017ee da slika nije ba\u0161 sjajna.<\/p>\n<p>&#8220;Turoperatori i sa zapada i sa istoka ne reaguju u ovom trenutku shodno onome \u0161to smo uradili do sad, a to je spu\u0161tanje cijene i naparavili mnogo atraktivnijeg proizvoda kog mi nudimo njima&#8221;, naveo je on u izjavi za Atlas TV.<\/p>\n<p>Jedna od stvari koja \u0107e se zato desiti je dalje spu\u0161tanje cijena. Radulovi\u0107a pitamo koliko \u0107e jedan dan od maja do oktobra ko\u0161tati na crnogorskom primorju.<\/p>\n<p>&#8220;Ako je bilo stotinu sada je 55. Slo\u017ei\u0107ete se sa mnom da je to zna\u010dajno pojeftinjenje&#8221;, ka\u017ee Radulovi\u0107.<\/p>\n<p>A, ovoga ljeta Radulovi\u0107 ra\u010duna na Skandinavce. S njima ve\u0107 postoji dogovor.<\/p>\n<p>&#8220;Tra\u017eili su da Montenegro Erlajns odradi sve letove koje postavi na Kopenhagen. Ne mo\u017ee da se desi da ih otka\u017ee, a oni garantuju da \u0107e te letove da pune, i da povratna karta ne bude preko 300 eura&#8221;, objasnio je Radulovi\u0107.<\/p>\n<p>On dodaje da do daljnjeg, Crna Gora te\u0161ko mo\u017ee da dobije ve\u0107i broj turista sa zapada, s obzirom na to da oni za 200 eura mogu da odu na Tajland, Vijetnam, u Indoneziju, ili na Filipine.<\/p>\n<p>Osim toga, svi turisti\u010dki radnici treba da naprave i ponude za produ\u017eene vikende s obzirom na to da prosje\u010dan Evropljanin, koji je nekad ljetovao petnaestak dana, sada ide na kupanje i sun\u010danje od sedam do devet dana, kako bi slobodne dane tokom godine mogao da iskoristi ba\u0161 za te produ\u017eene vikende.<\/p>\n<p>TVCG<\/p>\n","protected":false},"excerpt":{"rendered":"<p>Nekoliko mjeseci uo\u010di \u0161pica turisti\u010dke sezone, poznavaoci prilika ka\u017eu da slika nije ba\u0161 sjajna. Nema dobrog rezultata zakazivanja ljetovanja na crnogorskoj obali, a posebno fale Rusi i Ukrajinci. Zato \u0107emo, kako najavljuje predsjednik CTU, \u017darko Radulovi\u0107 cijene morati da smanjimo skoro duplo. Tako \u0107e dan ljetovanja kod nas, umjesto pro\u0161logodi\u0161njih 100, ko\u0161tati 50 eura. Dva [&hellip;]<\/p>\n","protected":false},"author":1,"featured_media":0,"comment_status":"closed","ping_status":"closed","sticky":false,"template":"","format":"standard","meta":{"spay_email":"","jetpack_publicize_message":"","jetpack_is_tweetstorm":false,"jetpack_publicize_feature_enabled":true},"categories":[6950],"tags":[],"jetpack_publicize_connections":[],"yoast_head":"<!-- This site is optimized with the Yoast SEO plugin v19.1 - https:\/\/yoast.com\/wordpress\/plugins\/seo\/ -->\n<title>Radulovi\u0107: Cijene ove sezone prepolovljene - Lajme nga Ulqini<\/title>\n<meta name=\"description\" content=\"Nekoliko mjeseci uo\u010di \u0161pica turisti\u010dke sezone, poznavaoci prilika ka\u017eu da slika nije ba\u0161 sjajna. Nema dobrog rezultata zakazivanja ljetovanja na\" \/>\n<meta name=\"robots\" content=\"index, follow, max-snippet:-1, max-image-preview:large, max-video-preview:-1\" \/>\n<link rel=\"canonical\" href=\"https:\/\/www.visit-ulcinj.com\/blog\/2015\/03\/23\/radulovic-cijene-ove-sezone-prepolovljene\/\" \/>\n<meta property=\"og:locale\" content=\"en_US\" \/>\n<meta property=\"og:type\" content=\"article\" \/>\n<meta property=\"og:title\" content=\"Radulovi\u0107: Cijene ove sezone prepolovljene - Lajme nga Ulqini\" \/>\n<meta property=\"og:description\" content=\"Nekoliko mjeseci uo\u010di \u0161pica turisti\u010dke sezone, poznavaoci prilika ka\u017eu da slika nije ba\u0161 sjajna. Nema dobrog rezultata zakazivanja ljetovanja na\" \/>\n<meta property=\"og:url\" content=\"https:\/\/www.visit-ulcinj.com\/blog\/2015\/03\/23\/radulovic-cijene-ove-sezone-prepolovljene\/\" \/>\n<meta property=\"og:site_name\" content=\"Lajme nga Ulqini\" \/>\n<meta property=\"article:published_time\" content=\"2015-03-23T17:50:32+00:00\" \/>\n<meta property=\"og:image\" content=\"http:\/\/www.visit-ulcinj.com\/blog\/wp-content\/uploads\/2014\/11\/Zarko-Radulovic.jpg\" \/>\n<meta name=\"twitter:label1\" content=\"Written by\" \/>\n\t<meta name=\"twitter:data1\" content=\"ulqini\" \/>\n\t<meta name=\"twitter:label2\" content=\"Est. reading time\" \/>\n\t<meta name=\"twitter:data2\" content=\"2 minutes\" \/>\n<script type=\"application\/ld+json\" class=\"yoast-schema-graph\">{\"@context\":\"https:\/\/schema.org\",\"@graph\":[{\"@type\":\"WebSite\",\"@id\":\"https:\/\/www.visit-ulcinj.com\/blog\/#website\",\"url\":\"https:\/\/www.visit-ulcinj.com\/blog\/\",\"name\":\"Lajme nga Ulqini\",\"description\":\"Lajme,Vijesti,Ulqini,Ulqin,Crna Gora,Mali i Zi\",\"potentialAction\":[{\"@type\":\"SearchAction\",\"target\":{\"@type\":\"EntryPoint\",\"urlTemplate\":\"https:\/\/www.visit-ulcinj.com\/blog\/?s={search_term_string}\"},\"query-input\":\"required name=search_term_string\"}],\"inLanguage\":\"en-US\"},{\"@type\":\"ImageObject\",\"inLanguage\":\"en-US\",\"@id\":\"https:\/\/www.visit-ulcinj.com\/blog\/2015\/03\/23\/radulovic-cijene-ove-sezone-prepolovljene\/#primaryimage\",\"url\":\"https:\/\/www.visit-ulcinj.com\/blog\/wp-content\/uploads\/2014\/11\/Zarko-Radulovic.jpg\",\"contentUrl\":\"https:\/\/www.visit-ulcinj.com\/blog\/wp-content\/uploads\/2014\/11\/Zarko-Radulovic.jpg\",\"width\":686,\"height\":480},{\"@type\":\"WebPage\",\"@id\":\"https:\/\/www.visit-ulcinj.com\/blog\/2015\/03\/23\/radulovic-cijene-ove-sezone-prepolovljene\/#webpage\",\"url\":\"https:\/\/www.visit-ulcinj.com\/blog\/2015\/03\/23\/radulovic-cijene-ove-sezone-prepolovljene\/\",\"name\":\"Radulovi\u0107: Cijene ove sezone prepolovljene - Lajme nga Ulqini\",\"isPartOf\":{\"@id\":\"https:\/\/www.visit-ulcinj.com\/blog\/#website\"},\"primaryImageOfPage\":{\"@id\":\"https:\/\/www.visit-ulcinj.com\/blog\/2015\/03\/23\/radulovic-cijene-ove-sezone-prepolovljene\/#primaryimage\"},\"datePublished\":\"2015-03-23T17:50:32+00:00\",\"dateModified\":\"2015-03-23T17:50:32+00:00\",\"author\":{\"@id\":\"https:\/\/www.visit-ulcinj.com\/blog\/#\/schema\/person\/dcab619c614d3038751c63bc2aadc06d\"},\"description\":\"Nekoliko mjeseci uo\u010di \u0161pica turisti\u010dke sezone, poznavaoci prilika ka\u017eu da slika nije ba\u0161 sjajna. Nema dobrog rezultata zakazivanja ljetovanja na\",\"breadcrumb\":{\"@id\":\"https:\/\/www.visit-ulcinj.com\/blog\/2015\/03\/23\/radulovic-cijene-ove-sezone-prepolovljene\/#breadcrumb\"},\"inLanguage\":\"en-US\",\"potentialAction\":[{\"@type\":\"ReadAction\",\"target\":[\"https:\/\/www.visit-ulcinj.com\/blog\/2015\/03\/23\/radulovic-cijene-ove-sezone-prepolovljene\/\"]}]},{\"@type\":\"BreadcrumbList\",\"@id\":\"https:\/\/www.visit-ulcinj.com\/blog\/2015\/03\/23\/radulovic-cijene-ove-sezone-prepolovljene\/#breadcrumb\",\"itemListElement\":[{\"@type\":\"ListItem\",\"position\":1,\"name\":\"Radulovi\u0107: Cijene ove sezone prepolovljene\"}]},{\"@type\":\"Person\",\"@id\":\"https:\/\/www.visit-ulcinj.com\/blog\/#\/schema\/person\/dcab619c614d3038751c63bc2aadc06d\",\"name\":\"ulqini\",\"sameAs\":[\"http:\/\/www.visit-ulcinj.com\"],\"url\":\"https:\/\/www.visit-ulcinj.com\/blog\/author\/admin\/\"}]}<\/script>\n<!-- \/ Yoast SEO plugin. -->","yoast_head_json":{"title":"Radulovi\u0107: Cijene ove sezone prepolovljene - Lajme nga Ulqini","description":"Nekoliko mjeseci uo\u010di \u0161pica turisti\u010dke sezone, poznavaoci prilika ka\u017eu da slika nije ba\u0161 sjajna. Nema dobrog rezultata zakazivanja ljetovanja na","robots":{"index":"index","follow":"follow","max-snippet":"max-snippet:-1","max-image-preview":"max-image-preview:large","max-video-preview":"max-video-preview:-1"},"canonical":"https:\/\/www.visit-ulcinj.com\/blog\/2015\/03\/23\/radulovic-cijene-ove-sezone-prepolovljene\/","og_locale":"en_US","og_type":"article","og_title":"Radulovi\u0107: Cijene ove sezone prepolovljene - Lajme nga Ulqini","og_description":"Nekoliko mjeseci uo\u010di \u0161pica turisti\u010dke sezone, poznavaoci prilika ka\u017eu da slika nije ba\u0161 sjajna. Nema dobrog rezultata zakazivanja ljetovanja na","og_url":"https:\/\/www.visit-ulcinj.com\/blog\/2015\/03\/23\/radulovic-cijene-ove-sezone-prepolovljene\/","og_site_name":"Lajme nga Ulqini","article_published_time":"2015-03-23T17:50:32+00:00","og_image":[{"url":"http:\/\/www.visit-ulcinj.com\/blog\/wp-content\/uploads\/2014\/11\/Zarko-Radulovic.jpg"}],"twitter_misc":{"Written by":"ulqini","Est. reading time":"2 minutes"},"schema":{"@context":"https:\/\/schema.org","@graph":[{"@type":"WebSite","@id":"https:\/\/www.visit-ulcinj.com\/blog\/#website","url":"https:\/\/www.visit-ulcinj.com\/blog\/","name":"Lajme nga Ulqini","description":"Lajme,Vijesti,Ulqini,Ulqin,Crna Gora,Mali i Zi","potentialAction":[{"@type":"SearchAction","target":{"@type":"EntryPoint","urlTemplate":"https:\/\/www.visit-ulcinj.com\/blog\/?s={search_term_string}"},"query-input":"required name=search_term_string"}],"inLanguage":"en-US"},{"@type":"ImageObject","inLanguage":"en-US","@id":"https:\/\/www.visit-ulcinj.com\/blog\/2015\/03\/23\/radulovic-cijene-ove-sezone-prepolovljene\/#primaryimage","url":"https:\/\/www.visit-ulcinj.com\/blog\/wp-content\/uploads\/2014\/11\/Zarko-Radulovic.jpg","contentUrl":"https:\/\/www.visit-ulcinj.com\/blog\/wp-content\/uploads\/2014\/11\/Zarko-Radulovic.jpg","width":686,"height":480},{"@type":"WebPage","@id":"https:\/\/www.visit-ulcinj.com\/blog\/2015\/03\/23\/radulovic-cijene-ove-sezone-prepolovljene\/#webpage","url":"https:\/\/www.visit-ulcinj.com\/blog\/2015\/03\/23\/radulovic-cijene-ove-sezone-prepolovljene\/","name":"Radulovi\u0107: Cijene ove sezone prepolovljene - Lajme nga Ulqini","isPartOf":{"@id":"https:\/\/www.visit-ulcinj.com\/blog\/#website"},"primaryImageOfPage":{"@id":"https:\/\/www.visit-ulcinj.com\/blog\/2015\/03\/23\/radulovic-cijene-ove-sezone-prepolovljene\/#primaryimage"},"datePublished":"2015-03-23T17:50:32+00:00","dateModified":"2015-03-23T17:50:32+00:00","author":{"@id":"https:\/\/www.visit-ulcinj.com\/blog\/#\/schema\/person\/dcab619c614d3038751c63bc2aadc06d"},"description":"Nekoliko mjeseci uo\u010di \u0161pica turisti\u010dke sezone, poznavaoci prilika ka\u017eu da slika nije ba\u0161 sjajna. Nema dobrog rezultata zakazivanja ljetovanja na","breadcrumb":{"@id":"https:\/\/www.visit-ulcinj.com\/blog\/2015\/03\/23\/radulovic-cijene-ove-sezone-prepolovljene\/#breadcrumb"},"inLanguage":"en-US","potentialAction":[{"@type":"ReadAction","target":["https:\/\/www.visit-ulcinj.com\/blog\/2015\/03\/23\/radulovic-cijene-ove-sezone-prepolovljene\/"]}]},{"@type":"BreadcrumbList","@id":"https:\/\/www.visit-ulcinj.com\/blog\/2015\/03\/23\/radulovic-cijene-ove-sezone-prepolovljene\/#breadcrumb","itemListElement":[{"@type":"ListItem","position":1,"name":"Radulovi\u0107: Cijene ove sezone prepolovljene"}]},{"@type":"Person","@id":"https:\/\/www.visit-ulcinj.com\/blog\/#\/schema\/person\/dcab619c614d3038751c63bc2aadc06d","name":"ulqini","sameAs":["http:\/\/www.visit-ulcinj.com"],"url":"https:\/\/www.visit-ulcinj.com\/blog\/author\/admin\/"}]}},"jetpack_featured_media_url":"","jetpack_sharing_enabled":true,"jetpack_shortlink":"https:\/\/wp.me\/pe6lTn-niy","_links":{"self":[{"href":"https:\/\/www.visit-ulcinj.com\/blog\/wp-json\/wp\/v2\/posts\/89562"}],"collection":[{"href":"https:\/\/www.visit-ulcinj.com\/blog\/wp-json\/wp\/v2\/posts"}],"about":[{"href":"https:\/\/www.visit-ulcinj.com\/blog\/wp-json\/wp\/v2\/types\/post"}],"author":[{"embeddable":true,"href":"https:\/\/www.visit-ulcinj.com\/blog\/wp-json\/wp\/v2\/users\/1"}],"replies":[{"embeddable":true,"href":"https:\/\/www.visit-ulcinj.com\/blog\/wp-json\/wp\/v2\/comments?post=89562"}],"version-history":[{"count":1,"href":"https:\/\/www.visit-ulcinj.com\/blog\/wp-json\/wp\/v2\/posts\/89562\/revisions"}],"predecessor-version":[{"id":89563,"href":"https:\/\/www.visit-ulcinj.com\/blog\/wp-json\/wp\/v2\/posts\/89562\/revisions\/89563"}],"wp:attachment":[{"href":"https:\/\/www.visit-ulcinj.com\/blog\/wp-json\/wp\/v2\/media?parent=89562"}],"wp:term":[{"taxonomy":"category","embeddable":true,"href":"https:\/\/www.visit-ulcinj.com\/blog\/wp-json\/wp\/v2\/categories?post=89562"},{"taxonomy":"post_tag","embeddable":true,"href":"https:\/\/www.visit-ulcinj.com\/blog\/wp-json\/wp\/v2\/tags?post=89562"}],"curies":[{"name":"wp","href":"https:\/\/api.w.org\/{rel}","templated":true}]}}