{"id":89564,"date":"2015-03-23T20:00:44","date_gmt":"2015-03-23T19:00:44","guid":{"rendered":"http:\/\/www.visit-ulcinj.com\/blog\/?p=89564"},"modified":"2015-03-23T20:00:44","modified_gmt":"2015-03-23T19:00:44","slug":"rruga-plave-podgorice-perfundon-2016","status":"publish","type":"post","link":"https:\/\/www.visit-ulcinj.com\/blog\/2015\/03\/23\/rruga-plave-podgorice-perfundon-2016\/","title":{"rendered":"Rruga Plav\u00eb \u2013 Podgoric\u00eb p\u00ebrfundon m\u00eb 2016"},"content":{"rendered":"<p><a href=\"http:\/\/www.visit-ulcinj.com\/blog\/wp-content\/uploads\/2015\/03\/Bujar-Nishani-Filip-Vujanovic-1.jpg\"><img loading=\"lazy\" class=\"alignleft wp-image-89546\" src=\"http:\/\/www.visit-ulcinj.com\/blog\/wp-content\/uploads\/2015\/03\/Bujar-Nishani-Filip-Vujanovic-1.jpg\" alt=\"Bujar-Nishani-Filip-Vujanovic-1\" width=\"508\" height=\"301\" srcset=\"https:\/\/www.visit-ulcinj.com\/blog\/wp-content\/uploads\/2015\/03\/Bujar-Nishani-Filip-Vujanovic-1.jpg 840w, https:\/\/www.visit-ulcinj.com\/blog\/wp-content\/uploads\/2015\/03\/Bujar-Nishani-Filip-Vujanovic-1-300x178.jpg 300w\" sizes=\"(max-width: 508px) 100vw, 508px\" \/><\/a>Presidenti i Shqip\u00ebris\u00eb, Bujar Nishani, dhe ai i Malit t\u00eb Zi, Filip Vujanoviq, kan\u00eb vler\u00ebsuar sot se nuk ka \u00e7\u00ebshtje t\u00eb hapura n\u00eb raportet nd\u00ebrmjet dy vendeve.<\/p>\n<p>Presidenti Nishani, n\u00eb fillim t\u00eb vizit\u00ebs s\u00eb tij n\u00eb Malin e Zi, i tha homologut t\u00eb tij Vujanoviq se Mali i Zi p\u00ebr shqiptar\u00ebt nuk \u00ebsht\u00eb vet\u00ebm vend fqinj, por edhe vend miq\u00ebsor.<\/p>\n<p>Pas bisedimeve me Nishanin, Vujanoviq tha se rruga nd\u00ebrmjet Plav\u00ebs e deri n\u00eb Podgoric\u00eb, e cila pjes\u00ebrisht kalon edhe n\u00ebp\u00ebr Shqip\u00ebri, do t\u00eb p\u00ebrfundoj\u00eb n\u00eb vitin 2016.<\/p>\n<p>Nishani theksoi se Mali i Zi n\u00eb proceset e integrimit evropian avancon n\u00eb krahasim me Shqip\u00ebrin\u00eb, por Shqip\u00ebria si vend an\u00ebtar i NATO-s e mb\u00ebshtet Malin e Zi n\u00eb p\u00ebrpjekjet p\u00ebr hyrje n\u00eb aleanc\u00ebn veriatlantike, raporton agjencia Beta nga Podgorica.<\/p>\n<p>Nishani ka vler\u00ebsuar se pozita e shqiptar\u00ebve n\u00eb Malin e Zi \u00ebsht\u00eb e mir\u00eb.<\/p>\n<p>Info GLOBI<\/p>\n","protected":false},"excerpt":{"rendered":"<p>Presidenti i Shqip\u00ebris\u00eb, Bujar Nishani, dhe ai i Malit t\u00eb Zi, Filip Vujanoviq, kan\u00eb vler\u00ebsuar sot se nuk ka \u00e7\u00ebshtje t\u00eb hapura n\u00eb raportet nd\u00ebrmjet dy vendeve. Presidenti Nishani, n\u00eb fillim t\u00eb vizit\u00ebs s\u00eb tij n\u00eb Malin e Zi, i tha homologut t\u00eb tij Vujanoviq se Mali i Zi p\u00ebr shqiptar\u00ebt nuk \u00ebsht\u00eb vet\u00ebm vend [&hellip;]<\/p>\n","protected":false},"author":1,"featured_media":0,"comment_status":"closed","ping_status":"closed","sticky":false,"template":"","format":"standard","meta":{"spay_email":"","jetpack_publicize_message":"","jetpack_is_tweetstorm":false,"jetpack_publicize_feature_enabled":true},"categories":[13],"tags":[],"jetpack_publicize_connections":[],"yoast_head":"<!-- This site is optimized with the Yoast SEO plugin v19.1 - https:\/\/yoast.com\/wordpress\/plugins\/seo\/ -->\n<title>Rruga Plav\u00eb \u2013 Podgoric\u00eb p\u00ebrfundon m\u00eb 2016 - Lajme nga Ulqini<\/title>\n<meta name=\"description\" content=\"Presidenti i Shqip\u00ebris\u00eb, Bujar Nishani, dhe ai i Malit t\u00eb Zi, Filip Vujanoviq, kan\u00eb vler\u00ebsuar sot se nuk ka \u00e7\u00ebshtje t\u00eb hapura n\u00eb raportet nd\u00ebrmjet dy\" \/>\n<meta name=\"robots\" content=\"index, follow, max-snippet:-1, max-image-preview:large, max-video-preview:-1\" \/>\n<link rel=\"canonical\" href=\"https:\/\/www.visit-ulcinj.com\/blog\/2015\/03\/23\/rruga-plave-podgorice-perfundon-2016\/\" \/>\n<meta property=\"og:locale\" content=\"en_US\" \/>\n<meta property=\"og:type\" content=\"article\" \/>\n<meta property=\"og:title\" content=\"Rruga Plav\u00eb \u2013 Podgoric\u00eb p\u00ebrfundon m\u00eb 2016 - Lajme nga Ulqini\" \/>\n<meta property=\"og:description\" content=\"Presidenti i Shqip\u00ebris\u00eb, Bujar Nishani, dhe ai i Malit t\u00eb Zi, Filip Vujanoviq, kan\u00eb vler\u00ebsuar sot se nuk ka \u00e7\u00ebshtje t\u00eb hapura n\u00eb raportet nd\u00ebrmjet dy\" \/>\n<meta property=\"og:url\" content=\"https:\/\/www.visit-ulcinj.com\/blog\/2015\/03\/23\/rruga-plave-podgorice-perfundon-2016\/\" \/>\n<meta property=\"og:site_name\" content=\"Lajme nga Ulqini\" \/>\n<meta property=\"article:published_time\" content=\"2015-03-23T19:00:44+00:00\" \/>\n<meta property=\"og:image\" content=\"http:\/\/www.visit-ulcinj.com\/blog\/wp-content\/uploads\/2015\/03\/Bujar-Nishani-Filip-Vujanovic-1.jpg\" \/>\n<meta name=\"twitter:label1\" content=\"Written by\" \/>\n\t<meta name=\"twitter:data1\" content=\"ulqini\" \/>\n\t<meta name=\"twitter:label2\" content=\"Est. reading time\" \/>\n\t<meta name=\"twitter:data2\" content=\"1 minute\" \/>\n<script type=\"application\/ld+json\" class=\"yoast-schema-graph\">{\"@context\":\"https:\/\/schema.org\",\"@graph\":[{\"@type\":\"WebSite\",\"@id\":\"https:\/\/www.visit-ulcinj.com\/blog\/#website\",\"url\":\"https:\/\/www.visit-ulcinj.com\/blog\/\",\"name\":\"Lajme nga Ulqini\",\"description\":\"Lajme,Vijesti,Ulqini,Ulqin,Crna Gora,Mali i Zi\",\"potentialAction\":[{\"@type\":\"SearchAction\",\"target\":{\"@type\":\"EntryPoint\",\"urlTemplate\":\"https:\/\/www.visit-ulcinj.com\/blog\/?s={search_term_string}\"},\"query-input\":\"required name=search_term_string\"}],\"inLanguage\":\"en-US\"},{\"@type\":\"ImageObject\",\"inLanguage\":\"en-US\",\"@id\":\"https:\/\/www.visit-ulcinj.com\/blog\/2015\/03\/23\/rruga-plave-podgorice-perfundon-2016\/#primaryimage\",\"url\":\"https:\/\/www.visit-ulcinj.com\/blog\/wp-content\/uploads\/2015\/03\/Bujar-Nishani-Filip-Vujanovic-1.jpg\",\"contentUrl\":\"https:\/\/www.visit-ulcinj.com\/blog\/wp-content\/uploads\/2015\/03\/Bujar-Nishani-Filip-Vujanovic-1.jpg\",\"width\":840,\"height\":498},{\"@type\":\"WebPage\",\"@id\":\"https:\/\/www.visit-ulcinj.com\/blog\/2015\/03\/23\/rruga-plave-podgorice-perfundon-2016\/#webpage\",\"url\":\"https:\/\/www.visit-ulcinj.com\/blog\/2015\/03\/23\/rruga-plave-podgorice-perfundon-2016\/\",\"name\":\"Rruga Plav\u00eb \u2013 Podgoric\u00eb p\u00ebrfundon m\u00eb 2016 - Lajme nga Ulqini\",\"isPartOf\":{\"@id\":\"https:\/\/www.visit-ulcinj.com\/blog\/#website\"},\"primaryImageOfPage\":{\"@id\":\"https:\/\/www.visit-ulcinj.com\/blog\/2015\/03\/23\/rruga-plave-podgorice-perfundon-2016\/#primaryimage\"},\"datePublished\":\"2015-03-23T19:00:44+00:00\",\"dateModified\":\"2015-03-23T19:00:44+00:00\",\"author\":{\"@id\":\"https:\/\/www.visit-ulcinj.com\/blog\/#\/schema\/person\/dcab619c614d3038751c63bc2aadc06d\"},\"description\":\"Presidenti i Shqip\u00ebris\u00eb, Bujar Nishani, dhe ai i Malit t\u00eb Zi, Filip Vujanoviq, kan\u00eb vler\u00ebsuar sot se nuk ka \u00e7\u00ebshtje t\u00eb hapura n\u00eb raportet nd\u00ebrmjet dy\",\"breadcrumb\":{\"@id\":\"https:\/\/www.visit-ulcinj.com\/blog\/2015\/03\/23\/rruga-plave-podgorice-perfundon-2016\/#breadcrumb\"},\"inLanguage\":\"en-US\",\"potentialAction\":[{\"@type\":\"ReadAction\",\"target\":[\"https:\/\/www.visit-ulcinj.com\/blog\/2015\/03\/23\/rruga-plave-podgorice-perfundon-2016\/\"]}]},{\"@type\":\"BreadcrumbList\",\"@id\":\"https:\/\/www.visit-ulcinj.com\/blog\/2015\/03\/23\/rruga-plave-podgorice-perfundon-2016\/#breadcrumb\",\"itemListElement\":[{\"@type\":\"ListItem\",\"position\":1,\"name\":\"Rruga Plav\u00eb \u2013 Podgoric\u00eb p\u00ebrfundon m\u00eb 2016\"}]},{\"@type\":\"Person\",\"@id\":\"https:\/\/www.visit-ulcinj.com\/blog\/#\/schema\/person\/dcab619c614d3038751c63bc2aadc06d\",\"name\":\"ulqini\",\"sameAs\":[\"http:\/\/www.visit-ulcinj.com\"],\"url\":\"https:\/\/www.visit-ulcinj.com\/blog\/author\/admin\/\"}]}<\/script>\n<!-- \/ Yoast SEO plugin. -->","yoast_head_json":{"title":"Rruga Plav\u00eb \u2013 Podgoric\u00eb p\u00ebrfundon m\u00eb 2016 - Lajme nga Ulqini","description":"Presidenti i Shqip\u00ebris\u00eb, Bujar Nishani, dhe ai i Malit t\u00eb Zi, Filip Vujanoviq, kan\u00eb vler\u00ebsuar sot se nuk ka \u00e7\u00ebshtje t\u00eb hapura n\u00eb raportet nd\u00ebrmjet dy","robots":{"index":"index","follow":"follow","max-snippet":"max-snippet:-1","max-image-preview":"max-image-preview:large","max-video-preview":"max-video-preview:-1"},"canonical":"https:\/\/www.visit-ulcinj.com\/blog\/2015\/03\/23\/rruga-plave-podgorice-perfundon-2016\/","og_locale":"en_US","og_type":"article","og_title":"Rruga Plav\u00eb \u2013 Podgoric\u00eb p\u00ebrfundon m\u00eb 2016 - Lajme nga Ulqini","og_description":"Presidenti i Shqip\u00ebris\u00eb, Bujar Nishani, dhe ai i Malit t\u00eb Zi, Filip Vujanoviq, kan\u00eb vler\u00ebsuar sot se nuk ka \u00e7\u00ebshtje t\u00eb hapura n\u00eb raportet nd\u00ebrmjet dy","og_url":"https:\/\/www.visit-ulcinj.com\/blog\/2015\/03\/23\/rruga-plave-podgorice-perfundon-2016\/","og_site_name":"Lajme nga Ulqini","article_published_time":"2015-03-23T19:00:44+00:00","og_image":[{"url":"http:\/\/www.visit-ulcinj.com\/blog\/wp-content\/uploads\/2015\/03\/Bujar-Nishani-Filip-Vujanovic-1.jpg"}],"twitter_misc":{"Written by":"ulqini","Est. reading time":"1 minute"},"schema":{"@context":"https:\/\/schema.org","@graph":[{"@type":"WebSite","@id":"https:\/\/www.visit-ulcinj.com\/blog\/#website","url":"https:\/\/www.visit-ulcinj.com\/blog\/","name":"Lajme nga Ulqini","description":"Lajme,Vijesti,Ulqini,Ulqin,Crna Gora,Mali i Zi","potentialAction":[{"@type":"SearchAction","target":{"@type":"EntryPoint","urlTemplate":"https:\/\/www.visit-ulcinj.com\/blog\/?s={search_term_string}"},"query-input":"required name=search_term_string"}],"inLanguage":"en-US"},{"@type":"ImageObject","inLanguage":"en-US","@id":"https:\/\/www.visit-ulcinj.com\/blog\/2015\/03\/23\/rruga-plave-podgorice-perfundon-2016\/#primaryimage","url":"https:\/\/www.visit-ulcinj.com\/blog\/wp-content\/uploads\/2015\/03\/Bujar-Nishani-Filip-Vujanovic-1.jpg","contentUrl":"https:\/\/www.visit-ulcinj.com\/blog\/wp-content\/uploads\/2015\/03\/Bujar-Nishani-Filip-Vujanovic-1.jpg","width":840,"height":498},{"@type":"WebPage","@id":"https:\/\/www.visit-ulcinj.com\/blog\/2015\/03\/23\/rruga-plave-podgorice-perfundon-2016\/#webpage","url":"https:\/\/www.visit-ulcinj.com\/blog\/2015\/03\/23\/rruga-plave-podgorice-perfundon-2016\/","name":"Rruga Plav\u00eb \u2013 Podgoric\u00eb p\u00ebrfundon m\u00eb 2016 - Lajme nga Ulqini","isPartOf":{"@id":"https:\/\/www.visit-ulcinj.com\/blog\/#website"},"primaryImageOfPage":{"@id":"https:\/\/www.visit-ulcinj.com\/blog\/2015\/03\/23\/rruga-plave-podgorice-perfundon-2016\/#primaryimage"},"datePublished":"2015-03-23T19:00:44+00:00","dateModified":"2015-03-23T19:00:44+00:00","author":{"@id":"https:\/\/www.visit-ulcinj.com\/blog\/#\/schema\/person\/dcab619c614d3038751c63bc2aadc06d"},"description":"Presidenti i Shqip\u00ebris\u00eb, Bujar Nishani, dhe ai i Malit t\u00eb Zi, Filip Vujanoviq, kan\u00eb vler\u00ebsuar sot se nuk ka \u00e7\u00ebshtje t\u00eb hapura n\u00eb raportet nd\u00ebrmjet dy","breadcrumb":{"@id":"https:\/\/www.visit-ulcinj.com\/blog\/2015\/03\/23\/rruga-plave-podgorice-perfundon-2016\/#breadcrumb"},"inLanguage":"en-US","potentialAction":[{"@type":"ReadAction","target":["https:\/\/www.visit-ulcinj.com\/blog\/2015\/03\/23\/rruga-plave-podgorice-perfundon-2016\/"]}]},{"@type":"BreadcrumbList","@id":"https:\/\/www.visit-ulcinj.com\/blog\/2015\/03\/23\/rruga-plave-podgorice-perfundon-2016\/#breadcrumb","itemListElement":[{"@type":"ListItem","position":1,"name":"Rruga Plav\u00eb \u2013 Podgoric\u00eb p\u00ebrfundon m\u00eb 2016"}]},{"@type":"Person","@id":"https:\/\/www.visit-ulcinj.com\/blog\/#\/schema\/person\/dcab619c614d3038751c63bc2aadc06d","name":"ulqini","sameAs":["http:\/\/www.visit-ulcinj.com"],"url":"https:\/\/www.visit-ulcinj.com\/blog\/author\/admin\/"}]}},"jetpack_featured_media_url":"","jetpack_sharing_enabled":true,"jetpack_shortlink":"https:\/\/wp.me\/pe6lTn-niA","_links":{"self":[{"href":"https:\/\/www.visit-ulcinj.com\/blog\/wp-json\/wp\/v2\/posts\/89564"}],"collection":[{"href":"https:\/\/www.visit-ulcinj.com\/blog\/wp-json\/wp\/v2\/posts"}],"about":[{"href":"https:\/\/www.visit-ulcinj.com\/blog\/wp-json\/wp\/v2\/types\/post"}],"author":[{"embeddable":true,"href":"https:\/\/www.visit-ulcinj.com\/blog\/wp-json\/wp\/v2\/users\/1"}],"replies":[{"embeddable":true,"href":"https:\/\/www.visit-ulcinj.com\/blog\/wp-json\/wp\/v2\/comments?post=89564"}],"version-history":[{"count":1,"href":"https:\/\/www.visit-ulcinj.com\/blog\/wp-json\/wp\/v2\/posts\/89564\/revisions"}],"predecessor-version":[{"id":89565,"href":"https:\/\/www.visit-ulcinj.com\/blog\/wp-json\/wp\/v2\/posts\/89564\/revisions\/89565"}],"wp:attachment":[{"href":"https:\/\/www.visit-ulcinj.com\/blog\/wp-json\/wp\/v2\/media?parent=89564"}],"wp:term":[{"taxonomy":"category","embeddable":true,"href":"https:\/\/www.visit-ulcinj.com\/blog\/wp-json\/wp\/v2\/categories?post=89564"},{"taxonomy":"post_tag","embeddable":true,"href":"https:\/\/www.visit-ulcinj.com\/blog\/wp-json\/wp\/v2\/tags?post=89564"}],"curies":[{"name":"wp","href":"https:\/\/api.w.org\/{rel}","templated":true}]}}