{"id":89566,"date":"2015-03-23T23:14:17","date_gmt":"2015-03-23T22:14:17","guid":{"rendered":"http:\/\/www.visit-ulcinj.com\/blog\/?p=89566"},"modified":"2015-03-23T23:14:17","modified_gmt":"2015-03-23T22:14:17","slug":"bujar-nishani-ne-malesi-nga-nikolle-camaj-foto","status":"publish","type":"post","link":"https:\/\/www.visit-ulcinj.com\/blog\/2015\/03\/23\/bujar-nishani-ne-malesi-nga-nikolle-camaj-foto\/","title":{"rendered":"Bujar Nishani n\u00eb Mal\u00ebsi nga Nikoll\u00eb Camaj + Foto"},"content":{"rendered":"<p><strong><a href=\"http:\/\/www.visit-ulcinj.com\/blog\/wp-content\/uploads\/2015\/03\/Bujar-Nishani-n\u00eb-Mal\u00ebsi-Nikolle-Camaj1.jpg\"><img loading=\"lazy\" class=\"alignleft wp-image-89568\" src=\"http:\/\/www.visit-ulcinj.com\/blog\/wp-content\/uploads\/2015\/03\/Bujar-Nishani-n\u00eb-Mal\u00ebsi-Nikolle-Camaj1.jpg\" alt=\"Bujar Nishani n\u00eb Mal\u00ebsi -Nikolle-Camaj\" width=\"508\" height=\"495\" srcset=\"https:\/\/www.visit-ulcinj.com\/blog\/wp-content\/uploads\/2015\/03\/Bujar-Nishani-n\u00eb-Mal\u00ebsi-Nikolle-Camaj1.jpg 530w, https:\/\/www.visit-ulcinj.com\/blog\/wp-content\/uploads\/2015\/03\/Bujar-Nishani-n\u00eb-Mal\u00ebsi-Nikolle-Camaj1-300x292.jpg 300w\" sizes=\"(max-width: 508px) 100vw, 508px\" \/><\/a>Nikoll\u00eb Camaj &#8211; dy fjal\u00eb Presidentit Nishani.<\/strong><\/p>\n<p><strong>Nga ajo q\u00eb Nikoll\u00eb Camaj tha sot n\u00eb takim me Bujar Nishanin ve\u00e7ojm\u00eb:<\/strong><\/p>\n<p>I nderuari President Nishani, mir\u00eb se erdhe n\u00eb Mal\u00ebsin\u00eb shqiptare, mir\u00eb se erdhe n\u00eb Mal\u00ebsin\u00eb t\u00ebnde, t\u00eb cil\u00ebn e dekorove me Urdhrin \u201cNderi i Kombit\u201d. P\u00ebrfaq\u00ebsoj grupin parlamentar t\u00eb Lidhjes Demokratike, respektivisht grupin q\u00eb i pat p\u00ebrfaq\u00ebsuesit aty para n\u00eb pritjen tuaj, me pankarta, e q\u00eb si\u00e7 e pat\u00eb, nj\u00ebra ishte d\u00ebshir\u00eb mir\u00ebseardhjeje, kurse tjetra k\u00ebrkesa jon<span class=\"text_exposed_show\">e themelore p\u00ebr komun\u00eb t\u00eb plot\u00eb. Nga fjala juaj kuptuam se kreu malazias ua ka premtuar se do te zgjedh\u00eb k\u00ebt\u00eb \u00e7\u00ebshtje konform standardeve dhe k\u00ebrkesave t\u00eb qytetar\u00ebve, por Zoti President atyre nuk mund t\u2019u besohet, sepse premtime t\u00eb tilla po b\u00ebjn\u00eb tash rrafsh nj\u00ebzet vite, e statusi nuk po ndryshon. Zoti President, un\u00eb i takoj gjenerat\u00ebs, e cila kur pinte kafe p\u00ebrg\u00ebzohej me bekimin: &#8220;e pijshim edhe n\u00eb Shkod\u00ebr&#8221; dhe ja se erdhi koha e u hapen kufijt\u00eb, e natyrisht se pritjet tona p\u00ebr p\u00ebrkujdesje t\u00eb shtetit shqiptar, shtetit am\u00eb, ishin t\u00eb m\u00ebdha, ndoshta ma t\u00eb m\u00ebdha se mund\u00ebsit\u00eb reale, sepse ne qem\u00eb bonjak\u00eb p\u00ebr m\u00eb se 40 vite, e ato pritje vazhdojn\u00eb t\u00eb jen\u00eb aktuale edhe sot. M\u00eb p\u00eblqeu pa mas\u00eb mesazhi Juaj q\u00eb me fanatiz\u00ebm t\u00eb ruajm\u00eb gjuh\u00ebn ton\u00eb, identitetin ton\u00eb, dhe un\u00eb do ta mbaj m\u00ebnd\u00eb k\u00ebt\u00eb mesazh p\u00ebr jet\u00eb, sepse me grupin tim politik mu ata b\u00ebjm\u00eb, por m\u00eb besoni zoti President kur Ju them se n\u00eb Tuz, ku 80 % t\u00eb banor\u00ebve jan\u00eb shqiptar\u00eb, ushtrohet aparteid gjuh\u00ebsor, dhe ne shpesh nuk na mund\u00ebsohet t\u00eb vijm\u00eb deri te aktet n\u00eb gjuh\u00ebn shqipe, edhe pse ato i garanton kushtetuta, ligji dhe statuti i Kryeqytetit. Pa hyr\u00eb ne detaje t\u00eb tep\u00ebrta, sepse nuk dua t\u00eb ju lodhi m\u00eb shum\u00eb, pasi q\u00eb po ju dor\u00ebzoj k\u00ebt\u00eb zarf, ku keni nj\u00eb shkres\u00eb me gjasht\u00eb faqe material, mbi shqet\u00ebsimet, padrejt\u00ebsit\u00eb dhe k\u00ebrkesat tona dhe shpresoj se Ju apo k\u00ebshilltar\u00ebt Tuaj do t\u00eb ndani pak koh\u00eb p\u00ebr ti lexuar. (N\u00eb k\u00ebt\u00eb komenti i Presidentit ishte faleminderit dhe me shum\u00eb k\u00ebnaq\u00ebsi!). Dhe n\u00eb fund zoti President, kthehem p\u00ebrs\u00ebri te fakti se Ju Mal\u00ebsis\u00eb i dhat\u00eb Urdhrin \u201cNderi i Kombit\u201d, p\u00ebr \u00e7ka meritoni respektin e mal\u00ebsor\u00ebve, por ju njoftoj se dekreti Juaj gjendet dhe ruhet n\u00eb nj\u00eb sht\u00ebpi private, ku ruhen t\u00eb gjitha vlerat tona etno-kulturore, n\u00eb kushte tejet t\u00eb k\u00ebqija, e p\u00ebr t\u00eb cil\u00ebn ky pushtet, lokal as ai qendror n\u00eb Podgoric\u00eb, nuk ndajn\u00eb asnj\u00eb fond p\u00ebr ta mir\u00ebmbajtur, e ne si komb pa ato vlera jemi zero. Si individ mund t\u00eb jemi dikush, por si komb, kam frik\u00eb s\u00eb pa identitetin ton\u00eb q\u00eb ruhet p\u00ebrmes vlerave tona etno-kulturore, nuk mund t\u00eb ecim larg, prandaj zoti President, me dashamir\u00ebsi ju kisha sugjeruar q\u00eb, edhe pse jasht\u00eb protokollit, t\u00eb vizitoni k\u00ebt\u00eb Muze q\u00eb gjendet n\u00eb fshatin Lekaj, 3 km nga k\u00ebtu, e t\u00eb bindeni vet n\u00eb k\u00ebt\u00eb q\u00eb ju thash. P\u00ebrndryshe muzeun, muaj m\u00eb par\u00eb e kishte vizituar ministri shqiptar i kultur\u00ebs. <\/span><\/p>\n<div class=\"text_exposed_show\">\n<p>Presidenti Bujar Nishani me v\u00ebmendje dhe interesim t\u00eb ve\u00e7ant\u00eb e ndoqi dhe, n\u00eb t\u00eb nj\u00ebjtin nivel, iu p\u00ebrgjigj k\u00ebshilltarit t\u00eb LD-s\u00eb, duke ofruar gatishm\u00ebri q\u00eb, pa pretenduar p\u00ebr t\u00eb qen\u00eb p\u00ebrfaq\u00ebsueses i yni, t\u00eb angazhohet n\u00eb zgjidhjen e shum\u00eb \u00e7\u00ebshtjeve t\u00eb hapura t\u00eb shqiptar\u00ebve n\u00eb Mal t\u00eb Zi.<\/p>\n<p>Vlen t\u00eb shtojm\u00eb n\u00eb fund se z. Nishani i holli si t\u00eb pabaza disa shkrime t\u00eb portaleve malazeze, apo si t\u00eb humbura n\u00eb p\u00ebrkthim, sepse, si\u00e7 u shpreh, Ai nuk mund t\u00eb fliste p\u00ebr at\u00eb se si ndihen shqiptar\u00ebt n\u00eb Mal t\u00eb Zi, por p\u00ebr aq m\u00eb tep\u00ebr, vet\u00ebm p\u00ebr shqet\u00ebsimet e tyre\u201d<\/p>\n<p><strong><a id=\"js_bt\" href=\"https:\/\/www.facebook.com\/lidhja.demokratike.9?fref=photo\" data-hovercard=\"\/ajax\/hovercard\/user.php?id=100000673599091\">Lidhja Demokratike <\/a>Facebook<\/strong><\/p>\n\n\t\t<style type=\"text\/css\">\n\t\t\t#gallery-1 {\n\t\t\t\tmargin: auto;\n\t\t\t}\n\t\t\t#gallery-1 .gallery-item {\n\t\t\t\tfloat: left;\n\t\t\t\tmargin-top: 10px;\n\t\t\t\ttext-align: center;\n\t\t\t\twidth: 33%;\n\t\t\t}\n\t\t\t#gallery-1 img {\n\t\t\t\tborder: 2px solid #cfcfcf;\n\t\t\t}\n\t\t\t#gallery-1 .gallery-caption {\n\t\t\t\tmargin-left: 0;\n\t\t\t}\n\t\t\t\/* see gallery_shortcode() in wp-includes\/media.php *\/\n\t\t<\/style>\n\t\t<div id='gallery-1' class='gallery galleryid-89566 gallery-columns-3 gallery-size-thumbnail'><dl class='gallery-item'>\n\t\t\t<dt class='gallery-icon landscape'>\n\t\t\t\t<a href='https:\/\/www.visit-ulcinj.com\/blog\/2015\/03\/23\/bujar-nishani-ne-malesi-nga-nikolle-camaj-foto\/bujar-nishani-ne-malesi-1\/'><img width=\"150\" height=\"150\" src=\"https:\/\/www.visit-ulcinj.com\/blog\/wp-content\/uploads\/2015\/03\/Bujar-Nishani-n\u00eb-Mal\u00ebsi-1-150x150.jpg\" class=\"attachment-thumbnail size-thumbnail\" alt=\"\" loading=\"lazy\" \/><\/a>\n\t\t\t<\/dt><\/dl><dl class='gallery-item'>\n\t\t\t<dt class='gallery-icon landscape'>\n\t\t\t\t<a href='https:\/\/www.visit-ulcinj.com\/blog\/2015\/03\/23\/bujar-nishani-ne-malesi-nga-nikolle-camaj-foto\/bujar-nishani-ne-malesi-2\/'><img width=\"150\" height=\"150\" src=\"https:\/\/www.visit-ulcinj.com\/blog\/wp-content\/uploads\/2015\/03\/Bujar-Nishani-n\u00eb-Mal\u00ebsi-2-150x150.jpg\" class=\"attachment-thumbnail size-thumbnail\" alt=\"\" loading=\"lazy\" \/><\/a>\n\t\t\t<\/dt><\/dl><dl class='gallery-item'>\n\t\t\t<dt class='gallery-icon landscape'>\n\t\t\t\t<a href='https:\/\/www.visit-ulcinj.com\/blog\/2015\/03\/23\/bujar-nishani-ne-malesi-nga-nikolle-camaj-foto\/bujar-nishani-ne-malesi-3\/'><img width=\"150\" height=\"150\" src=\"https:\/\/www.visit-ulcinj.com\/blog\/wp-content\/uploads\/2015\/03\/Bujar-Nishani-n\u00eb-Mal\u00ebsi-3-150x150.jpg\" class=\"attachment-thumbnail size-thumbnail\" alt=\"\" loading=\"lazy\" \/><\/a>\n\t\t\t<\/dt><\/dl><br style=\"clear: both\" \/><dl class='gallery-item'>\n\t\t\t<dt class='gallery-icon landscape'>\n\t\t\t\t<a href='https:\/\/www.visit-ulcinj.com\/blog\/2015\/03\/23\/bujar-nishani-ne-malesi-nga-nikolle-camaj-foto\/bujar-nishani-ne-malesi-4\/'><img width=\"150\" height=\"150\" src=\"https:\/\/www.visit-ulcinj.com\/blog\/wp-content\/uploads\/2015\/03\/Bujar-Nishani-n\u00eb-Mal\u00ebsi-4-150x150.jpg\" class=\"attachment-thumbnail size-thumbnail\" alt=\"\" loading=\"lazy\" \/><\/a>\n\t\t\t<\/dt><\/dl><dl class='gallery-item'>\n\t\t\t<dt class='gallery-icon landscape'>\n\t\t\t\t<a href='https:\/\/www.visit-ulcinj.com\/blog\/2015\/03\/23\/bujar-nishani-ne-malesi-nga-nikolle-camaj-foto\/bujar-nishani-ne-malesi-6\/'><img width=\"150\" height=\"150\" src=\"https:\/\/www.visit-ulcinj.com\/blog\/wp-content\/uploads\/2015\/03\/Bujar-Nishani-n\u00eb-Mal\u00ebsi-6-150x150.jpg\" class=\"attachment-thumbnail size-thumbnail\" alt=\"\" loading=\"lazy\" \/><\/a>\n\t\t\t<\/dt><\/dl><dl class='gallery-item'>\n\t\t\t<dt class='gallery-icon landscape'>\n\t\t\t\t<a href='https:\/\/www.visit-ulcinj.com\/blog\/2015\/03\/23\/bujar-nishani-ne-malesi-nga-nikolle-camaj-foto\/bujar-nishani-ne-malesi-7\/'><img width=\"150\" height=\"150\" src=\"https:\/\/www.visit-ulcinj.com\/blog\/wp-content\/uploads\/2015\/03\/Bujar-Nishani-n\u00eb-Mal\u00ebsi-7-150x150.jpg\" class=\"attachment-thumbnail size-thumbnail\" alt=\"\" loading=\"lazy\" \/><\/a>\n\t\t\t<\/dt><\/dl><br style=\"clear: both\" \/><dl class='gallery-item'>\n\t\t\t<dt class='gallery-icon portrait'>\n\t\t\t\t<a href='https:\/\/www.visit-ulcinj.com\/blog\/2015\/03\/23\/bujar-nishani-ne-malesi-nga-nikolle-camaj-foto\/bujar-nishani-ne-malesi-8\/'><img width=\"150\" height=\"150\" src=\"https:\/\/www.visit-ulcinj.com\/blog\/wp-content\/uploads\/2015\/03\/Bujar-Nishani-n\u00eb-Mal\u00ebsi-8-150x150.jpg\" class=\"attachment-thumbnail size-thumbnail\" alt=\"\" loading=\"lazy\" \/><\/a>\n\t\t\t<\/dt><\/dl><dl class='gallery-item'>\n\t\t\t<dt class='gallery-icon portrait'>\n\t\t\t\t<a href='https:\/\/www.visit-ulcinj.com\/blog\/2015\/03\/23\/bujar-nishani-ne-malesi-nga-nikolle-camaj-foto\/bujar-nishani-ne-malesi-nikolle-camaj\/'><img width=\"150\" height=\"150\" src=\"https:\/\/www.visit-ulcinj.com\/blog\/wp-content\/uploads\/2015\/03\/Bujar-Nishani-n\u00eb-Mal\u00ebsi-Nikolle-Camaj-150x150.jpg\" class=\"attachment-thumbnail size-thumbnail\" alt=\"\" loading=\"lazy\" \/><\/a>\n\t\t\t<\/dt><\/dl>\n\t\t\t<br style='clear: both' \/>\n\t\t<\/div>\n\n<\/div>\n","protected":false},"excerpt":{"rendered":"<p>Nikoll\u00eb Camaj &#8211; dy fjal\u00eb Presidentit Nishani. Nga ajo q\u00eb Nikoll\u00eb Camaj tha sot n\u00eb takim me Bujar Nishanin ve\u00e7ojm\u00eb: I nderuari President Nishani, mir\u00eb se erdhe n\u00eb Mal\u00ebsin\u00eb shqiptare, mir\u00eb se erdhe n\u00eb Mal\u00ebsin\u00eb t\u00ebnde, t\u00eb cil\u00ebn e dekorove me Urdhrin \u201cNderi i Kombit\u201d. P\u00ebrfaq\u00ebsoj grupin parlamentar t\u00eb Lidhjes Demokratike, respektivisht grupin q\u00eb i [&hellip;]<\/p>\n","protected":false},"author":1,"featured_media":0,"comment_status":"closed","ping_status":"closed","sticky":false,"template":"","format":"standard","meta":{"spay_email":"","jetpack_publicize_message":"","jetpack_is_tweetstorm":false,"jetpack_publicize_feature_enabled":true},"categories":[12],"tags":[],"jetpack_publicize_connections":[],"yoast_head":"<!-- This site is optimized with the Yoast SEO plugin v19.1 - https:\/\/yoast.com\/wordpress\/plugins\/seo\/ -->\n<title>Bujar Nishani n\u00eb Mal\u00ebsi nga Nikoll\u00eb Camaj + Foto - Lajme nga Ulqini<\/title>\n<meta name=\"description\" content=\"Nikoll\u00eb Camaj - dy fjal\u00eb Presidentit Nishani. Nga ajo q\u00eb Nikoll\u00eb Camaj tha sot n\u00eb takim me Bujar Nishanin ve\u00e7ojm\u00eb: I nderuari President Nishani, mir\u00eb se\" \/>\n<meta name=\"robots\" content=\"index, follow, max-snippet:-1, max-image-preview:large, max-video-preview:-1\" \/>\n<link rel=\"canonical\" href=\"https:\/\/www.visit-ulcinj.com\/blog\/2015\/03\/23\/bujar-nishani-ne-malesi-nga-nikolle-camaj-foto\/\" \/>\n<meta property=\"og:locale\" content=\"en_US\" \/>\n<meta property=\"og:type\" content=\"article\" \/>\n<meta property=\"og:title\" content=\"Bujar Nishani n\u00eb Mal\u00ebsi nga Nikoll\u00eb Camaj + Foto - Lajme nga Ulqini\" \/>\n<meta property=\"og:description\" content=\"Nikoll\u00eb Camaj - dy fjal\u00eb Presidentit Nishani. Nga ajo q\u00eb Nikoll\u00eb Camaj tha sot n\u00eb takim me Bujar Nishanin ve\u00e7ojm\u00eb: I nderuari President Nishani, mir\u00eb se\" \/>\n<meta property=\"og:url\" content=\"https:\/\/www.visit-ulcinj.com\/blog\/2015\/03\/23\/bujar-nishani-ne-malesi-nga-nikolle-camaj-foto\/\" \/>\n<meta property=\"og:site_name\" content=\"Lajme nga Ulqini\" \/>\n<meta property=\"article:published_time\" content=\"2015-03-23T22:14:17+00:00\" \/>\n<meta property=\"og:image\" content=\"https:\/\/www.visit-ulcinj.com\/blog\/wp-content\/uploads\/2015\/03\/Bujar-Nishani-n\u00eb-Mal\u00ebsi-1-150x150.jpg\" \/>\n<meta name=\"twitter:label1\" content=\"Written by\" \/>\n\t<meta name=\"twitter:data1\" content=\"ulqini\" \/>\n\t<meta name=\"twitter:label2\" content=\"Est. reading time\" \/>\n\t<meta name=\"twitter:data2\" content=\"3 minutes\" \/>\n<script type=\"application\/ld+json\" class=\"yoast-schema-graph\">{\"@context\":\"https:\/\/schema.org\",\"@graph\":[{\"@type\":\"WebSite\",\"@id\":\"https:\/\/www.visit-ulcinj.com\/blog\/#website\",\"url\":\"https:\/\/www.visit-ulcinj.com\/blog\/\",\"name\":\"Lajme nga Ulqini\",\"description\":\"Lajme,Vijesti,Ulqini,Ulqin,Crna Gora,Mali i Zi\",\"potentialAction\":[{\"@type\":\"SearchAction\",\"target\":{\"@type\":\"EntryPoint\",\"urlTemplate\":\"https:\/\/www.visit-ulcinj.com\/blog\/?s={search_term_string}\"},\"query-input\":\"required name=search_term_string\"}],\"inLanguage\":\"en-US\"},{\"@type\":\"WebPage\",\"@id\":\"https:\/\/www.visit-ulcinj.com\/blog\/2015\/03\/23\/bujar-nishani-ne-malesi-nga-nikolle-camaj-foto\/#webpage\",\"url\":\"https:\/\/www.visit-ulcinj.com\/blog\/2015\/03\/23\/bujar-nishani-ne-malesi-nga-nikolle-camaj-foto\/\",\"name\":\"Bujar Nishani n\u00eb Mal\u00ebsi nga Nikoll\u00eb Camaj + Foto - Lajme nga Ulqini\",\"isPartOf\":{\"@id\":\"https:\/\/www.visit-ulcinj.com\/blog\/#website\"},\"datePublished\":\"2015-03-23T22:14:17+00:00\",\"dateModified\":\"2015-03-23T22:14:17+00:00\",\"author\":{\"@id\":\"https:\/\/www.visit-ulcinj.com\/blog\/#\/schema\/person\/dcab619c614d3038751c63bc2aadc06d\"},\"description\":\"Nikoll\u00eb Camaj - dy fjal\u00eb Presidentit Nishani. Nga ajo q\u00eb Nikoll\u00eb Camaj tha sot n\u00eb takim me Bujar Nishanin ve\u00e7ojm\u00eb: I nderuari President Nishani, mir\u00eb se\",\"breadcrumb\":{\"@id\":\"https:\/\/www.visit-ulcinj.com\/blog\/2015\/03\/23\/bujar-nishani-ne-malesi-nga-nikolle-camaj-foto\/#breadcrumb\"},\"inLanguage\":\"en-US\",\"potentialAction\":[{\"@type\":\"ReadAction\",\"target\":[\"https:\/\/www.visit-ulcinj.com\/blog\/2015\/03\/23\/bujar-nishani-ne-malesi-nga-nikolle-camaj-foto\/\"]}]},{\"@type\":\"BreadcrumbList\",\"@id\":\"https:\/\/www.visit-ulcinj.com\/blog\/2015\/03\/23\/bujar-nishani-ne-malesi-nga-nikolle-camaj-foto\/#breadcrumb\",\"itemListElement\":[{\"@type\":\"ListItem\",\"position\":1,\"name\":\"Bujar Nishani n\u00eb Mal\u00ebsi nga Nikoll\u00eb Camaj + Foto\"}]},{\"@type\":\"Person\",\"@id\":\"https:\/\/www.visit-ulcinj.com\/blog\/#\/schema\/person\/dcab619c614d3038751c63bc2aadc06d\",\"name\":\"ulqini\",\"sameAs\":[\"http:\/\/www.visit-ulcinj.com\"],\"url\":\"https:\/\/www.visit-ulcinj.com\/blog\/author\/admin\/\"}]}<\/script>\n<!-- \/ Yoast SEO plugin. -->","yoast_head_json":{"title":"Bujar Nishani n\u00eb Mal\u00ebsi nga Nikoll\u00eb Camaj + Foto - Lajme nga Ulqini","description":"Nikoll\u00eb Camaj - dy fjal\u00eb Presidentit Nishani. Nga ajo q\u00eb Nikoll\u00eb Camaj tha sot n\u00eb takim me Bujar Nishanin ve\u00e7ojm\u00eb: I nderuari President Nishani, mir\u00eb se","robots":{"index":"index","follow":"follow","max-snippet":"max-snippet:-1","max-image-preview":"max-image-preview:large","max-video-preview":"max-video-preview:-1"},"canonical":"https:\/\/www.visit-ulcinj.com\/blog\/2015\/03\/23\/bujar-nishani-ne-malesi-nga-nikolle-camaj-foto\/","og_locale":"en_US","og_type":"article","og_title":"Bujar Nishani n\u00eb Mal\u00ebsi nga Nikoll\u00eb Camaj + Foto - Lajme nga Ulqini","og_description":"Nikoll\u00eb Camaj - dy fjal\u00eb Presidentit Nishani. Nga ajo q\u00eb Nikoll\u00eb Camaj tha sot n\u00eb takim me Bujar Nishanin ve\u00e7ojm\u00eb: I nderuari President Nishani, mir\u00eb se","og_url":"https:\/\/www.visit-ulcinj.com\/blog\/2015\/03\/23\/bujar-nishani-ne-malesi-nga-nikolle-camaj-foto\/","og_site_name":"Lajme nga Ulqini","article_published_time":"2015-03-23T22:14:17+00:00","og_image":[{"url":"https:\/\/www.visit-ulcinj.com\/blog\/wp-content\/uploads\/2015\/03\/Bujar-Nishani-n\u00eb-Mal\u00ebsi-1-150x150.jpg"}],"twitter_misc":{"Written by":"ulqini","Est. reading time":"3 minutes"},"schema":{"@context":"https:\/\/schema.org","@graph":[{"@type":"WebSite","@id":"https:\/\/www.visit-ulcinj.com\/blog\/#website","url":"https:\/\/www.visit-ulcinj.com\/blog\/","name":"Lajme nga Ulqini","description":"Lajme,Vijesti,Ulqini,Ulqin,Crna Gora,Mali i Zi","potentialAction":[{"@type":"SearchAction","target":{"@type":"EntryPoint","urlTemplate":"https:\/\/www.visit-ulcinj.com\/blog\/?s={search_term_string}"},"query-input":"required name=search_term_string"}],"inLanguage":"en-US"},{"@type":"WebPage","@id":"https:\/\/www.visit-ulcinj.com\/blog\/2015\/03\/23\/bujar-nishani-ne-malesi-nga-nikolle-camaj-foto\/#webpage","url":"https:\/\/www.visit-ulcinj.com\/blog\/2015\/03\/23\/bujar-nishani-ne-malesi-nga-nikolle-camaj-foto\/","name":"Bujar Nishani n\u00eb Mal\u00ebsi nga Nikoll\u00eb Camaj + Foto - Lajme nga Ulqini","isPartOf":{"@id":"https:\/\/www.visit-ulcinj.com\/blog\/#website"},"datePublished":"2015-03-23T22:14:17+00:00","dateModified":"2015-03-23T22:14:17+00:00","author":{"@id":"https:\/\/www.visit-ulcinj.com\/blog\/#\/schema\/person\/dcab619c614d3038751c63bc2aadc06d"},"description":"Nikoll\u00eb Camaj - dy fjal\u00eb Presidentit Nishani. Nga ajo q\u00eb Nikoll\u00eb Camaj tha sot n\u00eb takim me Bujar Nishanin ve\u00e7ojm\u00eb: I nderuari President Nishani, mir\u00eb se","breadcrumb":{"@id":"https:\/\/www.visit-ulcinj.com\/blog\/2015\/03\/23\/bujar-nishani-ne-malesi-nga-nikolle-camaj-foto\/#breadcrumb"},"inLanguage":"en-US","potentialAction":[{"@type":"ReadAction","target":["https:\/\/www.visit-ulcinj.com\/blog\/2015\/03\/23\/bujar-nishani-ne-malesi-nga-nikolle-camaj-foto\/"]}]},{"@type":"BreadcrumbList","@id":"https:\/\/www.visit-ulcinj.com\/blog\/2015\/03\/23\/bujar-nishani-ne-malesi-nga-nikolle-camaj-foto\/#breadcrumb","itemListElement":[{"@type":"ListItem","position":1,"name":"Bujar Nishani n\u00eb Mal\u00ebsi nga Nikoll\u00eb Camaj + Foto"}]},{"@type":"Person","@id":"https:\/\/www.visit-ulcinj.com\/blog\/#\/schema\/person\/dcab619c614d3038751c63bc2aadc06d","name":"ulqini","sameAs":["http:\/\/www.visit-ulcinj.com"],"url":"https:\/\/www.visit-ulcinj.com\/blog\/author\/admin\/"}]}},"jetpack_featured_media_url":"","jetpack_sharing_enabled":true,"jetpack_shortlink":"https:\/\/wp.me\/pe6lTn-niC","_links":{"self":[{"href":"https:\/\/www.visit-ulcinj.com\/blog\/wp-json\/wp\/v2\/posts\/89566"}],"collection":[{"href":"https:\/\/www.visit-ulcinj.com\/blog\/wp-json\/wp\/v2\/posts"}],"about":[{"href":"https:\/\/www.visit-ulcinj.com\/blog\/wp-json\/wp\/v2\/types\/post"}],"author":[{"embeddable":true,"href":"https:\/\/www.visit-ulcinj.com\/blog\/wp-json\/wp\/v2\/users\/1"}],"replies":[{"embeddable":true,"href":"https:\/\/www.visit-ulcinj.com\/blog\/wp-json\/wp\/v2\/comments?post=89566"}],"version-history":[{"count":1,"href":"https:\/\/www.visit-ulcinj.com\/blog\/wp-json\/wp\/v2\/posts\/89566\/revisions"}],"predecessor-version":[{"id":89577,"href":"https:\/\/www.visit-ulcinj.com\/blog\/wp-json\/wp\/v2\/posts\/89566\/revisions\/89577"}],"wp:attachment":[{"href":"https:\/\/www.visit-ulcinj.com\/blog\/wp-json\/wp\/v2\/media?parent=89566"}],"wp:term":[{"taxonomy":"category","embeddable":true,"href":"https:\/\/www.visit-ulcinj.com\/blog\/wp-json\/wp\/v2\/categories?post=89566"},{"taxonomy":"post_tag","embeddable":true,"href":"https:\/\/www.visit-ulcinj.com\/blog\/wp-json\/wp\/v2\/tags?post=89566"}],"curies":[{"name":"wp","href":"https:\/\/api.w.org\/{rel}","templated":true}]}}