{"id":89578,"date":"2015-03-24T08:32:13","date_gmt":"2015-03-24T07:32:13","guid":{"rendered":"http:\/\/www.visit-ulcinj.com\/blog\/?p=89578"},"modified":"2015-03-24T08:32:13","modified_gmt":"2015-03-24T07:32:13","slug":"gorio-magacin-otrantkomerca-u-ulcinj","status":"publish","type":"post","link":"https:\/\/www.visit-ulcinj.com\/blog\/2015\/03\/24\/gorio-magacin-otrantkomerca-u-ulcinj\/","title":{"rendered":"Gorio magacin Otrantkomerca u Ulcinj"},"content":{"rendered":"<p><strong>Istraga je u toku, ali na licu mjesta novinar &#8220;Vijesti&#8221; nije zatekao nikog od istra\u017eitelja<\/strong><\/p>\n<p><a href=\"http:\/\/www.visit-ulcinj.com\/blog\/wp-content\/uploads\/2015\/03\/Magacin-Otrantkomerca-Ulcinj.jpg\"><img loading=\"lazy\" class=\"alignleft wp-image-89579\" src=\"http:\/\/www.visit-ulcinj.com\/blog\/wp-content\/uploads\/2015\/03\/Magacin-Otrantkomerca-Ulcinj.jpg\" alt=\"Magacin Otrantkomerca Ulcinj\" width=\"508\" height=\"319\" srcset=\"https:\/\/www.visit-ulcinj.com\/blog\/wp-content\/uploads\/2015\/03\/Magacin-Otrantkomerca-Ulcinj.jpg 560w, https:\/\/www.visit-ulcinj.com\/blog\/wp-content\/uploads\/2015\/03\/Magacin-Otrantkomerca-Ulcinj-300x189.jpg 300w\" sizes=\"(max-width: 508px) 100vw, 508px\" \/><\/a><\/p>\n<p><strong><span class=\"credits__author\"> Autor + Foto: Samir Adrovi\u0107 <\/span><\/strong><\/p>\n<p>Prvo je gorio monta\u017eni objekat, a onda je vatra zahvatila ogromna metalna vrata magacina prehrambene kompanije, ali su vatrogasci pravovremenom intervencijom sprije\u010dili ve\u0107u \u0161tetu &#8211; to je epilog po\u017eara koji je\u00a0oko 16.50h planuo na trafici i brzo se pro\u0161irio ka prostorijama magacina Otrantkomerca koje je pod zakup, kako &#8220;Vijesti&#8221; nezvani\u010dno saznaju, uzela firma &#8220;Put Gros&#8221; iz Bijelog Polja.<\/p>\n<p>Ulcinjski vatrogasci su po\u017ear ugasili nakon 50 minuta, a osim ulaznih vrata, ni\u0161ta vi\u0161e nije uni\u0161teno u magacinu.<\/p>\n<p>O po\u017earu su svjedo\u010dili dim sa izgorjelog objekta, do pola istopljena ulazna metalna vrata i enterijer magacina sa neo\u0161te\u0107enim paletama sa kisjelom vodom.<\/p>\n<p>Nekoliko svjedoka kazalo je &#8220;Vijestima&#8221; da su vidjeli djecu kako se igraju oko monta\u017enog objekta, te da su oni mogu\u0107e iz nehata izazavali po\u017ear.<\/p>\n<p>Kako saznajemo, istraga je u toku, ali na licu mjesta novinar &#8220;Vijesti&#8221; nije zatekao nikog od istra\u017eitelja.<\/p>\n<p><strong>Izvor: Vijesti Online<\/strong><\/p>\n<p>&nbsp;<\/p>\n","protected":false},"excerpt":{"rendered":"<p>Istraga je u toku, ali na licu mjesta novinar &#8220;Vijesti&#8221; nije zatekao nikog od istra\u017eitelja Autor + Foto: Samir Adrovi\u0107 Prvo je gorio monta\u017eni objekat, a onda je vatra zahvatila ogromna metalna vrata magacina prehrambene kompanije, ali su vatrogasci pravovremenom intervencijom sprije\u010dili ve\u0107u \u0161tetu &#8211; to je epilog po\u017eara koji je\u00a0oko 16.50h planuo na trafici [&hellip;]<\/p>\n","protected":false},"author":1,"featured_media":0,"comment_status":"closed","ping_status":"closed","sticky":false,"template":"","format":"standard","meta":{"spay_email":"","jetpack_publicize_message":"","jetpack_is_tweetstorm":false,"jetpack_publicize_feature_enabled":true},"categories":[6950],"tags":[],"jetpack_publicize_connections":[],"yoast_head":"<!-- This site is optimized with the Yoast SEO plugin v19.1 - https:\/\/yoast.com\/wordpress\/plugins\/seo\/ -->\n<title>Gorio magacin Otrantkomerca u Ulcinj - Lajme nga Ulqini<\/title>\n<meta name=\"description\" content=\"Istraga je u toku, ali na licu mjesta novinar &quot;Vijesti&quot; nije zatekao nikog od istra\u017eitelja Autor + Foto: Samir Adrovi\u0107 Prvo je gorio monta\u017eni objekat, a\" \/>\n<meta name=\"robots\" content=\"index, follow, max-snippet:-1, max-image-preview:large, max-video-preview:-1\" \/>\n<link rel=\"canonical\" href=\"https:\/\/www.visit-ulcinj.com\/blog\/2015\/03\/24\/gorio-magacin-otrantkomerca-u-ulcinj\/\" \/>\n<meta property=\"og:locale\" content=\"en_US\" \/>\n<meta property=\"og:type\" content=\"article\" \/>\n<meta property=\"og:title\" content=\"Gorio magacin Otrantkomerca u Ulcinj - Lajme nga Ulqini\" \/>\n<meta property=\"og:description\" content=\"Istraga je u toku, ali na licu mjesta novinar &quot;Vijesti&quot; nije zatekao nikog od istra\u017eitelja Autor + Foto: Samir Adrovi\u0107 Prvo je gorio monta\u017eni objekat, a\" \/>\n<meta property=\"og:url\" content=\"https:\/\/www.visit-ulcinj.com\/blog\/2015\/03\/24\/gorio-magacin-otrantkomerca-u-ulcinj\/\" \/>\n<meta property=\"og:site_name\" content=\"Lajme nga Ulqini\" \/>\n<meta property=\"article:published_time\" content=\"2015-03-24T07:32:13+00:00\" \/>\n<meta property=\"og:image\" content=\"http:\/\/www.visit-ulcinj.com\/blog\/wp-content\/uploads\/2015\/03\/Magacin-Otrantkomerca-Ulcinj.jpg\" \/>\n<meta name=\"twitter:label1\" content=\"Written by\" \/>\n\t<meta name=\"twitter:data1\" content=\"ulqini\" \/>\n\t<meta name=\"twitter:label2\" content=\"Est. reading time\" \/>\n\t<meta name=\"twitter:data2\" content=\"1 minute\" \/>\n<script type=\"application\/ld+json\" class=\"yoast-schema-graph\">{\"@context\":\"https:\/\/schema.org\",\"@graph\":[{\"@type\":\"WebSite\",\"@id\":\"https:\/\/www.visit-ulcinj.com\/blog\/#website\",\"url\":\"https:\/\/www.visit-ulcinj.com\/blog\/\",\"name\":\"Lajme nga Ulqini\",\"description\":\"Lajme,Vijesti,Ulqini,Ulqin,Crna Gora,Mali i Zi\",\"potentialAction\":[{\"@type\":\"SearchAction\",\"target\":{\"@type\":\"EntryPoint\",\"urlTemplate\":\"https:\/\/www.visit-ulcinj.com\/blog\/?s={search_term_string}\"},\"query-input\":\"required name=search_term_string\"}],\"inLanguage\":\"en-US\"},{\"@type\":\"ImageObject\",\"inLanguage\":\"en-US\",\"@id\":\"https:\/\/www.visit-ulcinj.com\/blog\/2015\/03\/24\/gorio-magacin-otrantkomerca-u-ulcinj\/#primaryimage\",\"url\":\"https:\/\/www.visit-ulcinj.com\/blog\/wp-content\/uploads\/2015\/03\/Magacin-Otrantkomerca-Ulcinj.jpg\",\"contentUrl\":\"https:\/\/www.visit-ulcinj.com\/blog\/wp-content\/uploads\/2015\/03\/Magacin-Otrantkomerca-Ulcinj.jpg\",\"width\":560,\"height\":352},{\"@type\":\"WebPage\",\"@id\":\"https:\/\/www.visit-ulcinj.com\/blog\/2015\/03\/24\/gorio-magacin-otrantkomerca-u-ulcinj\/#webpage\",\"url\":\"https:\/\/www.visit-ulcinj.com\/blog\/2015\/03\/24\/gorio-magacin-otrantkomerca-u-ulcinj\/\",\"name\":\"Gorio magacin Otrantkomerca u Ulcinj - Lajme nga Ulqini\",\"isPartOf\":{\"@id\":\"https:\/\/www.visit-ulcinj.com\/blog\/#website\"},\"primaryImageOfPage\":{\"@id\":\"https:\/\/www.visit-ulcinj.com\/blog\/2015\/03\/24\/gorio-magacin-otrantkomerca-u-ulcinj\/#primaryimage\"},\"datePublished\":\"2015-03-24T07:32:13+00:00\",\"dateModified\":\"2015-03-24T07:32:13+00:00\",\"author\":{\"@id\":\"https:\/\/www.visit-ulcinj.com\/blog\/#\/schema\/person\/dcab619c614d3038751c63bc2aadc06d\"},\"description\":\"Istraga je u toku, ali na licu mjesta novinar \\\"Vijesti\\\" nije zatekao nikog od istra\u017eitelja Autor + Foto: Samir Adrovi\u0107 Prvo je gorio monta\u017eni objekat, a\",\"breadcrumb\":{\"@id\":\"https:\/\/www.visit-ulcinj.com\/blog\/2015\/03\/24\/gorio-magacin-otrantkomerca-u-ulcinj\/#breadcrumb\"},\"inLanguage\":\"en-US\",\"potentialAction\":[{\"@type\":\"ReadAction\",\"target\":[\"https:\/\/www.visit-ulcinj.com\/blog\/2015\/03\/24\/gorio-magacin-otrantkomerca-u-ulcinj\/\"]}]},{\"@type\":\"BreadcrumbList\",\"@id\":\"https:\/\/www.visit-ulcinj.com\/blog\/2015\/03\/24\/gorio-magacin-otrantkomerca-u-ulcinj\/#breadcrumb\",\"itemListElement\":[{\"@type\":\"ListItem\",\"position\":1,\"name\":\"Gorio magacin Otrantkomerca u Ulcinj\"}]},{\"@type\":\"Person\",\"@id\":\"https:\/\/www.visit-ulcinj.com\/blog\/#\/schema\/person\/dcab619c614d3038751c63bc2aadc06d\",\"name\":\"ulqini\",\"sameAs\":[\"http:\/\/www.visit-ulcinj.com\"],\"url\":\"https:\/\/www.visit-ulcinj.com\/blog\/author\/admin\/\"}]}<\/script>\n<!-- \/ Yoast SEO plugin. -->","yoast_head_json":{"title":"Gorio magacin Otrantkomerca u Ulcinj - Lajme nga Ulqini","description":"Istraga je u toku, ali na licu mjesta novinar \"Vijesti\" nije zatekao nikog od istra\u017eitelja Autor + Foto: Samir Adrovi\u0107 Prvo je gorio monta\u017eni objekat, a","robots":{"index":"index","follow":"follow","max-snippet":"max-snippet:-1","max-image-preview":"max-image-preview:large","max-video-preview":"max-video-preview:-1"},"canonical":"https:\/\/www.visit-ulcinj.com\/blog\/2015\/03\/24\/gorio-magacin-otrantkomerca-u-ulcinj\/","og_locale":"en_US","og_type":"article","og_title":"Gorio magacin Otrantkomerca u Ulcinj - Lajme nga Ulqini","og_description":"Istraga je u toku, ali na licu mjesta novinar \"Vijesti\" nije zatekao nikog od istra\u017eitelja Autor + Foto: Samir Adrovi\u0107 Prvo je gorio monta\u017eni objekat, a","og_url":"https:\/\/www.visit-ulcinj.com\/blog\/2015\/03\/24\/gorio-magacin-otrantkomerca-u-ulcinj\/","og_site_name":"Lajme nga Ulqini","article_published_time":"2015-03-24T07:32:13+00:00","og_image":[{"url":"http:\/\/www.visit-ulcinj.com\/blog\/wp-content\/uploads\/2015\/03\/Magacin-Otrantkomerca-Ulcinj.jpg"}],"twitter_misc":{"Written by":"ulqini","Est. reading time":"1 minute"},"schema":{"@context":"https:\/\/schema.org","@graph":[{"@type":"WebSite","@id":"https:\/\/www.visit-ulcinj.com\/blog\/#website","url":"https:\/\/www.visit-ulcinj.com\/blog\/","name":"Lajme nga Ulqini","description":"Lajme,Vijesti,Ulqini,Ulqin,Crna Gora,Mali i Zi","potentialAction":[{"@type":"SearchAction","target":{"@type":"EntryPoint","urlTemplate":"https:\/\/www.visit-ulcinj.com\/blog\/?s={search_term_string}"},"query-input":"required name=search_term_string"}],"inLanguage":"en-US"},{"@type":"ImageObject","inLanguage":"en-US","@id":"https:\/\/www.visit-ulcinj.com\/blog\/2015\/03\/24\/gorio-magacin-otrantkomerca-u-ulcinj\/#primaryimage","url":"https:\/\/www.visit-ulcinj.com\/blog\/wp-content\/uploads\/2015\/03\/Magacin-Otrantkomerca-Ulcinj.jpg","contentUrl":"https:\/\/www.visit-ulcinj.com\/blog\/wp-content\/uploads\/2015\/03\/Magacin-Otrantkomerca-Ulcinj.jpg","width":560,"height":352},{"@type":"WebPage","@id":"https:\/\/www.visit-ulcinj.com\/blog\/2015\/03\/24\/gorio-magacin-otrantkomerca-u-ulcinj\/#webpage","url":"https:\/\/www.visit-ulcinj.com\/blog\/2015\/03\/24\/gorio-magacin-otrantkomerca-u-ulcinj\/","name":"Gorio magacin Otrantkomerca u Ulcinj - Lajme nga Ulqini","isPartOf":{"@id":"https:\/\/www.visit-ulcinj.com\/blog\/#website"},"primaryImageOfPage":{"@id":"https:\/\/www.visit-ulcinj.com\/blog\/2015\/03\/24\/gorio-magacin-otrantkomerca-u-ulcinj\/#primaryimage"},"datePublished":"2015-03-24T07:32:13+00:00","dateModified":"2015-03-24T07:32:13+00:00","author":{"@id":"https:\/\/www.visit-ulcinj.com\/blog\/#\/schema\/person\/dcab619c614d3038751c63bc2aadc06d"},"description":"Istraga je u toku, ali na licu mjesta novinar \"Vijesti\" nije zatekao nikog od istra\u017eitelja Autor + Foto: Samir Adrovi\u0107 Prvo je gorio monta\u017eni objekat, a","breadcrumb":{"@id":"https:\/\/www.visit-ulcinj.com\/blog\/2015\/03\/24\/gorio-magacin-otrantkomerca-u-ulcinj\/#breadcrumb"},"inLanguage":"en-US","potentialAction":[{"@type":"ReadAction","target":["https:\/\/www.visit-ulcinj.com\/blog\/2015\/03\/24\/gorio-magacin-otrantkomerca-u-ulcinj\/"]}]},{"@type":"BreadcrumbList","@id":"https:\/\/www.visit-ulcinj.com\/blog\/2015\/03\/24\/gorio-magacin-otrantkomerca-u-ulcinj\/#breadcrumb","itemListElement":[{"@type":"ListItem","position":1,"name":"Gorio magacin Otrantkomerca u Ulcinj"}]},{"@type":"Person","@id":"https:\/\/www.visit-ulcinj.com\/blog\/#\/schema\/person\/dcab619c614d3038751c63bc2aadc06d","name":"ulqini","sameAs":["http:\/\/www.visit-ulcinj.com"],"url":"https:\/\/www.visit-ulcinj.com\/blog\/author\/admin\/"}]}},"jetpack_featured_media_url":"","jetpack_sharing_enabled":true,"jetpack_shortlink":"https:\/\/wp.me\/pe6lTn-niO","_links":{"self":[{"href":"https:\/\/www.visit-ulcinj.com\/blog\/wp-json\/wp\/v2\/posts\/89578"}],"collection":[{"href":"https:\/\/www.visit-ulcinj.com\/blog\/wp-json\/wp\/v2\/posts"}],"about":[{"href":"https:\/\/www.visit-ulcinj.com\/blog\/wp-json\/wp\/v2\/types\/post"}],"author":[{"embeddable":true,"href":"https:\/\/www.visit-ulcinj.com\/blog\/wp-json\/wp\/v2\/users\/1"}],"replies":[{"embeddable":true,"href":"https:\/\/www.visit-ulcinj.com\/blog\/wp-json\/wp\/v2\/comments?post=89578"}],"version-history":[{"count":1,"href":"https:\/\/www.visit-ulcinj.com\/blog\/wp-json\/wp\/v2\/posts\/89578\/revisions"}],"predecessor-version":[{"id":89580,"href":"https:\/\/www.visit-ulcinj.com\/blog\/wp-json\/wp\/v2\/posts\/89578\/revisions\/89580"}],"wp:attachment":[{"href":"https:\/\/www.visit-ulcinj.com\/blog\/wp-json\/wp\/v2\/media?parent=89578"}],"wp:term":[{"taxonomy":"category","embeddable":true,"href":"https:\/\/www.visit-ulcinj.com\/blog\/wp-json\/wp\/v2\/categories?post=89578"},{"taxonomy":"post_tag","embeddable":true,"href":"https:\/\/www.visit-ulcinj.com\/blog\/wp-json\/wp\/v2\/tags?post=89578"}],"curies":[{"name":"wp","href":"https:\/\/api.w.org\/{rel}","templated":true}]}}