{"id":89596,"date":"2015-03-24T18:42:54","date_gmt":"2015-03-24T17:42:54","guid":{"rendered":"http:\/\/www.visit-ulcinj.com\/blog\/?p=89596"},"modified":"2015-03-26T15:13:45","modified_gmt":"2015-03-26T14:13:45","slug":"gjimnazi-vellazerim-bashkim-shenon-50-vjetorin-e-themelimit","status":"publish","type":"post","link":"https:\/\/www.visit-ulcinj.com\/blog\/2015\/03\/24\/gjimnazi-vellazerim-bashkim-shenon-50-vjetorin-e-themelimit\/","title":{"rendered":"Gjimnazi \u201cV\u00ebllaz\u00ebrim-Bashkim\u201d sh\u00ebnon 50 vjetorin e themelimit &#8211; Video"},"content":{"rendered":"<p><strong>Shkolla e mesme ,,V\u00ebllaz\u00ebrim \u2013bashkim kremton 5o vjetorin e themelimit<\/strong><\/p>\n<p><a href=\"http:\/\/www.visit-ulcinj.com\/blog\/wp-content\/uploads\/2015\/03\/Hysein-Ceno-Katana-Ulqin.jpg\"><img loading=\"lazy\" class=\"alignleft wp-image-89597\" src=\"http:\/\/www.visit-ulcinj.com\/blog\/wp-content\/uploads\/2015\/03\/Hysein-Ceno-Katana-Ulqin.jpg\" alt=\"Hysein-Ceno-Katana-Ulqin\" width=\"508\" height=\"499\" srcset=\"https:\/\/www.visit-ulcinj.com\/blog\/wp-content\/uploads\/2015\/03\/Hysein-Ceno-Katana-Ulqin.jpg 634w, https:\/\/www.visit-ulcinj.com\/blog\/wp-content\/uploads\/2015\/03\/Hysein-Ceno-Katana-Ulqin-300x295.jpg 300w\" sizes=\"(max-width: 508px) 100vw, 508px\" \/><\/a><\/p>\n<p>Kryetari\u00a0I Komun\u00ebs s\u00eb Ulqinit Z. Fatmir Gjeka\u00a0 uron\u00a0 nx\u00ebn\u00ebsit dhe\u00a0 m\u00ebsimdh\u00ebn\u00ebsit e IP SHkolla e\u00a0 mesme ,,V\u00ebllaz\u00ebrim -Bashkim ,, p\u00ebr\u00a0 jubileun\u00a0 e 5o\u00a0t\u00eb\u00a0 pun\u00ebs .<\/p>\n<p>N\u00eb\u00a0 mesazh\u00a0 d\u00ebrguar\u00a0 Drejtorit\u00a0\u00a0 t\u00eb\u00a0 k\u00ebtij\u00a0\u00a0 institucioni\u00a0 edukativo -arsimor Z. Hysein Ceno Katana\u00a0 nd\u00ebr t\u00eb tjera\u00a0 thuhet .<\/p>\n<p>N\u00eb \u00a0em\u00ebr\u00a0 t\u00eb Komun\u00ebs s\u00eb\u00a0 Ulqinit\u00a0 si dhe n\u00eb emrin\u00a0 tim personal\u00a0\u00a0 m\u00eb\u00a0 lejoni\u00a0\u00a0 tju\u00a0 shpreh\u00a0\u00a0 nga\u00a0 zemra\u00a0 G\u00ebzuar\u00a0 5o\u00a0 vjetorin\u00a0 e\u00a0 krijimit t\u00eb\u00a0 k\u00ebtij\u00a0\u00a0 tempulli\u00a0\u00a0 t\u00eb dijes.<\/p>\n<p>Ju , d\u00ebshiroj\u00a0 pun\u00eb\u00a0 tl\u00eb sukseshme\u00a0\u00a0 dhe\u00a0\u00a0 gjat\u00eb shum\u00eb\u00a0\u00a0 viteve\u00a0\u00a0 t\u00eb ardheshme .<\/p>\n<p>Cdo shkoll\u00eb\u00a0 \u00ebsht\u00eb\u00a0nj\u00eb drit\u00eb\u00a0m\u00eb shum\u00eb, \u00ebsht\u00eb\u00a0drita\u00a0 e s\u00eb\u00a0ardhmes, \u00ebsht\u00eb\u00a0 drita e integrimit.<\/p>\n<p>G\u00ebzuar.<\/p>\n<p>Bashk\u00ebngjitur \u00a0\u00a0me\u00a0 mesazhin e urimit\u00a0\u00a0 n\u00eb adres\u00eb t\u00eb shkoll\u00ebs\u00a0\u00a0 kan\u00eb mb\u00ebrritur dhe 5o\u00a0 trendafila\u00a0 q\u00eb simbolikisht\u00a0 sh\u00ebnojn\u00eb\u00a0 5o\u00a0 vjetorin e themelimit\u00a0\u00a0\u00a0 t\u00eb\u00a0 k\u00ebtij institucioni.<\/p>\n<p>Komuna Ulqinit<\/p>\n<!--YouTube Error: bad URL entered-->\n<p>&nbsp;<\/p>\n","protected":false},"excerpt":{"rendered":"<p>Shkolla e mesme ,,V\u00ebllaz\u00ebrim \u2013bashkim kremton 5o vjetorin e themelimit Kryetari\u00a0I Komun\u00ebs s\u00eb Ulqinit Z. Fatmir Gjeka\u00a0 uron\u00a0 nx\u00ebn\u00ebsit dhe\u00a0 m\u00ebsimdh\u00ebn\u00ebsit e IP SHkolla e\u00a0 mesme ,,V\u00ebllaz\u00ebrim -Bashkim ,, p\u00ebr\u00a0 jubileun\u00a0 e 5o\u00a0t\u00eb\u00a0 pun\u00ebs . N\u00eb\u00a0 mesazh\u00a0 d\u00ebrguar\u00a0 Drejtorit\u00a0\u00a0 t\u00eb\u00a0 k\u00ebtij\u00a0\u00a0 institucioni\u00a0 edukativo -arsimor Z. Hysein Ceno Katana\u00a0 nd\u00ebr t\u00eb tjera\u00a0 thuhet . N\u00eb \u00a0em\u00ebr\u00a0 [&hellip;]<\/p>\n","protected":false},"author":1,"featured_media":0,"comment_status":"closed","ping_status":"closed","sticky":false,"template":"","format":"standard","meta":{"spay_email":"","jetpack_publicize_message":"","jetpack_is_tweetstorm":false,"jetpack_publicize_feature_enabled":true},"categories":[4],"tags":[],"jetpack_publicize_connections":[],"yoast_head":"<!-- This site is optimized with the Yoast SEO plugin v19.1 - https:\/\/yoast.com\/wordpress\/plugins\/seo\/ -->\n<title>Gjimnazi \u201cV\u00ebllaz\u00ebrim-Bashkim\u201d sh\u00ebnon 50 vjetorin e themelimit - Video - Lajme nga Ulqini<\/title>\n<meta name=\"description\" content=\"Shkolla e mesme ,,V\u00ebllaz\u00ebrim \u2013bashkim kremton 5o vjetorin e themelimit Kryetari\u00a0I Komun\u00ebs s\u00eb Ulqinit Z. Fatmir Gjeka\u00a0 uron\u00a0 nx\u00ebn\u00ebsit dhe\u00a0 m\u00ebsimdh\u00ebn\u00ebsit e\" \/>\n<meta name=\"robots\" content=\"index, follow, max-snippet:-1, max-image-preview:large, max-video-preview:-1\" \/>\n<link rel=\"canonical\" href=\"https:\/\/www.visit-ulcinj.com\/blog\/2015\/03\/24\/gjimnazi-vellazerim-bashkim-shenon-50-vjetorin-e-themelimit\/\" \/>\n<meta property=\"og:locale\" content=\"en_US\" \/>\n<meta property=\"og:type\" content=\"article\" \/>\n<meta property=\"og:title\" content=\"Gjimnazi \u201cV\u00ebllaz\u00ebrim-Bashkim\u201d sh\u00ebnon 50 vjetorin e themelimit - Video - Lajme nga Ulqini\" \/>\n<meta property=\"og:description\" content=\"Shkolla e mesme ,,V\u00ebllaz\u00ebrim \u2013bashkim kremton 5o vjetorin e themelimit Kryetari\u00a0I Komun\u00ebs s\u00eb Ulqinit Z. Fatmir Gjeka\u00a0 uron\u00a0 nx\u00ebn\u00ebsit dhe\u00a0 m\u00ebsimdh\u00ebn\u00ebsit e\" \/>\n<meta property=\"og:url\" content=\"https:\/\/www.visit-ulcinj.com\/blog\/2015\/03\/24\/gjimnazi-vellazerim-bashkim-shenon-50-vjetorin-e-themelimit\/\" \/>\n<meta property=\"og:site_name\" content=\"Lajme nga Ulqini\" \/>\n<meta property=\"article:published_time\" content=\"2015-03-24T17:42:54+00:00\" \/>\n<meta property=\"article:modified_time\" content=\"2015-03-26T14:13:45+00:00\" \/>\n<meta property=\"og:image\" content=\"http:\/\/www.visit-ulcinj.com\/blog\/wp-content\/uploads\/2015\/03\/Hysein-Ceno-Katana-Ulqin.jpg\" \/>\n<meta name=\"twitter:label1\" content=\"Written by\" \/>\n\t<meta name=\"twitter:data1\" content=\"ulqini\" \/>\n\t<meta name=\"twitter:label2\" content=\"Est. reading time\" \/>\n\t<meta name=\"twitter:data2\" content=\"1 minute\" \/>\n<script type=\"application\/ld+json\" class=\"yoast-schema-graph\">{\"@context\":\"https:\/\/schema.org\",\"@graph\":[{\"@type\":\"WebSite\",\"@id\":\"https:\/\/www.visit-ulcinj.com\/blog\/#website\",\"url\":\"https:\/\/www.visit-ulcinj.com\/blog\/\",\"name\":\"Lajme nga Ulqini\",\"description\":\"Lajme,Vijesti,Ulqini,Ulqin,Crna Gora,Mali i Zi\",\"potentialAction\":[{\"@type\":\"SearchAction\",\"target\":{\"@type\":\"EntryPoint\",\"urlTemplate\":\"https:\/\/www.visit-ulcinj.com\/blog\/?s={search_term_string}\"},\"query-input\":\"required name=search_term_string\"}],\"inLanguage\":\"en-US\"},{\"@type\":\"ImageObject\",\"inLanguage\":\"en-US\",\"@id\":\"https:\/\/www.visit-ulcinj.com\/blog\/2015\/03\/24\/gjimnazi-vellazerim-bashkim-shenon-50-vjetorin-e-themelimit\/#primaryimage\",\"url\":\"https:\/\/www.visit-ulcinj.com\/blog\/wp-content\/uploads\/2015\/03\/Hysein-Ceno-Katana-Ulqin.jpg\",\"contentUrl\":\"https:\/\/www.visit-ulcinj.com\/blog\/wp-content\/uploads\/2015\/03\/Hysein-Ceno-Katana-Ulqin.jpg\",\"width\":634,\"height\":623},{\"@type\":\"WebPage\",\"@id\":\"https:\/\/www.visit-ulcinj.com\/blog\/2015\/03\/24\/gjimnazi-vellazerim-bashkim-shenon-50-vjetorin-e-themelimit\/#webpage\",\"url\":\"https:\/\/www.visit-ulcinj.com\/blog\/2015\/03\/24\/gjimnazi-vellazerim-bashkim-shenon-50-vjetorin-e-themelimit\/\",\"name\":\"Gjimnazi \u201cV\u00ebllaz\u00ebrim-Bashkim\u201d sh\u00ebnon 50 vjetorin e themelimit - Video - Lajme nga Ulqini\",\"isPartOf\":{\"@id\":\"https:\/\/www.visit-ulcinj.com\/blog\/#website\"},\"primaryImageOfPage\":{\"@id\":\"https:\/\/www.visit-ulcinj.com\/blog\/2015\/03\/24\/gjimnazi-vellazerim-bashkim-shenon-50-vjetorin-e-themelimit\/#primaryimage\"},\"datePublished\":\"2015-03-24T17:42:54+00:00\",\"dateModified\":\"2015-03-26T14:13:45+00:00\",\"author\":{\"@id\":\"https:\/\/www.visit-ulcinj.com\/blog\/#\/schema\/person\/dcab619c614d3038751c63bc2aadc06d\"},\"description\":\"Shkolla e mesme ,,V\u00ebllaz\u00ebrim \u2013bashkim kremton 5o vjetorin e themelimit Kryetari\u00a0I Komun\u00ebs s\u00eb Ulqinit Z. Fatmir Gjeka\u00a0 uron\u00a0 nx\u00ebn\u00ebsit dhe\u00a0 m\u00ebsimdh\u00ebn\u00ebsit e\",\"breadcrumb\":{\"@id\":\"https:\/\/www.visit-ulcinj.com\/blog\/2015\/03\/24\/gjimnazi-vellazerim-bashkim-shenon-50-vjetorin-e-themelimit\/#breadcrumb\"},\"inLanguage\":\"en-US\",\"potentialAction\":[{\"@type\":\"ReadAction\",\"target\":[\"https:\/\/www.visit-ulcinj.com\/blog\/2015\/03\/24\/gjimnazi-vellazerim-bashkim-shenon-50-vjetorin-e-themelimit\/\"]}]},{\"@type\":\"BreadcrumbList\",\"@id\":\"https:\/\/www.visit-ulcinj.com\/blog\/2015\/03\/24\/gjimnazi-vellazerim-bashkim-shenon-50-vjetorin-e-themelimit\/#breadcrumb\",\"itemListElement\":[{\"@type\":\"ListItem\",\"position\":1,\"name\":\"Gjimnazi \u201cV\u00ebllaz\u00ebrim-Bashkim\u201d sh\u00ebnon 50 vjetorin e themelimit &#8211; Video\"}]},{\"@type\":\"Person\",\"@id\":\"https:\/\/www.visit-ulcinj.com\/blog\/#\/schema\/person\/dcab619c614d3038751c63bc2aadc06d\",\"name\":\"ulqini\",\"sameAs\":[\"http:\/\/www.visit-ulcinj.com\"],\"url\":\"https:\/\/www.visit-ulcinj.com\/blog\/author\/admin\/\"}]}<\/script>\n<!-- \/ Yoast SEO plugin. -->","yoast_head_json":{"title":"Gjimnazi \u201cV\u00ebllaz\u00ebrim-Bashkim\u201d sh\u00ebnon 50 vjetorin e themelimit - Video - Lajme nga Ulqini","description":"Shkolla e mesme ,,V\u00ebllaz\u00ebrim \u2013bashkim kremton 5o vjetorin e themelimit Kryetari\u00a0I Komun\u00ebs s\u00eb Ulqinit Z. Fatmir Gjeka\u00a0 uron\u00a0 nx\u00ebn\u00ebsit dhe\u00a0 m\u00ebsimdh\u00ebn\u00ebsit e","robots":{"index":"index","follow":"follow","max-snippet":"max-snippet:-1","max-image-preview":"max-image-preview:large","max-video-preview":"max-video-preview:-1"},"canonical":"https:\/\/www.visit-ulcinj.com\/blog\/2015\/03\/24\/gjimnazi-vellazerim-bashkim-shenon-50-vjetorin-e-themelimit\/","og_locale":"en_US","og_type":"article","og_title":"Gjimnazi \u201cV\u00ebllaz\u00ebrim-Bashkim\u201d sh\u00ebnon 50 vjetorin e themelimit - Video - Lajme nga Ulqini","og_description":"Shkolla e mesme ,,V\u00ebllaz\u00ebrim \u2013bashkim kremton 5o vjetorin e themelimit Kryetari\u00a0I Komun\u00ebs s\u00eb Ulqinit Z. Fatmir Gjeka\u00a0 uron\u00a0 nx\u00ebn\u00ebsit dhe\u00a0 m\u00ebsimdh\u00ebn\u00ebsit e","og_url":"https:\/\/www.visit-ulcinj.com\/blog\/2015\/03\/24\/gjimnazi-vellazerim-bashkim-shenon-50-vjetorin-e-themelimit\/","og_site_name":"Lajme nga Ulqini","article_published_time":"2015-03-24T17:42:54+00:00","article_modified_time":"2015-03-26T14:13:45+00:00","og_image":[{"url":"http:\/\/www.visit-ulcinj.com\/blog\/wp-content\/uploads\/2015\/03\/Hysein-Ceno-Katana-Ulqin.jpg"}],"twitter_misc":{"Written by":"ulqini","Est. reading time":"1 minute"},"schema":{"@context":"https:\/\/schema.org","@graph":[{"@type":"WebSite","@id":"https:\/\/www.visit-ulcinj.com\/blog\/#website","url":"https:\/\/www.visit-ulcinj.com\/blog\/","name":"Lajme nga Ulqini","description":"Lajme,Vijesti,Ulqini,Ulqin,Crna Gora,Mali i Zi","potentialAction":[{"@type":"SearchAction","target":{"@type":"EntryPoint","urlTemplate":"https:\/\/www.visit-ulcinj.com\/blog\/?s={search_term_string}"},"query-input":"required name=search_term_string"}],"inLanguage":"en-US"},{"@type":"ImageObject","inLanguage":"en-US","@id":"https:\/\/www.visit-ulcinj.com\/blog\/2015\/03\/24\/gjimnazi-vellazerim-bashkim-shenon-50-vjetorin-e-themelimit\/#primaryimage","url":"https:\/\/www.visit-ulcinj.com\/blog\/wp-content\/uploads\/2015\/03\/Hysein-Ceno-Katana-Ulqin.jpg","contentUrl":"https:\/\/www.visit-ulcinj.com\/blog\/wp-content\/uploads\/2015\/03\/Hysein-Ceno-Katana-Ulqin.jpg","width":634,"height":623},{"@type":"WebPage","@id":"https:\/\/www.visit-ulcinj.com\/blog\/2015\/03\/24\/gjimnazi-vellazerim-bashkim-shenon-50-vjetorin-e-themelimit\/#webpage","url":"https:\/\/www.visit-ulcinj.com\/blog\/2015\/03\/24\/gjimnazi-vellazerim-bashkim-shenon-50-vjetorin-e-themelimit\/","name":"Gjimnazi \u201cV\u00ebllaz\u00ebrim-Bashkim\u201d sh\u00ebnon 50 vjetorin e themelimit - Video - Lajme nga Ulqini","isPartOf":{"@id":"https:\/\/www.visit-ulcinj.com\/blog\/#website"},"primaryImageOfPage":{"@id":"https:\/\/www.visit-ulcinj.com\/blog\/2015\/03\/24\/gjimnazi-vellazerim-bashkim-shenon-50-vjetorin-e-themelimit\/#primaryimage"},"datePublished":"2015-03-24T17:42:54+00:00","dateModified":"2015-03-26T14:13:45+00:00","author":{"@id":"https:\/\/www.visit-ulcinj.com\/blog\/#\/schema\/person\/dcab619c614d3038751c63bc2aadc06d"},"description":"Shkolla e mesme ,,V\u00ebllaz\u00ebrim \u2013bashkim kremton 5o vjetorin e themelimit Kryetari\u00a0I Komun\u00ebs s\u00eb Ulqinit Z. Fatmir Gjeka\u00a0 uron\u00a0 nx\u00ebn\u00ebsit dhe\u00a0 m\u00ebsimdh\u00ebn\u00ebsit e","breadcrumb":{"@id":"https:\/\/www.visit-ulcinj.com\/blog\/2015\/03\/24\/gjimnazi-vellazerim-bashkim-shenon-50-vjetorin-e-themelimit\/#breadcrumb"},"inLanguage":"en-US","potentialAction":[{"@type":"ReadAction","target":["https:\/\/www.visit-ulcinj.com\/blog\/2015\/03\/24\/gjimnazi-vellazerim-bashkim-shenon-50-vjetorin-e-themelimit\/"]}]},{"@type":"BreadcrumbList","@id":"https:\/\/www.visit-ulcinj.com\/blog\/2015\/03\/24\/gjimnazi-vellazerim-bashkim-shenon-50-vjetorin-e-themelimit\/#breadcrumb","itemListElement":[{"@type":"ListItem","position":1,"name":"Gjimnazi \u201cV\u00ebllaz\u00ebrim-Bashkim\u201d sh\u00ebnon 50 vjetorin e themelimit &#8211; Video"}]},{"@type":"Person","@id":"https:\/\/www.visit-ulcinj.com\/blog\/#\/schema\/person\/dcab619c614d3038751c63bc2aadc06d","name":"ulqini","sameAs":["http:\/\/www.visit-ulcinj.com"],"url":"https:\/\/www.visit-ulcinj.com\/blog\/author\/admin\/"}]}},"jetpack_featured_media_url":"","jetpack_sharing_enabled":true,"jetpack_shortlink":"https:\/\/wp.me\/pe6lTn-nj6","_links":{"self":[{"href":"https:\/\/www.visit-ulcinj.com\/blog\/wp-json\/wp\/v2\/posts\/89596"}],"collection":[{"href":"https:\/\/www.visit-ulcinj.com\/blog\/wp-json\/wp\/v2\/posts"}],"about":[{"href":"https:\/\/www.visit-ulcinj.com\/blog\/wp-json\/wp\/v2\/types\/post"}],"author":[{"embeddable":true,"href":"https:\/\/www.visit-ulcinj.com\/blog\/wp-json\/wp\/v2\/users\/1"}],"replies":[{"embeddable":true,"href":"https:\/\/www.visit-ulcinj.com\/blog\/wp-json\/wp\/v2\/comments?post=89596"}],"version-history":[{"count":2,"href":"https:\/\/www.visit-ulcinj.com\/blog\/wp-json\/wp\/v2\/posts\/89596\/revisions"}],"predecessor-version":[{"id":89657,"href":"https:\/\/www.visit-ulcinj.com\/blog\/wp-json\/wp\/v2\/posts\/89596\/revisions\/89657"}],"wp:attachment":[{"href":"https:\/\/www.visit-ulcinj.com\/blog\/wp-json\/wp\/v2\/media?parent=89596"}],"wp:term":[{"taxonomy":"category","embeddable":true,"href":"https:\/\/www.visit-ulcinj.com\/blog\/wp-json\/wp\/v2\/categories?post=89596"},{"taxonomy":"post_tag","embeddable":true,"href":"https:\/\/www.visit-ulcinj.com\/blog\/wp-json\/wp\/v2\/tags?post=89596"}],"curies":[{"name":"wp","href":"https:\/\/api.w.org\/{rel}","templated":true}]}}