{"id":8960,"date":"2009-01-14T20:14:22","date_gmt":"2009-01-14T19:14:22","guid":{"rendered":"http:\/\/www.visit-ulcinj.com\/blog\/?p=8960"},"modified":"2009-01-14T20:14:27","modified_gmt":"2009-01-14T19:14:27","slug":"mali-i-zi-ende-nen-pushtimin-e-kishes-ortodokse-serbe","status":"publish","type":"post","link":"https:\/\/www.visit-ulcinj.com\/blog\/2009\/01\/14\/mali-i-zi-ende-nen-pushtimin-e-kishes-ortodokse-serbe\/","title":{"rendered":"Mali i Zi, ende n\u00ebn pushtimin e Kish\u00ebs Ortodokse Serbe?"},"content":{"rendered":"<p><a rel=\"attachment wp-att-8961\" href=\"http:\/\/www.visit-ulcinj.com\/blog\/2009\/01\/14\/mali-i-zi-ende-nen-pushtimin-e-kishes-ortodokse-serbe\/mitropoliti-i-kishes-ortodokse-malazeze-mihajllo\/\"><img loading=\"lazy\" class=\"alignleft size-full wp-image-8961\" title=\"mitropoliti-i-kishes-ortodokse-malazeze-mihajllo\" src=\"http:\/\/www.visit-ulcinj.com\/blog\/wp-content\/uploads\/2009\/01\/mitropoliti-i-kishes-ortodokse-malazeze-mihajllo.jpg\" alt=\"mitropoliti-i-kishes-ortodokse-malazeze-mihajllo\" width=\"311\" height=\"440\" \/><\/a>Edhe pse Mali i Zi e ka shpallur tashm\u00eb prej disa vitesh pavar\u00ebsin\u00eb nga Serbia, hija e k\u00ebsaj t\u00eb fundit vazhdon t\u00eb q\u00ebndroj\u00eb varur si nj\u00eb re e zez\u00eb n\u00eb qiellin e k\u00ebtij vendi-fqinj n\u00eb form\u00ebn e Kish\u00ebs Ortodokse Serbe, q\u00eb jo vet\u00ebm e komplikon dhe e r\u00ebndon jet\u00ebn shpirt\u00ebrore t\u00eb malazez\u00ebve, por ve n\u00eb dyshim ekzistenc\u00ebn e Kish\u00ebs Ortodokse Malazeze, saq\u00eb shum\u00ebkush b\u00ebn pyetjen: Kisha Ortodokse Malazeze \u00ebsht\u00eb realitet, apo fiksion?<\/p>\n<p>Mitropoliti i Kish\u00ebs Ortodokse Malazeze, Mihajllo, me seli n\u00eb Cetinj\u00eb, kryeqyteti i vjet\u00ebr i Malit t\u00eb Zi, thot\u00eb me d\u00ebshp\u00ebrim se nuk mund ta besoj\u00eb q\u00eb vendi i tij (Mali i Zi) ndodhet ende n\u00ebn pushtimin e Kish\u00ebs Ortodokse Serbe. &#8220;T\u00eb gjitha kishat dhe manastiret n\u00eb Malin e Zi, ku ka rreth 750 t\u00eb tilla, jan\u00eb pron\u00eb t\u00eb Kish\u00ebs Ortodokse Malazeze dhe t\u00eb shtetit t\u00eb Malit t\u00eb Zi. Por, p\u00ebr fat t\u00eb keq, ne vazhdojm\u00eb t\u00eb ndodhemi, ashtu si edhe m\u00eb par\u00eb dhe ashtu si edhe Kisha Ortodokse Maqedonase, n\u00ebn pushtimin e Kish\u00ebs Ortodokse Serbe, pra t\u00eb Patriarkan\u00ebs s\u00eb Beogradit&#8221;, thekson ai. Mitropoliti Mihajllo mendon se mosnjohja e Kish\u00ebs Ortodokse Malazeze \u00ebsht\u00eb \u00e7\u00ebshtje e nacionalizmit serbomadh. &#8220;Kisha Ortodokse Malazeze \u00ebsht\u00eb nj\u00eb kish\u00eb mjaft e vjet\u00ebr&#8221;, ve n\u00eb dukje ai, duke shtuar m\u00eb tej se &#8220;kjo Kish\u00eb ka qen\u00eb njohur deri n\u00eb vitin 1920, kur u krijua shteti i serb\u00ebve, kroat\u00ebve dhe slloven\u00ebve, kur nuk kishte m\u00eb as boshnjak\u00eb, as maqedonas dhe as malazez\u00eb. N\u00eb thelb, kjo ishte pjes\u00eb e planit serbomadh&#8221;, thekson mitropoliti malazez.<\/p>\n<p>&#8220;Nuk guxoj t\u2018u them njer\u00ebzve se n\u00eb cil\u00ebn kish\u00eb duhet t\u00eb shkojn\u00eb, pasi \u00ebsht\u00eb zgjedhja e tyre q\u00eb t\u00eb shkojn\u00eb n\u00eb ato kisha q\u00eb jan\u00eb t\u00eb kanonizuara dhe t\u00eb verifikuara, ose n\u00eb ato kisha q\u00eb nuk jan\u00eb t\u00eb kanonizuara dhe t\u00eb verifikuara, pasi un\u00eb k\u00ebshtu e kuptoj lirin\u00eb e besimit&#8221;, v\u00eb n\u00eb dukje nga ana e tij Kryeministri i Malit t\u00eb Zi, Millo Gjukanovi\u00e7.<\/p>\n<p>Po n\u00eb Cetinj\u00eb e ka selin\u00eb, n\u00eb manastirin kryesor t\u00eb saj, kreu i Kish\u00ebs Ortodokse Serbe n\u00eb Malin e Zi, mitropoliti ultranacionalist m\u00eb kontraversal serb, Amfilohie, t\u00eb cilin shum\u00ebkush e konsideron si trash\u00ebgimtar t\u00eb fronit t\u00eb patriarkut t\u00eb t\u00eb gjith\u00eb Serbis\u00eb, Pavle. Mitropoliti malazez, Mihajllo, e akuzon Amfilohien se ai nxit nacionalizmin n\u00eb hap\u00ebsirat ballkanike. &#8220;Ky njeri ka marr\u00eb pjes\u00eb n\u00eb luft\u00ebrat civile n\u00eb territoret ish-jugosllave. Kini parasysh se ai q\u00eb nxit luft\u00ebrat, \u00ebsht\u00eb m\u00eb i rreziksh\u00ebm se ai q\u00eb mban arm\u00eb. P\u00ebr\u00e7arja brenda vendit ton\u00eb \u00ebsht\u00eb evidente&#8221;, thot\u00eb mitropoliti Mihajllo.<\/p>\n<p>Kurse mitropoliti luft\u00ebnxit\u00ebs serb, Amfilohie, nga ana e tij, p\u00ebrgjigjet duke v\u00ebn\u00eb n\u00eb dukje se cila na qenka kjo Kish\u00eb Ortodokse Malazeze. &#8220;Mblidhen tri veta dhe shpallin nj\u00eb kish\u00eb t\u00eb pavarur, nuk e di n\u00eb cil\u00ebn sht\u00ebpi? Kjo kish\u00eb nuk njihet nga Patriarkana Bot\u00ebrore, pra nga patriarku i Carigradit. Gjith\u00e7ka q\u00eb nuk njihet, \u00ebsht\u00eb e anathemizuar (e jasht\u00ebligjshme). Ekziston vet\u00ebm nj\u00eb kish\u00eb dhe kjo \u00ebsht\u00eb Kisha Ortodokse Serbe. Besimtar\u00ebt e vendosin vet\u00eb se n\u00eb cil\u00ebn kish\u00eb duhet t\u00eb shkojn\u00eb dhe t\u00eb luten. Un\u00eb kam vendosur dhe shkoj vet\u00ebm n\u00eb nj\u00ebr\u00ebn kish\u00eb, n\u00eb Manastirin e Cetinj\u00ebs, pasi ekziston vet\u00ebm kjo Kish\u00eb Ortodokse&#8221;, v\u00eb n\u00eb dukje mitropoliti serb, Amfilohie.<\/p>\n<p>N\u00eb k\u00ebto kushte, edhe vet\u00eb shum\u00eb malazez\u00eb thon\u00eb se Mali i Zi kurr\u00eb nuk do t\u00eb jet\u00eb shtet m\u00eb vete, po nuk pati kish\u00ebn e vet, Kish\u00ebn Ortodokse Malazeze. &#8220;Ne jemi kund\u00ebr atyre q\u00eb na mohojn\u00eb Kish\u00ebn Ortodokse Malazeze dhe t\u00eb drejt\u00ebn q\u00eb ta ndjejm\u00eb veten malazez\u00eb, sepse duam t\u2018i p\u00ebrkasim k\u00ebsaj kishe dhe t\u2018i shprehim, brenda saj, ndjenjat tona fetare&#8221;, thon\u00eb malazez\u00ebt, t\u00eb irrituar nga fakti se vendi (Mali i Zi) ndodhet ende n\u00ebn pushtimin shpirt\u00ebror t\u00eb Kish\u00ebs Ortodokse Serbe. &#8220;Duam t\u00eb shkojm\u00eb t\u2018i shprehim ndjenjat fetare tona pik\u00ebrisht n\u00eb Kish\u00ebn ton\u00eb Malazeze, pavar\u00ebsisht se ajo nuk njihet nga Patriarkana Bot\u00ebrore&#8221;, thot\u00eb shumica e malazez\u00ebve.<br \/>\n<strong><br \/>\nGazeta Shqip<\/strong><\/p>\n","protected":false},"excerpt":{"rendered":"<p>Edhe pse Mali i Zi e ka shpallur tashm\u00eb prej disa vitesh pavar\u00ebsin\u00eb nga Serbia, hija e k\u00ebsaj t\u00eb fundit vazhdon t\u00eb q\u00ebndroj\u00eb varur si nj\u00eb re e zez\u00eb n\u00eb qiellin e k\u00ebtij vendi-fqinj n\u00eb form\u00ebn e Kish\u00ebs Ortodokse Serbe, q\u00eb jo vet\u00ebm e komplikon dhe e r\u00ebndon jet\u00ebn shpirt\u00ebrore t\u00eb malazez\u00ebve, por ve n\u00eb [&hellip;]<\/p>\n","protected":false},"author":1,"featured_media":0,"comment_status":"open","ping_status":"closed","sticky":false,"template":"","format":"standard","meta":{"spay_email":"","jetpack_publicize_message":"","jetpack_is_tweetstorm":false,"jetpack_publicize_feature_enabled":true},"categories":[12],"tags":[5757,5755,95,5754,5756,5753],"jetpack_publicize_connections":[],"yoast_head":"<!-- This site is optimized with the Yoast SEO plugin v19.1 - https:\/\/yoast.com\/wordpress\/plugins\/seo\/ -->\n<title>Mali i Zi, ende n\u00ebn pushtimin e Kish\u00ebs Ortodokse Serbe? - Lajme nga Ulqini<\/title>\n<meta name=\"description\" content=\"Edhe pse Mali i Zi e ka shpallur tashm\u00eb prej disa vitesh pavar\u00ebsin\u00eb nga Serbia, hija e k\u00ebsaj t\u00eb fundit vazhdon t\u00eb q\u00ebndroj\u00eb varur si nj\u00eb re e zez\u00eb n\u00eb\" \/>\n<meta name=\"robots\" content=\"index, follow, max-snippet:-1, max-image-preview:large, max-video-preview:-1\" \/>\n<link rel=\"canonical\" href=\"https:\/\/www.visit-ulcinj.com\/blog\/2009\/01\/14\/mali-i-zi-ende-nen-pushtimin-e-kishes-ortodokse-serbe\/\" \/>\n<meta property=\"og:locale\" content=\"en_US\" \/>\n<meta property=\"og:type\" content=\"article\" \/>\n<meta property=\"og:title\" content=\"Mali i Zi, ende n\u00ebn pushtimin e Kish\u00ebs Ortodokse Serbe? - Lajme nga Ulqini\" \/>\n<meta property=\"og:description\" content=\"Edhe pse Mali i Zi e ka shpallur tashm\u00eb prej disa vitesh pavar\u00ebsin\u00eb nga Serbia, hija e k\u00ebsaj t\u00eb fundit vazhdon t\u00eb q\u00ebndroj\u00eb varur si nj\u00eb re e zez\u00eb n\u00eb\" \/>\n<meta property=\"og:url\" content=\"https:\/\/www.visit-ulcinj.com\/blog\/2009\/01\/14\/mali-i-zi-ende-nen-pushtimin-e-kishes-ortodokse-serbe\/\" \/>\n<meta property=\"og:site_name\" content=\"Lajme nga Ulqini\" \/>\n<meta property=\"article:published_time\" content=\"2009-01-14T19:14:22+00:00\" \/>\n<meta property=\"article:modified_time\" content=\"2009-01-14T19:14:27+00:00\" \/>\n<meta property=\"og:image\" content=\"http:\/\/www.visit-ulcinj.com\/blog\/wp-content\/uploads\/2009\/01\/mitropoliti-i-kishes-ortodokse-malazeze-mihajllo.jpg\" \/>\n<meta name=\"twitter:label1\" content=\"Written by\" \/>\n\t<meta name=\"twitter:data1\" content=\"ulqini\" \/>\n\t<meta name=\"twitter:label2\" content=\"Est. reading time\" \/>\n\t<meta name=\"twitter:data2\" content=\"3 minutes\" \/>\n<script type=\"application\/ld+json\" class=\"yoast-schema-graph\">{\"@context\":\"https:\/\/schema.org\",\"@graph\":[{\"@type\":\"WebSite\",\"@id\":\"https:\/\/www.visit-ulcinj.com\/blog\/#website\",\"url\":\"https:\/\/www.visit-ulcinj.com\/blog\/\",\"name\":\"Lajme nga Ulqini\",\"description\":\"Lajme,Vijesti,Ulqini,Ulqin,Crna Gora,Mali i Zi\",\"potentialAction\":[{\"@type\":\"SearchAction\",\"target\":{\"@type\":\"EntryPoint\",\"urlTemplate\":\"https:\/\/www.visit-ulcinj.com\/blog\/?s={search_term_string}\"},\"query-input\":\"required name=search_term_string\"}],\"inLanguage\":\"en-US\"},{\"@type\":\"ImageObject\",\"inLanguage\":\"en-US\",\"@id\":\"https:\/\/www.visit-ulcinj.com\/blog\/2009\/01\/14\/mali-i-zi-ende-nen-pushtimin-e-kishes-ortodokse-serbe\/#primaryimage\",\"url\":\"https:\/\/www.visit-ulcinj.com\/blog\/wp-content\/uploads\/2009\/01\/mitropoliti-i-kishes-ortodokse-malazeze-mihajllo.jpg\",\"contentUrl\":\"https:\/\/www.visit-ulcinj.com\/blog\/wp-content\/uploads\/2009\/01\/mitropoliti-i-kishes-ortodokse-malazeze-mihajllo.jpg\",\"width\":\"250\",\"height\":\"382\"},{\"@type\":\"WebPage\",\"@id\":\"https:\/\/www.visit-ulcinj.com\/blog\/2009\/01\/14\/mali-i-zi-ende-nen-pushtimin-e-kishes-ortodokse-serbe\/#webpage\",\"url\":\"https:\/\/www.visit-ulcinj.com\/blog\/2009\/01\/14\/mali-i-zi-ende-nen-pushtimin-e-kishes-ortodokse-serbe\/\",\"name\":\"Mali i Zi, ende n\u00ebn pushtimin e Kish\u00ebs Ortodokse Serbe? - Lajme nga Ulqini\",\"isPartOf\":{\"@id\":\"https:\/\/www.visit-ulcinj.com\/blog\/#website\"},\"primaryImageOfPage\":{\"@id\":\"https:\/\/www.visit-ulcinj.com\/blog\/2009\/01\/14\/mali-i-zi-ende-nen-pushtimin-e-kishes-ortodokse-serbe\/#primaryimage\"},\"datePublished\":\"2009-01-14T19:14:22+00:00\",\"dateModified\":\"2009-01-14T19:14:27+00:00\",\"author\":{\"@id\":\"https:\/\/www.visit-ulcinj.com\/blog\/#\/schema\/person\/dcab619c614d3038751c63bc2aadc06d\"},\"description\":\"Edhe pse Mali i Zi e ka shpallur tashm\u00eb prej disa vitesh pavar\u00ebsin\u00eb nga Serbia, hija e k\u00ebsaj t\u00eb fundit vazhdon t\u00eb q\u00ebndroj\u00eb varur si nj\u00eb re e zez\u00eb n\u00eb\",\"breadcrumb\":{\"@id\":\"https:\/\/www.visit-ulcinj.com\/blog\/2009\/01\/14\/mali-i-zi-ende-nen-pushtimin-e-kishes-ortodokse-serbe\/#breadcrumb\"},\"inLanguage\":\"en-US\",\"potentialAction\":[{\"@type\":\"ReadAction\",\"target\":[\"https:\/\/www.visit-ulcinj.com\/blog\/2009\/01\/14\/mali-i-zi-ende-nen-pushtimin-e-kishes-ortodokse-serbe\/\"]}]},{\"@type\":\"BreadcrumbList\",\"@id\":\"https:\/\/www.visit-ulcinj.com\/blog\/2009\/01\/14\/mali-i-zi-ende-nen-pushtimin-e-kishes-ortodokse-serbe\/#breadcrumb\",\"itemListElement\":[{\"@type\":\"ListItem\",\"position\":1,\"name\":\"Mali i Zi, ende n\u00ebn pushtimin e Kish\u00ebs Ortodokse Serbe?\"}]},{\"@type\":\"Person\",\"@id\":\"https:\/\/www.visit-ulcinj.com\/blog\/#\/schema\/person\/dcab619c614d3038751c63bc2aadc06d\",\"name\":\"ulqini\",\"sameAs\":[\"http:\/\/www.visit-ulcinj.com\"],\"url\":\"https:\/\/www.visit-ulcinj.com\/blog\/author\/admin\/\"}]}<\/script>\n<!-- \/ Yoast SEO plugin. -->","yoast_head_json":{"title":"Mali i Zi, ende n\u00ebn pushtimin e Kish\u00ebs Ortodokse Serbe? - Lajme nga Ulqini","description":"Edhe pse Mali i Zi e ka shpallur tashm\u00eb prej disa vitesh pavar\u00ebsin\u00eb nga Serbia, hija e k\u00ebsaj t\u00eb fundit vazhdon t\u00eb q\u00ebndroj\u00eb varur si nj\u00eb re e zez\u00eb n\u00eb","robots":{"index":"index","follow":"follow","max-snippet":"max-snippet:-1","max-image-preview":"max-image-preview:large","max-video-preview":"max-video-preview:-1"},"canonical":"https:\/\/www.visit-ulcinj.com\/blog\/2009\/01\/14\/mali-i-zi-ende-nen-pushtimin-e-kishes-ortodokse-serbe\/","og_locale":"en_US","og_type":"article","og_title":"Mali i Zi, ende n\u00ebn pushtimin e Kish\u00ebs Ortodokse Serbe? - Lajme nga Ulqini","og_description":"Edhe pse Mali i Zi e ka shpallur tashm\u00eb prej disa vitesh pavar\u00ebsin\u00eb nga Serbia, hija e k\u00ebsaj t\u00eb fundit vazhdon t\u00eb q\u00ebndroj\u00eb varur si nj\u00eb re e zez\u00eb n\u00eb","og_url":"https:\/\/www.visit-ulcinj.com\/blog\/2009\/01\/14\/mali-i-zi-ende-nen-pushtimin-e-kishes-ortodokse-serbe\/","og_site_name":"Lajme nga Ulqini","article_published_time":"2009-01-14T19:14:22+00:00","article_modified_time":"2009-01-14T19:14:27+00:00","og_image":[{"url":"http:\/\/www.visit-ulcinj.com\/blog\/wp-content\/uploads\/2009\/01\/mitropoliti-i-kishes-ortodokse-malazeze-mihajllo.jpg"}],"twitter_misc":{"Written by":"ulqini","Est. reading time":"3 minutes"},"schema":{"@context":"https:\/\/schema.org","@graph":[{"@type":"WebSite","@id":"https:\/\/www.visit-ulcinj.com\/blog\/#website","url":"https:\/\/www.visit-ulcinj.com\/blog\/","name":"Lajme nga Ulqini","description":"Lajme,Vijesti,Ulqini,Ulqin,Crna Gora,Mali i Zi","potentialAction":[{"@type":"SearchAction","target":{"@type":"EntryPoint","urlTemplate":"https:\/\/www.visit-ulcinj.com\/blog\/?s={search_term_string}"},"query-input":"required name=search_term_string"}],"inLanguage":"en-US"},{"@type":"ImageObject","inLanguage":"en-US","@id":"https:\/\/www.visit-ulcinj.com\/blog\/2009\/01\/14\/mali-i-zi-ende-nen-pushtimin-e-kishes-ortodokse-serbe\/#primaryimage","url":"https:\/\/www.visit-ulcinj.com\/blog\/wp-content\/uploads\/2009\/01\/mitropoliti-i-kishes-ortodokse-malazeze-mihajllo.jpg","contentUrl":"https:\/\/www.visit-ulcinj.com\/blog\/wp-content\/uploads\/2009\/01\/mitropoliti-i-kishes-ortodokse-malazeze-mihajllo.jpg","width":"250","height":"382"},{"@type":"WebPage","@id":"https:\/\/www.visit-ulcinj.com\/blog\/2009\/01\/14\/mali-i-zi-ende-nen-pushtimin-e-kishes-ortodokse-serbe\/#webpage","url":"https:\/\/www.visit-ulcinj.com\/blog\/2009\/01\/14\/mali-i-zi-ende-nen-pushtimin-e-kishes-ortodokse-serbe\/","name":"Mali i Zi, ende n\u00ebn pushtimin e Kish\u00ebs Ortodokse Serbe? - Lajme nga Ulqini","isPartOf":{"@id":"https:\/\/www.visit-ulcinj.com\/blog\/#website"},"primaryImageOfPage":{"@id":"https:\/\/www.visit-ulcinj.com\/blog\/2009\/01\/14\/mali-i-zi-ende-nen-pushtimin-e-kishes-ortodokse-serbe\/#primaryimage"},"datePublished":"2009-01-14T19:14:22+00:00","dateModified":"2009-01-14T19:14:27+00:00","author":{"@id":"https:\/\/www.visit-ulcinj.com\/blog\/#\/schema\/person\/dcab619c614d3038751c63bc2aadc06d"},"description":"Edhe pse Mali i Zi e ka shpallur tashm\u00eb prej disa vitesh pavar\u00ebsin\u00eb nga Serbia, hija e k\u00ebsaj t\u00eb fundit vazhdon t\u00eb q\u00ebndroj\u00eb varur si nj\u00eb re e zez\u00eb n\u00eb","breadcrumb":{"@id":"https:\/\/www.visit-ulcinj.com\/blog\/2009\/01\/14\/mali-i-zi-ende-nen-pushtimin-e-kishes-ortodokse-serbe\/#breadcrumb"},"inLanguage":"en-US","potentialAction":[{"@type":"ReadAction","target":["https:\/\/www.visit-ulcinj.com\/blog\/2009\/01\/14\/mali-i-zi-ende-nen-pushtimin-e-kishes-ortodokse-serbe\/"]}]},{"@type":"BreadcrumbList","@id":"https:\/\/www.visit-ulcinj.com\/blog\/2009\/01\/14\/mali-i-zi-ende-nen-pushtimin-e-kishes-ortodokse-serbe\/#breadcrumb","itemListElement":[{"@type":"ListItem","position":1,"name":"Mali i Zi, ende n\u00ebn pushtimin e Kish\u00ebs Ortodokse Serbe?"}]},{"@type":"Person","@id":"https:\/\/www.visit-ulcinj.com\/blog\/#\/schema\/person\/dcab619c614d3038751c63bc2aadc06d","name":"ulqini","sameAs":["http:\/\/www.visit-ulcinj.com"],"url":"https:\/\/www.visit-ulcinj.com\/blog\/author\/admin\/"}]}},"jetpack_featured_media_url":"","jetpack_sharing_enabled":true,"jetpack_shortlink":"https:\/\/wp.me\/pe6lTn-2kw","_links":{"self":[{"href":"https:\/\/www.visit-ulcinj.com\/blog\/wp-json\/wp\/v2\/posts\/8960"}],"collection":[{"href":"https:\/\/www.visit-ulcinj.com\/blog\/wp-json\/wp\/v2\/posts"}],"about":[{"href":"https:\/\/www.visit-ulcinj.com\/blog\/wp-json\/wp\/v2\/types\/post"}],"author":[{"embeddable":true,"href":"https:\/\/www.visit-ulcinj.com\/blog\/wp-json\/wp\/v2\/users\/1"}],"replies":[{"embeddable":true,"href":"https:\/\/www.visit-ulcinj.com\/blog\/wp-json\/wp\/v2\/comments?post=8960"}],"version-history":[{"count":0,"href":"https:\/\/www.visit-ulcinj.com\/blog\/wp-json\/wp\/v2\/posts\/8960\/revisions"}],"wp:attachment":[{"href":"https:\/\/www.visit-ulcinj.com\/blog\/wp-json\/wp\/v2\/media?parent=8960"}],"wp:term":[{"taxonomy":"category","embeddable":true,"href":"https:\/\/www.visit-ulcinj.com\/blog\/wp-json\/wp\/v2\/categories?post=8960"},{"taxonomy":"post_tag","embeddable":true,"href":"https:\/\/www.visit-ulcinj.com\/blog\/wp-json\/wp\/v2\/tags?post=8960"}],"curies":[{"name":"wp","href":"https:\/\/api.w.org\/{rel}","templated":true}]}}