{"id":89619,"date":"2015-03-24T19:35:19","date_gmt":"2015-03-24T18:35:19","guid":{"rendered":"http:\/\/www.visit-ulcinj.com\/blog\/?p=89619"},"modified":"2015-03-24T19:36:40","modified_gmt":"2015-03-24T18:36:40","slug":"monitoring-group-ulcinj-mogul-glasno-protiv-korupcije","status":"publish","type":"post","link":"https:\/\/www.visit-ulcinj.com\/blog\/2015\/03\/24\/monitoring-group-ulcinj-mogul-glasno-protiv-korupcije\/","title":{"rendered":"Monitoring Group Ulcinj &#8211; MogUL &#8220;Glasno protiv korupcije&#8221;"},"content":{"rendered":"<p><a href=\"http:\/\/www.visit-ulcinj.com\/blog\/wp-content\/uploads\/2011\/12\/MEMORANDUM-O-SARADNJI-OPSTINE-ULCINJ-I-MOGUL-ULCINJ.jpg\"><img loading=\"lazy\" class=\"alignleft wp-image-54039 size-full\" src=\"http:\/\/www.visit-ulcinj.com\/blog\/wp-content\/uploads\/2011\/12\/MEMORANDUM-O-SARADNJI-OPSTINE-ULCINJ-I-MOGUL-ULCINJ.jpg\" alt=\"MEMORANDUM O SARADNJI OPSTINE ULCINJ I MOGUL ULCINJ\" width=\"508\" height=\"105\" srcset=\"https:\/\/www.visit-ulcinj.com\/blog\/wp-content\/uploads\/2011\/12\/MEMORANDUM-O-SARADNJI-OPSTINE-ULCINJ-I-MOGUL-ULCINJ.jpg 508w, https:\/\/www.visit-ulcinj.com\/blog\/wp-content\/uploads\/2011\/12\/MEMORANDUM-O-SARADNJI-OPSTINE-ULCINJ-I-MOGUL-ULCINJ-300x62.jpg 300w\" sizes=\"(max-width: 508px) 100vw, 508px\" \/><\/a>Postovani\/e,<\/p>\n<div>Ovim putem vas pozivamo na konferenciju za medije u kojoj \u0107emo obavjestiti javnost o rezultatima projekta &#8220;Glasno protiv korupcije&#8221;,<\/p>\n<p>Tokom realizacije ovog projekta pokrenuli smo postupke nezakonitog spre\u010davanja slobode kretanja i pristupa obali, i time testirali rad pravosudnih organa, nakon otvaranja poglavlja 23 i 24 ( vladavina prava i sigurnost gradjana).<\/p>\n<div>Na PRESS-u \u0107emo pru\u017eiti konkretne dokaze o pora\u017eavaju\u0107em stanju u ovim institucijama, nakon vi\u0161e od godinu dana.<\/p>\n<p><b>U \u010detvrtak 26. marta u prostorijama nase organizacije: Kodre b.b. Ulcinj, sa pocetkom u 12h.<\/b><\/p>\n<p>S,postovanjem,<\/p>\n<p>Xhemal Peroviq<\/p>\n<p>Izv.dir. NVO Monitoring group Ulcinj-Mog-UL<\/p>\n","protected":false},"excerpt":{"rendered":"<p>Postovani\/e, Ovim putem vas pozivamo na konferenciju za medije u kojoj \u0107emo obavjestiti javnost o rezultatima projekta &#8220;Glasno protiv korupcije&#8221;, Tokom realizacije ovog projekta pokrenuli smo postupke nezakonitog spre\u010davanja slobode kretanja i pristupa obali, i time testirali rad pravosudnih organa, nakon otvaranja poglavlja 23 i 24 ( vladavina prava i sigurnost gradjana). Na PRESS-u \u0107emo [&hellip;]<\/p>\n","protected":false},"author":1,"featured_media":0,"comment_status":"closed","ping_status":"closed","sticky":false,"template":"","format":"standard","meta":{"spay_email":"","jetpack_publicize_message":"","jetpack_is_tweetstorm":false,"jetpack_publicize_feature_enabled":true},"categories":[8337],"tags":[],"jetpack_publicize_connections":[],"yoast_head":"<!-- This site is optimized with the Yoast SEO plugin v19.1 - https:\/\/yoast.com\/wordpress\/plugins\/seo\/ -->\n<title>Monitoring Group Ulcinj - MogUL &quot;Glasno protiv korupcije&quot; - Lajme nga Ulqini<\/title>\n<meta name=\"description\" content=\"Postovani\/e, Ovim putem vas pozivamo na konferenciju za medije u kojoj \u0107emo obavjestiti javnost o rezultatima projekta &quot;Glasno protiv korupcije&quot;, Tokom\" \/>\n<meta name=\"robots\" content=\"index, follow, max-snippet:-1, max-image-preview:large, max-video-preview:-1\" \/>\n<link rel=\"canonical\" href=\"https:\/\/www.visit-ulcinj.com\/blog\/2015\/03\/24\/monitoring-group-ulcinj-mogul-glasno-protiv-korupcije\/\" \/>\n<meta property=\"og:locale\" content=\"en_US\" \/>\n<meta property=\"og:type\" content=\"article\" \/>\n<meta property=\"og:title\" content=\"Monitoring Group Ulcinj - MogUL &quot;Glasno protiv korupcije&quot; - Lajme nga Ulqini\" \/>\n<meta property=\"og:description\" content=\"Postovani\/e, Ovim putem vas pozivamo na konferenciju za medije u kojoj \u0107emo obavjestiti javnost o rezultatima projekta &quot;Glasno protiv korupcije&quot;, Tokom\" \/>\n<meta property=\"og:url\" content=\"https:\/\/www.visit-ulcinj.com\/blog\/2015\/03\/24\/monitoring-group-ulcinj-mogul-glasno-protiv-korupcije\/\" \/>\n<meta property=\"og:site_name\" content=\"Lajme nga Ulqini\" \/>\n<meta property=\"article:published_time\" content=\"2015-03-24T18:35:19+00:00\" \/>\n<meta property=\"article:modified_time\" content=\"2015-03-24T18:36:40+00:00\" \/>\n<meta property=\"og:image\" content=\"http:\/\/www.visit-ulcinj.com\/blog\/wp-content\/uploads\/2011\/12\/MEMORANDUM-O-SARADNJI-OPSTINE-ULCINJ-I-MOGUL-ULCINJ.jpg\" \/>\n<meta name=\"twitter:label1\" content=\"Written by\" \/>\n\t<meta name=\"twitter:data1\" content=\"ulqini\" \/>\n<script type=\"application\/ld+json\" class=\"yoast-schema-graph\">{\"@context\":\"https:\/\/schema.org\",\"@graph\":[{\"@type\":\"WebSite\",\"@id\":\"https:\/\/www.visit-ulcinj.com\/blog\/#website\",\"url\":\"https:\/\/www.visit-ulcinj.com\/blog\/\",\"name\":\"Lajme nga Ulqini\",\"description\":\"Lajme,Vijesti,Ulqini,Ulqin,Crna Gora,Mali i Zi\",\"potentialAction\":[{\"@type\":\"SearchAction\",\"target\":{\"@type\":\"EntryPoint\",\"urlTemplate\":\"https:\/\/www.visit-ulcinj.com\/blog\/?s={search_term_string}\"},\"query-input\":\"required name=search_term_string\"}],\"inLanguage\":\"en-US\"},{\"@type\":\"ImageObject\",\"inLanguage\":\"en-US\",\"@id\":\"https:\/\/www.visit-ulcinj.com\/blog\/2015\/03\/24\/monitoring-group-ulcinj-mogul-glasno-protiv-korupcije\/#primaryimage\",\"url\":\"https:\/\/www.visit-ulcinj.com\/blog\/wp-content\/uploads\/2011\/12\/MEMORANDUM-O-SARADNJI-OPSTINE-ULCINJ-I-MOGUL-ULCINJ.jpg\",\"contentUrl\":\"https:\/\/www.visit-ulcinj.com\/blog\/wp-content\/uploads\/2011\/12\/MEMORANDUM-O-SARADNJI-OPSTINE-ULCINJ-I-MOGUL-ULCINJ.jpg\",\"width\":\"508\",\"height\":\"105\"},{\"@type\":\"WebPage\",\"@id\":\"https:\/\/www.visit-ulcinj.com\/blog\/2015\/03\/24\/monitoring-group-ulcinj-mogul-glasno-protiv-korupcije\/#webpage\",\"url\":\"https:\/\/www.visit-ulcinj.com\/blog\/2015\/03\/24\/monitoring-group-ulcinj-mogul-glasno-protiv-korupcije\/\",\"name\":\"Monitoring Group Ulcinj - MogUL \\\"Glasno protiv korupcije\\\" - Lajme nga Ulqini\",\"isPartOf\":{\"@id\":\"https:\/\/www.visit-ulcinj.com\/blog\/#website\"},\"primaryImageOfPage\":{\"@id\":\"https:\/\/www.visit-ulcinj.com\/blog\/2015\/03\/24\/monitoring-group-ulcinj-mogul-glasno-protiv-korupcije\/#primaryimage\"},\"datePublished\":\"2015-03-24T18:35:19+00:00\",\"dateModified\":\"2015-03-24T18:36:40+00:00\",\"author\":{\"@id\":\"https:\/\/www.visit-ulcinj.com\/blog\/#\/schema\/person\/dcab619c614d3038751c63bc2aadc06d\"},\"description\":\"Postovani\/e, Ovim putem vas pozivamo na konferenciju za medije u kojoj \u0107emo obavjestiti javnost o rezultatima projekta \\\"Glasno protiv korupcije\\\", Tokom\",\"breadcrumb\":{\"@id\":\"https:\/\/www.visit-ulcinj.com\/blog\/2015\/03\/24\/monitoring-group-ulcinj-mogul-glasno-protiv-korupcije\/#breadcrumb\"},\"inLanguage\":\"en-US\",\"potentialAction\":[{\"@type\":\"ReadAction\",\"target\":[\"https:\/\/www.visit-ulcinj.com\/blog\/2015\/03\/24\/monitoring-group-ulcinj-mogul-glasno-protiv-korupcije\/\"]}]},{\"@type\":\"BreadcrumbList\",\"@id\":\"https:\/\/www.visit-ulcinj.com\/blog\/2015\/03\/24\/monitoring-group-ulcinj-mogul-glasno-protiv-korupcije\/#breadcrumb\",\"itemListElement\":[{\"@type\":\"ListItem\",\"position\":1,\"name\":\"Monitoring Group Ulcinj &#8211; MogUL &#8220;Glasno protiv korupcije&#8221;\"}]},{\"@type\":\"Person\",\"@id\":\"https:\/\/www.visit-ulcinj.com\/blog\/#\/schema\/person\/dcab619c614d3038751c63bc2aadc06d\",\"name\":\"ulqini\",\"sameAs\":[\"http:\/\/www.visit-ulcinj.com\"],\"url\":\"https:\/\/www.visit-ulcinj.com\/blog\/author\/admin\/\"}]}<\/script>\n<!-- \/ Yoast SEO plugin. -->","yoast_head_json":{"title":"Monitoring Group Ulcinj - MogUL \"Glasno protiv korupcije\" - Lajme nga Ulqini","description":"Postovani\/e, Ovim putem vas pozivamo na konferenciju za medije u kojoj \u0107emo obavjestiti javnost o rezultatima projekta \"Glasno protiv korupcije\", Tokom","robots":{"index":"index","follow":"follow","max-snippet":"max-snippet:-1","max-image-preview":"max-image-preview:large","max-video-preview":"max-video-preview:-1"},"canonical":"https:\/\/www.visit-ulcinj.com\/blog\/2015\/03\/24\/monitoring-group-ulcinj-mogul-glasno-protiv-korupcije\/","og_locale":"en_US","og_type":"article","og_title":"Monitoring Group Ulcinj - MogUL \"Glasno protiv korupcije\" - Lajme nga Ulqini","og_description":"Postovani\/e, Ovim putem vas pozivamo na konferenciju za medije u kojoj \u0107emo obavjestiti javnost o rezultatima projekta \"Glasno protiv korupcije\", Tokom","og_url":"https:\/\/www.visit-ulcinj.com\/blog\/2015\/03\/24\/monitoring-group-ulcinj-mogul-glasno-protiv-korupcije\/","og_site_name":"Lajme nga Ulqini","article_published_time":"2015-03-24T18:35:19+00:00","article_modified_time":"2015-03-24T18:36:40+00:00","og_image":[{"url":"http:\/\/www.visit-ulcinj.com\/blog\/wp-content\/uploads\/2011\/12\/MEMORANDUM-O-SARADNJI-OPSTINE-ULCINJ-I-MOGUL-ULCINJ.jpg"}],"twitter_misc":{"Written by":"ulqini"},"schema":{"@context":"https:\/\/schema.org","@graph":[{"@type":"WebSite","@id":"https:\/\/www.visit-ulcinj.com\/blog\/#website","url":"https:\/\/www.visit-ulcinj.com\/blog\/","name":"Lajme nga Ulqini","description":"Lajme,Vijesti,Ulqini,Ulqin,Crna Gora,Mali i Zi","potentialAction":[{"@type":"SearchAction","target":{"@type":"EntryPoint","urlTemplate":"https:\/\/www.visit-ulcinj.com\/blog\/?s={search_term_string}"},"query-input":"required name=search_term_string"}],"inLanguage":"en-US"},{"@type":"ImageObject","inLanguage":"en-US","@id":"https:\/\/www.visit-ulcinj.com\/blog\/2015\/03\/24\/monitoring-group-ulcinj-mogul-glasno-protiv-korupcije\/#primaryimage","url":"https:\/\/www.visit-ulcinj.com\/blog\/wp-content\/uploads\/2011\/12\/MEMORANDUM-O-SARADNJI-OPSTINE-ULCINJ-I-MOGUL-ULCINJ.jpg","contentUrl":"https:\/\/www.visit-ulcinj.com\/blog\/wp-content\/uploads\/2011\/12\/MEMORANDUM-O-SARADNJI-OPSTINE-ULCINJ-I-MOGUL-ULCINJ.jpg","width":"508","height":"105"},{"@type":"WebPage","@id":"https:\/\/www.visit-ulcinj.com\/blog\/2015\/03\/24\/monitoring-group-ulcinj-mogul-glasno-protiv-korupcije\/#webpage","url":"https:\/\/www.visit-ulcinj.com\/blog\/2015\/03\/24\/monitoring-group-ulcinj-mogul-glasno-protiv-korupcije\/","name":"Monitoring Group Ulcinj - MogUL \"Glasno protiv korupcije\" - Lajme nga Ulqini","isPartOf":{"@id":"https:\/\/www.visit-ulcinj.com\/blog\/#website"},"primaryImageOfPage":{"@id":"https:\/\/www.visit-ulcinj.com\/blog\/2015\/03\/24\/monitoring-group-ulcinj-mogul-glasno-protiv-korupcije\/#primaryimage"},"datePublished":"2015-03-24T18:35:19+00:00","dateModified":"2015-03-24T18:36:40+00:00","author":{"@id":"https:\/\/www.visit-ulcinj.com\/blog\/#\/schema\/person\/dcab619c614d3038751c63bc2aadc06d"},"description":"Postovani\/e, Ovim putem vas pozivamo na konferenciju za medije u kojoj \u0107emo obavjestiti javnost o rezultatima projekta \"Glasno protiv korupcije\", Tokom","breadcrumb":{"@id":"https:\/\/www.visit-ulcinj.com\/blog\/2015\/03\/24\/monitoring-group-ulcinj-mogul-glasno-protiv-korupcije\/#breadcrumb"},"inLanguage":"en-US","potentialAction":[{"@type":"ReadAction","target":["https:\/\/www.visit-ulcinj.com\/blog\/2015\/03\/24\/monitoring-group-ulcinj-mogul-glasno-protiv-korupcije\/"]}]},{"@type":"BreadcrumbList","@id":"https:\/\/www.visit-ulcinj.com\/blog\/2015\/03\/24\/monitoring-group-ulcinj-mogul-glasno-protiv-korupcije\/#breadcrumb","itemListElement":[{"@type":"ListItem","position":1,"name":"Monitoring Group Ulcinj &#8211; MogUL &#8220;Glasno protiv korupcije&#8221;"}]},{"@type":"Person","@id":"https:\/\/www.visit-ulcinj.com\/blog\/#\/schema\/person\/dcab619c614d3038751c63bc2aadc06d","name":"ulqini","sameAs":["http:\/\/www.visit-ulcinj.com"],"url":"https:\/\/www.visit-ulcinj.com\/blog\/author\/admin\/"}]}},"jetpack_featured_media_url":"","jetpack_sharing_enabled":true,"jetpack_shortlink":"https:\/\/wp.me\/pe6lTn-njt","_links":{"self":[{"href":"https:\/\/www.visit-ulcinj.com\/blog\/wp-json\/wp\/v2\/posts\/89619"}],"collection":[{"href":"https:\/\/www.visit-ulcinj.com\/blog\/wp-json\/wp\/v2\/posts"}],"about":[{"href":"https:\/\/www.visit-ulcinj.com\/blog\/wp-json\/wp\/v2\/types\/post"}],"author":[{"embeddable":true,"href":"https:\/\/www.visit-ulcinj.com\/blog\/wp-json\/wp\/v2\/users\/1"}],"replies":[{"embeddable":true,"href":"https:\/\/www.visit-ulcinj.com\/blog\/wp-json\/wp\/v2\/comments?post=89619"}],"version-history":[{"count":3,"href":"https:\/\/www.visit-ulcinj.com\/blog\/wp-json\/wp\/v2\/posts\/89619\/revisions"}],"predecessor-version":[{"id":89622,"href":"https:\/\/www.visit-ulcinj.com\/blog\/wp-json\/wp\/v2\/posts\/89619\/revisions\/89622"}],"wp:attachment":[{"href":"https:\/\/www.visit-ulcinj.com\/blog\/wp-json\/wp\/v2\/media?parent=89619"}],"wp:term":[{"taxonomy":"category","embeddable":true,"href":"https:\/\/www.visit-ulcinj.com\/blog\/wp-json\/wp\/v2\/categories?post=89619"},{"taxonomy":"post_tag","embeddable":true,"href":"https:\/\/www.visit-ulcinj.com\/blog\/wp-json\/wp\/v2\/tags?post=89619"}],"curies":[{"name":"wp","href":"https:\/\/api.w.org\/{rel}","templated":true}]}}