{"id":89630,"date":"2015-03-25T14:34:37","date_gmt":"2015-03-25T13:34:37","guid":{"rendered":"http:\/\/www.visit-ulcinj.com\/blog\/?p=89630"},"modified":"2015-03-25T14:34:37","modified_gmt":"2015-03-25T13:34:37","slug":"ceshtja-e-akva-parkut-ne-shtoj-po-shkon-ne-fund","status":"publish","type":"post","link":"https:\/\/www.visit-ulcinj.com\/blog\/2015\/03\/25\/ceshtja-e-akva-parkut-ne-shtoj-po-shkon-ne-fund\/","title":{"rendered":"\u00c7\u00ebshtja e akva parkut n\u00eb shtoj \u2013po shkon n\u00eb fund ?!!"},"content":{"rendered":"<p><strong><em>Shkruan Muhamet Nika CONTRA POPULUS (11)<\/em><\/strong><\/p>\n<p>K\u00ebtyre dit\u00ebve puna e akua parkut , si duket, po fiton n\u00eb dinamizmin e vet dhe ministria ka hedh posht\u00eb vendimin e komisionit p\u00ebr kthim t\u00eb pasuris\u00eb n\u00eb Tivar , q\u00eb pat b\u00ebr\u00eb disa dit\u00eb m\u00eb her\u00ebt ky komision<\/p>\n<p><strong><em>Kush \u00ebsht\u00eb komisioni i Tivarit?!<\/em><\/strong><\/p>\n<p>Qeveria e Malit t\u00eb Zi, kish propozuar ligjin p\u00ebr kthim t\u00eb pasuris\u00eb , q\u00eb \u00ebsht\u00eb b\u00ebr\u00eb me rastin e nacionalizimit t\u00eb tokave n\u00eb koh\u00ebn komuniste dhe p\u00ebr k\u00ebt\u00eb kish autorizuar kuvendet komunale q\u00eb t\u00eb b\u00ebjn\u00eb kthimin e saj. Por si dokumente t\u00eb vlefshme jan\u00eb vet\u00ebm tapit\u00eb pas vitit 45, andaj thuhet se ligji \u00ebsht\u00eb diskriminues p\u00ebr shqiptar\u00ebt , sepse nuk njeh kontratat e m\u00eb hershme nga se i bie q\u00eb n\u00eb tok\u00eb t\u00eb ken\u00eb t\u00eb drejt\u00eb edhe ata t\u00eb cil\u00ebt, n\u00eb Ulqin , i mor\u00ebn tokat nga shqiptar\u00ebt vendas , pas okupimit t\u00eb Ulqinit.<\/p>\n<p>Nisur nga kjo situat\u00eb, edhe Kuvendi i Ulqinit, formoi nj\u00eb komision p\u00ebr kthimin e pronave q\u00eb ishte i afatizuar n\u00eb mandat dhe pas 2 viteve , komisioni , n\u00ebnkuptonte se duhej ta kryente pun\u00ebn e vet, t\u00eb jepte raport , p\u00ebr pun\u00ebn e tij- themeluesit i cili e kish formuar, dhe p\u00ebr l\u00ebnd\u00ebt e pazgjidhura t\u00eb bihej vendim politik. Kjo nuk ngjau , raporti i pun\u00ebs s\u00eb tij asnj\u00ebher\u00eb nuk kaloi n\u00eb kuvend dhe nj\u00ebra nga arsyet ish , sepse pat\u00ebm kriz\u00eb t\u00eb vazhdueshme parlamentare &#8211; koha e Fuad Nimanit?!! Nd\u00ebrsa Kryetari tjet\u00ebr, i radh\u00ebs e shkarkoi k\u00ebt\u00eb komision, duke e akuzuar p\u00ebr abuzime dhe dh\u00ebnie t\u00eb sip\u00ebrfaqeve t\u00eb t\u00ebra tokash duke e d\u00ebmtuar interesin e komun\u00ebs. Por k\u00ebt\u00eb akt t\u00eb vetin , as nj\u00ebher\u00eb nuk e pa t\u00eb arsyeshme , t\u2019ia adresoj\u00eb kuvendit t\u00eb KK q\u00eb e kish formuar.<\/p>\n<p>Pra komisioni, mundi ta kthej\u00eb tok\u00ebn rudajve po t\u00eb kishte baz\u00eb ligjore t\u00eb arsyeshme. Dhe nuk mund t\u00eb thuhet se ishte i ngurt\u00eb ndaj qytetar\u00ebve n\u00eb kthim t\u00eb pron\u00ebs.<\/p>\n<p>Sipas principit t\u00eb automatizmit, l\u00ebnd\u00ebt kontestuese kaluan n\u00eb Tivar, ku ish ngritur komision p\u00ebr t\u00eb trajtuar t\u00eb gjitha l\u00ebnd\u00ebt e pa zgjidhura t\u00eb komunave t\u00eb bregdetit. Komisioni i Tivarit, gjeti arsye m\u00eb shum\u00eb, po duket dhe e kthej tok\u00ebn e cekur, por ky vendim p\u00ebrs\u00ebri ra posht\u00eb e u anulua, kurse tashti nuk ka m\u00eb pengesa p\u00ebr nd\u00ebrtimin e tij. Edhe pse Anto Rudoviqi, ka z\u00ebn\u00eb e ankohet n\u00eb polici dhe ngrit\u00eb padi ndaj mbrojt\u00ebsit t\u00eb komun\u00ebs?!!!<\/p>\n<p><strong><em>Kush ishte mysafiri misterioz dhe i pa ftuar n\u00eb seanc\u00ebn e KK Ulqin, kur po zvarritej \u00e7\u00ebshtja e lejes s akva parkut?!!!<\/em><\/strong><\/p>\n<p>Cek\u00ebm se problemi kryesor i akva parkut, lidhet me lokacionin e tij, i cili sipas planit gjeneral, parashihet n\u00eb an\u00ebn kund\u00ebrt t\u00eb rrug\u00ebs \u2013n\u00eb shtoj, n\u00ebn mgjistrsl\u00eb kah deti dhe k\u00ebt\u00eb , jo nj\u00eb &#8211; po dy&#8230;?!!! Ashtu , si ka mundur k\u00ebtu ka mundur edhe n\u00eb hap\u00ebsirat private , por me \u00e7mim m\u00eb t\u00eb shtrenjt\u00eb. Si duket , fitoi ky variant, sepse i bie t\u00eb jet\u00eb af\u00ebr sht\u00ebpis\u00eb se Kryetarit t\u00eb Kuvendit aktual \u2013F Haxhibetit , po dhe hotelit t\u00eb Naser Kelmendit. Derdhja e 7 milion\u00ebve k\u00ebtu , rrit\u00eb ofert\u00ebn turistike t\u00eb sht\u00ebpizave dhe vilave buz\u00eb akva parkut&#8230;?!!!<\/p>\n<p>Me gjith\u00eb at\u00eb , ajo q\u00eb \u00ebsht\u00eb enigm\u00eb e \u00e7\u00ebshtjes, \u00ebsht\u00eb fakti q\u00eb n\u00eb k\u00ebto pun\u00eb mund t\u00eb b\u00ebj\u00eb shantazh edhe ndonj\u00eb grup , jo institucional dhe misterioz, duke b\u00ebr\u00eb presion n\u00eb t\u00eb zgjedhurit e popullit, e n\u00ebse \u00ebsht\u00eb k\u00ebshtu , at\u00ebher\u00eb , pun\u00ebt nuk shkojn\u00eb mbar\u00eb dhe si duhet, mbase edhe p\u00ebr nj\u00eb koh\u00eb bukur t\u00eb gjat\u00eb.<\/p>\n<p>P\u00ebr t\u00eb mos u mbetur borxh, dhe pse ka kaluar disa koh\u00eb, kemi t\u00eb regjistruar momentin, kur pritej hapja e debatit n\u00eb kuvend, p\u00ebr dh\u00ebnien e tok\u00ebs, e kur n\u00eb m\u00ebnyr\u00eb fare t\u00eb pa pritur , n\u00eb der\u00eb t\u00eb kuvendit , hyri nj\u00eb mysafir\u00eb i paftuar , i cili pasi kish fiksuar kryetarin e komun\u00ebs-Gjeka, dhe shikonte reagimin e kryesuesit t\u00eb seanc\u00ebs se si do t\u00eb sillej nga prezenca e tij, i bisedoi di\u00e7 n\u00eb vesh Gjek\u00ebs, nd\u00ebrsa u pa q\u00eb fytyra e kryetarit t\u00eb kuvendit kishte ndryshuar ngjyr\u00eb n\u00eb t\u00eb verdh\u00eb. Pas k\u00ebsaj u ndal edhe te kryetari i UDSH-s\u00eb, Mehmet Zenka , gjithashtu duke i p\u00ebshp\u00ebritur di\u00e7 n\u00eb vesh dhe s\u00eb fundmi u ndal t\u00eb k\u00ebshilltari Andrija Cetkoviq(SNP), t\u00eb cilit sikur i tregoi nj\u00eb medaljon q\u00eb e kish t\u00eb varur rreth qafe. Pas gjith\u00eb k\u00ebsaj zuri vend t\u00eb karriget e pasme t\u00eb kuvendit dhe gazetari Milan Knezheviq i Danit. Ai u largua nga salla, vet\u00ebm kur ishte urdh\u00ebruar nga personeli i kuvendit , q\u00eb t\u00eb l\u00ebshoj\u00eb mbledhjen?!!!<\/p>\n<p>Koha v\u00ebrtetoi ,se personat e p\u00ebrmendur u pan\u00eb t\u00eb protestonin bashk\u00eb me shtojak\u00ebt, kur k\u00ebta t\u00eb fundit i pezulluan rrug\u00ebn ekipit t\u00eb nd\u00ebrtimit t\u00eb akva parkut . \u00e7ka e nxit\u00eb kureshtjen dhe dyshimin implikimit<\/p>\n<p>\u00cbsht\u00eb tep\u00ebr interesant, t\u00eb shtohet se as Cungu , nuk e mori fjal\u00ebn fare n\u00eb k\u00ebt\u00eb pik\u00eb(\u00e7\u00ebshtje )dhe as q\u00eb mburre- sipas adetit ,q\u00eb fjala \u00ebsht\u00eb p\u00ebr nj\u00eb investim i cili thuhet se i kalon t\u00eb 7 milion\u00eb eurot&#8230;.?!!!<\/p>\n","protected":false},"excerpt":{"rendered":"<p>Shkruan Muhamet Nika CONTRA POPULUS (11) K\u00ebtyre dit\u00ebve puna e akua parkut , si duket, po fiton n\u00eb dinamizmin e vet dhe ministria ka hedh posht\u00eb vendimin e komisionit p\u00ebr kthim t\u00eb pasuris\u00eb n\u00eb Tivar , q\u00eb pat b\u00ebr\u00eb disa dit\u00eb m\u00eb her\u00ebt ky komision Kush \u00ebsht\u00eb komisioni i Tivarit?! Qeveria e Malit t\u00eb Zi, [&hellip;]<\/p>\n","protected":false},"author":1,"featured_media":0,"comment_status":"closed","ping_status":"closed","sticky":false,"template":"","format":"standard","meta":{"spay_email":"","jetpack_publicize_message":"","jetpack_is_tweetstorm":false,"jetpack_publicize_feature_enabled":true},"categories":[8],"tags":[],"jetpack_publicize_connections":[],"yoast_head":"<!-- This site is optimized with the Yoast SEO plugin v19.1 - https:\/\/yoast.com\/wordpress\/plugins\/seo\/ -->\n<title>\u00c7\u00ebshtja e akva parkut n\u00eb shtoj \u2013po shkon n\u00eb fund ?!! - Lajme nga Ulqini<\/title>\n<meta name=\"description\" content=\"Shkruan Muhamet Nika CONTRA POPULUS (11) K\u00ebtyre dit\u00ebve puna e akua parkut , si duket, po fiton n\u00eb dinamizmin e vet dhe ministria ka hedh posht\u00eb vendimin e\" \/>\n<meta name=\"robots\" content=\"index, follow, max-snippet:-1, max-image-preview:large, max-video-preview:-1\" \/>\n<link rel=\"canonical\" href=\"https:\/\/www.visit-ulcinj.com\/blog\/2015\/03\/25\/ceshtja-e-akva-parkut-ne-shtoj-po-shkon-ne-fund\/\" \/>\n<meta property=\"og:locale\" content=\"en_US\" \/>\n<meta property=\"og:type\" content=\"article\" \/>\n<meta property=\"og:title\" content=\"\u00c7\u00ebshtja e akva parkut n\u00eb shtoj \u2013po shkon n\u00eb fund ?!! - Lajme nga Ulqini\" \/>\n<meta property=\"og:description\" content=\"Shkruan Muhamet Nika CONTRA POPULUS (11) K\u00ebtyre dit\u00ebve puna e akua parkut , si duket, po fiton n\u00eb dinamizmin e vet dhe ministria ka hedh posht\u00eb vendimin e\" \/>\n<meta property=\"og:url\" content=\"https:\/\/www.visit-ulcinj.com\/blog\/2015\/03\/25\/ceshtja-e-akva-parkut-ne-shtoj-po-shkon-ne-fund\/\" \/>\n<meta property=\"og:site_name\" content=\"Lajme nga Ulqini\" \/>\n<meta property=\"article:published_time\" content=\"2015-03-25T13:34:37+00:00\" \/>\n<meta name=\"twitter:label1\" content=\"Written by\" \/>\n\t<meta name=\"twitter:data1\" content=\"ulqini\" \/>\n\t<meta name=\"twitter:label2\" content=\"Est. reading time\" \/>\n\t<meta name=\"twitter:data2\" content=\"4 minutes\" \/>\n<script type=\"application\/ld+json\" class=\"yoast-schema-graph\">{\"@context\":\"https:\/\/schema.org\",\"@graph\":[{\"@type\":\"WebSite\",\"@id\":\"https:\/\/www.visit-ulcinj.com\/blog\/#website\",\"url\":\"https:\/\/www.visit-ulcinj.com\/blog\/\",\"name\":\"Lajme nga Ulqini\",\"description\":\"Lajme,Vijesti,Ulqini,Ulqin,Crna Gora,Mali i Zi\",\"potentialAction\":[{\"@type\":\"SearchAction\",\"target\":{\"@type\":\"EntryPoint\",\"urlTemplate\":\"https:\/\/www.visit-ulcinj.com\/blog\/?s={search_term_string}\"},\"query-input\":\"required name=search_term_string\"}],\"inLanguage\":\"en-US\"},{\"@type\":\"WebPage\",\"@id\":\"https:\/\/www.visit-ulcinj.com\/blog\/2015\/03\/25\/ceshtja-e-akva-parkut-ne-shtoj-po-shkon-ne-fund\/#webpage\",\"url\":\"https:\/\/www.visit-ulcinj.com\/blog\/2015\/03\/25\/ceshtja-e-akva-parkut-ne-shtoj-po-shkon-ne-fund\/\",\"name\":\"\u00c7\u00ebshtja e akva parkut n\u00eb shtoj \u2013po shkon n\u00eb fund ?!! - Lajme nga Ulqini\",\"isPartOf\":{\"@id\":\"https:\/\/www.visit-ulcinj.com\/blog\/#website\"},\"datePublished\":\"2015-03-25T13:34:37+00:00\",\"dateModified\":\"2015-03-25T13:34:37+00:00\",\"author\":{\"@id\":\"https:\/\/www.visit-ulcinj.com\/blog\/#\/schema\/person\/dcab619c614d3038751c63bc2aadc06d\"},\"description\":\"Shkruan Muhamet Nika CONTRA POPULUS (11) K\u00ebtyre dit\u00ebve puna e akua parkut , si duket, po fiton n\u00eb dinamizmin e vet dhe ministria ka hedh posht\u00eb vendimin e\",\"breadcrumb\":{\"@id\":\"https:\/\/www.visit-ulcinj.com\/blog\/2015\/03\/25\/ceshtja-e-akva-parkut-ne-shtoj-po-shkon-ne-fund\/#breadcrumb\"},\"inLanguage\":\"en-US\",\"potentialAction\":[{\"@type\":\"ReadAction\",\"target\":[\"https:\/\/www.visit-ulcinj.com\/blog\/2015\/03\/25\/ceshtja-e-akva-parkut-ne-shtoj-po-shkon-ne-fund\/\"]}]},{\"@type\":\"BreadcrumbList\",\"@id\":\"https:\/\/www.visit-ulcinj.com\/blog\/2015\/03\/25\/ceshtja-e-akva-parkut-ne-shtoj-po-shkon-ne-fund\/#breadcrumb\",\"itemListElement\":[{\"@type\":\"ListItem\",\"position\":1,\"name\":\"\u00c7\u00ebshtja e akva parkut n\u00eb shtoj \u2013po shkon n\u00eb fund ?!!\"}]},{\"@type\":\"Person\",\"@id\":\"https:\/\/www.visit-ulcinj.com\/blog\/#\/schema\/person\/dcab619c614d3038751c63bc2aadc06d\",\"name\":\"ulqini\",\"sameAs\":[\"http:\/\/www.visit-ulcinj.com\"],\"url\":\"https:\/\/www.visit-ulcinj.com\/blog\/author\/admin\/\"}]}<\/script>\n<!-- \/ Yoast SEO plugin. -->","yoast_head_json":{"title":"\u00c7\u00ebshtja e akva parkut n\u00eb shtoj \u2013po shkon n\u00eb fund ?!! - Lajme nga Ulqini","description":"Shkruan Muhamet Nika CONTRA POPULUS (11) K\u00ebtyre dit\u00ebve puna e akua parkut , si duket, po fiton n\u00eb dinamizmin e vet dhe ministria ka hedh posht\u00eb vendimin e","robots":{"index":"index","follow":"follow","max-snippet":"max-snippet:-1","max-image-preview":"max-image-preview:large","max-video-preview":"max-video-preview:-1"},"canonical":"https:\/\/www.visit-ulcinj.com\/blog\/2015\/03\/25\/ceshtja-e-akva-parkut-ne-shtoj-po-shkon-ne-fund\/","og_locale":"en_US","og_type":"article","og_title":"\u00c7\u00ebshtja e akva parkut n\u00eb shtoj \u2013po shkon n\u00eb fund ?!! - Lajme nga Ulqini","og_description":"Shkruan Muhamet Nika CONTRA POPULUS (11) K\u00ebtyre dit\u00ebve puna e akua parkut , si duket, po fiton n\u00eb dinamizmin e vet dhe ministria ka hedh posht\u00eb vendimin e","og_url":"https:\/\/www.visit-ulcinj.com\/blog\/2015\/03\/25\/ceshtja-e-akva-parkut-ne-shtoj-po-shkon-ne-fund\/","og_site_name":"Lajme nga Ulqini","article_published_time":"2015-03-25T13:34:37+00:00","twitter_misc":{"Written by":"ulqini","Est. reading time":"4 minutes"},"schema":{"@context":"https:\/\/schema.org","@graph":[{"@type":"WebSite","@id":"https:\/\/www.visit-ulcinj.com\/blog\/#website","url":"https:\/\/www.visit-ulcinj.com\/blog\/","name":"Lajme nga Ulqini","description":"Lajme,Vijesti,Ulqini,Ulqin,Crna Gora,Mali i Zi","potentialAction":[{"@type":"SearchAction","target":{"@type":"EntryPoint","urlTemplate":"https:\/\/www.visit-ulcinj.com\/blog\/?s={search_term_string}"},"query-input":"required name=search_term_string"}],"inLanguage":"en-US"},{"@type":"WebPage","@id":"https:\/\/www.visit-ulcinj.com\/blog\/2015\/03\/25\/ceshtja-e-akva-parkut-ne-shtoj-po-shkon-ne-fund\/#webpage","url":"https:\/\/www.visit-ulcinj.com\/blog\/2015\/03\/25\/ceshtja-e-akva-parkut-ne-shtoj-po-shkon-ne-fund\/","name":"\u00c7\u00ebshtja e akva parkut n\u00eb shtoj \u2013po shkon n\u00eb fund ?!! - Lajme nga Ulqini","isPartOf":{"@id":"https:\/\/www.visit-ulcinj.com\/blog\/#website"},"datePublished":"2015-03-25T13:34:37+00:00","dateModified":"2015-03-25T13:34:37+00:00","author":{"@id":"https:\/\/www.visit-ulcinj.com\/blog\/#\/schema\/person\/dcab619c614d3038751c63bc2aadc06d"},"description":"Shkruan Muhamet Nika CONTRA POPULUS (11) K\u00ebtyre dit\u00ebve puna e akua parkut , si duket, po fiton n\u00eb dinamizmin e vet dhe ministria ka hedh posht\u00eb vendimin e","breadcrumb":{"@id":"https:\/\/www.visit-ulcinj.com\/blog\/2015\/03\/25\/ceshtja-e-akva-parkut-ne-shtoj-po-shkon-ne-fund\/#breadcrumb"},"inLanguage":"en-US","potentialAction":[{"@type":"ReadAction","target":["https:\/\/www.visit-ulcinj.com\/blog\/2015\/03\/25\/ceshtja-e-akva-parkut-ne-shtoj-po-shkon-ne-fund\/"]}]},{"@type":"BreadcrumbList","@id":"https:\/\/www.visit-ulcinj.com\/blog\/2015\/03\/25\/ceshtja-e-akva-parkut-ne-shtoj-po-shkon-ne-fund\/#breadcrumb","itemListElement":[{"@type":"ListItem","position":1,"name":"\u00c7\u00ebshtja e akva parkut n\u00eb shtoj \u2013po shkon n\u00eb fund ?!!"}]},{"@type":"Person","@id":"https:\/\/www.visit-ulcinj.com\/blog\/#\/schema\/person\/dcab619c614d3038751c63bc2aadc06d","name":"ulqini","sameAs":["http:\/\/www.visit-ulcinj.com"],"url":"https:\/\/www.visit-ulcinj.com\/blog\/author\/admin\/"}]}},"jetpack_featured_media_url":"","jetpack_sharing_enabled":true,"jetpack_shortlink":"https:\/\/wp.me\/pe6lTn-njE","_links":{"self":[{"href":"https:\/\/www.visit-ulcinj.com\/blog\/wp-json\/wp\/v2\/posts\/89630"}],"collection":[{"href":"https:\/\/www.visit-ulcinj.com\/blog\/wp-json\/wp\/v2\/posts"}],"about":[{"href":"https:\/\/www.visit-ulcinj.com\/blog\/wp-json\/wp\/v2\/types\/post"}],"author":[{"embeddable":true,"href":"https:\/\/www.visit-ulcinj.com\/blog\/wp-json\/wp\/v2\/users\/1"}],"replies":[{"embeddable":true,"href":"https:\/\/www.visit-ulcinj.com\/blog\/wp-json\/wp\/v2\/comments?post=89630"}],"version-history":[{"count":1,"href":"https:\/\/www.visit-ulcinj.com\/blog\/wp-json\/wp\/v2\/posts\/89630\/revisions"}],"predecessor-version":[{"id":89631,"href":"https:\/\/www.visit-ulcinj.com\/blog\/wp-json\/wp\/v2\/posts\/89630\/revisions\/89631"}],"wp:attachment":[{"href":"https:\/\/www.visit-ulcinj.com\/blog\/wp-json\/wp\/v2\/media?parent=89630"}],"wp:term":[{"taxonomy":"category","embeddable":true,"href":"https:\/\/www.visit-ulcinj.com\/blog\/wp-json\/wp\/v2\/categories?post=89630"},{"taxonomy":"post_tag","embeddable":true,"href":"https:\/\/www.visit-ulcinj.com\/blog\/wp-json\/wp\/v2\/tags?post=89630"}],"curies":[{"name":"wp","href":"https:\/\/api.w.org\/{rel}","templated":true}]}}