{"id":89639,"date":"2015-03-25T15:23:02","date_gmt":"2015-03-25T14:23:02","guid":{"rendered":"http:\/\/www.visit-ulcinj.com\/blog\/?p=89639"},"modified":"2015-03-25T15:37:29","modified_gmt":"2015-03-25T14:37:29","slug":"tv-prva-o-servantesu-ulcinju-pogledajte-video","status":"publish","type":"post","link":"https:\/\/www.visit-ulcinj.com\/blog\/2015\/03\/25\/tv-prva-o-servantesu-ulcinju-pogledajte-video\/","title":{"rendered":"TV Prva o Servantesu i Ulcinju &#8211; Pogledajte Video"},"content":{"rendered":"<p id=\"articleIntro\"><a href=\"http:\/\/www.visit-ulcinj.com\/blog\/wp-content\/uploads\/2015\/03\/Miguel-de-Servantes.jpg\"><img loading=\"lazy\" class=\"alignleft wp-image-89640 size-full\" src=\"http:\/\/www.visit-ulcinj.com\/blog\/wp-content\/uploads\/2015\/03\/Miguel-de-Servantes.jpg\" alt=\"Miguel-de-Servantes\" width=\"368\" height=\"137\" srcset=\"https:\/\/www.visit-ulcinj.com\/blog\/wp-content\/uploads\/2015\/03\/Miguel-de-Servantes.jpg 368w, https:\/\/www.visit-ulcinj.com\/blog\/wp-content\/uploads\/2015\/03\/Miguel-de-Servantes-300x112.jpg 300w\" sizes=\"(max-width: 368px) 100vw, 368px\" \/><\/a>TV Prva emitovala je 23. februara emisiju posve\u0107enu Miguelu de Servantesu, poku\u0161avaju\u0107i da pru\u017ei odgovor na pitanje \u2013 koliko su utemeljene tvrdnje da je \u010duveni \u0161panski pisac zaista nekoliko godina svog \u017eivota proveo kao rob u Ulcinju.<\/p>\n<div id=\"articleContent\">\n<p>Pri\u010da o njemu po\u010dinje bitkom kod Lepanta u Gr\u010dkoj, 1571. godine, kada je i Ulcinj pao pod osmanlijsku vlast. Kako je Servantes stigao u Ulcinj kao rob? Da li je Dol\u010dinea zaista Ulcinjanka? Legenda me\u0111u Ulcinjanima i danas je \u017eiva, a ovaj lijepi televizijski prilog od 18 minuta zaista vrijedi (ponovo) pogledati.<\/p>\n<!--YouTube Error: bad URL entered-->\n<p>Mo\u017eda o tome mo\u017eemo ne\u0161to nau\u010diti od \u0160panaca. Nakon puna \u010detiri vijeka, napokon je prona\u0111en grob jednog od najslavnijih knji\u017eevnika Miguela de Servantesa. Forenzi\u010dkom analizom kostiju, koje su prona\u0111ene u tro\u0161nom kov\u010degu u jednom samostanu u centru Madrida, potvr\u0111eno je da su pripadale poznatom piscu \u010dija je sudbina tako\u0111e bila vezana za Ulcinj.<\/p>\n<p>Zapisi i narodno predanje se sla\u017eu da je slavni Servantes u svojoj mladosti bio rob ulcinjskih gusara. \u0160tavi\u0161e, i njegovo \u010duveno djelo \u201cDon Kihot\u2019, dovodi se u vezu sa zato\u010deni\u0161tvom u Ulcinju a neki istra\u017eiva\u010di u Dul\u010dineji, glavnoj junakinji romana, prepoznaju Ulcinjanku. Naime, \u201cDon Kihot\u201d jeste nastao poslije Servantesovog robovanja u Starom ulcinjskom gradu. Stari naziv za Ulcinj je Olcinium ili Ulcinium, a izvorno ime Dol\u010dineje na \u0161panskom \u2013 Dulcinea, \u0161to bi moglo da zna\u010di upravo Ulcinjanka (iz Ulcinja).<\/p>\n<p>Slavni robovi i izgnanici: I narodno predanje u Ulcinju pominje izvjesnog Serveta, \u010dija se sudbina, ali i osnova imena, poklapa sa Servantesovim. Ovaj bi rob do kasno u no\u0107 ostajao budan u svojoj \u0107eliji, stalno ne\u0161to razmi\u0161ljao i zapisivao. Danju je pjevao, pa su djevojke \u010desto izlazile na prozore da ga slu\u0161aju. Jednoj djevojci, ka\u017ee predanje, to nije bilo dovoljno, pa je svaki put kada bi rob Servet po\u0161ao u \u0161etnju dozvoljenim stazama, i\u0161la za njim. I tako se rodila ljubav izme\u0111u mje\u0161tanke i nepoznatog roba. Nakon nekoliko godina, jedan je stranac donio novac i oslobodio roba, koji je sa sobom poveo i lijepu Starogra\u0111anku.<\/p>\n<p>Ako bismo uzeli pouke iz ove vijesti iz Madrida, vidjeli bismo kako savremeni svijet promi\u0161lja i prezentuje svoje kulturolo\u0161ke prednosti. Ula\u017eu se materijalni i nau\u010dno-tehnolo\u0161ki resursi u cilju \u0161to boljeg pozicioniranja na svjetskoj kulturolo\u0161koj mapi, svjesni da \u0107e im se to mnogostruko vratiti.<\/p>\n<p><strong>Ivan KERN<\/strong><\/p>\n<p><strong>Izvor: PortalAnalitika<\/strong><\/p>\n<\/div>\n","protected":false},"excerpt":{"rendered":"<p>TV Prva emitovala je 23. februara emisiju posve\u0107enu Miguelu de Servantesu, poku\u0161avaju\u0107i da pru\u017ei odgovor na pitanje \u2013 koliko su utemeljene tvrdnje da je \u010duveni \u0161panski pisac zaista nekoliko godina svog \u017eivota proveo kao rob u Ulcinju. Pri\u010da o njemu po\u010dinje bitkom kod Lepanta u Gr\u010dkoj, 1571. godine, kada je i Ulcinj pao pod osmanlijsku [&hellip;]<\/p>\n","protected":false},"author":1,"featured_media":0,"comment_status":"closed","ping_status":"closed","sticky":false,"template":"","format":"standard","meta":{"spay_email":"","jetpack_publicize_message":"","jetpack_is_tweetstorm":false,"jetpack_publicize_feature_enabled":true},"categories":[8337],"tags":[],"jetpack_publicize_connections":[],"yoast_head":"<!-- This site is optimized with the Yoast SEO plugin v19.1 - https:\/\/yoast.com\/wordpress\/plugins\/seo\/ -->\n<title>TV Prva o Servantesu i Ulcinju - Pogledajte Video - Lajme nga Ulqini<\/title>\n<meta name=\"description\" content=\"TV Prva emitovala je 23. februara emisiju posve\u0107enu Miguelu de Servantesu, poku\u0161avaju\u0107i da pru\u017ei odgovor na pitanje \u2013 koliko su utemeljene tvrdnje da je\" \/>\n<meta name=\"robots\" content=\"index, follow, max-snippet:-1, max-image-preview:large, max-video-preview:-1\" \/>\n<link rel=\"canonical\" href=\"https:\/\/www.visit-ulcinj.com\/blog\/2015\/03\/25\/tv-prva-o-servantesu-ulcinju-pogledajte-video\/\" \/>\n<meta property=\"og:locale\" content=\"en_US\" \/>\n<meta property=\"og:type\" content=\"article\" \/>\n<meta property=\"og:title\" content=\"TV Prva o Servantesu i Ulcinju - Pogledajte Video - Lajme nga Ulqini\" \/>\n<meta property=\"og:description\" content=\"TV Prva emitovala je 23. februara emisiju posve\u0107enu Miguelu de Servantesu, poku\u0161avaju\u0107i da pru\u017ei odgovor na pitanje \u2013 koliko su utemeljene tvrdnje da je\" \/>\n<meta property=\"og:url\" content=\"https:\/\/www.visit-ulcinj.com\/blog\/2015\/03\/25\/tv-prva-o-servantesu-ulcinju-pogledajte-video\/\" \/>\n<meta property=\"og:site_name\" content=\"Lajme nga Ulqini\" \/>\n<meta property=\"article:published_time\" content=\"2015-03-25T14:23:02+00:00\" \/>\n<meta property=\"article:modified_time\" content=\"2015-03-25T14:37:29+00:00\" \/>\n<meta property=\"og:image\" content=\"http:\/\/www.visit-ulcinj.com\/blog\/wp-content\/uploads\/2015\/03\/Miguel-de-Servantes.jpg\" \/>\n<meta name=\"twitter:label1\" content=\"Written by\" \/>\n\t<meta name=\"twitter:data1\" content=\"ulqini\" \/>\n\t<meta name=\"twitter:label2\" content=\"Est. reading time\" \/>\n\t<meta name=\"twitter:data2\" content=\"2 minutes\" \/>\n<script type=\"application\/ld+json\" class=\"yoast-schema-graph\">{\"@context\":\"https:\/\/schema.org\",\"@graph\":[{\"@type\":\"WebSite\",\"@id\":\"https:\/\/www.visit-ulcinj.com\/blog\/#website\",\"url\":\"https:\/\/www.visit-ulcinj.com\/blog\/\",\"name\":\"Lajme nga Ulqini\",\"description\":\"Lajme,Vijesti,Ulqini,Ulqin,Crna Gora,Mali i Zi\",\"potentialAction\":[{\"@type\":\"SearchAction\",\"target\":{\"@type\":\"EntryPoint\",\"urlTemplate\":\"https:\/\/www.visit-ulcinj.com\/blog\/?s={search_term_string}\"},\"query-input\":\"required name=search_term_string\"}],\"inLanguage\":\"en-US\"},{\"@type\":\"ImageObject\",\"inLanguage\":\"en-US\",\"@id\":\"https:\/\/www.visit-ulcinj.com\/blog\/2015\/03\/25\/tv-prva-o-servantesu-ulcinju-pogledajte-video\/#primaryimage\",\"url\":\"https:\/\/www.visit-ulcinj.com\/blog\/wp-content\/uploads\/2015\/03\/Miguel-de-Servantes.jpg\",\"contentUrl\":\"https:\/\/www.visit-ulcinj.com\/blog\/wp-content\/uploads\/2015\/03\/Miguel-de-Servantes.jpg\",\"width\":368,\"height\":137},{\"@type\":\"WebPage\",\"@id\":\"https:\/\/www.visit-ulcinj.com\/blog\/2015\/03\/25\/tv-prva-o-servantesu-ulcinju-pogledajte-video\/#webpage\",\"url\":\"https:\/\/www.visit-ulcinj.com\/blog\/2015\/03\/25\/tv-prva-o-servantesu-ulcinju-pogledajte-video\/\",\"name\":\"TV Prva o Servantesu i Ulcinju - Pogledajte Video - Lajme nga Ulqini\",\"isPartOf\":{\"@id\":\"https:\/\/www.visit-ulcinj.com\/blog\/#website\"},\"primaryImageOfPage\":{\"@id\":\"https:\/\/www.visit-ulcinj.com\/blog\/2015\/03\/25\/tv-prva-o-servantesu-ulcinju-pogledajte-video\/#primaryimage\"},\"datePublished\":\"2015-03-25T14:23:02+00:00\",\"dateModified\":\"2015-03-25T14:37:29+00:00\",\"author\":{\"@id\":\"https:\/\/www.visit-ulcinj.com\/blog\/#\/schema\/person\/dcab619c614d3038751c63bc2aadc06d\"},\"description\":\"TV Prva emitovala je 23. februara emisiju posve\u0107enu Miguelu de Servantesu, poku\u0161avaju\u0107i da pru\u017ei odgovor na pitanje \u2013 koliko su utemeljene tvrdnje da je\",\"breadcrumb\":{\"@id\":\"https:\/\/www.visit-ulcinj.com\/blog\/2015\/03\/25\/tv-prva-o-servantesu-ulcinju-pogledajte-video\/#breadcrumb\"},\"inLanguage\":\"en-US\",\"potentialAction\":[{\"@type\":\"ReadAction\",\"target\":[\"https:\/\/www.visit-ulcinj.com\/blog\/2015\/03\/25\/tv-prva-o-servantesu-ulcinju-pogledajte-video\/\"]}]},{\"@type\":\"BreadcrumbList\",\"@id\":\"https:\/\/www.visit-ulcinj.com\/blog\/2015\/03\/25\/tv-prva-o-servantesu-ulcinju-pogledajte-video\/#breadcrumb\",\"itemListElement\":[{\"@type\":\"ListItem\",\"position\":1,\"name\":\"TV Prva o Servantesu i Ulcinju &#8211; Pogledajte Video\"}]},{\"@type\":\"Person\",\"@id\":\"https:\/\/www.visit-ulcinj.com\/blog\/#\/schema\/person\/dcab619c614d3038751c63bc2aadc06d\",\"name\":\"ulqini\",\"sameAs\":[\"http:\/\/www.visit-ulcinj.com\"],\"url\":\"https:\/\/www.visit-ulcinj.com\/blog\/author\/admin\/\"}]}<\/script>\n<!-- \/ Yoast SEO plugin. -->","yoast_head_json":{"title":"TV Prva o Servantesu i Ulcinju - Pogledajte Video - Lajme nga Ulqini","description":"TV Prva emitovala je 23. februara emisiju posve\u0107enu Miguelu de Servantesu, poku\u0161avaju\u0107i da pru\u017ei odgovor na pitanje \u2013 koliko su utemeljene tvrdnje da je","robots":{"index":"index","follow":"follow","max-snippet":"max-snippet:-1","max-image-preview":"max-image-preview:large","max-video-preview":"max-video-preview:-1"},"canonical":"https:\/\/www.visit-ulcinj.com\/blog\/2015\/03\/25\/tv-prva-o-servantesu-ulcinju-pogledajte-video\/","og_locale":"en_US","og_type":"article","og_title":"TV Prva o Servantesu i Ulcinju - Pogledajte Video - Lajme nga Ulqini","og_description":"TV Prva emitovala je 23. februara emisiju posve\u0107enu Miguelu de Servantesu, poku\u0161avaju\u0107i da pru\u017ei odgovor na pitanje \u2013 koliko su utemeljene tvrdnje da je","og_url":"https:\/\/www.visit-ulcinj.com\/blog\/2015\/03\/25\/tv-prva-o-servantesu-ulcinju-pogledajte-video\/","og_site_name":"Lajme nga Ulqini","article_published_time":"2015-03-25T14:23:02+00:00","article_modified_time":"2015-03-25T14:37:29+00:00","og_image":[{"url":"http:\/\/www.visit-ulcinj.com\/blog\/wp-content\/uploads\/2015\/03\/Miguel-de-Servantes.jpg"}],"twitter_misc":{"Written by":"ulqini","Est. reading time":"2 minutes"},"schema":{"@context":"https:\/\/schema.org","@graph":[{"@type":"WebSite","@id":"https:\/\/www.visit-ulcinj.com\/blog\/#website","url":"https:\/\/www.visit-ulcinj.com\/blog\/","name":"Lajme nga Ulqini","description":"Lajme,Vijesti,Ulqini,Ulqin,Crna Gora,Mali i Zi","potentialAction":[{"@type":"SearchAction","target":{"@type":"EntryPoint","urlTemplate":"https:\/\/www.visit-ulcinj.com\/blog\/?s={search_term_string}"},"query-input":"required name=search_term_string"}],"inLanguage":"en-US"},{"@type":"ImageObject","inLanguage":"en-US","@id":"https:\/\/www.visit-ulcinj.com\/blog\/2015\/03\/25\/tv-prva-o-servantesu-ulcinju-pogledajte-video\/#primaryimage","url":"https:\/\/www.visit-ulcinj.com\/blog\/wp-content\/uploads\/2015\/03\/Miguel-de-Servantes.jpg","contentUrl":"https:\/\/www.visit-ulcinj.com\/blog\/wp-content\/uploads\/2015\/03\/Miguel-de-Servantes.jpg","width":368,"height":137},{"@type":"WebPage","@id":"https:\/\/www.visit-ulcinj.com\/blog\/2015\/03\/25\/tv-prva-o-servantesu-ulcinju-pogledajte-video\/#webpage","url":"https:\/\/www.visit-ulcinj.com\/blog\/2015\/03\/25\/tv-prva-o-servantesu-ulcinju-pogledajte-video\/","name":"TV Prva o Servantesu i Ulcinju - Pogledajte Video - Lajme nga Ulqini","isPartOf":{"@id":"https:\/\/www.visit-ulcinj.com\/blog\/#website"},"primaryImageOfPage":{"@id":"https:\/\/www.visit-ulcinj.com\/blog\/2015\/03\/25\/tv-prva-o-servantesu-ulcinju-pogledajte-video\/#primaryimage"},"datePublished":"2015-03-25T14:23:02+00:00","dateModified":"2015-03-25T14:37:29+00:00","author":{"@id":"https:\/\/www.visit-ulcinj.com\/blog\/#\/schema\/person\/dcab619c614d3038751c63bc2aadc06d"},"description":"TV Prva emitovala je 23. februara emisiju posve\u0107enu Miguelu de Servantesu, poku\u0161avaju\u0107i da pru\u017ei odgovor na pitanje \u2013 koliko su utemeljene tvrdnje da je","breadcrumb":{"@id":"https:\/\/www.visit-ulcinj.com\/blog\/2015\/03\/25\/tv-prva-o-servantesu-ulcinju-pogledajte-video\/#breadcrumb"},"inLanguage":"en-US","potentialAction":[{"@type":"ReadAction","target":["https:\/\/www.visit-ulcinj.com\/blog\/2015\/03\/25\/tv-prva-o-servantesu-ulcinju-pogledajte-video\/"]}]},{"@type":"BreadcrumbList","@id":"https:\/\/www.visit-ulcinj.com\/blog\/2015\/03\/25\/tv-prva-o-servantesu-ulcinju-pogledajte-video\/#breadcrumb","itemListElement":[{"@type":"ListItem","position":1,"name":"TV Prva o Servantesu i Ulcinju &#8211; Pogledajte Video"}]},{"@type":"Person","@id":"https:\/\/www.visit-ulcinj.com\/blog\/#\/schema\/person\/dcab619c614d3038751c63bc2aadc06d","name":"ulqini","sameAs":["http:\/\/www.visit-ulcinj.com"],"url":"https:\/\/www.visit-ulcinj.com\/blog\/author\/admin\/"}]}},"jetpack_featured_media_url":"","jetpack_sharing_enabled":true,"jetpack_shortlink":"https:\/\/wp.me\/pe6lTn-njN","_links":{"self":[{"href":"https:\/\/www.visit-ulcinj.com\/blog\/wp-json\/wp\/v2\/posts\/89639"}],"collection":[{"href":"https:\/\/www.visit-ulcinj.com\/blog\/wp-json\/wp\/v2\/posts"}],"about":[{"href":"https:\/\/www.visit-ulcinj.com\/blog\/wp-json\/wp\/v2\/types\/post"}],"author":[{"embeddable":true,"href":"https:\/\/www.visit-ulcinj.com\/blog\/wp-json\/wp\/v2\/users\/1"}],"replies":[{"embeddable":true,"href":"https:\/\/www.visit-ulcinj.com\/blog\/wp-json\/wp\/v2\/comments?post=89639"}],"version-history":[{"count":3,"href":"https:\/\/www.visit-ulcinj.com\/blog\/wp-json\/wp\/v2\/posts\/89639\/revisions"}],"predecessor-version":[{"id":89643,"href":"https:\/\/www.visit-ulcinj.com\/blog\/wp-json\/wp\/v2\/posts\/89639\/revisions\/89643"}],"wp:attachment":[{"href":"https:\/\/www.visit-ulcinj.com\/blog\/wp-json\/wp\/v2\/media?parent=89639"}],"wp:term":[{"taxonomy":"category","embeddable":true,"href":"https:\/\/www.visit-ulcinj.com\/blog\/wp-json\/wp\/v2\/categories?post=89639"},{"taxonomy":"post_tag","embeddable":true,"href":"https:\/\/www.visit-ulcinj.com\/blog\/wp-json\/wp\/v2\/tags?post=89639"}],"curies":[{"name":"wp","href":"https:\/\/api.w.org\/{rel}","templated":true}]}}