{"id":89658,"date":"2015-03-26T16:08:47","date_gmt":"2015-03-26T15:08:47","guid":{"rendered":"http:\/\/www.visit-ulcinj.com\/blog\/?p=89658"},"modified":"2015-03-26T16:15:32","modified_gmt":"2015-03-26T15:15:32","slug":"kabil-kurti-ja-pse-ndodhin-permbytjet-ne-ulqin-video","status":"publish","type":"post","link":"https:\/\/www.visit-ulcinj.com\/blog\/2015\/03\/26\/kabil-kurti-ja-pse-ndodhin-permbytjet-ne-ulqin-video\/","title":{"rendered":"Kabil Kurti: Ja pse ndodhin p\u00ebrmbytjet n\u00eb Ulqin &#8211; Video"},"content":{"rendered":"<p><a href=\"http:\/\/www.visit-ulcinj.com\/blog\/wp-content\/uploads\/2013\/11\/Kabil-Kurti-NewYork-plani.jpg\"><img loading=\"lazy\" class=\"alignleft wp-image-76545\" src=\"http:\/\/www.visit-ulcinj.com\/blog\/wp-content\/uploads\/2013\/11\/Kabil-Kurti-NewYork-plani.jpg\" alt=\"Kabil-Kurti-NewYork-plani\" width=\"508\" height=\"338\" srcset=\"https:\/\/www.visit-ulcinj.com\/blog\/wp-content\/uploads\/2013\/11\/Kabil-Kurti-NewYork-plani.jpg 640w, https:\/\/www.visit-ulcinj.com\/blog\/wp-content\/uploads\/2013\/11\/Kabil-Kurti-NewYork-plani-300x199.jpg 300w\" sizes=\"(max-width: 508px) 100vw, 508px\" \/><\/a>Duhet cekur q\u00eb p\u00ebrmbytjet kan\u00eb shkaktuar d\u00ebme t\u00eb m\u00ebdha n\u00eb Ulqin. Mbushja e kanalizimeve dhe dalja e p\u00ebrrenj\u00ebve nga shtrati ka v\u00ebn\u00eb n\u00eb rrezik jet\u00ebn e shum\u00eb personave, nd\u00ebrkoh\u00eb q\u00eb d\u00ebmet materiale jan\u00eb shum\u00eb t\u00eb m\u00ebdha, si n\u00eb bujq\u00ebsi ashtu edhe n\u00eb sht\u00ebpit\u00eb\u00a0 e shum\u00eb lagjave n\u00eb komun\u00ebn e Ulqinit. D\u00ebme jan\u00eb shkaktuar n\u00eb zon\u00ebn idustriale t\u00eb lagjes Bratica, bash tek fabrika e mobiljeve &#8220;Kurti&#8221; tek gjimnazi i Ulqinit, n\u00eb lagjen Gjerana, Shtoji etj.<\/p>\n<p><a href=\"http:\/\/www.visit-ulcinj.com\/blog\/wp-content\/uploads\/2015\/03\/P\u00ebrmbytje-masive-n\u00eb-Ulqin-nga-shiu.jpg\"><img loading=\"lazy\" class=\"alignleft wp-image-89134\" src=\"http:\/\/www.visit-ulcinj.com\/blog\/wp-content\/uploads\/2015\/03\/P\u00ebrmbytje-masive-n\u00eb-Ulqin-nga-shiu.jpg\" alt=\"P\u00ebrmbytje masive n\u00eb Ulqin-nga-shiu\" width=\"508\" height=\"335\" srcset=\"https:\/\/www.visit-ulcinj.com\/blog\/wp-content\/uploads\/2015\/03\/P\u00ebrmbytje-masive-n\u00eb-Ulqin-nga-shiu.jpg 959w, https:\/\/www.visit-ulcinj.com\/blog\/wp-content\/uploads\/2015\/03\/P\u00ebrmbytje-masive-n\u00eb-Ulqin-nga-shiu-300x198.jpg 300w\" sizes=\"(max-width: 508px) 100vw, 508px\" \/><\/a><\/p>\n<p>Me bllokimin e kanaleve kulluese dhe reshjet e forta rrezikuan jet\u00ebn e shum\u00eb banor\u00ebve para disa dit\u00ebve n\u00eb komun\u00ebn e Ulqinit, shprehet para kamerave t\u00eb Tv Teut\u00ebs pronari dhe gjithashtu kryetari i &#8220;Biznis Klub Anamalit&#8221; ( BKA) z. Kabil Kurti.<\/p>\n<p><a href=\"http:\/\/www.visit-ulcinj.com\/blog\/wp-content\/uploads\/2015\/03\/Kanali-Bratica-Ulqin-Ulcinj.jpg\"><img loading=\"lazy\" class=\"alignleft wp-image-89435\" src=\"http:\/\/www.visit-ulcinj.com\/blog\/wp-content\/uploads\/2015\/03\/Kanali-Bratica-Ulqin-Ulcinj.jpg\" alt=\"Kanali-Bratica-Ulqin-Ulcinj\" width=\"508\" height=\"681\" srcset=\"https:\/\/www.visit-ulcinj.com\/blog\/wp-content\/uploads\/2015\/03\/Kanali-Bratica-Ulqin-Ulcinj.jpg 716w, https:\/\/www.visit-ulcinj.com\/blog\/wp-content\/uploads\/2015\/03\/Kanali-Bratica-Ulqin-Ulcinj-224x300.jpg 224w\" sizes=\"(max-width: 508px) 100vw, 508px\" \/><\/a><\/p>\n<p>Kabil Kurti i cili nga nisja e reshjeve intensive \u00ebsht\u00eb gjendur n\u00eb terren n\u00eb zonat e p\u00ebrmbytura, tha p\u00ebr Tv Teuta se n\u00eb p\u00ebrkeq\u00ebsimin e situat\u00ebs kan\u00eb ndikuar nd\u00ebrtimet pa leje, por edhe ato me leje q\u00eb jan\u00eb dh\u00ebn\u00eb jasht\u00eb \u00e7do kriteri e pa plan, t\u00eb cilat kan\u00eb bllokuar kanalin Bratica duke e betonuar dhe zvogluar kullimin dhe rjedhen e ujit.<\/p>\n<p>Kurti tha se n\u00ebse nuk do t\u00eb kemi \u00e7lirim t\u00eb zonave urbane, p\u00ebrbytjet n\u00eb Ulqin do t\u00eb vijojn\u00eb t\u00eb jen\u00eb problem edhe n\u00eb vitet e ardh\u00ebshme.<\/p>\n<p>P\u00ebr m\u00eb shum\u00eb ndiqeni kronik\u00ebn e p\u00ebrgaditur nga korrespondentia e TV Teut\u00ebs.<\/p>\n<!--YouTube Error: bad URL entered-->\n","protected":false},"excerpt":{"rendered":"<p>Duhet cekur q\u00eb p\u00ebrmbytjet kan\u00eb shkaktuar d\u00ebme t\u00eb m\u00ebdha n\u00eb Ulqin. Mbushja e kanalizimeve dhe dalja e p\u00ebrrenj\u00ebve nga shtrati ka v\u00ebn\u00eb n\u00eb rrezik jet\u00ebn e shum\u00eb personave, nd\u00ebrkoh\u00eb q\u00eb d\u00ebmet materiale jan\u00eb shum\u00eb t\u00eb m\u00ebdha, si n\u00eb bujq\u00ebsi ashtu edhe n\u00eb sht\u00ebpit\u00eb\u00a0 e shum\u00eb lagjave n\u00eb komun\u00ebn e Ulqinit. D\u00ebme jan\u00eb shkaktuar n\u00eb zon\u00ebn [&hellip;]<\/p>\n","protected":false},"author":1,"featured_media":0,"comment_status":"closed","ping_status":"closed","sticky":false,"template":"","format":"standard","meta":{"spay_email":"","jetpack_publicize_message":"","jetpack_is_tweetstorm":false,"jetpack_publicize_feature_enabled":true},"categories":[13],"tags":[],"jetpack_publicize_connections":[],"yoast_head":"<!-- This site is optimized with the Yoast SEO plugin v19.1 - https:\/\/yoast.com\/wordpress\/plugins\/seo\/ -->\n<title>Kabil Kurti: Ja pse ndodhin p\u00ebrmbytjet n\u00eb Ulqin - Video - Lajme nga Ulqini<\/title>\n<meta name=\"description\" content=\"Duhet cekur q\u00eb p\u00ebrmbytjet kan\u00eb shkaktuar d\u00ebme t\u00eb m\u00ebdha n\u00eb Ulqin. Mbushja e kanalizimeve dhe dalja e p\u00ebrrenj\u00ebve nga shtrati ka v\u00ebn\u00eb n\u00eb rrezik jet\u00ebn e shum\u00eb\" \/>\n<meta name=\"robots\" content=\"index, follow, max-snippet:-1, max-image-preview:large, max-video-preview:-1\" \/>\n<link rel=\"canonical\" href=\"https:\/\/www.visit-ulcinj.com\/blog\/2015\/03\/26\/kabil-kurti-ja-pse-ndodhin-permbytjet-ne-ulqin-video\/\" \/>\n<meta property=\"og:locale\" content=\"en_US\" \/>\n<meta property=\"og:type\" content=\"article\" \/>\n<meta property=\"og:title\" content=\"Kabil Kurti: Ja pse ndodhin p\u00ebrmbytjet n\u00eb Ulqin - Video - Lajme nga Ulqini\" \/>\n<meta property=\"og:description\" content=\"Duhet cekur q\u00eb p\u00ebrmbytjet kan\u00eb shkaktuar d\u00ebme t\u00eb m\u00ebdha n\u00eb Ulqin. Mbushja e kanalizimeve dhe dalja e p\u00ebrrenj\u00ebve nga shtrati ka v\u00ebn\u00eb n\u00eb rrezik jet\u00ebn e shum\u00eb\" \/>\n<meta property=\"og:url\" content=\"https:\/\/www.visit-ulcinj.com\/blog\/2015\/03\/26\/kabil-kurti-ja-pse-ndodhin-permbytjet-ne-ulqin-video\/\" \/>\n<meta property=\"og:site_name\" content=\"Lajme nga Ulqini\" \/>\n<meta property=\"article:published_time\" content=\"2015-03-26T15:08:47+00:00\" \/>\n<meta property=\"article:modified_time\" content=\"2015-03-26T15:15:32+00:00\" \/>\n<meta property=\"og:image\" content=\"http:\/\/www.visit-ulcinj.com\/blog\/wp-content\/uploads\/2013\/11\/Kabil-Kurti-NewYork-plani.jpg\" \/>\n<meta name=\"twitter:label1\" content=\"Written by\" \/>\n\t<meta name=\"twitter:data1\" content=\"ulqini\" \/>\n\t<meta name=\"twitter:label2\" content=\"Est. reading time\" \/>\n\t<meta name=\"twitter:data2\" content=\"1 minute\" \/>\n<script type=\"application\/ld+json\" class=\"yoast-schema-graph\">{\"@context\":\"https:\/\/schema.org\",\"@graph\":[{\"@type\":\"WebSite\",\"@id\":\"https:\/\/www.visit-ulcinj.com\/blog\/#website\",\"url\":\"https:\/\/www.visit-ulcinj.com\/blog\/\",\"name\":\"Lajme nga Ulqini\",\"description\":\"Lajme,Vijesti,Ulqini,Ulqin,Crna Gora,Mali i Zi\",\"potentialAction\":[{\"@type\":\"SearchAction\",\"target\":{\"@type\":\"EntryPoint\",\"urlTemplate\":\"https:\/\/www.visit-ulcinj.com\/blog\/?s={search_term_string}\"},\"query-input\":\"required name=search_term_string\"}],\"inLanguage\":\"en-US\"},{\"@type\":\"ImageObject\",\"inLanguage\":\"en-US\",\"@id\":\"https:\/\/www.visit-ulcinj.com\/blog\/2015\/03\/26\/kabil-kurti-ja-pse-ndodhin-permbytjet-ne-ulqin-video\/#primaryimage\",\"url\":\"https:\/\/www.visit-ulcinj.com\/blog\/wp-content\/uploads\/2013\/11\/Kabil-Kurti-NewYork-plani.jpg\",\"contentUrl\":\"https:\/\/www.visit-ulcinj.com\/blog\/wp-content\/uploads\/2013\/11\/Kabil-Kurti-NewYork-plani.jpg\",\"width\":640,\"height\":426},{\"@type\":\"WebPage\",\"@id\":\"https:\/\/www.visit-ulcinj.com\/blog\/2015\/03\/26\/kabil-kurti-ja-pse-ndodhin-permbytjet-ne-ulqin-video\/#webpage\",\"url\":\"https:\/\/www.visit-ulcinj.com\/blog\/2015\/03\/26\/kabil-kurti-ja-pse-ndodhin-permbytjet-ne-ulqin-video\/\",\"name\":\"Kabil Kurti: Ja pse ndodhin p\u00ebrmbytjet n\u00eb Ulqin - Video - Lajme nga Ulqini\",\"isPartOf\":{\"@id\":\"https:\/\/www.visit-ulcinj.com\/blog\/#website\"},\"primaryImageOfPage\":{\"@id\":\"https:\/\/www.visit-ulcinj.com\/blog\/2015\/03\/26\/kabil-kurti-ja-pse-ndodhin-permbytjet-ne-ulqin-video\/#primaryimage\"},\"datePublished\":\"2015-03-26T15:08:47+00:00\",\"dateModified\":\"2015-03-26T15:15:32+00:00\",\"author\":{\"@id\":\"https:\/\/www.visit-ulcinj.com\/blog\/#\/schema\/person\/dcab619c614d3038751c63bc2aadc06d\"},\"description\":\"Duhet cekur q\u00eb p\u00ebrmbytjet kan\u00eb shkaktuar d\u00ebme t\u00eb m\u00ebdha n\u00eb Ulqin. Mbushja e kanalizimeve dhe dalja e p\u00ebrrenj\u00ebve nga shtrati ka v\u00ebn\u00eb n\u00eb rrezik jet\u00ebn e shum\u00eb\",\"breadcrumb\":{\"@id\":\"https:\/\/www.visit-ulcinj.com\/blog\/2015\/03\/26\/kabil-kurti-ja-pse-ndodhin-permbytjet-ne-ulqin-video\/#breadcrumb\"},\"inLanguage\":\"en-US\",\"potentialAction\":[{\"@type\":\"ReadAction\",\"target\":[\"https:\/\/www.visit-ulcinj.com\/blog\/2015\/03\/26\/kabil-kurti-ja-pse-ndodhin-permbytjet-ne-ulqin-video\/\"]}]},{\"@type\":\"BreadcrumbList\",\"@id\":\"https:\/\/www.visit-ulcinj.com\/blog\/2015\/03\/26\/kabil-kurti-ja-pse-ndodhin-permbytjet-ne-ulqin-video\/#breadcrumb\",\"itemListElement\":[{\"@type\":\"ListItem\",\"position\":1,\"name\":\"Kabil Kurti: Ja pse ndodhin p\u00ebrmbytjet n\u00eb Ulqin &#8211; Video\"}]},{\"@type\":\"Person\",\"@id\":\"https:\/\/www.visit-ulcinj.com\/blog\/#\/schema\/person\/dcab619c614d3038751c63bc2aadc06d\",\"name\":\"ulqini\",\"sameAs\":[\"http:\/\/www.visit-ulcinj.com\"],\"url\":\"https:\/\/www.visit-ulcinj.com\/blog\/author\/admin\/\"}]}<\/script>\n<!-- \/ Yoast SEO plugin. -->","yoast_head_json":{"title":"Kabil Kurti: Ja pse ndodhin p\u00ebrmbytjet n\u00eb Ulqin - Video - Lajme nga Ulqini","description":"Duhet cekur q\u00eb p\u00ebrmbytjet kan\u00eb shkaktuar d\u00ebme t\u00eb m\u00ebdha n\u00eb Ulqin. Mbushja e kanalizimeve dhe dalja e p\u00ebrrenj\u00ebve nga shtrati ka v\u00ebn\u00eb n\u00eb rrezik jet\u00ebn e shum\u00eb","robots":{"index":"index","follow":"follow","max-snippet":"max-snippet:-1","max-image-preview":"max-image-preview:large","max-video-preview":"max-video-preview:-1"},"canonical":"https:\/\/www.visit-ulcinj.com\/blog\/2015\/03\/26\/kabil-kurti-ja-pse-ndodhin-permbytjet-ne-ulqin-video\/","og_locale":"en_US","og_type":"article","og_title":"Kabil Kurti: Ja pse ndodhin p\u00ebrmbytjet n\u00eb Ulqin - Video - Lajme nga Ulqini","og_description":"Duhet cekur q\u00eb p\u00ebrmbytjet kan\u00eb shkaktuar d\u00ebme t\u00eb m\u00ebdha n\u00eb Ulqin. Mbushja e kanalizimeve dhe dalja e p\u00ebrrenj\u00ebve nga shtrati ka v\u00ebn\u00eb n\u00eb rrezik jet\u00ebn e shum\u00eb","og_url":"https:\/\/www.visit-ulcinj.com\/blog\/2015\/03\/26\/kabil-kurti-ja-pse-ndodhin-permbytjet-ne-ulqin-video\/","og_site_name":"Lajme nga Ulqini","article_published_time":"2015-03-26T15:08:47+00:00","article_modified_time":"2015-03-26T15:15:32+00:00","og_image":[{"url":"http:\/\/www.visit-ulcinj.com\/blog\/wp-content\/uploads\/2013\/11\/Kabil-Kurti-NewYork-plani.jpg"}],"twitter_misc":{"Written by":"ulqini","Est. reading time":"1 minute"},"schema":{"@context":"https:\/\/schema.org","@graph":[{"@type":"WebSite","@id":"https:\/\/www.visit-ulcinj.com\/blog\/#website","url":"https:\/\/www.visit-ulcinj.com\/blog\/","name":"Lajme nga Ulqini","description":"Lajme,Vijesti,Ulqini,Ulqin,Crna Gora,Mali i Zi","potentialAction":[{"@type":"SearchAction","target":{"@type":"EntryPoint","urlTemplate":"https:\/\/www.visit-ulcinj.com\/blog\/?s={search_term_string}"},"query-input":"required name=search_term_string"}],"inLanguage":"en-US"},{"@type":"ImageObject","inLanguage":"en-US","@id":"https:\/\/www.visit-ulcinj.com\/blog\/2015\/03\/26\/kabil-kurti-ja-pse-ndodhin-permbytjet-ne-ulqin-video\/#primaryimage","url":"https:\/\/www.visit-ulcinj.com\/blog\/wp-content\/uploads\/2013\/11\/Kabil-Kurti-NewYork-plani.jpg","contentUrl":"https:\/\/www.visit-ulcinj.com\/blog\/wp-content\/uploads\/2013\/11\/Kabil-Kurti-NewYork-plani.jpg","width":640,"height":426},{"@type":"WebPage","@id":"https:\/\/www.visit-ulcinj.com\/blog\/2015\/03\/26\/kabil-kurti-ja-pse-ndodhin-permbytjet-ne-ulqin-video\/#webpage","url":"https:\/\/www.visit-ulcinj.com\/blog\/2015\/03\/26\/kabil-kurti-ja-pse-ndodhin-permbytjet-ne-ulqin-video\/","name":"Kabil Kurti: Ja pse ndodhin p\u00ebrmbytjet n\u00eb Ulqin - Video - Lajme nga Ulqini","isPartOf":{"@id":"https:\/\/www.visit-ulcinj.com\/blog\/#website"},"primaryImageOfPage":{"@id":"https:\/\/www.visit-ulcinj.com\/blog\/2015\/03\/26\/kabil-kurti-ja-pse-ndodhin-permbytjet-ne-ulqin-video\/#primaryimage"},"datePublished":"2015-03-26T15:08:47+00:00","dateModified":"2015-03-26T15:15:32+00:00","author":{"@id":"https:\/\/www.visit-ulcinj.com\/blog\/#\/schema\/person\/dcab619c614d3038751c63bc2aadc06d"},"description":"Duhet cekur q\u00eb p\u00ebrmbytjet kan\u00eb shkaktuar d\u00ebme t\u00eb m\u00ebdha n\u00eb Ulqin. Mbushja e kanalizimeve dhe dalja e p\u00ebrrenj\u00ebve nga shtrati ka v\u00ebn\u00eb n\u00eb rrezik jet\u00ebn e shum\u00eb","breadcrumb":{"@id":"https:\/\/www.visit-ulcinj.com\/blog\/2015\/03\/26\/kabil-kurti-ja-pse-ndodhin-permbytjet-ne-ulqin-video\/#breadcrumb"},"inLanguage":"en-US","potentialAction":[{"@type":"ReadAction","target":["https:\/\/www.visit-ulcinj.com\/blog\/2015\/03\/26\/kabil-kurti-ja-pse-ndodhin-permbytjet-ne-ulqin-video\/"]}]},{"@type":"BreadcrumbList","@id":"https:\/\/www.visit-ulcinj.com\/blog\/2015\/03\/26\/kabil-kurti-ja-pse-ndodhin-permbytjet-ne-ulqin-video\/#breadcrumb","itemListElement":[{"@type":"ListItem","position":1,"name":"Kabil Kurti: Ja pse ndodhin p\u00ebrmbytjet n\u00eb Ulqin &#8211; Video"}]},{"@type":"Person","@id":"https:\/\/www.visit-ulcinj.com\/blog\/#\/schema\/person\/dcab619c614d3038751c63bc2aadc06d","name":"ulqini","sameAs":["http:\/\/www.visit-ulcinj.com"],"url":"https:\/\/www.visit-ulcinj.com\/blog\/author\/admin\/"}]}},"jetpack_featured_media_url":"","jetpack_sharing_enabled":true,"jetpack_shortlink":"https:\/\/wp.me\/pe6lTn-nk6","_links":{"self":[{"href":"https:\/\/www.visit-ulcinj.com\/blog\/wp-json\/wp\/v2\/posts\/89658"}],"collection":[{"href":"https:\/\/www.visit-ulcinj.com\/blog\/wp-json\/wp\/v2\/posts"}],"about":[{"href":"https:\/\/www.visit-ulcinj.com\/blog\/wp-json\/wp\/v2\/types\/post"}],"author":[{"embeddable":true,"href":"https:\/\/www.visit-ulcinj.com\/blog\/wp-json\/wp\/v2\/users\/1"}],"replies":[{"embeddable":true,"href":"https:\/\/www.visit-ulcinj.com\/blog\/wp-json\/wp\/v2\/comments?post=89658"}],"version-history":[{"count":3,"href":"https:\/\/www.visit-ulcinj.com\/blog\/wp-json\/wp\/v2\/posts\/89658\/revisions"}],"predecessor-version":[{"id":89661,"href":"https:\/\/www.visit-ulcinj.com\/blog\/wp-json\/wp\/v2\/posts\/89658\/revisions\/89661"}],"wp:attachment":[{"href":"https:\/\/www.visit-ulcinj.com\/blog\/wp-json\/wp\/v2\/media?parent=89658"}],"wp:term":[{"taxonomy":"category","embeddable":true,"href":"https:\/\/www.visit-ulcinj.com\/blog\/wp-json\/wp\/v2\/categories?post=89658"},{"taxonomy":"post_tag","embeddable":true,"href":"https:\/\/www.visit-ulcinj.com\/blog\/wp-json\/wp\/v2\/tags?post=89658"}],"curies":[{"name":"wp","href":"https:\/\/api.w.org\/{rel}","templated":true}]}}