{"id":89662,"date":"2015-03-26T18:33:06","date_gmt":"2015-03-26T17:33:06","guid":{"rendered":"http:\/\/www.visit-ulcinj.com\/blog\/?p=89662"},"modified":"2016-03-21T21:18:05","modified_gmt":"2016-03-21T20:18:05","slug":"ul%c2%adcinj-or%c2%adga%c2%adni%c2%adzo%c2%adva%c2%adce-2-apri%c2%adla-sa%c2%adjam-ra%c2%adda-2015-u-hotel-mediteran","status":"publish","type":"post","link":"https:\/\/www.visit-ulcinj.com\/blog\/2015\/03\/26\/ul%c2%adcinj-or%c2%adga%c2%adni%c2%adzo%c2%adva%c2%adce-2-apri%c2%adla-sa%c2%adjam-ra%c2%adda-2015-u-hotel-mediteran\/","title":{"rendered":"Ul\u00adcinj or\u00adga\u00adni\u00adzo\u00adva\u00ad\u0107e 2.apri\u00adla \u201eSa\u00adjam ra\u00adda 2015\u201d u Hotel Mediteran"},"content":{"rendered":"<p><strong><a href=\"http:\/\/www.visit-ulcinj.com\/blog\/wp-content\/uploads\/2015\/03\/Sajam-rada-2015-u-Ulcinju-Hotel-Mediteran.jpg\"><img loading=\"lazy\" class=\"alignleft wp-image-89663\" src=\"http:\/\/www.visit-ulcinj.com\/blog\/wp-content\/uploads\/2015\/03\/Sajam-rada-2015-u-Ulcinju-Hotel-Mediteran.jpg\" alt=\"Sajam rada 2015 u Ulcinju-Hotel-Mediteran\" width=\"508\" height=\"325\" srcset=\"https:\/\/www.visit-ulcinj.com\/blog\/wp-content\/uploads\/2015\/03\/Sajam-rada-2015-u-Ulcinju-Hotel-Mediteran.jpg 959w, https:\/\/www.visit-ulcinj.com\/blog\/wp-content\/uploads\/2015\/03\/Sajam-rada-2015-u-Ulcinju-Hotel-Mediteran-300x192.jpg 300w\" sizes=\"(max-width: 508px) 100vw, 508px\" \/><\/a>Sajam rada 2015 u Ulcinju prilika za zaposlenje<\/strong><\/p>\n<p>Ho\u00adtel \u201eMe\u00addi\u00adte\u00adran\u201d, u sa\u00adrad\u00adnji sa lo\u00adkal\u00adnom Tu\u00adri\u00adsti\u010d\u00adkom or\u00adga\u00adni\u00adza\u00adci\u00adjom, Cen\u00adtrom za eko\u00adnom\u00adski raz\u00advoj i Za\u00advo\u00addom za za\u00adpo\u00ad\u0161lja\u00adva\u00adnje \u2013 Bi\u00adro Ul\u00adcinj, or\u00adga\u00adni\u00adzo\u00adva\u00ad\u0107e 2. apri\u00adla u 11 sati, u hotelu \u201cMediteran\u201d u Ulcinju \u201eSa\u00adjam ra\u00adda 2015\u201d. Or\u00adga\u00adni\u00adza\u00adto\u00adri saj\u00adma tvr\u00adde da je pro\u00adje\u00adkat za\u00admi\u00ad\u0161ljen ta\u00adko da se di\u00adrekt\u00adno spo\u00adje ne\u00adza\u00adpo\u00adsle\u00adna li\u00adca i po\u00adslo\u00addav\u00adci, ka\u00adko bi even\u00adtu\u00adal\u00adno pro\u00adna\u00ad\u0161li za\u00adjed\u00adni\u010d\u00adki in\u00adte\u00adres.<\/p>\n<p><a href=\"http:\/\/www.visit-ulcinj.com\/blog\/wp-content\/uploads\/2015\/03\/Panairi-i-dyt\u00eb-i-pun\u00ebs-ne-Ulqin-Hotel-Mediteran-2015.jpg\"><img loading=\"lazy\" class=\"alignleft wp-image-89653\" src=\"http:\/\/www.visit-ulcinj.com\/blog\/wp-content\/uploads\/2015\/03\/Panairi-i-dyt\u00eb-i-pun\u00ebs-ne-Ulqin-Hotel-Mediteran-2015.jpg\" alt=\"Panairi i dyt\u00eb i pun\u00ebs ne Ulqin-Hotel Mediteran-2015\" width=\"508\" height=\"381\" srcset=\"https:\/\/www.visit-ulcinj.com\/blog\/wp-content\/uploads\/2015\/03\/Panairi-i-dyt\u00eb-i-pun\u00ebs-ne-Ulqin-Hotel-Mediteran-2015.jpg 960w, https:\/\/www.visit-ulcinj.com\/blog\/wp-content\/uploads\/2015\/03\/Panairi-i-dyt\u00eb-i-pun\u00ebs-ne-Ulqin-Hotel-Mediteran-2015-300x225.jpg 300w\" sizes=\"(max-width: 508px) 100vw, 508px\" \/><\/a><\/p>\n<p>Poslodavci \u0107e na sajmu tra\u017eiti radnike kako u sezonskom tako i za stalno zaposlenje.<\/p>\n<p>Nezaposlena lica dobi\u0107e priliku da konkuri\u0161u na radna mjesta koja zadovoljavaju njihove radne sposobnosti u vidu kratkog intervjua koji \u0107e kasnije poslodavci razmatrati i odabrati kandidata koji najvi\u0161e odgovara njihovim potrebama.<\/p>\n<p>Tokom trajanja sajma,poslodavci raznih firma interviuisace sve zainteresovane koji zele da se zaposle.Za svakog kandidata vrijeme trajanja interviua bice oko 15 minuta.Kompanije ce napraviti selekciju na listi konkurenata za radne pozicije. I tako ce se izabrati oni koji najbolje odgovaraju dostavljenim pitanjima,oni koji najbolje rezultiraju imace sansu da se zaposle.<\/p>\n<p><a href=\"http:\/\/www.visit-ulcinj.com\/blog\/wp-content\/uploads\/2015\/03\/Panairi-i-dyt\u00eb-i-pun\u00ebs-ne-Ulqin-Hotel-Mediteran-2015-1.jpg\"><img loading=\"lazy\" class=\"alignleft wp-image-89654\" src=\"http:\/\/www.visit-ulcinj.com\/blog\/wp-content\/uploads\/2015\/03\/Panairi-i-dyt\u00eb-i-pun\u00ebs-ne-Ulqin-Hotel-Mediteran-2015-1.jpg\" alt=\"Panairi i dyt\u00eb i pun\u00ebs ne Ulqin-Hotel Mediteran-2015-1\" width=\"508\" height=\"381\" srcset=\"https:\/\/www.visit-ulcinj.com\/blog\/wp-content\/uploads\/2015\/03\/Panairi-i-dyt\u00eb-i-pun\u00ebs-ne-Ulqin-Hotel-Mediteran-2015-1.jpg 960w, https:\/\/www.visit-ulcinj.com\/blog\/wp-content\/uploads\/2015\/03\/Panairi-i-dyt\u00eb-i-pun\u00ebs-ne-Ulqin-Hotel-Mediteran-2015-1-300x225.jpg 300w\" sizes=\"(max-width: 508px) 100vw, 508px\" \/><\/a><\/p>\n<p>\u201cPro\u0161logodi\u0161njom posjetom smo bili jako zadovoljni s obzirom da je to nov projekat grada Ulcinja.Ove godine se nadamo, a po najavama kako poslodavaca tako i korisnika, da \u0107e posje\u0107enost biti jo\u0161 ve\u0107a.O\u010dekujemo vas u velikom broju kako bi dali podr\u0161ku jednom jo\u0161 uvijek novom projektu i kako bi ispunili va\u0161a poslovna o\u010dekivanja\u201d, poru\u010dio je direkor hotela \u201cMediteran\u201d Seljatin \u0110eljo\u0161evi\u0107<\/p>\n<p>&nbsp;<\/p>\n<p>Svi zainteresovani neka kontaktiraju na ovu E-mal adresu:<\/p>\n<p>&nbsp;<\/p>\n<p>Podrska: Opstina Ulcinj, BKA, UBA, Zavod za zaposljavanje<\/p>\n<p>Medijski sponzor: TVT Ulcinj<br \/>\nBeleska: Ovo je projekat Hotela Mediteran i nadamo se da cemo imat vasu podrsku!<\/p>\n","protected":false},"excerpt":{"rendered":"<p>Sajam rada 2015 u Ulcinju prilika za zaposlenje Ho\u00adtel \u201eMe\u00addi\u00adte\u00adran\u201d, u sa\u00adrad\u00adnji sa lo\u00adkal\u00adnom Tu\u00adri\u00adsti\u010d\u00adkom or\u00adga\u00adni\u00adza\u00adci\u00adjom, Cen\u00adtrom za eko\u00adnom\u00adski raz\u00advoj i Za\u00advo\u00addom za za\u00adpo\u00ad\u0161lja\u00adva\u00adnje \u2013 Bi\u00adro Ul\u00adcinj, or\u00adga\u00adni\u00adzo\u00adva\u00ad\u0107e 2. apri\u00adla u 11 sati, u hotelu \u201cMediteran\u201d u Ulcinju \u201eSa\u00adjam ra\u00adda 2015\u201d. Or\u00adga\u00adni\u00adza\u00adto\u00adri saj\u00adma tvr\u00adde da je pro\u00adje\u00adkat za\u00admi\u00ad\u0161ljen ta\u00adko da se di\u00adrekt\u00adno spo\u00adje ne\u00adza\u00adpo\u00adsle\u00adna li\u00adca [&hellip;]<\/p>\n","protected":false},"author":1,"featured_media":0,"comment_status":"closed","ping_status":"closed","sticky":false,"template":"","format":"standard","meta":{"spay_email":"","jetpack_publicize_message":"","jetpack_is_tweetstorm":false,"jetpack_publicize_feature_enabled":true},"categories":[8337],"tags":[],"jetpack_publicize_connections":[],"yoast_head":"<!-- This site is optimized with the Yoast SEO plugin v19.1 - https:\/\/yoast.com\/wordpress\/plugins\/seo\/ -->\n<title>Ul\u00adcinj or\u00adga\u00adni\u00adzo\u00adva\u00ad\u0107e 2.apri\u00adla \u201eSa\u00adjam ra\u00adda 2015\u201d u Hotel Mediteran - Lajme nga Ulqini<\/title>\n<meta name=\"description\" content=\"Sajam rada 2015 u Ulcinju prilika za zaposlenje Ho\u00adtel \u201eMe\u00addi\u00adte\u00adran\u201d, u sa\u00adrad\u00adnji sa lo\u00adkal\u00adnom Tu\u00adri\u00adsti\u010d\u00adkom or\u00adga\u00adni\u00adza\u00adci\u00adjom, Cen\u00adtrom za\" \/>\n<meta name=\"robots\" content=\"index, follow, max-snippet:-1, max-image-preview:large, max-video-preview:-1\" \/>\n<link rel=\"canonical\" href=\"https:\/\/www.visit-ulcinj.com\/blog\/2015\/03\/26\/ul\u00adcinj-or\u00adga\u00adni\u00adzo\u00adva\u00adce-2-apri\u00adla-sa\u00adjam-ra\u00adda-2015-u-hotel-mediteran\/\" \/>\n<meta property=\"og:locale\" content=\"en_US\" \/>\n<meta property=\"og:type\" content=\"article\" \/>\n<meta property=\"og:title\" content=\"Ul\u00adcinj or\u00adga\u00adni\u00adzo\u00adva\u00ad\u0107e 2.apri\u00adla \u201eSa\u00adjam ra\u00adda 2015\u201d u Hotel Mediteran - Lajme nga Ulqini\" \/>\n<meta property=\"og:description\" content=\"Sajam rada 2015 u Ulcinju prilika za zaposlenje Ho\u00adtel \u201eMe\u00addi\u00adte\u00adran\u201d, u sa\u00adrad\u00adnji sa lo\u00adkal\u00adnom Tu\u00adri\u00adsti\u010d\u00adkom or\u00adga\u00adni\u00adza\u00adci\u00adjom, Cen\u00adtrom za\" \/>\n<meta property=\"og:url\" content=\"https:\/\/www.visit-ulcinj.com\/blog\/2015\/03\/26\/ul\u00adcinj-or\u00adga\u00adni\u00adzo\u00adva\u00adce-2-apri\u00adla-sa\u00adjam-ra\u00adda-2015-u-hotel-mediteran\/\" \/>\n<meta property=\"og:site_name\" content=\"Lajme nga Ulqini\" \/>\n<meta property=\"article:published_time\" content=\"2015-03-26T17:33:06+00:00\" \/>\n<meta property=\"article:modified_time\" content=\"2016-03-21T20:18:05+00:00\" \/>\n<meta property=\"og:image\" content=\"http:\/\/www.visit-ulcinj.com\/blog\/wp-content\/uploads\/2015\/03\/Sajam-rada-2015-u-Ulcinju-Hotel-Mediteran.jpg\" \/>\n<meta name=\"twitter:label1\" content=\"Written by\" \/>\n\t<meta name=\"twitter:data1\" content=\"ulqini\" \/>\n\t<meta name=\"twitter:label2\" content=\"Est. reading time\" \/>\n\t<meta name=\"twitter:data2\" content=\"2 minutes\" \/>\n<script type=\"application\/ld+json\" class=\"yoast-schema-graph\">{\"@context\":\"https:\/\/schema.org\",\"@graph\":[{\"@type\":\"WebSite\",\"@id\":\"https:\/\/www.visit-ulcinj.com\/blog\/#website\",\"url\":\"https:\/\/www.visit-ulcinj.com\/blog\/\",\"name\":\"Lajme nga Ulqini\",\"description\":\"Lajme,Vijesti,Ulqini,Ulqin,Crna Gora,Mali i Zi\",\"potentialAction\":[{\"@type\":\"SearchAction\",\"target\":{\"@type\":\"EntryPoint\",\"urlTemplate\":\"https:\/\/www.visit-ulcinj.com\/blog\/?s={search_term_string}\"},\"query-input\":\"required name=search_term_string\"}],\"inLanguage\":\"en-US\"},{\"@type\":\"ImageObject\",\"inLanguage\":\"en-US\",\"@id\":\"https:\/\/www.visit-ulcinj.com\/blog\/2015\/03\/26\/ul%c2%adcinj-or%c2%adga%c2%adni%c2%adzo%c2%adva%c2%adce-2-apri%c2%adla-sa%c2%adjam-ra%c2%adda-2015-u-hotel-mediteran\/#primaryimage\",\"url\":\"https:\/\/www.visit-ulcinj.com\/blog\/wp-content\/uploads\/2015\/03\/Sajam-rada-2015-u-Ulcinju-Hotel-Mediteran.jpg\",\"contentUrl\":\"https:\/\/www.visit-ulcinj.com\/blog\/wp-content\/uploads\/2015\/03\/Sajam-rada-2015-u-Ulcinju-Hotel-Mediteran.jpg\",\"width\":959,\"height\":613},{\"@type\":\"WebPage\",\"@id\":\"https:\/\/www.visit-ulcinj.com\/blog\/2015\/03\/26\/ul%c2%adcinj-or%c2%adga%c2%adni%c2%adzo%c2%adva%c2%adce-2-apri%c2%adla-sa%c2%adjam-ra%c2%adda-2015-u-hotel-mediteran\/#webpage\",\"url\":\"https:\/\/www.visit-ulcinj.com\/blog\/2015\/03\/26\/ul%c2%adcinj-or%c2%adga%c2%adni%c2%adzo%c2%adva%c2%adce-2-apri%c2%adla-sa%c2%adjam-ra%c2%adda-2015-u-hotel-mediteran\/\",\"name\":\"Ul\u00adcinj or\u00adga\u00adni\u00adzo\u00adva\u00ad\u0107e 2.apri\u00adla \u201eSa\u00adjam ra\u00adda 2015\u201d u Hotel Mediteran - Lajme nga Ulqini\",\"isPartOf\":{\"@id\":\"https:\/\/www.visit-ulcinj.com\/blog\/#website\"},\"primaryImageOfPage\":{\"@id\":\"https:\/\/www.visit-ulcinj.com\/blog\/2015\/03\/26\/ul%c2%adcinj-or%c2%adga%c2%adni%c2%adzo%c2%adva%c2%adce-2-apri%c2%adla-sa%c2%adjam-ra%c2%adda-2015-u-hotel-mediteran\/#primaryimage\"},\"datePublished\":\"2015-03-26T17:33:06+00:00\",\"dateModified\":\"2016-03-21T20:18:05+00:00\",\"author\":{\"@id\":\"https:\/\/www.visit-ulcinj.com\/blog\/#\/schema\/person\/dcab619c614d3038751c63bc2aadc06d\"},\"description\":\"Sajam rada 2015 u Ulcinju prilika za zaposlenje Ho\u00adtel \u201eMe\u00addi\u00adte\u00adran\u201d, u sa\u00adrad\u00adnji sa lo\u00adkal\u00adnom Tu\u00adri\u00adsti\u010d\u00adkom or\u00adga\u00adni\u00adza\u00adci\u00adjom, Cen\u00adtrom za\",\"breadcrumb\":{\"@id\":\"https:\/\/www.visit-ulcinj.com\/blog\/2015\/03\/26\/ul%c2%adcinj-or%c2%adga%c2%adni%c2%adzo%c2%adva%c2%adce-2-apri%c2%adla-sa%c2%adjam-ra%c2%adda-2015-u-hotel-mediteran\/#breadcrumb\"},\"inLanguage\":\"en-US\",\"potentialAction\":[{\"@type\":\"ReadAction\",\"target\":[\"https:\/\/www.visit-ulcinj.com\/blog\/2015\/03\/26\/ul%c2%adcinj-or%c2%adga%c2%adni%c2%adzo%c2%adva%c2%adce-2-apri%c2%adla-sa%c2%adjam-ra%c2%adda-2015-u-hotel-mediteran\/\"]}]},{\"@type\":\"BreadcrumbList\",\"@id\":\"https:\/\/www.visit-ulcinj.com\/blog\/2015\/03\/26\/ul%c2%adcinj-or%c2%adga%c2%adni%c2%adzo%c2%adva%c2%adce-2-apri%c2%adla-sa%c2%adjam-ra%c2%adda-2015-u-hotel-mediteran\/#breadcrumb\",\"itemListElement\":[{\"@type\":\"ListItem\",\"position\":1,\"name\":\"Ul\u00adcinj or\u00adga\u00adni\u00adzo\u00adva\u00ad\u0107e 2.apri\u00adla \u201eSa\u00adjam ra\u00adda 2015\u201d u Hotel Mediteran\"}]},{\"@type\":\"Person\",\"@id\":\"https:\/\/www.visit-ulcinj.com\/blog\/#\/schema\/person\/dcab619c614d3038751c63bc2aadc06d\",\"name\":\"ulqini\",\"sameAs\":[\"http:\/\/www.visit-ulcinj.com\"],\"url\":\"https:\/\/www.visit-ulcinj.com\/blog\/author\/admin\/\"}]}<\/script>\n<!-- \/ Yoast SEO plugin. -->","yoast_head_json":{"title":"Ul\u00adcinj or\u00adga\u00adni\u00adzo\u00adva\u00ad\u0107e 2.apri\u00adla \u201eSa\u00adjam ra\u00adda 2015\u201d u Hotel Mediteran - Lajme nga Ulqini","description":"Sajam rada 2015 u Ulcinju prilika za zaposlenje Ho\u00adtel \u201eMe\u00addi\u00adte\u00adran\u201d, u sa\u00adrad\u00adnji sa lo\u00adkal\u00adnom Tu\u00adri\u00adsti\u010d\u00adkom or\u00adga\u00adni\u00adza\u00adci\u00adjom, Cen\u00adtrom za","robots":{"index":"index","follow":"follow","max-snippet":"max-snippet:-1","max-image-preview":"max-image-preview:large","max-video-preview":"max-video-preview:-1"},"canonical":"https:\/\/www.visit-ulcinj.com\/blog\/2015\/03\/26\/ul\u00adcinj-or\u00adga\u00adni\u00adzo\u00adva\u00adce-2-apri\u00adla-sa\u00adjam-ra\u00adda-2015-u-hotel-mediteran\/","og_locale":"en_US","og_type":"article","og_title":"Ul\u00adcinj or\u00adga\u00adni\u00adzo\u00adva\u00ad\u0107e 2.apri\u00adla \u201eSa\u00adjam ra\u00adda 2015\u201d u Hotel Mediteran - Lajme nga Ulqini","og_description":"Sajam rada 2015 u Ulcinju prilika za zaposlenje Ho\u00adtel \u201eMe\u00addi\u00adte\u00adran\u201d, u sa\u00adrad\u00adnji sa lo\u00adkal\u00adnom Tu\u00adri\u00adsti\u010d\u00adkom or\u00adga\u00adni\u00adza\u00adci\u00adjom, Cen\u00adtrom za","og_url":"https:\/\/www.visit-ulcinj.com\/blog\/2015\/03\/26\/ul\u00adcinj-or\u00adga\u00adni\u00adzo\u00adva\u00adce-2-apri\u00adla-sa\u00adjam-ra\u00adda-2015-u-hotel-mediteran\/","og_site_name":"Lajme nga Ulqini","article_published_time":"2015-03-26T17:33:06+00:00","article_modified_time":"2016-03-21T20:18:05+00:00","og_image":[{"url":"http:\/\/www.visit-ulcinj.com\/blog\/wp-content\/uploads\/2015\/03\/Sajam-rada-2015-u-Ulcinju-Hotel-Mediteran.jpg"}],"twitter_misc":{"Written by":"ulqini","Est. reading time":"2 minutes"},"schema":{"@context":"https:\/\/schema.org","@graph":[{"@type":"WebSite","@id":"https:\/\/www.visit-ulcinj.com\/blog\/#website","url":"https:\/\/www.visit-ulcinj.com\/blog\/","name":"Lajme nga Ulqini","description":"Lajme,Vijesti,Ulqini,Ulqin,Crna Gora,Mali i Zi","potentialAction":[{"@type":"SearchAction","target":{"@type":"EntryPoint","urlTemplate":"https:\/\/www.visit-ulcinj.com\/blog\/?s={search_term_string}"},"query-input":"required name=search_term_string"}],"inLanguage":"en-US"},{"@type":"ImageObject","inLanguage":"en-US","@id":"https:\/\/www.visit-ulcinj.com\/blog\/2015\/03\/26\/ul%c2%adcinj-or%c2%adga%c2%adni%c2%adzo%c2%adva%c2%adce-2-apri%c2%adla-sa%c2%adjam-ra%c2%adda-2015-u-hotel-mediteran\/#primaryimage","url":"https:\/\/www.visit-ulcinj.com\/blog\/wp-content\/uploads\/2015\/03\/Sajam-rada-2015-u-Ulcinju-Hotel-Mediteran.jpg","contentUrl":"https:\/\/www.visit-ulcinj.com\/blog\/wp-content\/uploads\/2015\/03\/Sajam-rada-2015-u-Ulcinju-Hotel-Mediteran.jpg","width":959,"height":613},{"@type":"WebPage","@id":"https:\/\/www.visit-ulcinj.com\/blog\/2015\/03\/26\/ul%c2%adcinj-or%c2%adga%c2%adni%c2%adzo%c2%adva%c2%adce-2-apri%c2%adla-sa%c2%adjam-ra%c2%adda-2015-u-hotel-mediteran\/#webpage","url":"https:\/\/www.visit-ulcinj.com\/blog\/2015\/03\/26\/ul%c2%adcinj-or%c2%adga%c2%adni%c2%adzo%c2%adva%c2%adce-2-apri%c2%adla-sa%c2%adjam-ra%c2%adda-2015-u-hotel-mediteran\/","name":"Ul\u00adcinj or\u00adga\u00adni\u00adzo\u00adva\u00ad\u0107e 2.apri\u00adla \u201eSa\u00adjam ra\u00adda 2015\u201d u Hotel Mediteran - Lajme nga Ulqini","isPartOf":{"@id":"https:\/\/www.visit-ulcinj.com\/blog\/#website"},"primaryImageOfPage":{"@id":"https:\/\/www.visit-ulcinj.com\/blog\/2015\/03\/26\/ul%c2%adcinj-or%c2%adga%c2%adni%c2%adzo%c2%adva%c2%adce-2-apri%c2%adla-sa%c2%adjam-ra%c2%adda-2015-u-hotel-mediteran\/#primaryimage"},"datePublished":"2015-03-26T17:33:06+00:00","dateModified":"2016-03-21T20:18:05+00:00","author":{"@id":"https:\/\/www.visit-ulcinj.com\/blog\/#\/schema\/person\/dcab619c614d3038751c63bc2aadc06d"},"description":"Sajam rada 2015 u Ulcinju prilika za zaposlenje Ho\u00adtel \u201eMe\u00addi\u00adte\u00adran\u201d, u sa\u00adrad\u00adnji sa lo\u00adkal\u00adnom Tu\u00adri\u00adsti\u010d\u00adkom or\u00adga\u00adni\u00adza\u00adci\u00adjom, Cen\u00adtrom za","breadcrumb":{"@id":"https:\/\/www.visit-ulcinj.com\/blog\/2015\/03\/26\/ul%c2%adcinj-or%c2%adga%c2%adni%c2%adzo%c2%adva%c2%adce-2-apri%c2%adla-sa%c2%adjam-ra%c2%adda-2015-u-hotel-mediteran\/#breadcrumb"},"inLanguage":"en-US","potentialAction":[{"@type":"ReadAction","target":["https:\/\/www.visit-ulcinj.com\/blog\/2015\/03\/26\/ul%c2%adcinj-or%c2%adga%c2%adni%c2%adzo%c2%adva%c2%adce-2-apri%c2%adla-sa%c2%adjam-ra%c2%adda-2015-u-hotel-mediteran\/"]}]},{"@type":"BreadcrumbList","@id":"https:\/\/www.visit-ulcinj.com\/blog\/2015\/03\/26\/ul%c2%adcinj-or%c2%adga%c2%adni%c2%adzo%c2%adva%c2%adce-2-apri%c2%adla-sa%c2%adjam-ra%c2%adda-2015-u-hotel-mediteran\/#breadcrumb","itemListElement":[{"@type":"ListItem","position":1,"name":"Ul\u00adcinj or\u00adga\u00adni\u00adzo\u00adva\u00ad\u0107e 2.apri\u00adla \u201eSa\u00adjam ra\u00adda 2015\u201d u Hotel Mediteran"}]},{"@type":"Person","@id":"https:\/\/www.visit-ulcinj.com\/blog\/#\/schema\/person\/dcab619c614d3038751c63bc2aadc06d","name":"ulqini","sameAs":["http:\/\/www.visit-ulcinj.com"],"url":"https:\/\/www.visit-ulcinj.com\/blog\/author\/admin\/"}]}},"jetpack_featured_media_url":"","jetpack_sharing_enabled":true,"jetpack_shortlink":"https:\/\/wp.me\/pe6lTn-nka","_links":{"self":[{"href":"https:\/\/www.visit-ulcinj.com\/blog\/wp-json\/wp\/v2\/posts\/89662"}],"collection":[{"href":"https:\/\/www.visit-ulcinj.com\/blog\/wp-json\/wp\/v2\/posts"}],"about":[{"href":"https:\/\/www.visit-ulcinj.com\/blog\/wp-json\/wp\/v2\/types\/post"}],"author":[{"embeddable":true,"href":"https:\/\/www.visit-ulcinj.com\/blog\/wp-json\/wp\/v2\/users\/1"}],"replies":[{"embeddable":true,"href":"https:\/\/www.visit-ulcinj.com\/blog\/wp-json\/wp\/v2\/comments?post=89662"}],"version-history":[{"count":3,"href":"https:\/\/www.visit-ulcinj.com\/blog\/wp-json\/wp\/v2\/posts\/89662\/revisions"}],"predecessor-version":[{"id":95375,"href":"https:\/\/www.visit-ulcinj.com\/blog\/wp-json\/wp\/v2\/posts\/89662\/revisions\/95375"}],"wp:attachment":[{"href":"https:\/\/www.visit-ulcinj.com\/blog\/wp-json\/wp\/v2\/media?parent=89662"}],"wp:term":[{"taxonomy":"category","embeddable":true,"href":"https:\/\/www.visit-ulcinj.com\/blog\/wp-json\/wp\/v2\/categories?post=89662"},{"taxonomy":"post_tag","embeddable":true,"href":"https:\/\/www.visit-ulcinj.com\/blog\/wp-json\/wp\/v2\/tags?post=89662"}],"curies":[{"name":"wp","href":"https:\/\/api.w.org\/{rel}","templated":true}]}}