{"id":89666,"date":"2015-03-26T18:47:20","date_gmt":"2015-03-26T17:47:20","guid":{"rendered":"http:\/\/www.visit-ulcinj.com\/blog\/?p=89666"},"modified":"2015-03-26T18:47:20","modified_gmt":"2015-03-26T17:47:20","slug":"snp-ulcinj-haos-koalicija-za-propast-ulcinja-paralisala-grad","status":"publish","type":"post","link":"https:\/\/www.visit-ulcinj.com\/blog\/2015\/03\/26\/snp-ulcinj-haos-koalicija-za-propast-ulcinja-paralisala-grad\/","title":{"rendered":"SNP Ulcinj: \u201dHaos koalicija za propast Ulcinja\u201d paralisala grad"},"content":{"rendered":"<p>Ulcinj ve\u0107 du\u017ee od godinu ima vlast, najgoru u istoriji Ulcinja, koju nije zaslu\u017eio. Unutarkoaliciona trvenja, gotovo da su paralisala na\u0161 grad. \u201dHaos koalicija za propast Ulcinja\u201d, kako smo je odavno nazvali, se bavila isklju\u010divo sama sobom, zauzimanjem funkcionerskih fotelja i podmirivanjem li\u010dnih interesa, navodi se u saop\u0161tenju Op\u0161tinskog odbora Socijalisti\u010dke narodne partije SNP Ulcinj.<\/p>\n<p><a href=\"http:\/\/www.visit-ulcinj.com\/blog\/wp-content\/uploads\/2014\/03\/snp_1.jpg\"><img loading=\"lazy\" class=\"alignleft wp-image-81123\" src=\"http:\/\/www.visit-ulcinj.com\/blog\/wp-content\/uploads\/2014\/03\/snp_1.jpg\" alt=\"snp_1\" width=\"508\" height=\"340\" srcset=\"https:\/\/www.visit-ulcinj.com\/blog\/wp-content\/uploads\/2014\/03\/snp_1.jpg 573w, https:\/\/www.visit-ulcinj.com\/blog\/wp-content\/uploads\/2014\/03\/snp_1-300x201.jpg 300w\" sizes=\"(max-width: 508px) 100vw, 508px\" \/><\/a><\/p>\n<div class=\"body-text\">\n<p>Kako navode, ta koalicija je postavljala i smjenjivala jedna druge, a poslije lo\u0161ih, dolazila su, po pravilu, jo\u0161 gora kadrovska rje\u0161enja.<\/p>\n<p>&#8220;Jasno je i da gradska vlast nema nikakvu viziju ni plan za Ulcinj. Za vi\u0161e od godinu dana kako su na vlasti, a neki su u kontinuitetu ve\u0107 du\u017ee vrijeme, nema ni jedne nove ideje ili projekta. Niko se iz gradske vlasti nije bavio najva\u017enijim temama \u2013 privla\u010denjem investitora i otvaranjem novih radnih mjesta. Nedostatak sredstava planiraju da nadoknade sumnjivim tenderima. To im je ve\u0107 postala praksa a dokazali su je projektom Akvapark. Poslednji tender koji su ovih dana namjerili da objave je za zemlji\u0161te na Maloj Pla\u017ei, sa ve\u0107 dogovorenim kupcem. U \u00a0pitanju je, o\u010dito, uzaludni poku\u0161aj da se donekle finansijski konsoliduju jer su, u me\u0111uvremenu, saznali da na djelove te parcele pola\u017ee pravo \u201cOtrantcomerc\u201d, koji je ve\u0107 stavio sudsku \u00a0zabranu raspolaganja do okon\u010danja sudskog spora&#8221;, navodi se u saop\u0161tenju SNP-a. Kako dodaju, svaki tender do sada im je bio neuspje\u0161an ili zakonski problemati\u010dan.<\/p>\n<p>&#8220;Ovo bi, naro\u010dito \u00a0trebalo da zainteresuje antikorupcijske organe, posebno tender kojim su pro\u0161le godine kupili dva polovna Renaulta \u201cMegana\u201d za potrebe op\u0161tinskih slu\u017ebi, \u010dija je nabavna cijena bila pribli\u017ena cijeni novih vozila te kategorije&#8221;, smatraju u SNP-u.<\/p>\n<p>Tvrde da se pokazalo da je jedini investitor kojeg oni mogu da dovedu, zakupac pla\u017ee Akvarijus, koji je ovih dana betonirao na stotine kvadrata priobalnog pojasa u Borovoj \u0161umi, \u0161to je najstro\u017ee zabranjeno Zakonom o ekolo\u0161koj dr\u017eavi Crnoj Gori.<\/p>\n<p>&#8220;Taj pojas je i pored toga \u0161to su svi ulcinjski resursi sna\u017eno napadnuti od strane divljih graditelja, do sada bio sa\u010duvan. Niko nije imao hrabrosti, do ova gospoda koju je osokolila bliska, prijateljska veza sa dijelom vlasti u Ulcinju, Koalicija na vlasti stalno govori da Op\u0161tina nema novca, \u0161to je, u stvari, \u00a0izgovor za nedostatak ideja i nerad. Umjesto da priznaju svoj nemar, neznanje, neefikasnost i nezainteresovanost da urade bilo \u0161ta dobro za grad, gradski politi\u010dki mo\u0107nici za svoje nikakve rezultate bahato napadaju one koji im ukazuju na njihove propuste i lo\u0161e rezultate&#8221;, navode iz SNP-a.<\/p>\n<p>SNP smatra da gra\u0111ani Ulcinja imaju pravo da znaju, da trenutna vlast ne radi u njihovom interesu i da \u0107e neefikasnost ove vlasti imati ne samo trenutni, ve\u0107 i dugoro\u010dni, lo\u0161 efekat na situaciju u gradu.<\/p>\n<p>Kako zakljuluju, ne smije se dozvoliti da Ulcinj bude predmet interesa pojedinaca i tajkuna.<\/p>\n<\/div>\n","protected":false},"excerpt":{"rendered":"<p>Ulcinj ve\u0107 du\u017ee od godinu ima vlast, najgoru u istoriji Ulcinja, koju nije zaslu\u017eio. Unutarkoaliciona trvenja, gotovo da su paralisala na\u0161 grad. \u201dHaos koalicija za propast Ulcinja\u201d, kako smo je odavno nazvali, se bavila isklju\u010divo sama sobom, zauzimanjem funkcionerskih fotelja i podmirivanjem li\u010dnih interesa, navodi se u saop\u0161tenju Op\u0161tinskog odbora Socijalisti\u010dke narodne partije SNP Ulcinj. [&hellip;]<\/p>\n","protected":false},"author":1,"featured_media":0,"comment_status":"closed","ping_status":"closed","sticky":false,"template":"","format":"standard","meta":{"spay_email":"","jetpack_publicize_message":"","jetpack_is_tweetstorm":false,"jetpack_publicize_feature_enabled":true},"categories":[6950],"tags":[],"jetpack_publicize_connections":[],"yoast_head":"<!-- This site is optimized with the Yoast SEO plugin v19.1 - https:\/\/yoast.com\/wordpress\/plugins\/seo\/ -->\n<title>SNP Ulcinj: \u201dHaos koalicija za propast Ulcinja\u201d paralisala grad - Lajme nga Ulqini<\/title>\n<meta name=\"description\" content=\"Ulcinj ve\u0107 du\u017ee od godinu ima vlast, najgoru u istoriji Ulcinja, koju nije zaslu\u017eio. Unutarkoaliciona trvenja, gotovo da su paralisala na\u0161 grad. \u201dHaos\" \/>\n<meta name=\"robots\" content=\"index, follow, max-snippet:-1, max-image-preview:large, max-video-preview:-1\" \/>\n<link rel=\"canonical\" href=\"https:\/\/www.visit-ulcinj.com\/blog\/2015\/03\/26\/snp-ulcinj-haos-koalicija-za-propast-ulcinja-paralisala-grad\/\" \/>\n<meta property=\"og:locale\" content=\"en_US\" \/>\n<meta property=\"og:type\" content=\"article\" \/>\n<meta property=\"og:title\" content=\"SNP Ulcinj: \u201dHaos koalicija za propast Ulcinja\u201d paralisala grad - Lajme nga Ulqini\" \/>\n<meta property=\"og:description\" content=\"Ulcinj ve\u0107 du\u017ee od godinu ima vlast, najgoru u istoriji Ulcinja, koju nije zaslu\u017eio. Unutarkoaliciona trvenja, gotovo da su paralisala na\u0161 grad. \u201dHaos\" \/>\n<meta property=\"og:url\" content=\"https:\/\/www.visit-ulcinj.com\/blog\/2015\/03\/26\/snp-ulcinj-haos-koalicija-za-propast-ulcinja-paralisala-grad\/\" \/>\n<meta property=\"og:site_name\" content=\"Lajme nga Ulqini\" \/>\n<meta property=\"article:published_time\" content=\"2015-03-26T17:47:20+00:00\" \/>\n<meta property=\"og:image\" content=\"http:\/\/www.visit-ulcinj.com\/blog\/wp-content\/uploads\/2014\/03\/snp_1.jpg\" \/>\n<meta name=\"twitter:label1\" content=\"Written by\" \/>\n\t<meta name=\"twitter:data1\" content=\"ulqini\" \/>\n\t<meta name=\"twitter:label2\" content=\"Est. reading time\" \/>\n\t<meta name=\"twitter:data2\" content=\"2 minutes\" \/>\n<script type=\"application\/ld+json\" class=\"yoast-schema-graph\">{\"@context\":\"https:\/\/schema.org\",\"@graph\":[{\"@type\":\"WebSite\",\"@id\":\"https:\/\/www.visit-ulcinj.com\/blog\/#website\",\"url\":\"https:\/\/www.visit-ulcinj.com\/blog\/\",\"name\":\"Lajme nga Ulqini\",\"description\":\"Lajme,Vijesti,Ulqini,Ulqin,Crna Gora,Mali i Zi\",\"potentialAction\":[{\"@type\":\"SearchAction\",\"target\":{\"@type\":\"EntryPoint\",\"urlTemplate\":\"https:\/\/www.visit-ulcinj.com\/blog\/?s={search_term_string}\"},\"query-input\":\"required name=search_term_string\"}],\"inLanguage\":\"en-US\"},{\"@type\":\"ImageObject\",\"inLanguage\":\"en-US\",\"@id\":\"https:\/\/www.visit-ulcinj.com\/blog\/2015\/03\/26\/snp-ulcinj-haos-koalicija-za-propast-ulcinja-paralisala-grad\/#primaryimage\",\"url\":\"https:\/\/www.visit-ulcinj.com\/blog\/wp-content\/uploads\/2014\/03\/snp_1.jpg\",\"contentUrl\":\"https:\/\/www.visit-ulcinj.com\/blog\/wp-content\/uploads\/2014\/03\/snp_1.jpg\",\"width\":573,\"height\":384},{\"@type\":\"WebPage\",\"@id\":\"https:\/\/www.visit-ulcinj.com\/blog\/2015\/03\/26\/snp-ulcinj-haos-koalicija-za-propast-ulcinja-paralisala-grad\/#webpage\",\"url\":\"https:\/\/www.visit-ulcinj.com\/blog\/2015\/03\/26\/snp-ulcinj-haos-koalicija-za-propast-ulcinja-paralisala-grad\/\",\"name\":\"SNP Ulcinj: \u201dHaos koalicija za propast Ulcinja\u201d paralisala grad - Lajme nga Ulqini\",\"isPartOf\":{\"@id\":\"https:\/\/www.visit-ulcinj.com\/blog\/#website\"},\"primaryImageOfPage\":{\"@id\":\"https:\/\/www.visit-ulcinj.com\/blog\/2015\/03\/26\/snp-ulcinj-haos-koalicija-za-propast-ulcinja-paralisala-grad\/#primaryimage\"},\"datePublished\":\"2015-03-26T17:47:20+00:00\",\"dateModified\":\"2015-03-26T17:47:20+00:00\",\"author\":{\"@id\":\"https:\/\/www.visit-ulcinj.com\/blog\/#\/schema\/person\/dcab619c614d3038751c63bc2aadc06d\"},\"description\":\"Ulcinj ve\u0107 du\u017ee od godinu ima vlast, najgoru u istoriji Ulcinja, koju nije zaslu\u017eio. Unutarkoaliciona trvenja, gotovo da su paralisala na\u0161 grad. \u201dHaos\",\"breadcrumb\":{\"@id\":\"https:\/\/www.visit-ulcinj.com\/blog\/2015\/03\/26\/snp-ulcinj-haos-koalicija-za-propast-ulcinja-paralisala-grad\/#breadcrumb\"},\"inLanguage\":\"en-US\",\"potentialAction\":[{\"@type\":\"ReadAction\",\"target\":[\"https:\/\/www.visit-ulcinj.com\/blog\/2015\/03\/26\/snp-ulcinj-haos-koalicija-za-propast-ulcinja-paralisala-grad\/\"]}]},{\"@type\":\"BreadcrumbList\",\"@id\":\"https:\/\/www.visit-ulcinj.com\/blog\/2015\/03\/26\/snp-ulcinj-haos-koalicija-za-propast-ulcinja-paralisala-grad\/#breadcrumb\",\"itemListElement\":[{\"@type\":\"ListItem\",\"position\":1,\"name\":\"SNP Ulcinj: \u201dHaos koalicija za propast Ulcinja\u201d paralisala grad\"}]},{\"@type\":\"Person\",\"@id\":\"https:\/\/www.visit-ulcinj.com\/blog\/#\/schema\/person\/dcab619c614d3038751c63bc2aadc06d\",\"name\":\"ulqini\",\"sameAs\":[\"http:\/\/www.visit-ulcinj.com\"],\"url\":\"https:\/\/www.visit-ulcinj.com\/blog\/author\/admin\/\"}]}<\/script>\n<!-- \/ Yoast SEO plugin. -->","yoast_head_json":{"title":"SNP Ulcinj: \u201dHaos koalicija za propast Ulcinja\u201d paralisala grad - Lajme nga Ulqini","description":"Ulcinj ve\u0107 du\u017ee od godinu ima vlast, najgoru u istoriji Ulcinja, koju nije zaslu\u017eio. Unutarkoaliciona trvenja, gotovo da su paralisala na\u0161 grad. \u201dHaos","robots":{"index":"index","follow":"follow","max-snippet":"max-snippet:-1","max-image-preview":"max-image-preview:large","max-video-preview":"max-video-preview:-1"},"canonical":"https:\/\/www.visit-ulcinj.com\/blog\/2015\/03\/26\/snp-ulcinj-haos-koalicija-za-propast-ulcinja-paralisala-grad\/","og_locale":"en_US","og_type":"article","og_title":"SNP Ulcinj: \u201dHaos koalicija za propast Ulcinja\u201d paralisala grad - Lajme nga Ulqini","og_description":"Ulcinj ve\u0107 du\u017ee od godinu ima vlast, najgoru u istoriji Ulcinja, koju nije zaslu\u017eio. Unutarkoaliciona trvenja, gotovo da su paralisala na\u0161 grad. \u201dHaos","og_url":"https:\/\/www.visit-ulcinj.com\/blog\/2015\/03\/26\/snp-ulcinj-haos-koalicija-za-propast-ulcinja-paralisala-grad\/","og_site_name":"Lajme nga Ulqini","article_published_time":"2015-03-26T17:47:20+00:00","og_image":[{"url":"http:\/\/www.visit-ulcinj.com\/blog\/wp-content\/uploads\/2014\/03\/snp_1.jpg"}],"twitter_misc":{"Written by":"ulqini","Est. reading time":"2 minutes"},"schema":{"@context":"https:\/\/schema.org","@graph":[{"@type":"WebSite","@id":"https:\/\/www.visit-ulcinj.com\/blog\/#website","url":"https:\/\/www.visit-ulcinj.com\/blog\/","name":"Lajme nga Ulqini","description":"Lajme,Vijesti,Ulqini,Ulqin,Crna Gora,Mali i Zi","potentialAction":[{"@type":"SearchAction","target":{"@type":"EntryPoint","urlTemplate":"https:\/\/www.visit-ulcinj.com\/blog\/?s={search_term_string}"},"query-input":"required name=search_term_string"}],"inLanguage":"en-US"},{"@type":"ImageObject","inLanguage":"en-US","@id":"https:\/\/www.visit-ulcinj.com\/blog\/2015\/03\/26\/snp-ulcinj-haos-koalicija-za-propast-ulcinja-paralisala-grad\/#primaryimage","url":"https:\/\/www.visit-ulcinj.com\/blog\/wp-content\/uploads\/2014\/03\/snp_1.jpg","contentUrl":"https:\/\/www.visit-ulcinj.com\/blog\/wp-content\/uploads\/2014\/03\/snp_1.jpg","width":573,"height":384},{"@type":"WebPage","@id":"https:\/\/www.visit-ulcinj.com\/blog\/2015\/03\/26\/snp-ulcinj-haos-koalicija-za-propast-ulcinja-paralisala-grad\/#webpage","url":"https:\/\/www.visit-ulcinj.com\/blog\/2015\/03\/26\/snp-ulcinj-haos-koalicija-za-propast-ulcinja-paralisala-grad\/","name":"SNP Ulcinj: \u201dHaos koalicija za propast Ulcinja\u201d paralisala grad - Lajme nga Ulqini","isPartOf":{"@id":"https:\/\/www.visit-ulcinj.com\/blog\/#website"},"primaryImageOfPage":{"@id":"https:\/\/www.visit-ulcinj.com\/blog\/2015\/03\/26\/snp-ulcinj-haos-koalicija-za-propast-ulcinja-paralisala-grad\/#primaryimage"},"datePublished":"2015-03-26T17:47:20+00:00","dateModified":"2015-03-26T17:47:20+00:00","author":{"@id":"https:\/\/www.visit-ulcinj.com\/blog\/#\/schema\/person\/dcab619c614d3038751c63bc2aadc06d"},"description":"Ulcinj ve\u0107 du\u017ee od godinu ima vlast, najgoru u istoriji Ulcinja, koju nije zaslu\u017eio. Unutarkoaliciona trvenja, gotovo da su paralisala na\u0161 grad. \u201dHaos","breadcrumb":{"@id":"https:\/\/www.visit-ulcinj.com\/blog\/2015\/03\/26\/snp-ulcinj-haos-koalicija-za-propast-ulcinja-paralisala-grad\/#breadcrumb"},"inLanguage":"en-US","potentialAction":[{"@type":"ReadAction","target":["https:\/\/www.visit-ulcinj.com\/blog\/2015\/03\/26\/snp-ulcinj-haos-koalicija-za-propast-ulcinja-paralisala-grad\/"]}]},{"@type":"BreadcrumbList","@id":"https:\/\/www.visit-ulcinj.com\/blog\/2015\/03\/26\/snp-ulcinj-haos-koalicija-za-propast-ulcinja-paralisala-grad\/#breadcrumb","itemListElement":[{"@type":"ListItem","position":1,"name":"SNP Ulcinj: \u201dHaos koalicija za propast Ulcinja\u201d paralisala grad"}]},{"@type":"Person","@id":"https:\/\/www.visit-ulcinj.com\/blog\/#\/schema\/person\/dcab619c614d3038751c63bc2aadc06d","name":"ulqini","sameAs":["http:\/\/www.visit-ulcinj.com"],"url":"https:\/\/www.visit-ulcinj.com\/blog\/author\/admin\/"}]}},"jetpack_featured_media_url":"","jetpack_sharing_enabled":true,"jetpack_shortlink":"https:\/\/wp.me\/pe6lTn-nke","_links":{"self":[{"href":"https:\/\/www.visit-ulcinj.com\/blog\/wp-json\/wp\/v2\/posts\/89666"}],"collection":[{"href":"https:\/\/www.visit-ulcinj.com\/blog\/wp-json\/wp\/v2\/posts"}],"about":[{"href":"https:\/\/www.visit-ulcinj.com\/blog\/wp-json\/wp\/v2\/types\/post"}],"author":[{"embeddable":true,"href":"https:\/\/www.visit-ulcinj.com\/blog\/wp-json\/wp\/v2\/users\/1"}],"replies":[{"embeddable":true,"href":"https:\/\/www.visit-ulcinj.com\/blog\/wp-json\/wp\/v2\/comments?post=89666"}],"version-history":[{"count":1,"href":"https:\/\/www.visit-ulcinj.com\/blog\/wp-json\/wp\/v2\/posts\/89666\/revisions"}],"predecessor-version":[{"id":89667,"href":"https:\/\/www.visit-ulcinj.com\/blog\/wp-json\/wp\/v2\/posts\/89666\/revisions\/89667"}],"wp:attachment":[{"href":"https:\/\/www.visit-ulcinj.com\/blog\/wp-json\/wp\/v2\/media?parent=89666"}],"wp:term":[{"taxonomy":"category","embeddable":true,"href":"https:\/\/www.visit-ulcinj.com\/blog\/wp-json\/wp\/v2\/categories?post=89666"},{"taxonomy":"post_tag","embeddable":true,"href":"https:\/\/www.visit-ulcinj.com\/blog\/wp-json\/wp\/v2\/tags?post=89666"}],"curies":[{"name":"wp","href":"https:\/\/api.w.org\/{rel}","templated":true}]}}