{"id":89670,"date":"2015-03-27T15:53:09","date_gmt":"2015-03-27T14:53:09","guid":{"rendered":"http:\/\/www.visit-ulcinj.com\/blog\/?p=89670"},"modified":"2015-04-02T15:17:44","modified_gmt":"2015-04-02T14:17:44","slug":"konferenca-e-vii-shkencore-nderkombetare-ulqin-3-04-2015","status":"publish","type":"post","link":"https:\/\/www.visit-ulcinj.com\/blog\/2015\/03\/27\/konferenca-e-vii-shkencore-nderkombetare-ulqin-3-04-2015\/","title":{"rendered":"Konferenca e VII shkencore nd\u00ebrkomb\u00ebtare \u2013 Ulqin m\u00eb 3.04.2015"},"content":{"rendered":"<p style=\"text-align: left;\"><a href=\"http:\/\/www.visit-ulcinj.com\/blog\/wp-content\/uploads\/2015\/03\/Instituti-p\u00ebr-k\u00ebrkime-shkencore-dhe-zhvillim-Ulqin-Komuna-Ulqinit.jpg\"><img loading=\"lazy\" class=\"alignleft wp-image-89671\" src=\"http:\/\/www.visit-ulcinj.com\/blog\/wp-content\/uploads\/2015\/03\/Instituti-p\u00ebr-k\u00ebrkime-shkencore-dhe-zhvillim-Ulqin-Komuna-Ulqinit.jpg\" alt=\"Instituti p\u00ebr k\u00ebrkime shkencore dhe zhvillim Ulqin-Komuna-Ulqinit\" width=\"508\" height=\"63\" srcset=\"https:\/\/www.visit-ulcinj.com\/blog\/wp-content\/uploads\/2015\/03\/Instituti-p\u00ebr-k\u00ebrkime-shkencore-dhe-zhvillim-Ulqin-Komuna-Ulqinit.jpg 800w, https:\/\/www.visit-ulcinj.com\/blog\/wp-content\/uploads\/2015\/03\/Instituti-p\u00ebr-k\u00ebrkime-shkencore-dhe-zhvillim-Ulqin-Komuna-Ulqinit-300x37.jpg 300w\" sizes=\"(max-width: 508px) 100vw, 508px\" \/><\/a><\/p>\n<p style=\"text-align: center;\"><strong>O R G A N I Z O J N\u00cb<\/strong><\/p>\n<p>&nbsp;<\/p>\n<p><em>Konferenc\u00ebn e VII shkencore nd\u00ebrkomb\u00ebtar<\/em><\/p>\n<p><em>\u00a0<\/em><\/p>\n<p><em>Ju ftojm\u00eb t\u00eb merrni pjes\u00eb n\u00eb Konferenc\u00ebn e VII shkencore nd\u00ebrkomb\u00ebtare me tem\u00eb :<\/em><\/p>\n<p><em>\u00a0<\/em><\/p>\n<p><strong>PERIUDHA POST KONFLIKTE N\u00cb BALLKAN, <\/strong><\/p>\n<p><strong>KU JEMI NE 20 VITE PAS MARR\u00cbVESHJES S\u00cb DEJTONIT ?<\/strong><\/p>\n<p><strong>ND\u00cbRTIMI I PAQES DHE INTEGRIMI I BALLKANIT N\u00cb BE DHE NATO<\/strong><\/p>\n<p><strong><em>\u00a0<\/em><\/strong><\/p>\n<p>Konferenca mbahet, m\u00eb<strong><span style=\"text-decoration: underline;\">03.4.2015<\/span><\/strong> n\u00eb ora <strong><span style=\"text-decoration: underline;\">10:00<\/span><\/strong> n\u00eb Sallen e madhe t\u00eb Komun\u00ebs, n\u00eb Ulqin, Mali i Zi.<\/p>\n<p>&nbsp;<\/p>\n<p>N\u00eb k\u00ebt\u00eb Konferenc\u00eb shkencore, marrin pjes\u00eb ligj\u00ebrues nga Mali i Zi,Serbia, Shqip\u00ebria, Kosova, Maqedonia, Bosnae Hercegovina, Hungaria, Bullgaria, SHBA, Holandija etj.<\/p>\n<p><a href=\"http:\/\/www.visit-ulcinj.com\/blog\/wp-content\/uploads\/2015\/03\/Instituti-p\u00ebr-k\u00ebrkime-shkencore-dhe-zhvillim-Ulqin-Komuna-Ulqinit-1.jpg\"><img loading=\"lazy\" class=\"alignleft wp-image-89672\" src=\"http:\/\/www.visit-ulcinj.com\/blog\/wp-content\/uploads\/2015\/03\/Instituti-p\u00ebr-k\u00ebrkime-shkencore-dhe-zhvillim-Ulqin-Komuna-Ulqinit-1.jpg\" alt=\"Instituti p\u00ebr k\u00ebrkime shkencore dhe zhvillim Ulqin - Komuna-Ulqinit-1\" width=\"508\" height=\"339\" srcset=\"https:\/\/www.visit-ulcinj.com\/blog\/wp-content\/uploads\/2015\/03\/Instituti-p\u00ebr-k\u00ebrkime-shkencore-dhe-zhvillim-Ulqin-Komuna-Ulqinit-1.jpg 960w, https:\/\/www.visit-ulcinj.com\/blog\/wp-content\/uploads\/2015\/03\/Instituti-p\u00ebr-k\u00ebrkime-shkencore-dhe-zhvillim-Ulqin-Komuna-Ulqinit-1-300x200.jpg 300w\" sizes=\"(max-width: 508px) 100vw, 508px\" \/><\/a><\/p>\n<p><strong>ProgramiiKonferenc\u00ebs :<\/strong><\/p>\n<p><strong>\u00a0<\/strong><\/p>\n<p><strong>Pjesa e par\u00eb, ora 10:00<\/strong><\/p>\n<ul>\n<li>Fjalahyr\u00ebse<\/li>\n<li>1.<strong>Elez Osmani<\/strong> -Instituti p\u00ebr k\u00ebrkime shkencore dhe zhvillim<\/li>\n<\/ul>\n<p>&nbsp;<\/p>\n<ul>\n<li><strong>Hapja solemne<\/strong><\/li>\n<\/ul>\n<ol>\n<li><strong>Fatmir Gjeka-<\/strong><strong> Kryetari i Komunes s\u00eb Ulqinit<\/strong><\/li>\n<\/ol>\n<p><strong>\u00a0<\/strong><\/p>\n<ul>\n<li><strong>Fjal\u00ebt p\u00ebrsh\u00ebndet\u00ebse:<\/strong><\/li>\n<li><strong>Predstavnik institucija <\/strong>u Crnoj Gori<\/li>\n<\/ul>\n<p>1.<strong>Mehmet Niyazi Tanihir<\/strong>&#8211; Ambasadori i Turqis\u00eb<\/p>\n<p>2.<strong>Krizstian Posa<\/strong>-Ambasadori i Hungaris\u00eb<\/p>\n<p>3.<strong>Adnan Jashari<\/strong>-Minist\u00ebr i drejtesis\u00eb n\u00eb Qeverin\u00eb e Maqedonis\u00eb<\/p>\n<p>4.<strong>Nik\u00e9 Wentholt<\/strong><strong><em>\u00a0<\/em><\/strong>&#8211; Universiteti i Groningenit &#8211; Groningen &#8211; Holand\u00eb<\/p>\n<p><strong>5 Duda Bale.-<\/strong> n\u00ebnkryetaree Kuvendit t\u00ebKosov\u00ebs<\/p>\n<p>6.<strong>Prof.Dr. Ram\u00eb Vataj<\/strong> -Rektor i Universitetit &#8220;Ukshin Hoti&#8221;, Prizren<\/p>\n<p>&nbsp;<\/p>\n<p><strong>Pjesa e dyt\u00eb<\/strong><\/p>\n<p>Konferenca nd\u00ebrohet me pjes\u00ebmarrjedhe p\u00ebrsh\u00ebndetje t\u00eb rastit:<\/p>\n<p><strong>\u00a0\u00a0\u00a0\u00a0\u00a0\u00a0\u00a0\u00a0\u00a0\u00a0\u00a0\u00a0 Vesko Gar<\/strong><strong>\u00e7<\/strong><strong>evi<\/strong><strong>q<\/strong> &#8211; Koordinator komb\u00ebtar p\u00ebr NATO dhe ushtrues detyre i Drejtorit t\u00eb p\u00ebrgjithsh\u00ebm p\u00ebr NATO e politik\u00eb t\u00eb siguris\u00eb, n\u00eb Ministrin\u00eb e Pun\u00ebve t\u00eb Jashtme dhe Integrimeve Europianen\u00eb Mal t\u00eb Zi. Ish ambasadori n\u00eb vendet e Beneluksit.<\/p>\n<p>.<strong>Dr. Alfred Moisiu &#8211;<\/strong>,President i Shqiperis\u00eb2002-07, kryetar i Shoqat\u00ebs \u201dAtlantiku\u201d. Do t\u00eb flas\u00eb p\u00ebr <em>\u201cIntegrimet Euro- Atlantike &#8211;<\/em><strong>Shqip\u00ebrian\u00ebNato<\/strong><\/p>\n<p><strong>Michael Minch-Universiteti UTAH,Valley,SHBA-<\/strong>Rrjeti i Samititt\u00ebnjohurivedheaksionitsimjetnd\u00ebrtimit\u00ebpaq\u00ebsn\u00ebBallkan.<\/p>\n<ul>\n<li><strong>Xhevdet Halili,shef i kabinetit t\u00eb Ministrit<\/strong>t\u00eb Forc\u00ebs dhe siguris\u00ebn\u00ebQeverin\u00eb e Kosov\u00ebs<\/li>\n<li><strong> Dr. Mahir Hoti <\/strong><\/li>\n<li><strong>Pushim \u2013 caffe, ora 11:30-12,00<\/strong><\/li>\n<\/ul>\n<p><em>\u00a0<\/em><\/p>\n<p><strong><em>Pjesa e tret\u00eb, ora12:00\u201315:00<\/em><\/strong><\/p>\n<ul>\n<li><strong><em>Zhvillimi i Konferenc\u00ebs \u2013prezantimi i punimeve shkencore<\/em><\/strong><\/li>\n<\/ul>\n<p><strong><em><span style=\"text-decoration: underline;\">Panelii punimeveshkencorepolitiko-juridike, Salla e madhe e Kuvenditkomunal<\/span><\/em><\/strong><\/p>\n<p><strong><em><span style=\"text-decoration: underline;\">Paneli i punimeveshkencoreekonomike, Salla e vog\u00ebl e Kuvenditkomunal<\/span><\/em><\/strong><\/p>\n<p><strong><em><span style=\"text-decoration: underline;\">Paneli i punimevet\u00ebshkencavet\u00ebedukimit, Salla e K\u00ebshillitekzekutiv<\/span><\/em><\/strong><\/p>\n<p><strong><em>\u00a0<\/em><\/strong><\/p>\n<p><strong><em>Pjesa e kat\u00ebrt\u00eb, ora 15:00-15:20<\/em><\/strong><\/p>\n<ul>\n<li><em>Vler\u00ebsimi p\u00ebrfundimtar dhe rekomandues i punimeve t\u00eb Konferenc\u00ebs s\u00eb VII shkencore prezantohet nga <strong>ass.dr. &#8212;&#8212;&#8212;&#8212;&#8212;&#8212;&#8212;&#8212;&#8212;&#8212;&#8212;&#8211;<\/strong>\u2013 kryetar i K\u00ebshillit drejtues n\u00eb Universitetin publik \u201cHaxhi Zeka\u201d Pej\u00eb<\/em><\/li>\n<\/ul>\n<p><em>\u00a0<\/em><\/p>\n<p>&nbsp;<\/p>\n<p><em>Ju mir\u00ebpesim !<\/em><\/p>\n<p><strong>Instituti p\u00ebr k\u00ebrkime shkencore dhe zhvillim\u00a0\u00a0\u00a0\u00a0\u00a0\u00a0\u00a0\u00a0\u00a0\u00a0\u00a0\u00a0\u00a0\u00a0\u00a0\u00a0\u00a0\u00a0\u00a0\u00a0\u00a0\u00a0\u00a0 Elez Osmani<\/strong><\/p>\n<p>&nbsp;<\/p>\n<p>&nbsp;<\/p>\n<p>&nbsp;<\/p>\n<p>&nbsp;<\/p>\n<p>&nbsp;<\/p>\n<p>&nbsp;<\/p>\n<p>&nbsp;<\/p>\n<p>&nbsp;<\/p>\n<p>&nbsp;<\/p>\n<p>&nbsp;<\/p>\n","protected":false},"excerpt":{"rendered":"<p>O R G A N I Z O J N\u00cb &nbsp; Konferenc\u00ebn e VII shkencore nd\u00ebrkomb\u00ebtar \u00a0 Ju ftojm\u00eb t\u00eb merrni pjes\u00eb n\u00eb Konferenc\u00ebn e VII shkencore nd\u00ebrkomb\u00ebtare me tem\u00eb : \u00a0 PERIUDHA POST KONFLIKTE N\u00cb BALLKAN, KU JEMI NE 20 VITE PAS MARR\u00cbVESHJES S\u00cb DEJTONIT ? ND\u00cbRTIMI I PAQES DHE INTEGRIMI I BALLKANIT N\u00cb [&hellip;]<\/p>\n","protected":false},"author":1,"featured_media":0,"comment_status":"closed","ping_status":"closed","sticky":false,"template":"","format":"standard","meta":{"spay_email":"","jetpack_publicize_message":"","jetpack_is_tweetstorm":false,"jetpack_publicize_feature_enabled":true},"categories":[1,2451],"tags":[],"jetpack_publicize_connections":[],"yoast_head":"<!-- This site is optimized with the Yoast SEO plugin v19.1 - https:\/\/yoast.com\/wordpress\/plugins\/seo\/ -->\n<title>Konferenca e VII shkencore nd\u00ebrkomb\u00ebtare \u2013 Ulqin m\u00eb 3.04.2015 - Lajme nga Ulqini<\/title>\n<meta name=\"description\" content=\"O R G A N I Z O J N\u00cb &nbsp; Konferenc\u00ebn e VII shkencore nd\u00ebrkomb\u00ebtar \u00a0 Ju ftojm\u00eb t\u00eb merrni pjes\u00eb n\u00eb Konferenc\u00ebn e VII shkencore nd\u00ebrkomb\u00ebtare me tem\u00eb : \u00a0\" \/>\n<meta name=\"robots\" content=\"index, follow, max-snippet:-1, max-image-preview:large, max-video-preview:-1\" \/>\n<link rel=\"canonical\" href=\"https:\/\/www.visit-ulcinj.com\/blog\/2015\/03\/27\/konferenca-e-vii-shkencore-nderkombetare-ulqin-3-04-2015\/\" \/>\n<meta property=\"og:locale\" content=\"en_US\" \/>\n<meta property=\"og:type\" content=\"article\" \/>\n<meta property=\"og:title\" content=\"Konferenca e VII shkencore nd\u00ebrkomb\u00ebtare \u2013 Ulqin m\u00eb 3.04.2015 - Lajme nga Ulqini\" \/>\n<meta property=\"og:description\" content=\"O R G A N I Z O J N\u00cb &nbsp; Konferenc\u00ebn e VII shkencore nd\u00ebrkomb\u00ebtar \u00a0 Ju ftojm\u00eb t\u00eb merrni pjes\u00eb n\u00eb Konferenc\u00ebn e VII shkencore nd\u00ebrkomb\u00ebtare me tem\u00eb : \u00a0\" \/>\n<meta property=\"og:url\" content=\"https:\/\/www.visit-ulcinj.com\/blog\/2015\/03\/27\/konferenca-e-vii-shkencore-nderkombetare-ulqin-3-04-2015\/\" \/>\n<meta property=\"og:site_name\" content=\"Lajme nga Ulqini\" \/>\n<meta property=\"article:published_time\" content=\"2015-03-27T14:53:09+00:00\" \/>\n<meta property=\"article:modified_time\" content=\"2015-04-02T14:17:44+00:00\" \/>\n<meta name=\"twitter:label1\" content=\"Written by\" \/>\n\t<meta name=\"twitter:data1\" content=\"ulqini\" \/>\n\t<meta name=\"twitter:label2\" content=\"Est. reading time\" \/>\n\t<meta name=\"twitter:data2\" content=\"2 minutes\" \/>\n<script type=\"application\/ld+json\" class=\"yoast-schema-graph\">{\"@context\":\"https:\/\/schema.org\",\"@graph\":[{\"@type\":\"WebSite\",\"@id\":\"https:\/\/www.visit-ulcinj.com\/blog\/#website\",\"url\":\"https:\/\/www.visit-ulcinj.com\/blog\/\",\"name\":\"Lajme nga Ulqini\",\"description\":\"Lajme,Vijesti,Ulqini,Ulqin,Crna Gora,Mali i Zi\",\"potentialAction\":[{\"@type\":\"SearchAction\",\"target\":{\"@type\":\"EntryPoint\",\"urlTemplate\":\"https:\/\/www.visit-ulcinj.com\/blog\/?s={search_term_string}\"},\"query-input\":\"required name=search_term_string\"}],\"inLanguage\":\"en-US\"},{\"@type\":\"WebPage\",\"@id\":\"https:\/\/www.visit-ulcinj.com\/blog\/2015\/03\/27\/konferenca-e-vii-shkencore-nderkombetare-ulqin-3-04-2015\/#webpage\",\"url\":\"https:\/\/www.visit-ulcinj.com\/blog\/2015\/03\/27\/konferenca-e-vii-shkencore-nderkombetare-ulqin-3-04-2015\/\",\"name\":\"Konferenca e VII shkencore nd\u00ebrkomb\u00ebtare \u2013 Ulqin m\u00eb 3.04.2015 - Lajme nga Ulqini\",\"isPartOf\":{\"@id\":\"https:\/\/www.visit-ulcinj.com\/blog\/#website\"},\"datePublished\":\"2015-03-27T14:53:09+00:00\",\"dateModified\":\"2015-04-02T14:17:44+00:00\",\"author\":{\"@id\":\"https:\/\/www.visit-ulcinj.com\/blog\/#\/schema\/person\/dcab619c614d3038751c63bc2aadc06d\"},\"description\":\"O R G A N I Z O J N\u00cb &nbsp; Konferenc\u00ebn e VII shkencore nd\u00ebrkomb\u00ebtar \u00a0 Ju ftojm\u00eb t\u00eb merrni pjes\u00eb n\u00eb Konferenc\u00ebn e VII shkencore nd\u00ebrkomb\u00ebtare me tem\u00eb : \u00a0\",\"breadcrumb\":{\"@id\":\"https:\/\/www.visit-ulcinj.com\/blog\/2015\/03\/27\/konferenca-e-vii-shkencore-nderkombetare-ulqin-3-04-2015\/#breadcrumb\"},\"inLanguage\":\"en-US\",\"potentialAction\":[{\"@type\":\"ReadAction\",\"target\":[\"https:\/\/www.visit-ulcinj.com\/blog\/2015\/03\/27\/konferenca-e-vii-shkencore-nderkombetare-ulqin-3-04-2015\/\"]}]},{\"@type\":\"BreadcrumbList\",\"@id\":\"https:\/\/www.visit-ulcinj.com\/blog\/2015\/03\/27\/konferenca-e-vii-shkencore-nderkombetare-ulqin-3-04-2015\/#breadcrumb\",\"itemListElement\":[{\"@type\":\"ListItem\",\"position\":1,\"name\":\"Konferenca e VII shkencore nd\u00ebrkomb\u00ebtare \u2013 Ulqin m\u00eb 3.04.2015\"}]},{\"@type\":\"Person\",\"@id\":\"https:\/\/www.visit-ulcinj.com\/blog\/#\/schema\/person\/dcab619c614d3038751c63bc2aadc06d\",\"name\":\"ulqini\",\"sameAs\":[\"http:\/\/www.visit-ulcinj.com\"],\"url\":\"https:\/\/www.visit-ulcinj.com\/blog\/author\/admin\/\"}]}<\/script>\n<!-- \/ Yoast SEO plugin. -->","yoast_head_json":{"title":"Konferenca e VII shkencore nd\u00ebrkomb\u00ebtare \u2013 Ulqin m\u00eb 3.04.2015 - Lajme nga Ulqini","description":"O R G A N I Z O J N\u00cb &nbsp; Konferenc\u00ebn e VII shkencore nd\u00ebrkomb\u00ebtar \u00a0 Ju ftojm\u00eb t\u00eb merrni pjes\u00eb n\u00eb Konferenc\u00ebn e VII shkencore nd\u00ebrkomb\u00ebtare me tem\u00eb : \u00a0","robots":{"index":"index","follow":"follow","max-snippet":"max-snippet:-1","max-image-preview":"max-image-preview:large","max-video-preview":"max-video-preview:-1"},"canonical":"https:\/\/www.visit-ulcinj.com\/blog\/2015\/03\/27\/konferenca-e-vii-shkencore-nderkombetare-ulqin-3-04-2015\/","og_locale":"en_US","og_type":"article","og_title":"Konferenca e VII shkencore nd\u00ebrkomb\u00ebtare \u2013 Ulqin m\u00eb 3.04.2015 - Lajme nga Ulqini","og_description":"O R G A N I Z O J N\u00cb &nbsp; Konferenc\u00ebn e VII shkencore nd\u00ebrkomb\u00ebtar \u00a0 Ju ftojm\u00eb t\u00eb merrni pjes\u00eb n\u00eb Konferenc\u00ebn e VII shkencore nd\u00ebrkomb\u00ebtare me tem\u00eb : \u00a0","og_url":"https:\/\/www.visit-ulcinj.com\/blog\/2015\/03\/27\/konferenca-e-vii-shkencore-nderkombetare-ulqin-3-04-2015\/","og_site_name":"Lajme nga Ulqini","article_published_time":"2015-03-27T14:53:09+00:00","article_modified_time":"2015-04-02T14:17:44+00:00","twitter_misc":{"Written by":"ulqini","Est. reading time":"2 minutes"},"schema":{"@context":"https:\/\/schema.org","@graph":[{"@type":"WebSite","@id":"https:\/\/www.visit-ulcinj.com\/blog\/#website","url":"https:\/\/www.visit-ulcinj.com\/blog\/","name":"Lajme nga Ulqini","description":"Lajme,Vijesti,Ulqini,Ulqin,Crna Gora,Mali i Zi","potentialAction":[{"@type":"SearchAction","target":{"@type":"EntryPoint","urlTemplate":"https:\/\/www.visit-ulcinj.com\/blog\/?s={search_term_string}"},"query-input":"required name=search_term_string"}],"inLanguage":"en-US"},{"@type":"WebPage","@id":"https:\/\/www.visit-ulcinj.com\/blog\/2015\/03\/27\/konferenca-e-vii-shkencore-nderkombetare-ulqin-3-04-2015\/#webpage","url":"https:\/\/www.visit-ulcinj.com\/blog\/2015\/03\/27\/konferenca-e-vii-shkencore-nderkombetare-ulqin-3-04-2015\/","name":"Konferenca e VII shkencore nd\u00ebrkomb\u00ebtare \u2013 Ulqin m\u00eb 3.04.2015 - Lajme nga Ulqini","isPartOf":{"@id":"https:\/\/www.visit-ulcinj.com\/blog\/#website"},"datePublished":"2015-03-27T14:53:09+00:00","dateModified":"2015-04-02T14:17:44+00:00","author":{"@id":"https:\/\/www.visit-ulcinj.com\/blog\/#\/schema\/person\/dcab619c614d3038751c63bc2aadc06d"},"description":"O R G A N I Z O J N\u00cb &nbsp; Konferenc\u00ebn e VII shkencore nd\u00ebrkomb\u00ebtar \u00a0 Ju ftojm\u00eb t\u00eb merrni pjes\u00eb n\u00eb Konferenc\u00ebn e VII shkencore nd\u00ebrkomb\u00ebtare me tem\u00eb : \u00a0","breadcrumb":{"@id":"https:\/\/www.visit-ulcinj.com\/blog\/2015\/03\/27\/konferenca-e-vii-shkencore-nderkombetare-ulqin-3-04-2015\/#breadcrumb"},"inLanguage":"en-US","potentialAction":[{"@type":"ReadAction","target":["https:\/\/www.visit-ulcinj.com\/blog\/2015\/03\/27\/konferenca-e-vii-shkencore-nderkombetare-ulqin-3-04-2015\/"]}]},{"@type":"BreadcrumbList","@id":"https:\/\/www.visit-ulcinj.com\/blog\/2015\/03\/27\/konferenca-e-vii-shkencore-nderkombetare-ulqin-3-04-2015\/#breadcrumb","itemListElement":[{"@type":"ListItem","position":1,"name":"Konferenca e VII shkencore nd\u00ebrkomb\u00ebtare \u2013 Ulqin m\u00eb 3.04.2015"}]},{"@type":"Person","@id":"https:\/\/www.visit-ulcinj.com\/blog\/#\/schema\/person\/dcab619c614d3038751c63bc2aadc06d","name":"ulqini","sameAs":["http:\/\/www.visit-ulcinj.com"],"url":"https:\/\/www.visit-ulcinj.com\/blog\/author\/admin\/"}]}},"jetpack_featured_media_url":"","jetpack_sharing_enabled":true,"jetpack_shortlink":"https:\/\/wp.me\/pe6lTn-nki","_links":{"self":[{"href":"https:\/\/www.visit-ulcinj.com\/blog\/wp-json\/wp\/v2\/posts\/89670"}],"collection":[{"href":"https:\/\/www.visit-ulcinj.com\/blog\/wp-json\/wp\/v2\/posts"}],"about":[{"href":"https:\/\/www.visit-ulcinj.com\/blog\/wp-json\/wp\/v2\/types\/post"}],"author":[{"embeddable":true,"href":"https:\/\/www.visit-ulcinj.com\/blog\/wp-json\/wp\/v2\/users\/1"}],"replies":[{"embeddable":true,"href":"https:\/\/www.visit-ulcinj.com\/blog\/wp-json\/wp\/v2\/comments?post=89670"}],"version-history":[{"count":1,"href":"https:\/\/www.visit-ulcinj.com\/blog\/wp-json\/wp\/v2\/posts\/89670\/revisions"}],"predecessor-version":[{"id":89673,"href":"https:\/\/www.visit-ulcinj.com\/blog\/wp-json\/wp\/v2\/posts\/89670\/revisions\/89673"}],"wp:attachment":[{"href":"https:\/\/www.visit-ulcinj.com\/blog\/wp-json\/wp\/v2\/media?parent=89670"}],"wp:term":[{"taxonomy":"category","embeddable":true,"href":"https:\/\/www.visit-ulcinj.com\/blog\/wp-json\/wp\/v2\/categories?post=89670"},{"taxonomy":"post_tag","embeddable":true,"href":"https:\/\/www.visit-ulcinj.com\/blog\/wp-json\/wp\/v2\/tags?post=89670"}],"curies":[{"name":"wp","href":"https:\/\/api.w.org\/{rel}","templated":true}]}}