{"id":89677,"date":"2015-03-27T16:25:34","date_gmt":"2015-03-27T15:25:34","guid":{"rendered":"http:\/\/www.visit-ulcinj.com\/blog\/?p=89677"},"modified":"2015-03-27T16:25:34","modified_gmt":"2015-03-27T15:25:34","slug":"polski-novinari-turoperatori-u-poseti-ulcinju","status":"publish","type":"post","link":"https:\/\/www.visit-ulcinj.com\/blog\/2015\/03\/27\/polski-novinari-turoperatori-u-poseti-ulcinju\/","title":{"rendered":"Polski novinari i turoperatori u poseti Ulcinju"},"content":{"rendered":"<p><strong><a href=\"http:\/\/www.visit-ulcinj.com\/blog\/wp-content\/uploads\/2015\/03\/TUROPERATORI-IZ-POLJSKE-SARANDA-BEACH-ULCINJ-4.jpg\"><img loading=\"lazy\" class=\"alignleft wp-image-89679\" src=\"http:\/\/www.visit-ulcinj.com\/blog\/wp-content\/uploads\/2015\/03\/TUROPERATORI-IZ-POLJSKE-SARANDA-BEACH-ULCINJ-4.jpg\" alt=\"TUROPERATORI IZ POLJSKE-SARANDA-BEACH-ULCINJ-4\" width=\"508\" height=\"381\" \/><\/a>TUROPERATORI IZ POLJSKE<\/strong><\/p>\n<p>Ve\u0107 4 dana u Ulcinju boravi grupa od nekoliko turoperatora, predstavnika turisti\u010dkih agencija i sindikalnih preduze\u0107a iz Posljke.<\/p>\n<p><a href=\"http:\/\/www.visit-ulcinj.com\/blog\/wp-content\/uploads\/2015\/03\/TUROPERATORI-IZ-POLJSKE-SARANDA-BEACH-ULCINJ-2.jpg\"><img loading=\"lazy\" class=\"alignleft wp-image-89680\" src=\"http:\/\/www.visit-ulcinj.com\/blog\/wp-content\/uploads\/2015\/03\/TUROPERATORI-IZ-POLJSKE-SARANDA-BEACH-ULCINJ-2.jpg\" alt=\"TUROPERATORI IZ POLJSKE-SARANDA-BEACH-ULCINJ-2\" width=\"508\" height=\"381\" \/><\/a><\/p>\n<p>Njihovu posjetu Ulcinju su omogu\u0107ili na\u0161i gra\u0111ani uz podr\u0161ku turisti\u010dke Organaizacije Ulcinj. Tokom boravka oni su imali prilike da obi\u0111u Stari grad, uvalu Valdanos, Veliku pla\u017eu i Adu Bojanu i sve kulturno znamenitosti na\u0161eg grada.<\/p>\n<p><a href=\"http:\/\/www.visit-ulcinj.com\/blog\/wp-content\/uploads\/2015\/03\/TUROPERATORI-IZ-POLJSKE-SARANDA-BEACH-ULCINJ-3.jpg\"><img loading=\"lazy\" class=\"alignleft wp-image-89681\" src=\"http:\/\/www.visit-ulcinj.com\/blog\/wp-content\/uploads\/2015\/03\/TUROPERATORI-IZ-POLJSKE-SARANDA-BEACH-ULCINJ-3.jpg\" alt=\"TUROPERATORI IZ POLJSKE-SARANDA-BEACH-ULCINJ-3\" width=\"508\" height=\"381\" \/><\/a><\/p>\n<p>Imaju\u0107i u vidu konstantno pove\u0107anje broja gostiju iz Poslje iz godine u godinu, mo\u017eemo da ka\u017eemo da njihov boravak u Ulcinju ima veliko zna\u010denje a svakako se nadamo da \u0107e doprinjeti da i ove godine Poljaci u velikom broju izaberu Ulcinj kao njihovu destinaciju za ljetnji odmor.<\/p>\n<p><a href=\"http:\/\/www.visit-ulcinj.com\/blog\/wp-content\/uploads\/2015\/03\/TUROPERATORI-IZ-POLJSKE-SARANDA-BEACH-ULCINJ-1.jpg\"><img loading=\"lazy\" class=\"alignleft wp-image-89682\" src=\"http:\/\/www.visit-ulcinj.com\/blog\/wp-content\/uploads\/2015\/03\/TUROPERATORI-IZ-POLJSKE-SARANDA-BEACH-ULCINJ-1.jpg\" alt=\"TUROPERATORI IZ POLJSKE-SARANDA-BEACH-ULCINJ-1\" width=\"508\" height=\"381\" \/><\/a><\/p>\n<p>Broj turista iz Polsjke koji su posjetili Ulcinj u 2014.godini je 14.706 koji su realizovali 69.784 no\u0107enja.<\/p>\n<p><a href=\"http:\/\/www.visit-ulcinj.com\/blog\/wp-content\/uploads\/2015\/03\/TUROPERATORI-IZ-POLJSKE-SARANDA-BEACH-ULCINJ.jpg\"><img loading=\"lazy\" class=\"alignleft wp-image-89683\" src=\"http:\/\/www.visit-ulcinj.com\/blog\/wp-content\/uploads\/2015\/03\/TUROPERATORI-IZ-POLJSKE-SARANDA-BEACH-ULCINJ.jpg\" alt=\"TUROPERATORI IZ POLJSKE-SARANDA-BEACH-ULCINJ\" width=\"508\" height=\"381\" \/><\/a><\/p>\n<p>Svi kontakti koji su ostvareni sa ovom grupom, Turisti\u010dka Organizacija Ulcinj \u0107e proslijediti svim turisti\u010dkim poslenicima.<\/p>\n<p>Stru\u010dna slu\u017eba TO Ulcinj<\/p>\n","protected":false},"excerpt":{"rendered":"<p>TUROPERATORI IZ POLJSKE Ve\u0107 4 dana u Ulcinju boravi grupa od nekoliko turoperatora, predstavnika turisti\u010dkih agencija i sindikalnih preduze\u0107a iz Posljke. Njihovu posjetu Ulcinju su omogu\u0107ili na\u0161i gra\u0111ani uz podr\u0161ku turisti\u010dke Organaizacije Ulcinj. Tokom boravka oni su imali prilike da obi\u0111u Stari grad, uvalu Valdanos, Veliku pla\u017eu i Adu Bojanu i sve kulturno znamenitosti na\u0161eg [&hellip;]<\/p>\n","protected":false},"author":1,"featured_media":0,"comment_status":"closed","ping_status":"closed","sticky":false,"template":"","format":"standard","meta":{"spay_email":"","jetpack_publicize_message":"","jetpack_is_tweetstorm":false,"jetpack_publicize_feature_enabled":true},"categories":[6950],"tags":[],"jetpack_publicize_connections":[],"yoast_head":"<!-- This site is optimized with the Yoast SEO plugin v19.1 - https:\/\/yoast.com\/wordpress\/plugins\/seo\/ -->\n<title>Polski novinari i turoperatori u poseti Ulcinju - Lajme nga Ulqini<\/title>\n<meta name=\"description\" content=\"TUROPERATORI IZ POLJSKE Ve\u0107 4 dana u Ulcinju boravi grupa od nekoliko turoperatora, predstavnika turisti\u010dkih agencija i sindikalnih preduze\u0107a iz Posljke.\" \/>\n<meta name=\"robots\" content=\"index, follow, max-snippet:-1, max-image-preview:large, max-video-preview:-1\" \/>\n<link rel=\"canonical\" href=\"https:\/\/www.visit-ulcinj.com\/blog\/2015\/03\/27\/polski-novinari-turoperatori-u-poseti-ulcinju\/\" \/>\n<meta property=\"og:locale\" content=\"en_US\" \/>\n<meta property=\"og:type\" content=\"article\" \/>\n<meta property=\"og:title\" content=\"Polski novinari i turoperatori u poseti Ulcinju - Lajme nga Ulqini\" \/>\n<meta property=\"og:description\" content=\"TUROPERATORI IZ POLJSKE Ve\u0107 4 dana u Ulcinju boravi grupa od nekoliko turoperatora, predstavnika turisti\u010dkih agencija i sindikalnih preduze\u0107a iz Posljke.\" \/>\n<meta property=\"og:url\" content=\"https:\/\/www.visit-ulcinj.com\/blog\/2015\/03\/27\/polski-novinari-turoperatori-u-poseti-ulcinju\/\" \/>\n<meta property=\"og:site_name\" content=\"Lajme nga Ulqini\" \/>\n<meta property=\"article:published_time\" content=\"2015-03-27T15:25:34+00:00\" \/>\n<meta property=\"og:image\" content=\"http:\/\/www.visit-ulcinj.com\/blog\/wp-content\/uploads\/2015\/03\/TUROPERATORI-IZ-POLJSKE-SARANDA-BEACH-ULCINJ-4.jpg\" \/>\n<meta name=\"twitter:label1\" content=\"Written by\" \/>\n\t<meta name=\"twitter:data1\" content=\"ulqini\" \/>\n\t<meta name=\"twitter:label2\" content=\"Est. reading time\" \/>\n\t<meta name=\"twitter:data2\" content=\"1 minute\" \/>\n<script type=\"application\/ld+json\" class=\"yoast-schema-graph\">{\"@context\":\"https:\/\/schema.org\",\"@graph\":[{\"@type\":\"WebSite\",\"@id\":\"https:\/\/www.visit-ulcinj.com\/blog\/#website\",\"url\":\"https:\/\/www.visit-ulcinj.com\/blog\/\",\"name\":\"Lajme nga Ulqini\",\"description\":\"Lajme,Vijesti,Ulqini,Ulqin,Crna Gora,Mali i Zi\",\"potentialAction\":[{\"@type\":\"SearchAction\",\"target\":{\"@type\":\"EntryPoint\",\"urlTemplate\":\"https:\/\/www.visit-ulcinj.com\/blog\/?s={search_term_string}\"},\"query-input\":\"required name=search_term_string\"}],\"inLanguage\":\"en-US\"},{\"@type\":\"ImageObject\",\"inLanguage\":\"en-US\",\"@id\":\"https:\/\/www.visit-ulcinj.com\/blog\/2015\/03\/27\/polski-novinari-turoperatori-u-poseti-ulcinju\/#primaryimage\",\"url\":\"http:\/\/www.visit-ulcinj.com\/blog\/wp-content\/uploads\/2015\/03\/TUROPERATORI-IZ-POLJSKE-SARANDA-BEACH-ULCINJ-4.jpg\",\"contentUrl\":\"http:\/\/www.visit-ulcinj.com\/blog\/wp-content\/uploads\/2015\/03\/TUROPERATORI-IZ-POLJSKE-SARANDA-BEACH-ULCINJ-4.jpg\"},{\"@type\":\"WebPage\",\"@id\":\"https:\/\/www.visit-ulcinj.com\/blog\/2015\/03\/27\/polski-novinari-turoperatori-u-poseti-ulcinju\/#webpage\",\"url\":\"https:\/\/www.visit-ulcinj.com\/blog\/2015\/03\/27\/polski-novinari-turoperatori-u-poseti-ulcinju\/\",\"name\":\"Polski novinari i turoperatori u poseti Ulcinju - Lajme nga Ulqini\",\"isPartOf\":{\"@id\":\"https:\/\/www.visit-ulcinj.com\/blog\/#website\"},\"primaryImageOfPage\":{\"@id\":\"https:\/\/www.visit-ulcinj.com\/blog\/2015\/03\/27\/polski-novinari-turoperatori-u-poseti-ulcinju\/#primaryimage\"},\"datePublished\":\"2015-03-27T15:25:34+00:00\",\"dateModified\":\"2015-03-27T15:25:34+00:00\",\"author\":{\"@id\":\"https:\/\/www.visit-ulcinj.com\/blog\/#\/schema\/person\/dcab619c614d3038751c63bc2aadc06d\"},\"description\":\"TUROPERATORI IZ POLJSKE Ve\u0107 4 dana u Ulcinju boravi grupa od nekoliko turoperatora, predstavnika turisti\u010dkih agencija i sindikalnih preduze\u0107a iz Posljke.\",\"breadcrumb\":{\"@id\":\"https:\/\/www.visit-ulcinj.com\/blog\/2015\/03\/27\/polski-novinari-turoperatori-u-poseti-ulcinju\/#breadcrumb\"},\"inLanguage\":\"en-US\",\"potentialAction\":[{\"@type\":\"ReadAction\",\"target\":[\"https:\/\/www.visit-ulcinj.com\/blog\/2015\/03\/27\/polski-novinari-turoperatori-u-poseti-ulcinju\/\"]}]},{\"@type\":\"BreadcrumbList\",\"@id\":\"https:\/\/www.visit-ulcinj.com\/blog\/2015\/03\/27\/polski-novinari-turoperatori-u-poseti-ulcinju\/#breadcrumb\",\"itemListElement\":[{\"@type\":\"ListItem\",\"position\":1,\"name\":\"Polski novinari i turoperatori u poseti Ulcinju\"}]},{\"@type\":\"Person\",\"@id\":\"https:\/\/www.visit-ulcinj.com\/blog\/#\/schema\/person\/dcab619c614d3038751c63bc2aadc06d\",\"name\":\"ulqini\",\"sameAs\":[\"http:\/\/www.visit-ulcinj.com\"],\"url\":\"https:\/\/www.visit-ulcinj.com\/blog\/author\/admin\/\"}]}<\/script>\n<!-- \/ Yoast SEO plugin. -->","yoast_head_json":{"title":"Polski novinari i turoperatori u poseti Ulcinju - Lajme nga Ulqini","description":"TUROPERATORI IZ POLJSKE Ve\u0107 4 dana u Ulcinju boravi grupa od nekoliko turoperatora, predstavnika turisti\u010dkih agencija i sindikalnih preduze\u0107a iz Posljke.","robots":{"index":"index","follow":"follow","max-snippet":"max-snippet:-1","max-image-preview":"max-image-preview:large","max-video-preview":"max-video-preview:-1"},"canonical":"https:\/\/www.visit-ulcinj.com\/blog\/2015\/03\/27\/polski-novinari-turoperatori-u-poseti-ulcinju\/","og_locale":"en_US","og_type":"article","og_title":"Polski novinari i turoperatori u poseti Ulcinju - Lajme nga Ulqini","og_description":"TUROPERATORI IZ POLJSKE Ve\u0107 4 dana u Ulcinju boravi grupa od nekoliko turoperatora, predstavnika turisti\u010dkih agencija i sindikalnih preduze\u0107a iz Posljke.","og_url":"https:\/\/www.visit-ulcinj.com\/blog\/2015\/03\/27\/polski-novinari-turoperatori-u-poseti-ulcinju\/","og_site_name":"Lajme nga Ulqini","article_published_time":"2015-03-27T15:25:34+00:00","og_image":[{"url":"http:\/\/www.visit-ulcinj.com\/blog\/wp-content\/uploads\/2015\/03\/TUROPERATORI-IZ-POLJSKE-SARANDA-BEACH-ULCINJ-4.jpg"}],"twitter_misc":{"Written by":"ulqini","Est. reading time":"1 minute"},"schema":{"@context":"https:\/\/schema.org","@graph":[{"@type":"WebSite","@id":"https:\/\/www.visit-ulcinj.com\/blog\/#website","url":"https:\/\/www.visit-ulcinj.com\/blog\/","name":"Lajme nga Ulqini","description":"Lajme,Vijesti,Ulqini,Ulqin,Crna Gora,Mali i Zi","potentialAction":[{"@type":"SearchAction","target":{"@type":"EntryPoint","urlTemplate":"https:\/\/www.visit-ulcinj.com\/blog\/?s={search_term_string}"},"query-input":"required name=search_term_string"}],"inLanguage":"en-US"},{"@type":"ImageObject","inLanguage":"en-US","@id":"https:\/\/www.visit-ulcinj.com\/blog\/2015\/03\/27\/polski-novinari-turoperatori-u-poseti-ulcinju\/#primaryimage","url":"http:\/\/www.visit-ulcinj.com\/blog\/wp-content\/uploads\/2015\/03\/TUROPERATORI-IZ-POLJSKE-SARANDA-BEACH-ULCINJ-4.jpg","contentUrl":"http:\/\/www.visit-ulcinj.com\/blog\/wp-content\/uploads\/2015\/03\/TUROPERATORI-IZ-POLJSKE-SARANDA-BEACH-ULCINJ-4.jpg"},{"@type":"WebPage","@id":"https:\/\/www.visit-ulcinj.com\/blog\/2015\/03\/27\/polski-novinari-turoperatori-u-poseti-ulcinju\/#webpage","url":"https:\/\/www.visit-ulcinj.com\/blog\/2015\/03\/27\/polski-novinari-turoperatori-u-poseti-ulcinju\/","name":"Polski novinari i turoperatori u poseti Ulcinju - Lajme nga Ulqini","isPartOf":{"@id":"https:\/\/www.visit-ulcinj.com\/blog\/#website"},"primaryImageOfPage":{"@id":"https:\/\/www.visit-ulcinj.com\/blog\/2015\/03\/27\/polski-novinari-turoperatori-u-poseti-ulcinju\/#primaryimage"},"datePublished":"2015-03-27T15:25:34+00:00","dateModified":"2015-03-27T15:25:34+00:00","author":{"@id":"https:\/\/www.visit-ulcinj.com\/blog\/#\/schema\/person\/dcab619c614d3038751c63bc2aadc06d"},"description":"TUROPERATORI IZ POLJSKE Ve\u0107 4 dana u Ulcinju boravi grupa od nekoliko turoperatora, predstavnika turisti\u010dkih agencija i sindikalnih preduze\u0107a iz Posljke.","breadcrumb":{"@id":"https:\/\/www.visit-ulcinj.com\/blog\/2015\/03\/27\/polski-novinari-turoperatori-u-poseti-ulcinju\/#breadcrumb"},"inLanguage":"en-US","potentialAction":[{"@type":"ReadAction","target":["https:\/\/www.visit-ulcinj.com\/blog\/2015\/03\/27\/polski-novinari-turoperatori-u-poseti-ulcinju\/"]}]},{"@type":"BreadcrumbList","@id":"https:\/\/www.visit-ulcinj.com\/blog\/2015\/03\/27\/polski-novinari-turoperatori-u-poseti-ulcinju\/#breadcrumb","itemListElement":[{"@type":"ListItem","position":1,"name":"Polski novinari i turoperatori u poseti Ulcinju"}]},{"@type":"Person","@id":"https:\/\/www.visit-ulcinj.com\/blog\/#\/schema\/person\/dcab619c614d3038751c63bc2aadc06d","name":"ulqini","sameAs":["http:\/\/www.visit-ulcinj.com"],"url":"https:\/\/www.visit-ulcinj.com\/blog\/author\/admin\/"}]}},"jetpack_featured_media_url":"","jetpack_sharing_enabled":true,"jetpack_shortlink":"https:\/\/wp.me\/pe6lTn-nkp","_links":{"self":[{"href":"https:\/\/www.visit-ulcinj.com\/blog\/wp-json\/wp\/v2\/posts\/89677"}],"collection":[{"href":"https:\/\/www.visit-ulcinj.com\/blog\/wp-json\/wp\/v2\/posts"}],"about":[{"href":"https:\/\/www.visit-ulcinj.com\/blog\/wp-json\/wp\/v2\/types\/post"}],"author":[{"embeddable":true,"href":"https:\/\/www.visit-ulcinj.com\/blog\/wp-json\/wp\/v2\/users\/1"}],"replies":[{"embeddable":true,"href":"https:\/\/www.visit-ulcinj.com\/blog\/wp-json\/wp\/v2\/comments?post=89677"}],"version-history":[{"count":1,"href":"https:\/\/www.visit-ulcinj.com\/blog\/wp-json\/wp\/v2\/posts\/89677\/revisions"}],"predecessor-version":[{"id":89684,"href":"https:\/\/www.visit-ulcinj.com\/blog\/wp-json\/wp\/v2\/posts\/89677\/revisions\/89684"}],"wp:attachment":[{"href":"https:\/\/www.visit-ulcinj.com\/blog\/wp-json\/wp\/v2\/media?parent=89677"}],"wp:term":[{"taxonomy":"category","embeddable":true,"href":"https:\/\/www.visit-ulcinj.com\/blog\/wp-json\/wp\/v2\/categories?post=89677"},{"taxonomy":"post_tag","embeddable":true,"href":"https:\/\/www.visit-ulcinj.com\/blog\/wp-json\/wp\/v2\/tags?post=89677"}],"curies":[{"name":"wp","href":"https:\/\/api.w.org\/{rel}","templated":true}]}}