{"id":89690,"date":"2015-03-28T20:53:53","date_gmt":"2015-03-28T19:53:53","guid":{"rendered":"http:\/\/www.visit-ulcinj.com\/blog\/?p=89690"},"modified":"2015-03-28T20:53:53","modified_gmt":"2015-03-28T19:53:53","slug":"ulcinjska-solana-bivsi-radnici-blokirali-ulaznu-kapiju","status":"publish","type":"post","link":"https:\/\/www.visit-ulcinj.com\/blog\/2015\/03\/28\/ulcinjska-solana-bivsi-radnici-blokirali-ulaznu-kapiju\/","title":{"rendered":"Ulcinjska Solana: Biv\u0161i radnici blokirali ulaznu kapiju"},"content":{"rendered":"<p><strong><a href=\"http:\/\/www.visit-ulcinj.com\/blog\/wp-content\/uploads\/2015\/03\/ulcinjska-solana.jpg\"><img loading=\"lazy\" class=\"alignleft wp-image-89691\" src=\"http:\/\/www.visit-ulcinj.com\/blog\/wp-content\/uploads\/2015\/03\/ulcinjska-solana.jpg\" alt=\"ulcinjska-solana\" width=\"508\" height=\"321\" srcset=\"https:\/\/www.visit-ulcinj.com\/blog\/wp-content\/uploads\/2015\/03\/ulcinjska-solana.jpg 468w, https:\/\/www.visit-ulcinj.com\/blog\/wp-content\/uploads\/2015\/03\/ulcinjska-solana-300x190.jpg 300w\" sizes=\"(max-width: 508px) 100vw, 508px\" \/><\/a>Autor\/izvor: SEEbiz \/ Portal Analitika<\/strong><\/p>\n<p>ULCINJ &#8211; Biv\u0161i radnici ulcinjske Solane blokirali su danas ulaznu kapiju preduze\u0107a u znak protesta \u0161to je ste\u010dajna uprava dan ranije prodala 14 \u0161lepera neprera\u0111ene soli.<br \/>\nSindikalac Nikola \u010cilingiri kazao je da su preostale zalihe soli iz pretpro\u0161le godine garant radnicima da \u0107e im biti povezan radni sta\u017e.<\/p>\n<p>On je poru\u010dio upravi da vi\u0161e nijedan \u0161leper ne\u0107e u\u0107i u solanu ukoliko novac od prodaje bude usmjeren u druge svrhe.<\/p>\n<p>&#8220;Spontano smo se okupili jer smo sino\u0107 saznali da su \u0161leperi iznijeli 500 tona sirove soli. To vi\u0161e ne\u0107emo dozvoliti jer je ta so na\u0161 trud i znoj a ne njihov&#8221;, poru\u010dio je \u010cilingiri u izjavi portalu Vijesti.<\/p>\n<p>On tvrdi da svi u dr\u017eavi ignori\u0161u probleme biv\u0161ih radnika Solane kojima uprava duguje 12 zarada i za pet i po giodina neupla\u0107ene doprinose.<\/p>\n<p>&#8220;Pozivamo Vladu da se dogovori sa upravom i vlasnicima kako bi im garantovala za kredit koji bi poslu\u017eio da nam makar bude povezan radni sta\u017e. Kad je moglo Metalcu i nekim privatnim kompanijama \u0161to ne bi moglo i nama&#8221;, kazao je \u010cilingiri.<\/p>\n<p>Ocijenio je da je indikativno \u0161to su \u0161leperi ba\u0161 ju\u010de do\u0161li u Solanu.<\/p>\n<p>&#8220;Samo dan ranije imali smo sastanak u Podgorici kome je prisustvovao i ste\u010dajni upravnik Ognjen Jovovi\u0107. Mi iz sindikata smo mu predlo\u017eili da proda so sa lagera i da nam pove\u017ee radni sta\u017e kako bi po novom zakonu neki od nas stekli uslove za penzju. Ali eto ju\u010de stigo\u0161e \u0161leperi i bageri iz Podgorice&#8221;, kazao je \u010cilingiri.<\/p>\n<p>Naveo je da biv\u0161i radnici vi\u0161e ne zanju kome da se obrate za pomo\u0107.<\/p>\n<p>&#8220;Samo nas \u0161etaju a mi samo \u017eelimo da ostvarimo na\u0161a prava po va\u017ee\u0107im zakonima&#8221;, kazao je \u010cilingiri.<\/p>\n<p>Biv\u0161i radnici pozvali su predsjednika Filipa Vujanovi\u0107a i premijera Mila \u0110ukanovi\u0107a da se hitno uklju\u010de u rje\u0161avanje njihovih problema<\/p>\n<p>Jovovi\u0107 sino\u0107 nije htio da komentaro\u0161e tvrdnje biv\u0161ih radnika.<\/p>\n<p>Solana je od 2003. bila pod kontrolom Veselina Barovi\u0107a, a sada je u vlasni\u0161tvu Eurofonda i ljudi bliskih podgori\u010dkom biznismenu.<\/p>\n","protected":false},"excerpt":{"rendered":"<p>Autor\/izvor: SEEbiz \/ Portal Analitika ULCINJ &#8211; Biv\u0161i radnici ulcinjske Solane blokirali su danas ulaznu kapiju preduze\u0107a u znak protesta \u0161to je ste\u010dajna uprava dan ranije prodala 14 \u0161lepera neprera\u0111ene soli. Sindikalac Nikola \u010cilingiri kazao je da su preostale zalihe soli iz pretpro\u0161le godine garant radnicima da \u0107e im biti povezan radni sta\u017e. On je [&hellip;]<\/p>\n","protected":false},"author":1,"featured_media":0,"comment_status":"closed","ping_status":"closed","sticky":false,"template":"","format":"standard","meta":{"spay_email":"","jetpack_publicize_message":"","jetpack_is_tweetstorm":false,"jetpack_publicize_feature_enabled":true},"categories":[8337],"tags":[],"jetpack_publicize_connections":[],"yoast_head":"<!-- This site is optimized with the Yoast SEO plugin v19.1 - https:\/\/yoast.com\/wordpress\/plugins\/seo\/ -->\n<title>Ulcinjska Solana: Biv\u0161i radnici blokirali ulaznu kapiju - Lajme nga Ulqini<\/title>\n<meta name=\"description\" content=\"Autor\/izvor: SEEbiz \/ Portal Analitika ULCINJ - Biv\u0161i radnici ulcinjske Solane blokirali su danas ulaznu kapiju preduze\u0107a u znak protesta \u0161to je ste\u010dajna\" \/>\n<meta name=\"robots\" content=\"index, follow, max-snippet:-1, max-image-preview:large, max-video-preview:-1\" \/>\n<link rel=\"canonical\" href=\"https:\/\/www.visit-ulcinj.com\/blog\/2015\/03\/28\/ulcinjska-solana-bivsi-radnici-blokirali-ulaznu-kapiju\/\" \/>\n<meta property=\"og:locale\" content=\"en_US\" \/>\n<meta property=\"og:type\" content=\"article\" \/>\n<meta property=\"og:title\" content=\"Ulcinjska Solana: Biv\u0161i radnici blokirali ulaznu kapiju - Lajme nga Ulqini\" \/>\n<meta property=\"og:description\" content=\"Autor\/izvor: SEEbiz \/ Portal Analitika ULCINJ - Biv\u0161i radnici ulcinjske Solane blokirali su danas ulaznu kapiju preduze\u0107a u znak protesta \u0161to je ste\u010dajna\" \/>\n<meta property=\"og:url\" content=\"https:\/\/www.visit-ulcinj.com\/blog\/2015\/03\/28\/ulcinjska-solana-bivsi-radnici-blokirali-ulaznu-kapiju\/\" \/>\n<meta property=\"og:site_name\" content=\"Lajme nga Ulqini\" \/>\n<meta property=\"article:published_time\" content=\"2015-03-28T19:53:53+00:00\" \/>\n<meta property=\"og:image\" content=\"http:\/\/www.visit-ulcinj.com\/blog\/wp-content\/uploads\/2015\/03\/ulcinjska-solana.jpg\" \/>\n<meta name=\"twitter:label1\" content=\"Written by\" \/>\n\t<meta name=\"twitter:data1\" content=\"ulqini\" \/>\n\t<meta name=\"twitter:label2\" content=\"Est. reading time\" \/>\n\t<meta name=\"twitter:data2\" content=\"2 minutes\" \/>\n<script type=\"application\/ld+json\" class=\"yoast-schema-graph\">{\"@context\":\"https:\/\/schema.org\",\"@graph\":[{\"@type\":\"WebSite\",\"@id\":\"https:\/\/www.visit-ulcinj.com\/blog\/#website\",\"url\":\"https:\/\/www.visit-ulcinj.com\/blog\/\",\"name\":\"Lajme nga Ulqini\",\"description\":\"Lajme,Vijesti,Ulqini,Ulqin,Crna Gora,Mali i Zi\",\"potentialAction\":[{\"@type\":\"SearchAction\",\"target\":{\"@type\":\"EntryPoint\",\"urlTemplate\":\"https:\/\/www.visit-ulcinj.com\/blog\/?s={search_term_string}\"},\"query-input\":\"required name=search_term_string\"}],\"inLanguage\":\"en-US\"},{\"@type\":\"ImageObject\",\"inLanguage\":\"en-US\",\"@id\":\"https:\/\/www.visit-ulcinj.com\/blog\/2015\/03\/28\/ulcinjska-solana-bivsi-radnici-blokirali-ulaznu-kapiju\/#primaryimage\",\"url\":\"https:\/\/www.visit-ulcinj.com\/blog\/wp-content\/uploads\/2015\/03\/ulcinjska-solana.jpg\",\"contentUrl\":\"https:\/\/www.visit-ulcinj.com\/blog\/wp-content\/uploads\/2015\/03\/ulcinjska-solana.jpg\",\"width\":468,\"height\":296},{\"@type\":\"WebPage\",\"@id\":\"https:\/\/www.visit-ulcinj.com\/blog\/2015\/03\/28\/ulcinjska-solana-bivsi-radnici-blokirali-ulaznu-kapiju\/#webpage\",\"url\":\"https:\/\/www.visit-ulcinj.com\/blog\/2015\/03\/28\/ulcinjska-solana-bivsi-radnici-blokirali-ulaznu-kapiju\/\",\"name\":\"Ulcinjska Solana: Biv\u0161i radnici blokirali ulaznu kapiju - Lajme nga Ulqini\",\"isPartOf\":{\"@id\":\"https:\/\/www.visit-ulcinj.com\/blog\/#website\"},\"primaryImageOfPage\":{\"@id\":\"https:\/\/www.visit-ulcinj.com\/blog\/2015\/03\/28\/ulcinjska-solana-bivsi-radnici-blokirali-ulaznu-kapiju\/#primaryimage\"},\"datePublished\":\"2015-03-28T19:53:53+00:00\",\"dateModified\":\"2015-03-28T19:53:53+00:00\",\"author\":{\"@id\":\"https:\/\/www.visit-ulcinj.com\/blog\/#\/schema\/person\/dcab619c614d3038751c63bc2aadc06d\"},\"description\":\"Autor\/izvor: SEEbiz \/ Portal Analitika ULCINJ - Biv\u0161i radnici ulcinjske Solane blokirali su danas ulaznu kapiju preduze\u0107a u znak protesta \u0161to je ste\u010dajna\",\"breadcrumb\":{\"@id\":\"https:\/\/www.visit-ulcinj.com\/blog\/2015\/03\/28\/ulcinjska-solana-bivsi-radnici-blokirali-ulaznu-kapiju\/#breadcrumb\"},\"inLanguage\":\"en-US\",\"potentialAction\":[{\"@type\":\"ReadAction\",\"target\":[\"https:\/\/www.visit-ulcinj.com\/blog\/2015\/03\/28\/ulcinjska-solana-bivsi-radnici-blokirali-ulaznu-kapiju\/\"]}]},{\"@type\":\"BreadcrumbList\",\"@id\":\"https:\/\/www.visit-ulcinj.com\/blog\/2015\/03\/28\/ulcinjska-solana-bivsi-radnici-blokirali-ulaznu-kapiju\/#breadcrumb\",\"itemListElement\":[{\"@type\":\"ListItem\",\"position\":1,\"name\":\"Ulcinjska Solana: Biv\u0161i radnici blokirali ulaznu kapiju\"}]},{\"@type\":\"Person\",\"@id\":\"https:\/\/www.visit-ulcinj.com\/blog\/#\/schema\/person\/dcab619c614d3038751c63bc2aadc06d\",\"name\":\"ulqini\",\"sameAs\":[\"http:\/\/www.visit-ulcinj.com\"],\"url\":\"https:\/\/www.visit-ulcinj.com\/blog\/author\/admin\/\"}]}<\/script>\n<!-- \/ Yoast SEO plugin. -->","yoast_head_json":{"title":"Ulcinjska Solana: Biv\u0161i radnici blokirali ulaznu kapiju - Lajme nga Ulqini","description":"Autor\/izvor: SEEbiz \/ Portal Analitika ULCINJ - Biv\u0161i radnici ulcinjske Solane blokirali su danas ulaznu kapiju preduze\u0107a u znak protesta \u0161to je ste\u010dajna","robots":{"index":"index","follow":"follow","max-snippet":"max-snippet:-1","max-image-preview":"max-image-preview:large","max-video-preview":"max-video-preview:-1"},"canonical":"https:\/\/www.visit-ulcinj.com\/blog\/2015\/03\/28\/ulcinjska-solana-bivsi-radnici-blokirali-ulaznu-kapiju\/","og_locale":"en_US","og_type":"article","og_title":"Ulcinjska Solana: Biv\u0161i radnici blokirali ulaznu kapiju - Lajme nga Ulqini","og_description":"Autor\/izvor: SEEbiz \/ Portal Analitika ULCINJ - Biv\u0161i radnici ulcinjske Solane blokirali su danas ulaznu kapiju preduze\u0107a u znak protesta \u0161to je ste\u010dajna","og_url":"https:\/\/www.visit-ulcinj.com\/blog\/2015\/03\/28\/ulcinjska-solana-bivsi-radnici-blokirali-ulaznu-kapiju\/","og_site_name":"Lajme nga Ulqini","article_published_time":"2015-03-28T19:53:53+00:00","og_image":[{"url":"http:\/\/www.visit-ulcinj.com\/blog\/wp-content\/uploads\/2015\/03\/ulcinjska-solana.jpg"}],"twitter_misc":{"Written by":"ulqini","Est. reading time":"2 minutes"},"schema":{"@context":"https:\/\/schema.org","@graph":[{"@type":"WebSite","@id":"https:\/\/www.visit-ulcinj.com\/blog\/#website","url":"https:\/\/www.visit-ulcinj.com\/blog\/","name":"Lajme nga Ulqini","description":"Lajme,Vijesti,Ulqini,Ulqin,Crna Gora,Mali i Zi","potentialAction":[{"@type":"SearchAction","target":{"@type":"EntryPoint","urlTemplate":"https:\/\/www.visit-ulcinj.com\/blog\/?s={search_term_string}"},"query-input":"required name=search_term_string"}],"inLanguage":"en-US"},{"@type":"ImageObject","inLanguage":"en-US","@id":"https:\/\/www.visit-ulcinj.com\/blog\/2015\/03\/28\/ulcinjska-solana-bivsi-radnici-blokirali-ulaznu-kapiju\/#primaryimage","url":"https:\/\/www.visit-ulcinj.com\/blog\/wp-content\/uploads\/2015\/03\/ulcinjska-solana.jpg","contentUrl":"https:\/\/www.visit-ulcinj.com\/blog\/wp-content\/uploads\/2015\/03\/ulcinjska-solana.jpg","width":468,"height":296},{"@type":"WebPage","@id":"https:\/\/www.visit-ulcinj.com\/blog\/2015\/03\/28\/ulcinjska-solana-bivsi-radnici-blokirali-ulaznu-kapiju\/#webpage","url":"https:\/\/www.visit-ulcinj.com\/blog\/2015\/03\/28\/ulcinjska-solana-bivsi-radnici-blokirali-ulaznu-kapiju\/","name":"Ulcinjska Solana: Biv\u0161i radnici blokirali ulaznu kapiju - Lajme nga Ulqini","isPartOf":{"@id":"https:\/\/www.visit-ulcinj.com\/blog\/#website"},"primaryImageOfPage":{"@id":"https:\/\/www.visit-ulcinj.com\/blog\/2015\/03\/28\/ulcinjska-solana-bivsi-radnici-blokirali-ulaznu-kapiju\/#primaryimage"},"datePublished":"2015-03-28T19:53:53+00:00","dateModified":"2015-03-28T19:53:53+00:00","author":{"@id":"https:\/\/www.visit-ulcinj.com\/blog\/#\/schema\/person\/dcab619c614d3038751c63bc2aadc06d"},"description":"Autor\/izvor: SEEbiz \/ Portal Analitika ULCINJ - Biv\u0161i radnici ulcinjske Solane blokirali su danas ulaznu kapiju preduze\u0107a u znak protesta \u0161to je ste\u010dajna","breadcrumb":{"@id":"https:\/\/www.visit-ulcinj.com\/blog\/2015\/03\/28\/ulcinjska-solana-bivsi-radnici-blokirali-ulaznu-kapiju\/#breadcrumb"},"inLanguage":"en-US","potentialAction":[{"@type":"ReadAction","target":["https:\/\/www.visit-ulcinj.com\/blog\/2015\/03\/28\/ulcinjska-solana-bivsi-radnici-blokirali-ulaznu-kapiju\/"]}]},{"@type":"BreadcrumbList","@id":"https:\/\/www.visit-ulcinj.com\/blog\/2015\/03\/28\/ulcinjska-solana-bivsi-radnici-blokirali-ulaznu-kapiju\/#breadcrumb","itemListElement":[{"@type":"ListItem","position":1,"name":"Ulcinjska Solana: Biv\u0161i radnici blokirali ulaznu kapiju"}]},{"@type":"Person","@id":"https:\/\/www.visit-ulcinj.com\/blog\/#\/schema\/person\/dcab619c614d3038751c63bc2aadc06d","name":"ulqini","sameAs":["http:\/\/www.visit-ulcinj.com"],"url":"https:\/\/www.visit-ulcinj.com\/blog\/author\/admin\/"}]}},"jetpack_featured_media_url":"","jetpack_sharing_enabled":true,"jetpack_shortlink":"https:\/\/wp.me\/pe6lTn-nkC","_links":{"self":[{"href":"https:\/\/www.visit-ulcinj.com\/blog\/wp-json\/wp\/v2\/posts\/89690"}],"collection":[{"href":"https:\/\/www.visit-ulcinj.com\/blog\/wp-json\/wp\/v2\/posts"}],"about":[{"href":"https:\/\/www.visit-ulcinj.com\/blog\/wp-json\/wp\/v2\/types\/post"}],"author":[{"embeddable":true,"href":"https:\/\/www.visit-ulcinj.com\/blog\/wp-json\/wp\/v2\/users\/1"}],"replies":[{"embeddable":true,"href":"https:\/\/www.visit-ulcinj.com\/blog\/wp-json\/wp\/v2\/comments?post=89690"}],"version-history":[{"count":1,"href":"https:\/\/www.visit-ulcinj.com\/blog\/wp-json\/wp\/v2\/posts\/89690\/revisions"}],"predecessor-version":[{"id":89692,"href":"https:\/\/www.visit-ulcinj.com\/blog\/wp-json\/wp\/v2\/posts\/89690\/revisions\/89692"}],"wp:attachment":[{"href":"https:\/\/www.visit-ulcinj.com\/blog\/wp-json\/wp\/v2\/media?parent=89690"}],"wp:term":[{"taxonomy":"category","embeddable":true,"href":"https:\/\/www.visit-ulcinj.com\/blog\/wp-json\/wp\/v2\/categories?post=89690"},{"taxonomy":"post_tag","embeddable":true,"href":"https:\/\/www.visit-ulcinj.com\/blog\/wp-json\/wp\/v2\/tags?post=89690"}],"curies":[{"name":"wp","href":"https:\/\/api.w.org\/{rel}","templated":true}]}}