{"id":89708,"date":"2015-03-31T07:25:47","date_gmt":"2015-03-31T06:25:47","guid":{"rendered":"http:\/\/www.visit-ulcinj.com\/blog\/?p=89708"},"modified":"2015-03-31T18:12:12","modified_gmt":"2015-03-31T17:12:12","slug":"kompania-turke-polin-cdo-gje-gati-per-fillim-te-punimeve","status":"publish","type":"post","link":"https:\/\/www.visit-ulcinj.com\/blog\/2015\/03\/31\/kompania-turke-polin-cdo-gje-gati-per-fillim-te-punimeve\/","title":{"rendered":"Kompania turke \u201cPolin\u201d: \u00c7do gj\u00eb gati p\u00ebr fillim t\u00eb punimeve"},"content":{"rendered":"<p><a href=\"http:\/\/www.visit-ulcinj.com\/blog\/wp-content\/uploads\/2015\/03\/Akva-park-polin.png\"><img loading=\"lazy\" class=\"alignleft wp-image-89709\" src=\"http:\/\/www.visit-ulcinj.com\/blog\/wp-content\/uploads\/2015\/03\/Akva-park-polin.png\" alt=\"Akva park-polin\" width=\"508\" height=\"259\" srcset=\"https:\/\/www.visit-ulcinj.com\/blog\/wp-content\/uploads\/2015\/03\/Akva-park-polin.png 700w, https:\/\/www.visit-ulcinj.com\/blog\/wp-content\/uploads\/2015\/03\/Akva-park-polin-300x153.png 300w\" sizes=\"(max-width: 508px) 100vw, 508px\" \/><\/a>Kompania turke \u201cPolin\u201d \u00ebsht\u00eb gati q\u00eb prej nes\u00ebr t\u2019i filloj\u00eb, t\u00eb ashtuquajturat, punimet hulumtuese, nd\u00ebrsa nj\u00ebkoh\u00ebsisht do t\u00eb punohej n\u00eb projektin final t\u00eb nd\u00ebrtimit t\u00eb qytetit ujor n\u00eb Shtoj, shkruan \u201cPobjeda\u201d. Kryetari i komun\u00ebs s\u00eb Ulqinit Fatmir Gjeka p\u00ebr k\u00ebt\u00eb gazet\u00eb tha se mbas vendimit t\u00eb Ministris\u00eb s\u00eb financave, situata \u00ebsht\u00eb b\u00ebr\u00eb akoma m\u00eb e qart\u00eb duke shprehur bindjen se n\u00eb disa dit\u00ebt e ardhshme t\u00eb gjith\u00eb problemet do t\u00eb tejkalohen.<\/p>\n<p>\u201cN\u00eb rast se ky investim me vler\u00eb 7,5 milion euro d\u00ebshton, shum\u00eb do t\u00eb humbasin edhe banor\u00ebt e Shtojit, po edhe familja Rudoviq, sepse t\u00eb gjith\u00eb eksperiencat tregojn\u00eb se \u00e7mimi i tok\u00ebs n\u00eb rrethin\u00ebn e af\u00ebrt dhe t\u00eb larg\u00ebt t\u00eb akua-parqeve rritet tre deri n\u00eb gjasht\u00eb her\u00eb\u201d, shkruan kjo gazet\u00eb duke shtuar se tani mbetet t\u00eb veprojn\u00eb organet shtet\u00ebrore.<\/p>\n<p>TVCG<\/p>\n","protected":false},"excerpt":{"rendered":"<p>Kompania turke \u201cPolin\u201d \u00ebsht\u00eb gati q\u00eb prej nes\u00ebr t\u2019i filloj\u00eb, t\u00eb ashtuquajturat, punimet hulumtuese, nd\u00ebrsa nj\u00ebkoh\u00ebsisht do t\u00eb punohej n\u00eb projektin final t\u00eb nd\u00ebrtimit t\u00eb qytetit ujor n\u00eb Shtoj, shkruan \u201cPobjeda\u201d. Kryetari i komun\u00ebs s\u00eb Ulqinit Fatmir Gjeka p\u00ebr k\u00ebt\u00eb gazet\u00eb tha se mbas vendimit t\u00eb Ministris\u00eb s\u00eb financave, situata \u00ebsht\u00eb b\u00ebr\u00eb akoma m\u00eb e [&hellip;]<\/p>\n","protected":false},"author":1,"featured_media":0,"comment_status":"closed","ping_status":"closed","sticky":false,"template":"","format":"standard","meta":{"spay_email":"","jetpack_publicize_message":"","jetpack_is_tweetstorm":false,"jetpack_publicize_feature_enabled":true},"categories":[1,11],"tags":[],"jetpack_publicize_connections":[],"yoast_head":"<!-- This site is optimized with the Yoast SEO plugin v19.1 - https:\/\/yoast.com\/wordpress\/plugins\/seo\/ -->\n<title>Kompania turke \u201cPolin\u201d: \u00c7do gj\u00eb gati p\u00ebr fillim t\u00eb punimeve - Lajme nga Ulqini<\/title>\n<meta name=\"description\" content=\"Kompania turke \u201cPolin\u201d \u00ebsht\u00eb gati q\u00eb prej nes\u00ebr t\u2019i filloj\u00eb, t\u00eb ashtuquajturat, punimet hulumtuese, nd\u00ebrsa nj\u00ebkoh\u00ebsisht do t\u00eb punohej n\u00eb projektin final\" \/>\n<meta name=\"robots\" content=\"index, follow, max-snippet:-1, max-image-preview:large, max-video-preview:-1\" \/>\n<link rel=\"canonical\" href=\"https:\/\/www.visit-ulcinj.com\/blog\/2015\/03\/31\/kompania-turke-polin-cdo-gje-gati-per-fillim-te-punimeve\/\" \/>\n<meta property=\"og:locale\" content=\"en_US\" \/>\n<meta property=\"og:type\" content=\"article\" \/>\n<meta property=\"og:title\" content=\"Kompania turke \u201cPolin\u201d: \u00c7do gj\u00eb gati p\u00ebr fillim t\u00eb punimeve - Lajme nga Ulqini\" \/>\n<meta property=\"og:description\" content=\"Kompania turke \u201cPolin\u201d \u00ebsht\u00eb gati q\u00eb prej nes\u00ebr t\u2019i filloj\u00eb, t\u00eb ashtuquajturat, punimet hulumtuese, nd\u00ebrsa nj\u00ebkoh\u00ebsisht do t\u00eb punohej n\u00eb projektin final\" \/>\n<meta property=\"og:url\" content=\"https:\/\/www.visit-ulcinj.com\/blog\/2015\/03\/31\/kompania-turke-polin-cdo-gje-gati-per-fillim-te-punimeve\/\" \/>\n<meta property=\"og:site_name\" content=\"Lajme nga Ulqini\" \/>\n<meta property=\"article:published_time\" content=\"2015-03-31T06:25:47+00:00\" \/>\n<meta property=\"article:modified_time\" content=\"2015-03-31T17:12:12+00:00\" \/>\n<meta property=\"og:image\" content=\"http:\/\/www.visit-ulcinj.com\/blog\/wp-content\/uploads\/2015\/03\/Akva-park-polin.png\" \/>\n<meta name=\"twitter:label1\" content=\"Written by\" \/>\n\t<meta name=\"twitter:data1\" content=\"ulqini\" \/>\n\t<meta name=\"twitter:label2\" content=\"Est. reading time\" \/>\n\t<meta name=\"twitter:data2\" content=\"1 minute\" \/>\n<script type=\"application\/ld+json\" class=\"yoast-schema-graph\">{\"@context\":\"https:\/\/schema.org\",\"@graph\":[{\"@type\":\"WebSite\",\"@id\":\"https:\/\/www.visit-ulcinj.com\/blog\/#website\",\"url\":\"https:\/\/www.visit-ulcinj.com\/blog\/\",\"name\":\"Lajme nga Ulqini\",\"description\":\"Lajme,Vijesti,Ulqini,Ulqin,Crna Gora,Mali i Zi\",\"potentialAction\":[{\"@type\":\"SearchAction\",\"target\":{\"@type\":\"EntryPoint\",\"urlTemplate\":\"https:\/\/www.visit-ulcinj.com\/blog\/?s={search_term_string}\"},\"query-input\":\"required name=search_term_string\"}],\"inLanguage\":\"en-US\"},{\"@type\":\"ImageObject\",\"inLanguage\":\"en-US\",\"@id\":\"https:\/\/www.visit-ulcinj.com\/blog\/2015\/03\/31\/kompania-turke-polin-cdo-gje-gati-per-fillim-te-punimeve\/#primaryimage\",\"url\":\"https:\/\/www.visit-ulcinj.com\/blog\/wp-content\/uploads\/2015\/03\/Akva-park-polin.png\",\"contentUrl\":\"https:\/\/www.visit-ulcinj.com\/blog\/wp-content\/uploads\/2015\/03\/Akva-park-polin.png\",\"width\":700,\"height\":357},{\"@type\":\"WebPage\",\"@id\":\"https:\/\/www.visit-ulcinj.com\/blog\/2015\/03\/31\/kompania-turke-polin-cdo-gje-gati-per-fillim-te-punimeve\/#webpage\",\"url\":\"https:\/\/www.visit-ulcinj.com\/blog\/2015\/03\/31\/kompania-turke-polin-cdo-gje-gati-per-fillim-te-punimeve\/\",\"name\":\"Kompania turke \u201cPolin\u201d: \u00c7do gj\u00eb gati p\u00ebr fillim t\u00eb punimeve - Lajme nga Ulqini\",\"isPartOf\":{\"@id\":\"https:\/\/www.visit-ulcinj.com\/blog\/#website\"},\"primaryImageOfPage\":{\"@id\":\"https:\/\/www.visit-ulcinj.com\/blog\/2015\/03\/31\/kompania-turke-polin-cdo-gje-gati-per-fillim-te-punimeve\/#primaryimage\"},\"datePublished\":\"2015-03-31T06:25:47+00:00\",\"dateModified\":\"2015-03-31T17:12:12+00:00\",\"author\":{\"@id\":\"https:\/\/www.visit-ulcinj.com\/blog\/#\/schema\/person\/dcab619c614d3038751c63bc2aadc06d\"},\"description\":\"Kompania turke \u201cPolin\u201d \u00ebsht\u00eb gati q\u00eb prej nes\u00ebr t\u2019i filloj\u00eb, t\u00eb ashtuquajturat, punimet hulumtuese, nd\u00ebrsa nj\u00ebkoh\u00ebsisht do t\u00eb punohej n\u00eb projektin final\",\"breadcrumb\":{\"@id\":\"https:\/\/www.visit-ulcinj.com\/blog\/2015\/03\/31\/kompania-turke-polin-cdo-gje-gati-per-fillim-te-punimeve\/#breadcrumb\"},\"inLanguage\":\"en-US\",\"potentialAction\":[{\"@type\":\"ReadAction\",\"target\":[\"https:\/\/www.visit-ulcinj.com\/blog\/2015\/03\/31\/kompania-turke-polin-cdo-gje-gati-per-fillim-te-punimeve\/\"]}]},{\"@type\":\"BreadcrumbList\",\"@id\":\"https:\/\/www.visit-ulcinj.com\/blog\/2015\/03\/31\/kompania-turke-polin-cdo-gje-gati-per-fillim-te-punimeve\/#breadcrumb\",\"itemListElement\":[{\"@type\":\"ListItem\",\"position\":1,\"name\":\"Kompania turke \u201cPolin\u201d: \u00c7do gj\u00eb gati p\u00ebr fillim t\u00eb punimeve\"}]},{\"@type\":\"Person\",\"@id\":\"https:\/\/www.visit-ulcinj.com\/blog\/#\/schema\/person\/dcab619c614d3038751c63bc2aadc06d\",\"name\":\"ulqini\",\"sameAs\":[\"http:\/\/www.visit-ulcinj.com\"],\"url\":\"https:\/\/www.visit-ulcinj.com\/blog\/author\/admin\/\"}]}<\/script>\n<!-- \/ Yoast SEO plugin. -->","yoast_head_json":{"title":"Kompania turke \u201cPolin\u201d: \u00c7do gj\u00eb gati p\u00ebr fillim t\u00eb punimeve - Lajme nga Ulqini","description":"Kompania turke \u201cPolin\u201d \u00ebsht\u00eb gati q\u00eb prej nes\u00ebr t\u2019i filloj\u00eb, t\u00eb ashtuquajturat, punimet hulumtuese, nd\u00ebrsa nj\u00ebkoh\u00ebsisht do t\u00eb punohej n\u00eb projektin final","robots":{"index":"index","follow":"follow","max-snippet":"max-snippet:-1","max-image-preview":"max-image-preview:large","max-video-preview":"max-video-preview:-1"},"canonical":"https:\/\/www.visit-ulcinj.com\/blog\/2015\/03\/31\/kompania-turke-polin-cdo-gje-gati-per-fillim-te-punimeve\/","og_locale":"en_US","og_type":"article","og_title":"Kompania turke \u201cPolin\u201d: \u00c7do gj\u00eb gati p\u00ebr fillim t\u00eb punimeve - Lajme nga Ulqini","og_description":"Kompania turke \u201cPolin\u201d \u00ebsht\u00eb gati q\u00eb prej nes\u00ebr t\u2019i filloj\u00eb, t\u00eb ashtuquajturat, punimet hulumtuese, nd\u00ebrsa nj\u00ebkoh\u00ebsisht do t\u00eb punohej n\u00eb projektin final","og_url":"https:\/\/www.visit-ulcinj.com\/blog\/2015\/03\/31\/kompania-turke-polin-cdo-gje-gati-per-fillim-te-punimeve\/","og_site_name":"Lajme nga Ulqini","article_published_time":"2015-03-31T06:25:47+00:00","article_modified_time":"2015-03-31T17:12:12+00:00","og_image":[{"url":"http:\/\/www.visit-ulcinj.com\/blog\/wp-content\/uploads\/2015\/03\/Akva-park-polin.png"}],"twitter_misc":{"Written by":"ulqini","Est. reading time":"1 minute"},"schema":{"@context":"https:\/\/schema.org","@graph":[{"@type":"WebSite","@id":"https:\/\/www.visit-ulcinj.com\/blog\/#website","url":"https:\/\/www.visit-ulcinj.com\/blog\/","name":"Lajme nga Ulqini","description":"Lajme,Vijesti,Ulqini,Ulqin,Crna Gora,Mali i Zi","potentialAction":[{"@type":"SearchAction","target":{"@type":"EntryPoint","urlTemplate":"https:\/\/www.visit-ulcinj.com\/blog\/?s={search_term_string}"},"query-input":"required name=search_term_string"}],"inLanguage":"en-US"},{"@type":"ImageObject","inLanguage":"en-US","@id":"https:\/\/www.visit-ulcinj.com\/blog\/2015\/03\/31\/kompania-turke-polin-cdo-gje-gati-per-fillim-te-punimeve\/#primaryimage","url":"https:\/\/www.visit-ulcinj.com\/blog\/wp-content\/uploads\/2015\/03\/Akva-park-polin.png","contentUrl":"https:\/\/www.visit-ulcinj.com\/blog\/wp-content\/uploads\/2015\/03\/Akva-park-polin.png","width":700,"height":357},{"@type":"WebPage","@id":"https:\/\/www.visit-ulcinj.com\/blog\/2015\/03\/31\/kompania-turke-polin-cdo-gje-gati-per-fillim-te-punimeve\/#webpage","url":"https:\/\/www.visit-ulcinj.com\/blog\/2015\/03\/31\/kompania-turke-polin-cdo-gje-gati-per-fillim-te-punimeve\/","name":"Kompania turke \u201cPolin\u201d: \u00c7do gj\u00eb gati p\u00ebr fillim t\u00eb punimeve - Lajme nga Ulqini","isPartOf":{"@id":"https:\/\/www.visit-ulcinj.com\/blog\/#website"},"primaryImageOfPage":{"@id":"https:\/\/www.visit-ulcinj.com\/blog\/2015\/03\/31\/kompania-turke-polin-cdo-gje-gati-per-fillim-te-punimeve\/#primaryimage"},"datePublished":"2015-03-31T06:25:47+00:00","dateModified":"2015-03-31T17:12:12+00:00","author":{"@id":"https:\/\/www.visit-ulcinj.com\/blog\/#\/schema\/person\/dcab619c614d3038751c63bc2aadc06d"},"description":"Kompania turke \u201cPolin\u201d \u00ebsht\u00eb gati q\u00eb prej nes\u00ebr t\u2019i filloj\u00eb, t\u00eb ashtuquajturat, punimet hulumtuese, nd\u00ebrsa nj\u00ebkoh\u00ebsisht do t\u00eb punohej n\u00eb projektin final","breadcrumb":{"@id":"https:\/\/www.visit-ulcinj.com\/blog\/2015\/03\/31\/kompania-turke-polin-cdo-gje-gati-per-fillim-te-punimeve\/#breadcrumb"},"inLanguage":"en-US","potentialAction":[{"@type":"ReadAction","target":["https:\/\/www.visit-ulcinj.com\/blog\/2015\/03\/31\/kompania-turke-polin-cdo-gje-gati-per-fillim-te-punimeve\/"]}]},{"@type":"BreadcrumbList","@id":"https:\/\/www.visit-ulcinj.com\/blog\/2015\/03\/31\/kompania-turke-polin-cdo-gje-gati-per-fillim-te-punimeve\/#breadcrumb","itemListElement":[{"@type":"ListItem","position":1,"name":"Kompania turke \u201cPolin\u201d: \u00c7do gj\u00eb gati p\u00ebr fillim t\u00eb punimeve"}]},{"@type":"Person","@id":"https:\/\/www.visit-ulcinj.com\/blog\/#\/schema\/person\/dcab619c614d3038751c63bc2aadc06d","name":"ulqini","sameAs":["http:\/\/www.visit-ulcinj.com"],"url":"https:\/\/www.visit-ulcinj.com\/blog\/author\/admin\/"}]}},"jetpack_featured_media_url":"","jetpack_sharing_enabled":true,"jetpack_shortlink":"https:\/\/wp.me\/pe6lTn-nkU","_links":{"self":[{"href":"https:\/\/www.visit-ulcinj.com\/blog\/wp-json\/wp\/v2\/posts\/89708"}],"collection":[{"href":"https:\/\/www.visit-ulcinj.com\/blog\/wp-json\/wp\/v2\/posts"}],"about":[{"href":"https:\/\/www.visit-ulcinj.com\/blog\/wp-json\/wp\/v2\/types\/post"}],"author":[{"embeddable":true,"href":"https:\/\/www.visit-ulcinj.com\/blog\/wp-json\/wp\/v2\/users\/1"}],"replies":[{"embeddable":true,"href":"https:\/\/www.visit-ulcinj.com\/blog\/wp-json\/wp\/v2\/comments?post=89708"}],"version-history":[{"count":1,"href":"https:\/\/www.visit-ulcinj.com\/blog\/wp-json\/wp\/v2\/posts\/89708\/revisions"}],"predecessor-version":[{"id":89710,"href":"https:\/\/www.visit-ulcinj.com\/blog\/wp-json\/wp\/v2\/posts\/89708\/revisions\/89710"}],"wp:attachment":[{"href":"https:\/\/www.visit-ulcinj.com\/blog\/wp-json\/wp\/v2\/media?parent=89708"}],"wp:term":[{"taxonomy":"category","embeddable":true,"href":"https:\/\/www.visit-ulcinj.com\/blog\/wp-json\/wp\/v2\/categories?post=89708"},{"taxonomy":"post_tag","embeddable":true,"href":"https:\/\/www.visit-ulcinj.com\/blog\/wp-json\/wp\/v2\/tags?post=89708"}],"curies":[{"name":"wp","href":"https:\/\/api.w.org\/{rel}","templated":true}]}}