{"id":89721,"date":"2015-03-31T18:09:47","date_gmt":"2015-03-31T17:09:47","guid":{"rendered":"http:\/\/www.visit-ulcinj.com\/blog\/?p=89721"},"modified":"2015-04-01T06:56:49","modified_gmt":"2015-04-01T05:56:49","slug":"ne-kllezen-makina-bie-ne-humnere-2-te-plagosur","status":"publish","type":"post","link":"https:\/\/www.visit-ulcinj.com\/blog\/2015\/03\/31\/ne-kllezen-makina-bie-ne-humnere-2-te-plagosur\/","title":{"rendered":"N\u00eb Kllez\u00ebn makina bie n\u00eb humner\u00eb, 2 t\u00eb plagosur"},"content":{"rendered":"<p><strong><a href=\"http:\/\/www.visit-ulcinj.com\/blog\/wp-content\/uploads\/2015\/03\/N\u00eb-Kllez\u00ebn-makina-bie-n\u00eb-humner\u00eb.jpg\"><img loading=\"lazy\" class=\"alignleft wp-image-89722\" src=\"http:\/\/www.visit-ulcinj.com\/blog\/wp-content\/uploads\/2015\/03\/N\u00eb-Kllez\u00ebn-makina-bie-n\u00eb-humner\u00eb.jpg\" alt=\"N\u00eb Kllez\u00ebn makina bie n\u00eb humner\u00eb\" width=\"508\" height=\"521\" srcset=\"https:\/\/www.visit-ulcinj.com\/blog\/wp-content\/uploads\/2015\/03\/N\u00eb-Kllez\u00ebn-makina-bie-n\u00eb-humner\u00eb.jpg 640w, https:\/\/www.visit-ulcinj.com\/blog\/wp-content\/uploads\/2015\/03\/N\u00eb-Kllez\u00ebn-makina-bie-n\u00eb-humner\u00eb-293x300.jpg 293w\" sizes=\"(max-width: 508px) 100vw, 508px\" \/><\/a>Kllez\u00ebn &#8211; <\/strong>Dy persona kan\u00eb mbetur t\u00eb plagosur si pasoj\u00eb e r\u00ebnies n\u00eb humner\u00eb t\u00eb nj\u00eb automjeti t\u00eb  tipit \u201dGolf 5\u201d.<\/p>\n<p>Ngjarja ka ndodhur n\u00eb or\u00ebt e pasdites 14:30 n\u00eb kanionin e p\u00ebrroit Kllezna, n\u00eb t\u00eb cil\u00ebn udh\u00ebtonin dy persona, ku ka humbur kontrollin dhe ka r\u00ebn\u00eb n\u00eb humner\u00eb n\u00eb nj\u00eb thell\u00ebsi prej 12. metrash.<\/p>\n<p>Korrespondenti yn\u00eb nga Ulqini Fikret Keti Hajdinaga,\u00a0 informoi se dy personat t\u00eb identifikuar jan Jetmir Cukoviq dhe n\u00ebna e tij Aishja.<\/p>\n<p>N\u00eb vendngjarje\u00a0 kan\u00eb mb\u00ebrritur p\u00ebrfaq\u00ebsuesit e Sh\u00ebrbimit t\u00eb mbrojtjes dhe Urgjenc\u00ebs s\u00eb Ulqinit, t\u00eb cil\u00ebt ia dhan\u00eb ndihm\u00ebn e par\u00eb t\u00eb l\u00ebnduarve dhe i transportuan n\u00eb Spitalin e Tivarit.<\/p>\n<p><strong>Burimi: <a id=\"u_0_5n\" class=\"titlebarText\" href=\"https:\/\/www.facebook.com\/keti.hajdinaga\" data-ft=\"{&quot;tn&quot;:&quot;C&quot;}\">Fikret Keti Hajdinaga Facebook<\/a><\/strong><\/p>\n","protected":false},"excerpt":{"rendered":"<p>Kllez\u00ebn &#8211; Dy persona kan\u00eb mbetur t\u00eb plagosur si pasoj\u00eb e r\u00ebnies n\u00eb humner\u00eb t\u00eb nj\u00eb automjeti t\u00eb tipit \u201dGolf 5\u201d. Ngjarja ka ndodhur n\u00eb or\u00ebt e pasdites 14:30 n\u00eb kanionin e p\u00ebrroit Kllezna, n\u00eb t\u00eb cil\u00ebn udh\u00ebtonin dy persona, ku ka humbur kontrollin dhe ka r\u00ebn\u00eb n\u00eb humner\u00eb n\u00eb nj\u00eb thell\u00ebsi prej 12. metrash. [&hellip;]<\/p>\n","protected":false},"author":1,"featured_media":0,"comment_status":"closed","ping_status":"closed","sticky":false,"template":"","format":"standard","meta":{"spay_email":"","jetpack_publicize_message":"","jetpack_is_tweetstorm":false,"jetpack_publicize_feature_enabled":true},"categories":[1],"tags":[],"jetpack_publicize_connections":[],"yoast_head":"<!-- This site is optimized with the Yoast SEO plugin v19.1 - https:\/\/yoast.com\/wordpress\/plugins\/seo\/ -->\n<title>N\u00eb Kllez\u00ebn makina bie n\u00eb humner\u00eb, 2 t\u00eb plagosur - Lajme nga Ulqini<\/title>\n<meta name=\"description\" content=\"Kllez\u00ebn - Dy persona kan\u00eb mbetur t\u00eb plagosur si pasoj\u00eb e r\u00ebnies n\u00eb humner\u00eb t\u00eb nj\u00eb automjeti t\u00eb tipit \u201dGolf 5\u201d. Ngjarja ka ndodhur n\u00eb or\u00ebt e pasdites 14:30\" \/>\n<meta name=\"robots\" content=\"index, follow, max-snippet:-1, max-image-preview:large, max-video-preview:-1\" \/>\n<link rel=\"canonical\" href=\"https:\/\/www.visit-ulcinj.com\/blog\/2015\/03\/31\/ne-kllezen-makina-bie-ne-humnere-2-te-plagosur\/\" \/>\n<meta property=\"og:locale\" content=\"en_US\" \/>\n<meta property=\"og:type\" content=\"article\" \/>\n<meta property=\"og:title\" content=\"N\u00eb Kllez\u00ebn makina bie n\u00eb humner\u00eb, 2 t\u00eb plagosur - Lajme nga Ulqini\" \/>\n<meta property=\"og:description\" content=\"Kllez\u00ebn - Dy persona kan\u00eb mbetur t\u00eb plagosur si pasoj\u00eb e r\u00ebnies n\u00eb humner\u00eb t\u00eb nj\u00eb automjeti t\u00eb tipit \u201dGolf 5\u201d. Ngjarja ka ndodhur n\u00eb or\u00ebt e pasdites 14:30\" \/>\n<meta property=\"og:url\" content=\"https:\/\/www.visit-ulcinj.com\/blog\/2015\/03\/31\/ne-kllezen-makina-bie-ne-humnere-2-te-plagosur\/\" \/>\n<meta property=\"og:site_name\" content=\"Lajme nga Ulqini\" \/>\n<meta property=\"article:published_time\" content=\"2015-03-31T17:09:47+00:00\" \/>\n<meta property=\"article:modified_time\" content=\"2015-04-01T05:56:49+00:00\" \/>\n<meta name=\"twitter:label1\" content=\"Written by\" \/>\n\t<meta name=\"twitter:data1\" content=\"ulqini\" \/>\n\t<meta name=\"twitter:label2\" content=\"Est. reading time\" \/>\n\t<meta name=\"twitter:data2\" content=\"1 minute\" \/>\n<script type=\"application\/ld+json\" class=\"yoast-schema-graph\">{\"@context\":\"https:\/\/schema.org\",\"@graph\":[{\"@type\":\"WebSite\",\"@id\":\"https:\/\/www.visit-ulcinj.com\/blog\/#website\",\"url\":\"https:\/\/www.visit-ulcinj.com\/blog\/\",\"name\":\"Lajme nga Ulqini\",\"description\":\"Lajme,Vijesti,Ulqini,Ulqin,Crna Gora,Mali i Zi\",\"potentialAction\":[{\"@type\":\"SearchAction\",\"target\":{\"@type\":\"EntryPoint\",\"urlTemplate\":\"https:\/\/www.visit-ulcinj.com\/blog\/?s={search_term_string}\"},\"query-input\":\"required name=search_term_string\"}],\"inLanguage\":\"en-US\"},{\"@type\":\"WebPage\",\"@id\":\"https:\/\/www.visit-ulcinj.com\/blog\/2015\/03\/31\/ne-kllezen-makina-bie-ne-humnere-2-te-plagosur\/#webpage\",\"url\":\"https:\/\/www.visit-ulcinj.com\/blog\/2015\/03\/31\/ne-kllezen-makina-bie-ne-humnere-2-te-plagosur\/\",\"name\":\"N\u00eb Kllez\u00ebn makina bie n\u00eb humner\u00eb, 2 t\u00eb plagosur - Lajme nga Ulqini\",\"isPartOf\":{\"@id\":\"https:\/\/www.visit-ulcinj.com\/blog\/#website\"},\"datePublished\":\"2015-03-31T17:09:47+00:00\",\"dateModified\":\"2015-04-01T05:56:49+00:00\",\"author\":{\"@id\":\"https:\/\/www.visit-ulcinj.com\/blog\/#\/schema\/person\/dcab619c614d3038751c63bc2aadc06d\"},\"description\":\"Kllez\u00ebn - Dy persona kan\u00eb mbetur t\u00eb plagosur si pasoj\u00eb e r\u00ebnies n\u00eb humner\u00eb t\u00eb nj\u00eb automjeti t\u00eb tipit \u201dGolf 5\u201d. Ngjarja ka ndodhur n\u00eb or\u00ebt e pasdites 14:30\",\"breadcrumb\":{\"@id\":\"https:\/\/www.visit-ulcinj.com\/blog\/2015\/03\/31\/ne-kllezen-makina-bie-ne-humnere-2-te-plagosur\/#breadcrumb\"},\"inLanguage\":\"en-US\",\"potentialAction\":[{\"@type\":\"ReadAction\",\"target\":[\"https:\/\/www.visit-ulcinj.com\/blog\/2015\/03\/31\/ne-kllezen-makina-bie-ne-humnere-2-te-plagosur\/\"]}]},{\"@type\":\"BreadcrumbList\",\"@id\":\"https:\/\/www.visit-ulcinj.com\/blog\/2015\/03\/31\/ne-kllezen-makina-bie-ne-humnere-2-te-plagosur\/#breadcrumb\",\"itemListElement\":[{\"@type\":\"ListItem\",\"position\":1,\"name\":\"N\u00eb Kllez\u00ebn makina bie n\u00eb humner\u00eb, 2 t\u00eb plagosur\"}]},{\"@type\":\"Person\",\"@id\":\"https:\/\/www.visit-ulcinj.com\/blog\/#\/schema\/person\/dcab619c614d3038751c63bc2aadc06d\",\"name\":\"ulqini\",\"sameAs\":[\"http:\/\/www.visit-ulcinj.com\"],\"url\":\"https:\/\/www.visit-ulcinj.com\/blog\/author\/admin\/\"}]}<\/script>\n<!-- \/ Yoast SEO plugin. -->","yoast_head_json":{"title":"N\u00eb Kllez\u00ebn makina bie n\u00eb humner\u00eb, 2 t\u00eb plagosur - Lajme nga Ulqini","description":"Kllez\u00ebn - Dy persona kan\u00eb mbetur t\u00eb plagosur si pasoj\u00eb e r\u00ebnies n\u00eb humner\u00eb t\u00eb nj\u00eb automjeti t\u00eb tipit \u201dGolf 5\u201d. Ngjarja ka ndodhur n\u00eb or\u00ebt e pasdites 14:30","robots":{"index":"index","follow":"follow","max-snippet":"max-snippet:-1","max-image-preview":"max-image-preview:large","max-video-preview":"max-video-preview:-1"},"canonical":"https:\/\/www.visit-ulcinj.com\/blog\/2015\/03\/31\/ne-kllezen-makina-bie-ne-humnere-2-te-plagosur\/","og_locale":"en_US","og_type":"article","og_title":"N\u00eb Kllez\u00ebn makina bie n\u00eb humner\u00eb, 2 t\u00eb plagosur - Lajme nga Ulqini","og_description":"Kllez\u00ebn - Dy persona kan\u00eb mbetur t\u00eb plagosur si pasoj\u00eb e r\u00ebnies n\u00eb humner\u00eb t\u00eb nj\u00eb automjeti t\u00eb tipit \u201dGolf 5\u201d. Ngjarja ka ndodhur n\u00eb or\u00ebt e pasdites 14:30","og_url":"https:\/\/www.visit-ulcinj.com\/blog\/2015\/03\/31\/ne-kllezen-makina-bie-ne-humnere-2-te-plagosur\/","og_site_name":"Lajme nga Ulqini","article_published_time":"2015-03-31T17:09:47+00:00","article_modified_time":"2015-04-01T05:56:49+00:00","twitter_misc":{"Written by":"ulqini","Est. reading time":"1 minute"},"schema":{"@context":"https:\/\/schema.org","@graph":[{"@type":"WebSite","@id":"https:\/\/www.visit-ulcinj.com\/blog\/#website","url":"https:\/\/www.visit-ulcinj.com\/blog\/","name":"Lajme nga Ulqini","description":"Lajme,Vijesti,Ulqini,Ulqin,Crna Gora,Mali i Zi","potentialAction":[{"@type":"SearchAction","target":{"@type":"EntryPoint","urlTemplate":"https:\/\/www.visit-ulcinj.com\/blog\/?s={search_term_string}"},"query-input":"required name=search_term_string"}],"inLanguage":"en-US"},{"@type":"WebPage","@id":"https:\/\/www.visit-ulcinj.com\/blog\/2015\/03\/31\/ne-kllezen-makina-bie-ne-humnere-2-te-plagosur\/#webpage","url":"https:\/\/www.visit-ulcinj.com\/blog\/2015\/03\/31\/ne-kllezen-makina-bie-ne-humnere-2-te-plagosur\/","name":"N\u00eb Kllez\u00ebn makina bie n\u00eb humner\u00eb, 2 t\u00eb plagosur - Lajme nga Ulqini","isPartOf":{"@id":"https:\/\/www.visit-ulcinj.com\/blog\/#website"},"datePublished":"2015-03-31T17:09:47+00:00","dateModified":"2015-04-01T05:56:49+00:00","author":{"@id":"https:\/\/www.visit-ulcinj.com\/blog\/#\/schema\/person\/dcab619c614d3038751c63bc2aadc06d"},"description":"Kllez\u00ebn - Dy persona kan\u00eb mbetur t\u00eb plagosur si pasoj\u00eb e r\u00ebnies n\u00eb humner\u00eb t\u00eb nj\u00eb automjeti t\u00eb tipit \u201dGolf 5\u201d. Ngjarja ka ndodhur n\u00eb or\u00ebt e pasdites 14:30","breadcrumb":{"@id":"https:\/\/www.visit-ulcinj.com\/blog\/2015\/03\/31\/ne-kllezen-makina-bie-ne-humnere-2-te-plagosur\/#breadcrumb"},"inLanguage":"en-US","potentialAction":[{"@type":"ReadAction","target":["https:\/\/www.visit-ulcinj.com\/blog\/2015\/03\/31\/ne-kllezen-makina-bie-ne-humnere-2-te-plagosur\/"]}]},{"@type":"BreadcrumbList","@id":"https:\/\/www.visit-ulcinj.com\/blog\/2015\/03\/31\/ne-kllezen-makina-bie-ne-humnere-2-te-plagosur\/#breadcrumb","itemListElement":[{"@type":"ListItem","position":1,"name":"N\u00eb Kllez\u00ebn makina bie n\u00eb humner\u00eb, 2 t\u00eb plagosur"}]},{"@type":"Person","@id":"https:\/\/www.visit-ulcinj.com\/blog\/#\/schema\/person\/dcab619c614d3038751c63bc2aadc06d","name":"ulqini","sameAs":["http:\/\/www.visit-ulcinj.com"],"url":"https:\/\/www.visit-ulcinj.com\/blog\/author\/admin\/"}]}},"jetpack_featured_media_url":"","jetpack_sharing_enabled":true,"jetpack_shortlink":"https:\/\/wp.me\/pe6lTn-nl7","_links":{"self":[{"href":"https:\/\/www.visit-ulcinj.com\/blog\/wp-json\/wp\/v2\/posts\/89721"}],"collection":[{"href":"https:\/\/www.visit-ulcinj.com\/blog\/wp-json\/wp\/v2\/posts"}],"about":[{"href":"https:\/\/www.visit-ulcinj.com\/blog\/wp-json\/wp\/v2\/types\/post"}],"author":[{"embeddable":true,"href":"https:\/\/www.visit-ulcinj.com\/blog\/wp-json\/wp\/v2\/users\/1"}],"replies":[{"embeddable":true,"href":"https:\/\/www.visit-ulcinj.com\/blog\/wp-json\/wp\/v2\/comments?post=89721"}],"version-history":[{"count":5,"href":"https:\/\/www.visit-ulcinj.com\/blog\/wp-json\/wp\/v2\/posts\/89721\/revisions"}],"predecessor-version":[{"id":89727,"href":"https:\/\/www.visit-ulcinj.com\/blog\/wp-json\/wp\/v2\/posts\/89721\/revisions\/89727"}],"wp:attachment":[{"href":"https:\/\/www.visit-ulcinj.com\/blog\/wp-json\/wp\/v2\/media?parent=89721"}],"wp:term":[{"taxonomy":"category","embeddable":true,"href":"https:\/\/www.visit-ulcinj.com\/blog\/wp-json\/wp\/v2\/categories?post=89721"},{"taxonomy":"post_tag","embeddable":true,"href":"https:\/\/www.visit-ulcinj.com\/blog\/wp-json\/wp\/v2\/tags?post=89721"}],"curies":[{"name":"wp","href":"https:\/\/api.w.org\/{rel}","templated":true}]}}