{"id":8973,"date":"2009-01-14T21:04:16","date_gmt":"2009-01-14T20:04:16","guid":{"rendered":"http:\/\/www.visit-ulcinj.com\/blog\/?p=8973"},"modified":"2009-01-14T21:04:21","modified_gmt":"2009-01-14T20:04:21","slug":"arta-bajrami-pas-disa-muajve-me-album-te-ri","status":"publish","type":"post","link":"https:\/\/www.visit-ulcinj.com\/blog\/2009\/01\/14\/arta-bajrami-pas-disa-muajve-me-album-te-ri\/","title":{"rendered":"Arta Bajrami : Pas disa muajve me album t\u00eb ri"},"content":{"rendered":"<p><a rel=\"attachment wp-att-8978\" href=\"http:\/\/www.visit-ulcinj.com\/blog\/2009\/01\/14\/arta-bajrami-pas-disa-muajve-me-album-te-ri\/arta_bajrami\/\"><img loading=\"lazy\" class=\"alignleft size-full wp-image-8978\" title=\"arta_bajrami\" src=\"http:\/\/www.visit-ulcinj.com\/blog\/wp-content\/uploads\/2009\/01\/arta_bajrami.jpg\" alt=\"arta_bajrami\" width=\"600\" height=\"551\" \/><\/a>K\u00ebng\u00ebtarja Arta Bajrami \u00ebsht\u00eb duke punuar intensivisht rreth albumit t\u00eb kat\u00ebrt t\u00eb saj, i cili pritet t\u00eb dal\u00eb n\u00eb muajin qershor. Albumi do t\u2019i ket\u00eb m\u00eb shum\u00eb se dhjet\u00eb k\u00ebng\u00eb t\u00eb nj\u00eb cil\u00ebsie t\u00eb lart\u00eb pasi q\u00eb Arta thot\u00eb se ajo po \u201csakrifikon\u201d jet\u00ebn private duke punuar vet\u00ebm rreth k\u00ebtyre k\u00ebng\u00ebve. Meq\u00eb albumi i fundit ka qen\u00eb n\u00eb vitin 2007, Arta tha p\u00ebr Kosovapress se preferon t\u00eb ket\u00eb albume \u00e7do dy vjet dhe ka filluar t\u00eb punoj\u00eb intensivisht n\u00eb studio rreth albumit t\u00eb ri. \u201cJam shum\u00eb e angazhuar n\u00eb studio dhe nuk po kam koh\u00eb t\u00eb dal\u00eb.<br \/>\nSinqerisht t\u00eb them, ndoshta po sakrifikoj shum\u00eb jet\u00ebn private duke punuar vet\u00ebm rreth k\u00ebng\u00ebve, k\u00ebshtu q\u00eb edhe publiku kur t\u00eb m\u00eb shoh\u00eb dhe t\u2019i d\u00ebgjoj\u00eb ato k\u00ebng\u00eb, do t\u00eb kuptoj\u00eb q\u00eb i kam kushtuar shum\u00eb koh\u00eb\u201d, tha Arta. Ajo u premton fansave se albumi do t\u00eb ket\u00eb k\u00ebng\u00eb t\u00eb p\u00ebrzgjedhura, sepse ajo \u00ebsht\u00eb munduar gjithmon\u00eb publikut t\u2019i servoj\u00eb k\u00ebng\u00eb kualitative. \u201cDeri tash e kam d\u00ebshmuar veten si kualitative dhe dua ta mbaj ashtu\u201d, thot\u00eb Arta. Albumi do t\u2019i ket\u00eb m\u00eb s\u00eb paku dhjet\u00eb k\u00ebng\u00eb, por ka mund\u00ebsi t\u2019i ket\u00eb tremb\u00ebdhjet\u00eb ose kat\u00ebrmb\u00ebdhjet\u00eb k\u00ebng\u00eb. \u201cAlbumi i ri dallon nga dy albumet e kaluara, ngase ka rryma t\u00eb p\u00ebrziera t\u00eb muzik\u00ebs, si techno oriental, house, R&amp;B, si dhe dy k\u00ebng\u00eb balada, q\u00eb konsideroj se jan\u00eb shum\u00eb t\u00eb mira\u201d, thote Arta e cila njihet si k\u00ebng\u00ebtarja e par\u00eb q\u00eb ka promovuar zhanrin R&amp;B n\u00eb Kosov\u00eb.<\/p>\n\n<!--YouTube Error: bad URL entered-->\n","protected":false},"excerpt":{"rendered":"<p>K\u00ebng\u00ebtarja Arta Bajrami \u00ebsht\u00eb duke punuar intensivisht rreth albumit t\u00eb kat\u00ebrt t\u00eb saj, i cili pritet t\u00eb dal\u00eb n\u00eb muajin qershor. Albumi do t\u2019i ket\u00eb m\u00eb shum\u00eb se dhjet\u00eb k\u00ebng\u00eb t\u00eb nj\u00eb cil\u00ebsie t\u00eb lart\u00eb pasi q\u00eb Arta thot\u00eb se ajo po \u201csakrifikon\u201d jet\u00ebn private duke punuar vet\u00ebm rreth k\u00ebtyre k\u00ebng\u00ebve. Meq\u00eb albumi i fundit [&hellip;]<\/p>\n","protected":false},"author":1,"featured_media":0,"comment_status":"open","ping_status":"closed","sticky":false,"template":"","format":"standard","meta":{"spay_email":"","jetpack_publicize_message":"","jetpack_is_tweetstorm":false,"jetpack_publicize_feature_enabled":true},"categories":[1],"tags":[4955],"jetpack_publicize_connections":[],"yoast_head":"<!-- This site is optimized with the Yoast SEO plugin v19.1 - https:\/\/yoast.com\/wordpress\/plugins\/seo\/ -->\n<title>Arta Bajrami : Pas disa muajve me album t\u00eb ri - Lajme nga Ulqini<\/title>\n<meta name=\"description\" content=\"K\u00ebng\u00ebtarja Arta Bajrami \u00ebsht\u00eb duke punuar intensivisht rreth albumit t\u00eb kat\u00ebrt t\u00eb saj, i cili pritet t\u00eb dal\u00eb n\u00eb muajin qershor. Albumi do t\u2019i ket\u00eb m\u00eb\" \/>\n<meta name=\"robots\" content=\"index, follow, max-snippet:-1, max-image-preview:large, max-video-preview:-1\" \/>\n<link rel=\"canonical\" href=\"https:\/\/www.visit-ulcinj.com\/blog\/2009\/01\/14\/arta-bajrami-pas-disa-muajve-me-album-te-ri\/\" \/>\n<meta property=\"og:locale\" content=\"en_US\" \/>\n<meta property=\"og:type\" content=\"article\" \/>\n<meta property=\"og:title\" content=\"Arta Bajrami : Pas disa muajve me album t\u00eb ri - Lajme nga Ulqini\" \/>\n<meta property=\"og:description\" content=\"K\u00ebng\u00ebtarja Arta Bajrami \u00ebsht\u00eb duke punuar intensivisht rreth albumit t\u00eb kat\u00ebrt t\u00eb saj, i cili pritet t\u00eb dal\u00eb n\u00eb muajin qershor. Albumi do t\u2019i ket\u00eb m\u00eb\" \/>\n<meta property=\"og:url\" content=\"https:\/\/www.visit-ulcinj.com\/blog\/2009\/01\/14\/arta-bajrami-pas-disa-muajve-me-album-te-ri\/\" \/>\n<meta property=\"og:site_name\" content=\"Lajme nga Ulqini\" \/>\n<meta property=\"article:published_time\" content=\"2009-01-14T20:04:16+00:00\" \/>\n<meta property=\"article:modified_time\" content=\"2009-01-14T20:04:21+00:00\" \/>\n<meta property=\"og:image\" content=\"https:\/\/www.visit-ulcinj.com\/blog\/wp-content\/uploads\/2009\/01\/arta-bajrami1-150x150.jpg\" \/>\n<meta name=\"twitter:label1\" content=\"Written by\" \/>\n\t<meta name=\"twitter:data1\" content=\"ulqini\" \/>\n\t<meta name=\"twitter:label2\" content=\"Est. reading time\" \/>\n\t<meta name=\"twitter:data2\" content=\"1 minute\" \/>\n<script type=\"application\/ld+json\" class=\"yoast-schema-graph\">{\"@context\":\"https:\/\/schema.org\",\"@graph\":[{\"@type\":\"WebSite\",\"@id\":\"https:\/\/www.visit-ulcinj.com\/blog\/#website\",\"url\":\"https:\/\/www.visit-ulcinj.com\/blog\/\",\"name\":\"Lajme nga Ulqini\",\"description\":\"Lajme,Vijesti,Ulqini,Ulqin,Crna Gora,Mali i Zi\",\"potentialAction\":[{\"@type\":\"SearchAction\",\"target\":{\"@type\":\"EntryPoint\",\"urlTemplate\":\"https:\/\/www.visit-ulcinj.com\/blog\/?s={search_term_string}\"},\"query-input\":\"required name=search_term_string\"}],\"inLanguage\":\"en-US\"},{\"@type\":\"ImageObject\",\"inLanguage\":\"en-US\",\"@id\":\"https:\/\/www.visit-ulcinj.com\/blog\/2009\/01\/14\/arta-bajrami-pas-disa-muajve-me-album-te-ri\/#primaryimage\",\"url\":\"http:\/\/www.visit-ulcinj.com\/blog\/wp-content\/uploads\/2009\/01\/arta_bajrami.jpg\",\"contentUrl\":\"http:\/\/www.visit-ulcinj.com\/blog\/wp-content\/uploads\/2009\/01\/arta_bajrami.jpg\"},{\"@type\":\"WebPage\",\"@id\":\"https:\/\/www.visit-ulcinj.com\/blog\/2009\/01\/14\/arta-bajrami-pas-disa-muajve-me-album-te-ri\/#webpage\",\"url\":\"https:\/\/www.visit-ulcinj.com\/blog\/2009\/01\/14\/arta-bajrami-pas-disa-muajve-me-album-te-ri\/\",\"name\":\"Arta Bajrami : Pas disa muajve me album t\u00eb ri - Lajme nga Ulqini\",\"isPartOf\":{\"@id\":\"https:\/\/www.visit-ulcinj.com\/blog\/#website\"},\"primaryImageOfPage\":{\"@id\":\"https:\/\/www.visit-ulcinj.com\/blog\/2009\/01\/14\/arta-bajrami-pas-disa-muajve-me-album-te-ri\/#primaryimage\"},\"datePublished\":\"2009-01-14T20:04:16+00:00\",\"dateModified\":\"2009-01-14T20:04:21+00:00\",\"author\":{\"@id\":\"https:\/\/www.visit-ulcinj.com\/blog\/#\/schema\/person\/dcab619c614d3038751c63bc2aadc06d\"},\"description\":\"K\u00ebng\u00ebtarja Arta Bajrami \u00ebsht\u00eb duke punuar intensivisht rreth albumit t\u00eb kat\u00ebrt t\u00eb saj, i cili pritet t\u00eb dal\u00eb n\u00eb muajin qershor. Albumi do t\u2019i ket\u00eb m\u00eb\",\"breadcrumb\":{\"@id\":\"https:\/\/www.visit-ulcinj.com\/blog\/2009\/01\/14\/arta-bajrami-pas-disa-muajve-me-album-te-ri\/#breadcrumb\"},\"inLanguage\":\"en-US\",\"potentialAction\":[{\"@type\":\"ReadAction\",\"target\":[\"https:\/\/www.visit-ulcinj.com\/blog\/2009\/01\/14\/arta-bajrami-pas-disa-muajve-me-album-te-ri\/\"]}]},{\"@type\":\"BreadcrumbList\",\"@id\":\"https:\/\/www.visit-ulcinj.com\/blog\/2009\/01\/14\/arta-bajrami-pas-disa-muajve-me-album-te-ri\/#breadcrumb\",\"itemListElement\":[{\"@type\":\"ListItem\",\"position\":1,\"name\":\"Arta Bajrami : Pas disa muajve me album t\u00eb ri\"}]},{\"@type\":\"Person\",\"@id\":\"https:\/\/www.visit-ulcinj.com\/blog\/#\/schema\/person\/dcab619c614d3038751c63bc2aadc06d\",\"name\":\"ulqini\",\"sameAs\":[\"http:\/\/www.visit-ulcinj.com\"],\"url\":\"https:\/\/www.visit-ulcinj.com\/blog\/author\/admin\/\"}]}<\/script>\n<!-- \/ Yoast SEO plugin. -->","yoast_head_json":{"title":"Arta Bajrami : Pas disa muajve me album t\u00eb ri - Lajme nga Ulqini","description":"K\u00ebng\u00ebtarja Arta Bajrami \u00ebsht\u00eb duke punuar intensivisht rreth albumit t\u00eb kat\u00ebrt t\u00eb saj, i cili pritet t\u00eb dal\u00eb n\u00eb muajin qershor. Albumi do t\u2019i ket\u00eb m\u00eb","robots":{"index":"index","follow":"follow","max-snippet":"max-snippet:-1","max-image-preview":"max-image-preview:large","max-video-preview":"max-video-preview:-1"},"canonical":"https:\/\/www.visit-ulcinj.com\/blog\/2009\/01\/14\/arta-bajrami-pas-disa-muajve-me-album-te-ri\/","og_locale":"en_US","og_type":"article","og_title":"Arta Bajrami : Pas disa muajve me album t\u00eb ri - Lajme nga Ulqini","og_description":"K\u00ebng\u00ebtarja Arta Bajrami \u00ebsht\u00eb duke punuar intensivisht rreth albumit t\u00eb kat\u00ebrt t\u00eb saj, i cili pritet t\u00eb dal\u00eb n\u00eb muajin qershor. Albumi do t\u2019i ket\u00eb m\u00eb","og_url":"https:\/\/www.visit-ulcinj.com\/blog\/2009\/01\/14\/arta-bajrami-pas-disa-muajve-me-album-te-ri\/","og_site_name":"Lajme nga Ulqini","article_published_time":"2009-01-14T20:04:16+00:00","article_modified_time":"2009-01-14T20:04:21+00:00","og_image":[{"url":"https:\/\/www.visit-ulcinj.com\/blog\/wp-content\/uploads\/2009\/01\/arta-bajrami1-150x150.jpg"}],"twitter_misc":{"Written by":"ulqini","Est. reading time":"1 minute"},"schema":{"@context":"https:\/\/schema.org","@graph":[{"@type":"WebSite","@id":"https:\/\/www.visit-ulcinj.com\/blog\/#website","url":"https:\/\/www.visit-ulcinj.com\/blog\/","name":"Lajme nga Ulqini","description":"Lajme,Vijesti,Ulqini,Ulqin,Crna Gora,Mali i Zi","potentialAction":[{"@type":"SearchAction","target":{"@type":"EntryPoint","urlTemplate":"https:\/\/www.visit-ulcinj.com\/blog\/?s={search_term_string}"},"query-input":"required name=search_term_string"}],"inLanguage":"en-US"},{"@type":"ImageObject","inLanguage":"en-US","@id":"https:\/\/www.visit-ulcinj.com\/blog\/2009\/01\/14\/arta-bajrami-pas-disa-muajve-me-album-te-ri\/#primaryimage","url":"http:\/\/www.visit-ulcinj.com\/blog\/wp-content\/uploads\/2009\/01\/arta_bajrami.jpg","contentUrl":"http:\/\/www.visit-ulcinj.com\/blog\/wp-content\/uploads\/2009\/01\/arta_bajrami.jpg"},{"@type":"WebPage","@id":"https:\/\/www.visit-ulcinj.com\/blog\/2009\/01\/14\/arta-bajrami-pas-disa-muajve-me-album-te-ri\/#webpage","url":"https:\/\/www.visit-ulcinj.com\/blog\/2009\/01\/14\/arta-bajrami-pas-disa-muajve-me-album-te-ri\/","name":"Arta Bajrami : Pas disa muajve me album t\u00eb ri - Lajme nga Ulqini","isPartOf":{"@id":"https:\/\/www.visit-ulcinj.com\/blog\/#website"},"primaryImageOfPage":{"@id":"https:\/\/www.visit-ulcinj.com\/blog\/2009\/01\/14\/arta-bajrami-pas-disa-muajve-me-album-te-ri\/#primaryimage"},"datePublished":"2009-01-14T20:04:16+00:00","dateModified":"2009-01-14T20:04:21+00:00","author":{"@id":"https:\/\/www.visit-ulcinj.com\/blog\/#\/schema\/person\/dcab619c614d3038751c63bc2aadc06d"},"description":"K\u00ebng\u00ebtarja Arta Bajrami \u00ebsht\u00eb duke punuar intensivisht rreth albumit t\u00eb kat\u00ebrt t\u00eb saj, i cili pritet t\u00eb dal\u00eb n\u00eb muajin qershor. Albumi do t\u2019i ket\u00eb m\u00eb","breadcrumb":{"@id":"https:\/\/www.visit-ulcinj.com\/blog\/2009\/01\/14\/arta-bajrami-pas-disa-muajve-me-album-te-ri\/#breadcrumb"},"inLanguage":"en-US","potentialAction":[{"@type":"ReadAction","target":["https:\/\/www.visit-ulcinj.com\/blog\/2009\/01\/14\/arta-bajrami-pas-disa-muajve-me-album-te-ri\/"]}]},{"@type":"BreadcrumbList","@id":"https:\/\/www.visit-ulcinj.com\/blog\/2009\/01\/14\/arta-bajrami-pas-disa-muajve-me-album-te-ri\/#breadcrumb","itemListElement":[{"@type":"ListItem","position":1,"name":"Arta Bajrami : Pas disa muajve me album t\u00eb ri"}]},{"@type":"Person","@id":"https:\/\/www.visit-ulcinj.com\/blog\/#\/schema\/person\/dcab619c614d3038751c63bc2aadc06d","name":"ulqini","sameAs":["http:\/\/www.visit-ulcinj.com"],"url":"https:\/\/www.visit-ulcinj.com\/blog\/author\/admin\/"}]}},"jetpack_featured_media_url":"","jetpack_sharing_enabled":true,"jetpack_shortlink":"https:\/\/wp.me\/pe6lTn-2kJ","_links":{"self":[{"href":"https:\/\/www.visit-ulcinj.com\/blog\/wp-json\/wp\/v2\/posts\/8973"}],"collection":[{"href":"https:\/\/www.visit-ulcinj.com\/blog\/wp-json\/wp\/v2\/posts"}],"about":[{"href":"https:\/\/www.visit-ulcinj.com\/blog\/wp-json\/wp\/v2\/types\/post"}],"author":[{"embeddable":true,"href":"https:\/\/www.visit-ulcinj.com\/blog\/wp-json\/wp\/v2\/users\/1"}],"replies":[{"embeddable":true,"href":"https:\/\/www.visit-ulcinj.com\/blog\/wp-json\/wp\/v2\/comments?post=8973"}],"version-history":[{"count":0,"href":"https:\/\/www.visit-ulcinj.com\/blog\/wp-json\/wp\/v2\/posts\/8973\/revisions"}],"wp:attachment":[{"href":"https:\/\/www.visit-ulcinj.com\/blog\/wp-json\/wp\/v2\/media?parent=8973"}],"wp:term":[{"taxonomy":"category","embeddable":true,"href":"https:\/\/www.visit-ulcinj.com\/blog\/wp-json\/wp\/v2\/categories?post=8973"},{"taxonomy":"post_tag","embeddable":true,"href":"https:\/\/www.visit-ulcinj.com\/blog\/wp-json\/wp\/v2\/tags?post=8973"}],"curies":[{"name":"wp","href":"https:\/\/api.w.org\/{rel}","templated":true}]}}