{"id":89733,"date":"2015-04-01T14:30:12","date_gmt":"2015-04-01T13:30:12","guid":{"rendered":"http:\/\/www.visit-ulcinj.com\/blog\/?p=89733"},"modified":"2015-04-01T14:30:12","modified_gmt":"2015-04-01T13:30:12","slug":"shkreli-gjendja-ne-lindjen-e-mesme-absolutisht-jashte-kontrollit","status":"publish","type":"post","link":"https:\/\/www.visit-ulcinj.com\/blog\/2015\/04\/01\/shkreli-gjendja-ne-lindjen-e-mesme-absolutisht-jashte-kontrollit\/","title":{"rendered":"Shkreli: Gj\u00ebndja n\u00eb lindjen e mesme absolutisht jasht\u00eb kontrollit"},"content":{"rendered":"<p><strong><a href=\"http:\/\/www.visit-ulcinj.com\/blog\/wp-content\/uploads\/2015\/04\/James_F_Jeffrey-USA.jpg\"><img loading=\"lazy\" class=\"alignleft wp-image-89734 size-medium\" src=\"http:\/\/www.visit-ulcinj.com\/blog\/wp-content\/uploads\/2015\/04\/James_F_Jeffrey-USA-240x300.jpg\" alt=\"James_F_Jeffrey-USA\" width=\"240\" height=\"300\" \/><\/a>Nga Fank Shkreli<\/strong><\/p>\n<p>K\u00ebshtu e cil\u00ebsoi gj\u00ebndjen e krijuar koh\u00ebt e fundit n\u00eb Lindjen e Mesme, ish-ambasadori\u00a0i Shteteve t\u00eb Bashkuara n\u00eb\u00a0 Shqip\u00ebri, James Jeffrey gjat\u00eb nj\u00eb interviste me rrjetin e televizionit amrikan, Fox.\u00a0 Z. Jeffrey ka sh\u00ebrbyer si ambassador i Amerik\u00ebs n\u00eb Tiran\u00eb nga viti 2002-2004\u00a0 dhe konsiderohet si nj\u00ebri prej diplomat\u00ebve m\u00eb t\u00eb respektuar t\u00eb Shteteve t\u00eb Bashkuara. P\u00ebrve\u00e7 Tiran\u00ebs, ai ka sh\u00ebrbyer\u00a0 n\u00eb poste \u00a0t\u00eb r\u00ebnd\u00ebsishme t\u00eb diplomacis\u00eb amerikane si\u00e7 \u00ebsht\u00eb Turqia dhe n\u00eb \u00a0Irak ka sh\u00ebrbyer si ambasador i\u00a0administrat\u00ebs s\u00eb Presidentit Obama. N\u00eb Washington Ambasadori Jeffrey\u00a0ka patur detyra me r\u00ebnd\u00ebsi\u00a0n\u00eb fush\u00ebn e\u00a0sigurimit komb\u00ebtar\u00a0dhe t\u00eb politik\u00ebs s\u00eb jashtme n\u00eb administrat\u00ebn e Presidentit George W. Bush. Tani ai punon si ekspert i Lindjes s\u00eb Mesme pran\u00eb Institutit Washington, ku e p\u00ebrq\u00ebndron veprimtarin\u00eb e tij\u00a0mbi strategjit\u00eb amerikane p\u00ebr t\u00eb kund\u00ebrshtuar p\u00ebrpjekjet e Iranit p\u00ebr t\u00eb\u00a0zgj\u00ebruar\u00a0influenc\u00ebn e tij an\u00eb e mban\u00eb Lindjes s\u00eb Mesme.<\/p>\n<p>&nbsp;<\/p>\n<p>Nd\u00ebrkoh\u00eb q\u00eb Lindja e Mesme \u00ebsht\u00eb\u00a0zhytur\u00a0n\u00eb konfliktet e armatosura dhe n\u00eb\u00a0lufta grupesh terroriste, administrata e Presidentit Obama po b\u00ebn p\u00ebrpjekje t\u00eb minutave t\u00eb fundit p\u00ebr t\u00eb stabilizuar sadopak \u00a0situat\u00ebn e krijuar n\u00eb k\u00ebt\u00eb zon\u00eb t\u00eb kaplluar nga konfliktet dhe armiqsit\u00eb, nd\u00ebrsa n\u00eb t\u00eb nj\u00ebjt\u00ebn koh\u00eb n\u00eb Gjenev\u00eb,\u00a0Sekretari Amerikan\u00a0i Shtetit John Kerry po p\u00ebrpiqet me koleg\u00ebt e tij europian\u00eb t\u00eb arrij\u00eb nj\u00eb marrveshje me Iranin mbi arm\u00ebt b\u00ebrthamore.\u00a0 Zyrtar\u00eb t\u00eb administrat\u00ebs s\u00eb Presidentit Obama po p\u00ebrpiqen t\u00eb mbrojn\u00eb politik\u00ebn e tyre ndaj Lindjes s\u00eb Mesme nd\u00ebrkoh\u00eb q\u00eb gj\u00ebndja po keq\u00ebsohet n\u00eb m\u00ebnyr\u00eb dramatike n\u00eb nj\u00eb rajon t\u00eb bot\u00ebs q\u00eb shum\u00eb veta e konsiderojn\u00eb si t\u00eb pa mundhsh\u00ebm p\u00ebr tu kontrolluar. Nd\u00ebrsa kritik\u00ebt e administrat\u00ebs Obama thon\u00eb se politika amerikane, ose m\u00eb mir\u00eb t\u00eb thuhet mungesa e angazhimit t\u00eb saj ushtarak dhe diplomatik atje, mund t\u00eb ket\u00eb kontribuar n\u00eb krijimin e k\u00ebsaj anarkie q\u00eb po p\u00ebrhapet an\u00eb e mban\u00eb rajonit.<\/p>\n<p>&nbsp;<\/p>\n<p>Situata aktuale n\u00eb Lindjen e Mesme, konsiderohet\u00a0 nga shum\u00eb ekspert\u00eb si m\u00eb e keqja q\u00eb mund t\u00eb mbahet \u00a0mend\u00eb, ve\u00e7an\u00ebrisht kur t\u00eb merret parasysh\u00eb edhe keq\u00ebsimi koh\u00ebt e fundit\u00a0i marr\u00ebdh\u00ebnjeve amerikano-izraelite, q\u00eb tradicionalishjt kan\u00eb vazhduar t\u00eb jen\u00eb gjithmon\u00eb miq\u00ebsore.\u00a0 Lindja e Mesme madje edhe n\u00eb rrethana normale,\u00a0\u00ebsht\u00eb nj\u00eb rajon q\u00eb historikisht konsiderohet shum\u00eb i v\u00ebshtir\u00eb p\u00ebr t\u2019i kontrolluar ngjarjet atje.\u00a0 Por situata e tanishme p\u00ebrfshir\u00eb luft\u00ebn civile n\u00eb Siri, p\u00ebrhapja e forcave terroriste t\u00eb grupit ISIS an\u00eb e mban\u00eb rajonit, kriza\u00a0 n\u00eb Irak, lufta n\u00eb Jemen dhe sulmet e fundit ushtarake kund\u00ebr forcave Houthis\u00a0n\u00eb at\u00eb vend nga Arabia Saudite dhe nga\u00a0koalicioni i shteteve arabe, p\u00ebrfshir\u00eb Egjiptin, e kan\u00eb p\u00ebrkeqsuar edhe m\u00eb shum\u00eb situat\u00ebn atje, duke e sjellur n\u00eb pik\u00ebn m\u00eb kritike n\u00eb 30-vitet e fundit.\u00a0Situata n\u00eb Jemen \u00ebsht\u00eb aq keq sa q\u00eb Shtetetet e Bashkuara kan\u00eb mbyllur ambasad\u00ebn e tyre dhe kan\u00eb t\u00ebrhequr t\u00eb gjith\u00eb perosnelin diplomatik dhe uhstarak nga ai vend.\u00a0 \u00a0Gj\u00ebndja \u00ebsht\u00eb aq keq n\u00eb rajonin e Lindjes s\u00eb Mesme sa q\u00eb ka arritur pik\u00ebn q\u00eb\u00a0ish-ambasadori James Jeffrey &#8212; nj\u00ebri prej z\u00ebrave m\u00eb t\u00eb respektuar\u00a0 t\u00eb diplomacis\u00eb amerikane &#8212; deklaroi mbr\u00ebm\u00eb p\u00ebr televizionin amerikan Fox dhe u shpreh p\u00ebr poratlin Politico m\u00eb heret se, &#8220;Gj\u00ebndja n\u00eb Lindjen e Mesme \u00ebsht\u00eb absolutisht jasht\u00eb kontrollit, me pasoja t\u00eb paparashikueshme p\u00ebr rajonin&#8221; dhe p\u00ebr bot\u00ebn.\u00a0 Duke folur p\u00ebr manezhimin e situatave t\u00eb krijuara n\u00eb t\u00eb kaluar\u00ebn n\u00eb Lindjen e Mesme, Ambasadori Jeffrey pranoi se, &#8220;Ne nuk kemi qen\u00eb gjithmon\u00eb t\u00eb suksessh\u00ebm n\u00eb at\u00eb t\u00eb rajon, i cili \u00e7&#8217;rej vitit 1974 ka kaluar gjithmon\u00eb\u00a0nga nj\u00eb kriz\u00eb n\u00eb tjetr\u00ebn. \u00a0Por ajo q\u00eb \u00ebsht\u00eb e re tani&#8221;, shtoi ai sidomos,\u00a0&#8220;Nga dalja n\u00eb shesh e Al Qaid\u00ebs, situata \u00ebsht\u00eb keq\u00ebsuar p\u00ebr s\u00eb tep\u00ebrmi. Dhe mjetet dhe\u00a0politika\u00a0q\u00eb ne kemi p\u00ebrdorur p\u00ebr t\u00eb ndaluar dhun\u00ebn dhe p\u00ebr t\u00eb parandaluar prishjen e stabilitetit politik dhe shoq\u00ebror t\u00eb shteteve t\u00eb rajonit nga nj\u00eb ose m\u00eb shum\u00eb \u00a0l\u00ebvizje islamike &#8212; si\u00e7 jan\u00eb iranian\u00ebt, ISIS ose al Qaida &#8212; nuk kan\u00eb qen\u00eb t\u00eb suksesshme&#8221;, pohoi ambasadori\u00a0 Jeffrey.\u00a0 Tani, shtoi ai, gj\u00ebndemi para nj\u00eb krize t\u00eb madhe n\u00eb Lindjen e Mesme.<\/p>\n<p>N\u00eb programin televiziv FOX\u00a0t\u00eb analistes Greta Van Susteren, ambasadori Jeffrey tha se pas sulmeve terroriste n\u00eb New York m\u00eb 2001, kemi provuar nd\u00ebrhyrje t\u00eb r\u00ebnd\u00ebsishme t\u00eb cilat, sipas tij kan\u00eb sh\u00ebnuar disa suksese.\u00a0 Ai shtoi se publiku amerikan nuk ishte n\u00eb favor t\u00eb nj\u00eb angazhimi t\u00eb madh t\u00eb forcave t\u00eb armatosura amerikane\u00a0n\u00eb at\u00eb rajon dhe si p\u00ebrfundim pritej\u00a0q\u00eb Presidenti Obama \u00a0ta ndreqte k\u00ebt\u00eb situat\u00eb. \u00a0Por, Ambasadori Jeffrey shtoi se si rrjedhim, sot Amerika nuk e ka angazhimin ushtarak q\u00eb kishte para nj\u00eb dekade n\u00eb at\u00eb zon\u00eb dhe situata n\u00eb at\u00eb rajon,\u00a0sipas tij,\u00a0\u00ebsht\u00eb keq\u00ebsuar shum\u00eb m\u00eb shpejt\u00eb n\u00eb krahasim me periudh\u00ebn e administrat\u00ebs s\u00eb Presidentit Bush.<\/p>\n<p>N\u00eb at\u00eb q\u00eb u cil\u00ebsua\u00a0nga disa komentues si nj\u00eb kritik\u00eb\u00a0 t\u00eb\u00a0politik\u00ebs q\u00eb Presidenti Obama po ndjek\u00eb ndaj Iranit,\u00a0Ambasadori Jeffrey tha se\u00a0 Presidenti Obama duhet t&#8217;i shpjegoj\u00eb publikut amerikan q\u00ebllimet e politik\u00ebs s\u00eb tij karshi Iranit,\u00a0pasi sot p\u00ebr sot, shtoi ish-diplomati amerikan James Jeffrey, &#8220;Provat tregojn\u00eb se duke filluar nga Jemeni, n\u00eb Tikrit t\u00eb Irakut e deri n\u00eb Siri, Irani \u00ebsht\u00eb n\u00eb l\u00ebvizje drejt\u00eb realizimit t\u00eb\u00a0objektivave t\u00eb tij t\u00eb caktuara, duke sfiduar miq\u00ebt dhe aleat\u00ebt tan\u00eb an\u00eb e mban\u00eb atij rajoni dhe \u00ebsht\u00eb politika e Iranit, problemi q\u00eb\u00a0ka krijuar k\u00ebt\u00eb situat\u00eb kaosi n\u00eb rajon&#8221;, tha\u00a0ai.<\/p>\n<p>Nd\u00ebrkaq, udh\u00ebheqsi i republikan\u00ebve n\u00eb Dhom\u00ebn e P\u00ebrfaqsuesve t\u00eb Kongresit amerikan, John Boehner, po viziton k\u00ebt\u00eb jav\u00eb Lindjen e Mesme, nd\u00ebrkoh\u00eb q\u00eb udh\u00ebheqsi i republikan\u00ebve n\u00eb Senat, Mitch McConell gj\u00ebndet gjithashtu n\u00eb rajon. \u00a0Udh\u00ebheqsi i republikan\u00ebve John Boehner u deklarua p\u00ebr rrjetin CNN t\u00eb televizionit amerikan n\u00eb lidhje me bisedimet q\u00eb zhvillohen n\u00eb Gjenev\u00eb me Iranin duke th\u00ebn\u00eb se \u201cNuk e kuptoj se pse duhet t\u00eb n\u00ebnshkrujam\u00eb nj\u00eb marrveshje me nj\u00eb grup njerzish, t\u00eb cil\u00ebt n\u00eb mendimin tim nuk e kan\u00eb nd\u00ebr mend t\u00eb mbajn\u00eb fjal\u00ebn e dh\u00ebn\u00eb.\u201d Ai i tha CNN-it se ka dyshme serioze n\u00eb lidhje me ato negociata dhe n\u00eb nj\u00eb deklarat\u00eb tjet\u00ebr n\u00eb portalin e tij, Kongresmeni Boehner akuzoi Sht\u00ebpin\u00eb e Bardh\u00eb se po \u201cluan nj\u00eb loj\u00eb t\u00eb rrezikshme alternativash fals\u201d. Udh\u00ebheqsi republikan n\u00eb intervisten me CNN vuri n\u00eb dukje shqet\u00ebsimet e p\u00ebrfaqsuesve t\u00eb dy partive politike n\u00eb Kongresin amerikan ndaj politik\u00ebs s\u00eb administrat\u00ebs Obama n\u00eb Lindjen e Mesme, duke th\u00ebn\u00eb se, \u201cUn\u00eb kam vet\u00ebm nj\u00eb objektiv. Q\u00ebllimi \u00ebsht\u00eb q\u00eb t\u00eb sigurojm\u00eb se populli amerikan dhe Kongresi e kuptojn\u00eb k\u00ebrc\u00ebnimin serioz q\u00eb p\u00ebrb\u00ebn Irani jo vet\u00ebm ndaj Lindjes s\u00eb Mesme, por edhe ndaj pjes\u00ebs tjet\u00ebr t\u00eb bot\u00ebs, p\u00ebrfshir\u00eb Shtetet e Bashkuara.\u201d Udh\u00ebheqsi i republikan\u00ebve n\u00eb Kongres, John Boehner shtoi se Presidenti Obama nuk d\u00ebshiron t\u00eb flas\u00eb p\u00ebr k\u00ebt\u00eb, \u201cas p\u00ebr k\u00ebrc\u00ebnimin q\u00eb vjen nga islami radikal dhe p\u00ebr faktin se ai nuk ka nj\u00eb strategji p\u00ebr t\u00eb p\u00ebrballur k\u00ebt\u00eb k\u00ebrc\u00ebnim.\u201d Sht\u00ebpia e Bardh\u00eb iu p\u00ebrgjigj kritikave t\u00eb kongresmenit Boehner nep\u00ebrmjet z\u00ebdh\u00ebnsit t\u00eb saj Josh Earnest i cili tha t\u00eb djel\u00ebn q\u00eb kaloi n\u00eb rrjetin e televizionit amerikan ABC se, \u201cN\u00ebqoftse John Boehner mendon se trupat amerikane duhet t\u00eb d\u00ebrgohen n\u00eb Jemen, ose ne duhet t\u00eb okupojm\u00eb rishta sIrakun, ose q\u00eb Shtetet e Bashkuara duhet t\u00eb bombardojn\u00eb Iranin p\u00ebr ta ndaluar at\u00eb t\u00eb prodhoj\u00eb arm\u00eb b\u00ebrthamore, at\u00ebher\u00eb ai duhet t\u00eb ket\u00eb kurajon e bindjeve t\u00eb tija dhe t\u00eb thot\u00eb nj\u00eb gj\u00eb t\u00eb till\u00eb\u201d, tha z\u00ebdh\u00ebnsi i Sht\u00ebpis\u00eb s\u00eb Bardh\u00eb.<\/p>\n<p>Duke nd\u00ebrlikuar pun\u00ebt e dhe m\u00eb shum\u00eb sikur\u00eb t\u00eb mos ishin mjaft\u00eb t\u00eb komplikuara n\u00eb Lindjen e Mesme, media t\u00eb ndryshme citojn\u00eb Presidentin e Turqis\u00eb Taip Erdogan t\u00eb ket\u00eb akuzuar Iranin jav\u00ebn e kaluar se Teherani po p\u00ebrpiqet t\u00eb dominoj\u00eb Lindjen e Mesme dhe se nj\u00eb gj\u00eb e till\u00eb po shqet\u00ebson dhe po zem\u00ebron Ankaran\u00eb. \u201cKjo situat\u00eb nuk \u00ebsht\u00eb e tolerueshme dhe Irani duhet ta dij\u00eb se nj\u00eb gj\u00eb e till\u00eb nuk mund t\u00eb tolerohet\u201d, ka th\u00ebn\u00eb presidenti turk.<\/p>\n<p>Nga cildo k\u00ebndveshtrim t\u00eb shikohet gj\u00ebndja e sot\u00ebme n\u00eb Lindjen e Mesme dhe pa marr\u00eb parasysh\u00eb se e kujt \u00ebsht\u00eb p\u00ebrgjegj\u00ebsia q\u00eb me veprat ose me munges\u00ebn e veprave kan\u00eb kontribuar n\u00eb krijimin e situat\u00ebs aktuale, ish-ambasadori n\u00eb Republik\u00ebn e Shqip\u00ebris\u00eb, dhe nj\u00ebri prej diplomat\u00ebve m\u00eb t\u00eb respektuar amerikan\u00eb, James Jeffrey me t\u00eb drejt\u00eb alarmoi k\u00ebt\u00eb jav\u00eb median dhe publikun amerikan se gj\u00ebndja n\u00eb Lindjen e Mesme \u00ebsht\u00eb absolutisht jasht\u00eb kontrollit dhe se bota gj\u00ebndet tashti para nj\u00eb krize t\u00eb madhe n\u00eb at\u00eb rajon!<\/p>\n<p><strong>Nga Frank Shkreli<\/strong><\/p>\n","protected":false},"excerpt":{"rendered":"<p>Nga Fank Shkreli K\u00ebshtu e cil\u00ebsoi gj\u00ebndjen e krijuar koh\u00ebt e fundit n\u00eb Lindjen e Mesme, ish-ambasadori\u00a0i Shteteve t\u00eb Bashkuara n\u00eb\u00a0 Shqip\u00ebri, James Jeffrey gjat\u00eb nj\u00eb interviste me rrjetin e televizionit amrikan, Fox.\u00a0 Z. Jeffrey ka sh\u00ebrbyer si ambassador i Amerik\u00ebs n\u00eb Tiran\u00eb nga viti 2002-2004\u00a0 dhe konsiderohet si nj\u00ebri prej diplomat\u00ebve m\u00eb t\u00eb respektuar [&hellip;]<\/p>\n","protected":false},"author":1,"featured_media":0,"comment_status":"closed","ping_status":"closed","sticky":false,"template":"","format":"standard","meta":{"spay_email":"","jetpack_publicize_message":"","jetpack_is_tweetstorm":false,"jetpack_publicize_feature_enabled":true},"categories":[7],"tags":[],"jetpack_publicize_connections":[],"yoast_head":"<!-- This site is optimized with the Yoast SEO plugin v19.1 - https:\/\/yoast.com\/wordpress\/plugins\/seo\/ -->\n<title>Shkreli: Gj\u00ebndja n\u00eb lindjen e mesme absolutisht jasht\u00eb kontrollit - Lajme nga Ulqini<\/title>\n<meta name=\"description\" content=\"Nga Fank Shkreli K\u00ebshtu e cil\u00ebsoi gj\u00ebndjen e krijuar koh\u00ebt e fundit n\u00eb Lindjen e Mesme, ish-ambasadori\u00a0i Shteteve t\u00eb Bashkuara n\u00eb\u00a0 Shqip\u00ebri, James Jeffrey\" \/>\n<meta name=\"robots\" content=\"index, follow, max-snippet:-1, max-image-preview:large, max-video-preview:-1\" \/>\n<link rel=\"canonical\" href=\"https:\/\/www.visit-ulcinj.com\/blog\/2015\/04\/01\/shkreli-gjendja-ne-lindjen-e-mesme-absolutisht-jashte-kontrollit\/\" \/>\n<meta property=\"og:locale\" content=\"en_US\" \/>\n<meta property=\"og:type\" content=\"article\" \/>\n<meta property=\"og:title\" content=\"Shkreli: Gj\u00ebndja n\u00eb lindjen e mesme absolutisht jasht\u00eb kontrollit - Lajme nga Ulqini\" \/>\n<meta property=\"og:description\" content=\"Nga Fank Shkreli K\u00ebshtu e cil\u00ebsoi gj\u00ebndjen e krijuar koh\u00ebt e fundit n\u00eb Lindjen e Mesme, ish-ambasadori\u00a0i Shteteve t\u00eb Bashkuara n\u00eb\u00a0 Shqip\u00ebri, James Jeffrey\" \/>\n<meta property=\"og:url\" content=\"https:\/\/www.visit-ulcinj.com\/blog\/2015\/04\/01\/shkreli-gjendja-ne-lindjen-e-mesme-absolutisht-jashte-kontrollit\/\" \/>\n<meta property=\"og:site_name\" content=\"Lajme nga Ulqini\" \/>\n<meta property=\"article:published_time\" content=\"2015-04-01T13:30:12+00:00\" \/>\n<meta property=\"og:image\" content=\"http:\/\/www.visit-ulcinj.com\/blog\/wp-content\/uploads\/2015\/04\/James_F_Jeffrey-USA-240x300.jpg\" \/>\n<meta name=\"twitter:label1\" content=\"Written by\" \/>\n\t<meta name=\"twitter:data1\" content=\"ulqini\" \/>\n\t<meta name=\"twitter:label2\" content=\"Est. reading time\" \/>\n\t<meta name=\"twitter:data2\" content=\"8 minutes\" \/>\n<script type=\"application\/ld+json\" class=\"yoast-schema-graph\">{\"@context\":\"https:\/\/schema.org\",\"@graph\":[{\"@type\":\"WebSite\",\"@id\":\"https:\/\/www.visit-ulcinj.com\/blog\/#website\",\"url\":\"https:\/\/www.visit-ulcinj.com\/blog\/\",\"name\":\"Lajme nga Ulqini\",\"description\":\"Lajme,Vijesti,Ulqini,Ulqin,Crna Gora,Mali i Zi\",\"potentialAction\":[{\"@type\":\"SearchAction\",\"target\":{\"@type\":\"EntryPoint\",\"urlTemplate\":\"https:\/\/www.visit-ulcinj.com\/blog\/?s={search_term_string}\"},\"query-input\":\"required name=search_term_string\"}],\"inLanguage\":\"en-US\"},{\"@type\":\"ImageObject\",\"inLanguage\":\"en-US\",\"@id\":\"https:\/\/www.visit-ulcinj.com\/blog\/2015\/04\/01\/shkreli-gjendja-ne-lindjen-e-mesme-absolutisht-jashte-kontrollit\/#primaryimage\",\"url\":\"http:\/\/www.visit-ulcinj.com\/blog\/wp-content\/uploads\/2015\/04\/James_F_Jeffrey-USA-240x300.jpg\",\"contentUrl\":\"http:\/\/www.visit-ulcinj.com\/blog\/wp-content\/uploads\/2015\/04\/James_F_Jeffrey-USA-240x300.jpg\"},{\"@type\":\"WebPage\",\"@id\":\"https:\/\/www.visit-ulcinj.com\/blog\/2015\/04\/01\/shkreli-gjendja-ne-lindjen-e-mesme-absolutisht-jashte-kontrollit\/#webpage\",\"url\":\"https:\/\/www.visit-ulcinj.com\/blog\/2015\/04\/01\/shkreli-gjendja-ne-lindjen-e-mesme-absolutisht-jashte-kontrollit\/\",\"name\":\"Shkreli: Gj\u00ebndja n\u00eb lindjen e mesme absolutisht jasht\u00eb kontrollit - Lajme nga Ulqini\",\"isPartOf\":{\"@id\":\"https:\/\/www.visit-ulcinj.com\/blog\/#website\"},\"primaryImageOfPage\":{\"@id\":\"https:\/\/www.visit-ulcinj.com\/blog\/2015\/04\/01\/shkreli-gjendja-ne-lindjen-e-mesme-absolutisht-jashte-kontrollit\/#primaryimage\"},\"datePublished\":\"2015-04-01T13:30:12+00:00\",\"dateModified\":\"2015-04-01T13:30:12+00:00\",\"author\":{\"@id\":\"https:\/\/www.visit-ulcinj.com\/blog\/#\/schema\/person\/dcab619c614d3038751c63bc2aadc06d\"},\"description\":\"Nga Fank Shkreli K\u00ebshtu e cil\u00ebsoi gj\u00ebndjen e krijuar koh\u00ebt e fundit n\u00eb Lindjen e Mesme, ish-ambasadori\u00a0i Shteteve t\u00eb Bashkuara n\u00eb\u00a0 Shqip\u00ebri, James Jeffrey\",\"breadcrumb\":{\"@id\":\"https:\/\/www.visit-ulcinj.com\/blog\/2015\/04\/01\/shkreli-gjendja-ne-lindjen-e-mesme-absolutisht-jashte-kontrollit\/#breadcrumb\"},\"inLanguage\":\"en-US\",\"potentialAction\":[{\"@type\":\"ReadAction\",\"target\":[\"https:\/\/www.visit-ulcinj.com\/blog\/2015\/04\/01\/shkreli-gjendja-ne-lindjen-e-mesme-absolutisht-jashte-kontrollit\/\"]}]},{\"@type\":\"BreadcrumbList\",\"@id\":\"https:\/\/www.visit-ulcinj.com\/blog\/2015\/04\/01\/shkreli-gjendja-ne-lindjen-e-mesme-absolutisht-jashte-kontrollit\/#breadcrumb\",\"itemListElement\":[{\"@type\":\"ListItem\",\"position\":1,\"name\":\"Shkreli: Gj\u00ebndja n\u00eb lindjen e mesme absolutisht jasht\u00eb kontrollit\"}]},{\"@type\":\"Person\",\"@id\":\"https:\/\/www.visit-ulcinj.com\/blog\/#\/schema\/person\/dcab619c614d3038751c63bc2aadc06d\",\"name\":\"ulqini\",\"sameAs\":[\"http:\/\/www.visit-ulcinj.com\"],\"url\":\"https:\/\/www.visit-ulcinj.com\/blog\/author\/admin\/\"}]}<\/script>\n<!-- \/ Yoast SEO plugin. -->","yoast_head_json":{"title":"Shkreli: Gj\u00ebndja n\u00eb lindjen e mesme absolutisht jasht\u00eb kontrollit - Lajme nga Ulqini","description":"Nga Fank Shkreli K\u00ebshtu e cil\u00ebsoi gj\u00ebndjen e krijuar koh\u00ebt e fundit n\u00eb Lindjen e Mesme, ish-ambasadori\u00a0i Shteteve t\u00eb Bashkuara n\u00eb\u00a0 Shqip\u00ebri, James Jeffrey","robots":{"index":"index","follow":"follow","max-snippet":"max-snippet:-1","max-image-preview":"max-image-preview:large","max-video-preview":"max-video-preview:-1"},"canonical":"https:\/\/www.visit-ulcinj.com\/blog\/2015\/04\/01\/shkreli-gjendja-ne-lindjen-e-mesme-absolutisht-jashte-kontrollit\/","og_locale":"en_US","og_type":"article","og_title":"Shkreli: Gj\u00ebndja n\u00eb lindjen e mesme absolutisht jasht\u00eb kontrollit - Lajme nga Ulqini","og_description":"Nga Fank Shkreli K\u00ebshtu e cil\u00ebsoi gj\u00ebndjen e krijuar koh\u00ebt e fundit n\u00eb Lindjen e Mesme, ish-ambasadori\u00a0i Shteteve t\u00eb Bashkuara n\u00eb\u00a0 Shqip\u00ebri, James Jeffrey","og_url":"https:\/\/www.visit-ulcinj.com\/blog\/2015\/04\/01\/shkreli-gjendja-ne-lindjen-e-mesme-absolutisht-jashte-kontrollit\/","og_site_name":"Lajme nga Ulqini","article_published_time":"2015-04-01T13:30:12+00:00","og_image":[{"url":"http:\/\/www.visit-ulcinj.com\/blog\/wp-content\/uploads\/2015\/04\/James_F_Jeffrey-USA-240x300.jpg"}],"twitter_misc":{"Written by":"ulqini","Est. reading time":"8 minutes"},"schema":{"@context":"https:\/\/schema.org","@graph":[{"@type":"WebSite","@id":"https:\/\/www.visit-ulcinj.com\/blog\/#website","url":"https:\/\/www.visit-ulcinj.com\/blog\/","name":"Lajme nga Ulqini","description":"Lajme,Vijesti,Ulqini,Ulqin,Crna Gora,Mali i Zi","potentialAction":[{"@type":"SearchAction","target":{"@type":"EntryPoint","urlTemplate":"https:\/\/www.visit-ulcinj.com\/blog\/?s={search_term_string}"},"query-input":"required name=search_term_string"}],"inLanguage":"en-US"},{"@type":"ImageObject","inLanguage":"en-US","@id":"https:\/\/www.visit-ulcinj.com\/blog\/2015\/04\/01\/shkreli-gjendja-ne-lindjen-e-mesme-absolutisht-jashte-kontrollit\/#primaryimage","url":"http:\/\/www.visit-ulcinj.com\/blog\/wp-content\/uploads\/2015\/04\/James_F_Jeffrey-USA-240x300.jpg","contentUrl":"http:\/\/www.visit-ulcinj.com\/blog\/wp-content\/uploads\/2015\/04\/James_F_Jeffrey-USA-240x300.jpg"},{"@type":"WebPage","@id":"https:\/\/www.visit-ulcinj.com\/blog\/2015\/04\/01\/shkreli-gjendja-ne-lindjen-e-mesme-absolutisht-jashte-kontrollit\/#webpage","url":"https:\/\/www.visit-ulcinj.com\/blog\/2015\/04\/01\/shkreli-gjendja-ne-lindjen-e-mesme-absolutisht-jashte-kontrollit\/","name":"Shkreli: Gj\u00ebndja n\u00eb lindjen e mesme absolutisht jasht\u00eb kontrollit - Lajme nga Ulqini","isPartOf":{"@id":"https:\/\/www.visit-ulcinj.com\/blog\/#website"},"primaryImageOfPage":{"@id":"https:\/\/www.visit-ulcinj.com\/blog\/2015\/04\/01\/shkreli-gjendja-ne-lindjen-e-mesme-absolutisht-jashte-kontrollit\/#primaryimage"},"datePublished":"2015-04-01T13:30:12+00:00","dateModified":"2015-04-01T13:30:12+00:00","author":{"@id":"https:\/\/www.visit-ulcinj.com\/blog\/#\/schema\/person\/dcab619c614d3038751c63bc2aadc06d"},"description":"Nga Fank Shkreli K\u00ebshtu e cil\u00ebsoi gj\u00ebndjen e krijuar koh\u00ebt e fundit n\u00eb Lindjen e Mesme, ish-ambasadori\u00a0i Shteteve t\u00eb Bashkuara n\u00eb\u00a0 Shqip\u00ebri, James Jeffrey","breadcrumb":{"@id":"https:\/\/www.visit-ulcinj.com\/blog\/2015\/04\/01\/shkreli-gjendja-ne-lindjen-e-mesme-absolutisht-jashte-kontrollit\/#breadcrumb"},"inLanguage":"en-US","potentialAction":[{"@type":"ReadAction","target":["https:\/\/www.visit-ulcinj.com\/blog\/2015\/04\/01\/shkreli-gjendja-ne-lindjen-e-mesme-absolutisht-jashte-kontrollit\/"]}]},{"@type":"BreadcrumbList","@id":"https:\/\/www.visit-ulcinj.com\/blog\/2015\/04\/01\/shkreli-gjendja-ne-lindjen-e-mesme-absolutisht-jashte-kontrollit\/#breadcrumb","itemListElement":[{"@type":"ListItem","position":1,"name":"Shkreli: Gj\u00ebndja n\u00eb lindjen e mesme absolutisht jasht\u00eb kontrollit"}]},{"@type":"Person","@id":"https:\/\/www.visit-ulcinj.com\/blog\/#\/schema\/person\/dcab619c614d3038751c63bc2aadc06d","name":"ulqini","sameAs":["http:\/\/www.visit-ulcinj.com"],"url":"https:\/\/www.visit-ulcinj.com\/blog\/author\/admin\/"}]}},"jetpack_featured_media_url":"","jetpack_sharing_enabled":true,"jetpack_shortlink":"https:\/\/wp.me\/pe6lTn-nlj","_links":{"self":[{"href":"https:\/\/www.visit-ulcinj.com\/blog\/wp-json\/wp\/v2\/posts\/89733"}],"collection":[{"href":"https:\/\/www.visit-ulcinj.com\/blog\/wp-json\/wp\/v2\/posts"}],"about":[{"href":"https:\/\/www.visit-ulcinj.com\/blog\/wp-json\/wp\/v2\/types\/post"}],"author":[{"embeddable":true,"href":"https:\/\/www.visit-ulcinj.com\/blog\/wp-json\/wp\/v2\/users\/1"}],"replies":[{"embeddable":true,"href":"https:\/\/www.visit-ulcinj.com\/blog\/wp-json\/wp\/v2\/comments?post=89733"}],"version-history":[{"count":1,"href":"https:\/\/www.visit-ulcinj.com\/blog\/wp-json\/wp\/v2\/posts\/89733\/revisions"}],"predecessor-version":[{"id":89735,"href":"https:\/\/www.visit-ulcinj.com\/blog\/wp-json\/wp\/v2\/posts\/89733\/revisions\/89735"}],"wp:attachment":[{"href":"https:\/\/www.visit-ulcinj.com\/blog\/wp-json\/wp\/v2\/media?parent=89733"}],"wp:term":[{"taxonomy":"category","embeddable":true,"href":"https:\/\/www.visit-ulcinj.com\/blog\/wp-json\/wp\/v2\/categories?post=89733"},{"taxonomy":"post_tag","embeddable":true,"href":"https:\/\/www.visit-ulcinj.com\/blog\/wp-json\/wp\/v2\/tags?post=89733"}],"curies":[{"name":"wp","href":"https:\/\/api.w.org\/{rel}","templated":true}]}}