{"id":89736,"date":"2015-04-01T15:48:45","date_gmt":"2015-04-01T14:48:45","guid":{"rendered":"http:\/\/www.visit-ulcinj.com\/blog\/?p=89736"},"modified":"2015-04-01T15:48:45","modified_gmt":"2015-04-01T14:48:45","slug":"te-shtunen-dita-e-komunes-se-ulqinit","status":"publish","type":"post","link":"https:\/\/www.visit-ulcinj.com\/blog\/2015\/04\/01\/te-shtunen-dita-e-komunes-se-ulqinit\/","title":{"rendered":"T\u00eb shtun\u00ebn Dita e Komun\u00ebs s\u00eb Ulqinit"},"content":{"rendered":"<p><a href=\"http:\/\/www.visit-ulcinj.com\/blog\/wp-content\/uploads\/2015\/04\/Dita-Ulqinit-Fatmir-Gjeka.jpg\"><img loading=\"lazy\" class=\"alignleft wp-image-89737\" src=\"http:\/\/www.visit-ulcinj.com\/blog\/wp-content\/uploads\/2015\/04\/Dita-Ulqinit-Fatmir-Gjeka.jpg\" alt=\"Dita-Ulqinit-Fatmir-Gjeka\" width=\"508\" height=\"310\" srcset=\"https:\/\/www.visit-ulcinj.com\/blog\/wp-content\/uploads\/2015\/04\/Dita-Ulqinit-Fatmir-Gjeka.jpg 906w, https:\/\/www.visit-ulcinj.com\/blog\/wp-content\/uploads\/2015\/04\/Dita-Ulqinit-Fatmir-Gjeka-300x183.jpg 300w\" sizes=\"(max-width: 508px) 100vw, 508px\" \/><\/a>Dita e Komun\u00ebs s\u00eb Ulqinit, kremtohet t\u00eb shtun\u00ebn e par\u00eb t\u00eb muajit prill.<\/p>\n<p>Kjo dat\u00eb\u00a0 ng\u00ebrthen n\u00eb vehte disa simbolika.<\/p>\n<p>K\u00ebt\u00eb vit kremtimet do t\u00eb fillojn\u00eb m\u00eb dat\u00ebn 3 dhe do t\u00eb p\u00ebrfundojn\u00eb m\u00eb dat\u00ebn 5 prill.<\/p>\n<p>Seanca solemne e Kuvendit do t\u00eb\u00a0 mbahet m\u00eb dat\u00ebn 4.04.2015 n\u00eb or\u00ebn 11:00.<\/p>\n<p>Aty jan\u00eb ftuar t\u00eb marrin pjes\u00eb personalitetet m\u00eb t\u00eb larta shtet\u00ebrore t\u00eb Malit t\u00eb Zi, p\u00ebrfaq\u00ebsuesit e korit diplomatik t\u00eb akredituar n\u00eb Podgoric\u00eb dhe personalitete t\u00eb tjer\u00eb.<\/p>\n<p>Jan\u00eb ftuar dhe kan\u00eb konfirmuar pjes\u00ebmarrje Kryeministri i Shqip\u00ebris\u00eb z. Edi Rama dhe\u00a0 Z\u00ebv\u00ebnd\u00ebskryeministri dhe Ministri i jasht\u00ebm i Kosov\u00ebs \u00a0z. Hashim Tha\u00e7i t\u00eb cil\u00ebt do t\u00eb\u00a0 shpallen<\/p>\n<p><strong>\u2018\u2019<\/strong><strong>Qytetar nderi i Komun\u00ebs s\u00eb Ulqinit&#8221; \u00a0<\/strong><\/p>\n<p><strong>Programi i parashikuar p\u00ebr k\u00ebt\u00eb fest\u00eb<\/strong><\/p>\n<p><strong>E premte, 3 prill 2015<\/strong><\/p>\n<p>ora 9.00 \u2013 Takimi i klerik\u00ebve fetar me kryetarin e komun\u00ebs<\/p>\n<p>10.00 \u2013 Konferenca shkencore: \u201cNd\u00ebrtimi i paqes n\u00eb Ballkan<\/p>\n<p>dhe integrimii tij n\u00eb BE dhe NATO\u201d<\/p>\n<p>11.00 \u2013 Pranimi i student\u00ebve t\u00eb dalluar<\/p>\n<p><strong>E shtun\u00eb, 4 prill 2015<\/strong><\/p>\n<p>ora 11.00 \u2013 Kuvendi solemn<\/p>\n<p>\u2013 Shoqata miqt\u00eb e muzik\u00ebs \u201d Rozafa expression\u201d<\/p>\n<p>\u2013 solo Arlinda Agolli<\/p>\n<p>\u2013 sopran Gjylie Pelingu<\/p>\n<p>\u2013 drejtor artistik kompozitor prof. Zef \u00c7oba<\/p>\n<p>\u2013 sopran Milica Llallosheviq<\/p>\n<p>-Koktej<\/p>\n<p>\u2013 ekspozita e piktorit akademik turk Xhemal Akjildiz<\/p>\n<p>19.00<\/p>\n<p>\u2013 Promovimi i serenatave Ulqinake, Q\u00ebndra p\u00ebr kultur\u00eb<\/p>\n<p><strong>E diel\u00eb, 5 prill 2015<\/strong><\/p>\n<p>ora 10.00 \u2013 turneu i XIV nd\u00ebrkombtar\u00eb i karates\u00eb \u201cUlqini Open<\/p>\n<p>2015\u2033, palestra sportive shkolla \u201cMarshall Tito\u201d<\/p>\n<p>11.00 \u2013 panairi i pun\u00ebsimit, hoteli \u201cMediteran\u201d<\/p>\n<p>12.00 \u2013 konceri i talenteve t\u00eb rinj, Ran\u00eb<\/p>\n<p>13.00 \u2013 panairi i suvenirave dhe artizanatit, Ran\u00eb<\/p>\n","protected":false},"excerpt":{"rendered":"<p>Dita e Komun\u00ebs s\u00eb Ulqinit, kremtohet t\u00eb shtun\u00ebn e par\u00eb t\u00eb muajit prill. Kjo dat\u00eb\u00a0 ng\u00ebrthen n\u00eb vehte disa simbolika. K\u00ebt\u00eb vit kremtimet do t\u00eb fillojn\u00eb m\u00eb dat\u00ebn 3 dhe do t\u00eb p\u00ebrfundojn\u00eb m\u00eb dat\u00ebn 5 prill. Seanca solemne e Kuvendit do t\u00eb\u00a0 mbahet m\u00eb dat\u00ebn 4.04.2015 n\u00eb or\u00ebn 11:00. Aty jan\u00eb ftuar t\u00eb marrin [&hellip;]<\/p>\n","protected":false},"author":1,"featured_media":0,"comment_status":"closed","ping_status":"closed","sticky":false,"template":"","format":"standard","meta":{"spay_email":"","jetpack_publicize_message":"","jetpack_is_tweetstorm":false,"jetpack_publicize_feature_enabled":true},"categories":[1],"tags":[],"jetpack_publicize_connections":[],"yoast_head":"<!-- This site is optimized with the Yoast SEO plugin v19.1 - https:\/\/yoast.com\/wordpress\/plugins\/seo\/ -->\n<title>T\u00eb shtun\u00ebn Dita e Komun\u00ebs s\u00eb Ulqinit - Lajme nga Ulqini<\/title>\n<meta name=\"description\" content=\"Dita e Komun\u00ebs s\u00eb Ulqinit, kremtohet t\u00eb shtun\u00ebn e par\u00eb t\u00eb muajit prill. Kjo dat\u00eb\u00a0 ng\u00ebrthen n\u00eb vehte disa simbolika. K\u00ebt\u00eb vit kremtimet do t\u00eb fillojn\u00eb m\u00eb\" \/>\n<meta name=\"robots\" content=\"index, follow, max-snippet:-1, max-image-preview:large, max-video-preview:-1\" \/>\n<link rel=\"canonical\" href=\"https:\/\/www.visit-ulcinj.com\/blog\/2015\/04\/01\/te-shtunen-dita-e-komunes-se-ulqinit\/\" \/>\n<meta property=\"og:locale\" content=\"en_US\" \/>\n<meta property=\"og:type\" content=\"article\" \/>\n<meta property=\"og:title\" content=\"T\u00eb shtun\u00ebn Dita e Komun\u00ebs s\u00eb Ulqinit - Lajme nga Ulqini\" \/>\n<meta property=\"og:description\" content=\"Dita e Komun\u00ebs s\u00eb Ulqinit, kremtohet t\u00eb shtun\u00ebn e par\u00eb t\u00eb muajit prill. Kjo dat\u00eb\u00a0 ng\u00ebrthen n\u00eb vehte disa simbolika. K\u00ebt\u00eb vit kremtimet do t\u00eb fillojn\u00eb m\u00eb\" \/>\n<meta property=\"og:url\" content=\"https:\/\/www.visit-ulcinj.com\/blog\/2015\/04\/01\/te-shtunen-dita-e-komunes-se-ulqinit\/\" \/>\n<meta property=\"og:site_name\" content=\"Lajme nga Ulqini\" \/>\n<meta property=\"article:published_time\" content=\"2015-04-01T14:48:45+00:00\" \/>\n<meta property=\"og:image\" content=\"http:\/\/www.visit-ulcinj.com\/blog\/wp-content\/uploads\/2015\/04\/Dita-Ulqinit-Fatmir-Gjeka.jpg\" \/>\n<meta name=\"twitter:label1\" content=\"Written by\" \/>\n\t<meta name=\"twitter:data1\" content=\"ulqini\" \/>\n\t<meta name=\"twitter:label2\" content=\"Est. reading time\" \/>\n\t<meta name=\"twitter:data2\" content=\"1 minute\" \/>\n<script type=\"application\/ld+json\" class=\"yoast-schema-graph\">{\"@context\":\"https:\/\/schema.org\",\"@graph\":[{\"@type\":\"WebSite\",\"@id\":\"https:\/\/www.visit-ulcinj.com\/blog\/#website\",\"url\":\"https:\/\/www.visit-ulcinj.com\/blog\/\",\"name\":\"Lajme nga Ulqini\",\"description\":\"Lajme,Vijesti,Ulqini,Ulqin,Crna Gora,Mali i Zi\",\"potentialAction\":[{\"@type\":\"SearchAction\",\"target\":{\"@type\":\"EntryPoint\",\"urlTemplate\":\"https:\/\/www.visit-ulcinj.com\/blog\/?s={search_term_string}\"},\"query-input\":\"required name=search_term_string\"}],\"inLanguage\":\"en-US\"},{\"@type\":\"ImageObject\",\"inLanguage\":\"en-US\",\"@id\":\"https:\/\/www.visit-ulcinj.com\/blog\/2015\/04\/01\/te-shtunen-dita-e-komunes-se-ulqinit\/#primaryimage\",\"url\":\"https:\/\/www.visit-ulcinj.com\/blog\/wp-content\/uploads\/2015\/04\/Dita-Ulqinit-Fatmir-Gjeka.jpg\",\"contentUrl\":\"https:\/\/www.visit-ulcinj.com\/blog\/wp-content\/uploads\/2015\/04\/Dita-Ulqinit-Fatmir-Gjeka.jpg\",\"width\":906,\"height\":553},{\"@type\":\"WebPage\",\"@id\":\"https:\/\/www.visit-ulcinj.com\/blog\/2015\/04\/01\/te-shtunen-dita-e-komunes-se-ulqinit\/#webpage\",\"url\":\"https:\/\/www.visit-ulcinj.com\/blog\/2015\/04\/01\/te-shtunen-dita-e-komunes-se-ulqinit\/\",\"name\":\"T\u00eb shtun\u00ebn Dita e Komun\u00ebs s\u00eb Ulqinit - Lajme nga Ulqini\",\"isPartOf\":{\"@id\":\"https:\/\/www.visit-ulcinj.com\/blog\/#website\"},\"primaryImageOfPage\":{\"@id\":\"https:\/\/www.visit-ulcinj.com\/blog\/2015\/04\/01\/te-shtunen-dita-e-komunes-se-ulqinit\/#primaryimage\"},\"datePublished\":\"2015-04-01T14:48:45+00:00\",\"dateModified\":\"2015-04-01T14:48:45+00:00\",\"author\":{\"@id\":\"https:\/\/www.visit-ulcinj.com\/blog\/#\/schema\/person\/dcab619c614d3038751c63bc2aadc06d\"},\"description\":\"Dita e Komun\u00ebs s\u00eb Ulqinit, kremtohet t\u00eb shtun\u00ebn e par\u00eb t\u00eb muajit prill. Kjo dat\u00eb\u00a0 ng\u00ebrthen n\u00eb vehte disa simbolika. K\u00ebt\u00eb vit kremtimet do t\u00eb fillojn\u00eb m\u00eb\",\"breadcrumb\":{\"@id\":\"https:\/\/www.visit-ulcinj.com\/blog\/2015\/04\/01\/te-shtunen-dita-e-komunes-se-ulqinit\/#breadcrumb\"},\"inLanguage\":\"en-US\",\"potentialAction\":[{\"@type\":\"ReadAction\",\"target\":[\"https:\/\/www.visit-ulcinj.com\/blog\/2015\/04\/01\/te-shtunen-dita-e-komunes-se-ulqinit\/\"]}]},{\"@type\":\"BreadcrumbList\",\"@id\":\"https:\/\/www.visit-ulcinj.com\/blog\/2015\/04\/01\/te-shtunen-dita-e-komunes-se-ulqinit\/#breadcrumb\",\"itemListElement\":[{\"@type\":\"ListItem\",\"position\":1,\"name\":\"T\u00eb shtun\u00ebn Dita e Komun\u00ebs s\u00eb Ulqinit\"}]},{\"@type\":\"Person\",\"@id\":\"https:\/\/www.visit-ulcinj.com\/blog\/#\/schema\/person\/dcab619c614d3038751c63bc2aadc06d\",\"name\":\"ulqini\",\"sameAs\":[\"http:\/\/www.visit-ulcinj.com\"],\"url\":\"https:\/\/www.visit-ulcinj.com\/blog\/author\/admin\/\"}]}<\/script>\n<!-- \/ Yoast SEO plugin. -->","yoast_head_json":{"title":"T\u00eb shtun\u00ebn Dita e Komun\u00ebs s\u00eb Ulqinit - Lajme nga Ulqini","description":"Dita e Komun\u00ebs s\u00eb Ulqinit, kremtohet t\u00eb shtun\u00ebn e par\u00eb t\u00eb muajit prill. Kjo dat\u00eb\u00a0 ng\u00ebrthen n\u00eb vehte disa simbolika. K\u00ebt\u00eb vit kremtimet do t\u00eb fillojn\u00eb m\u00eb","robots":{"index":"index","follow":"follow","max-snippet":"max-snippet:-1","max-image-preview":"max-image-preview:large","max-video-preview":"max-video-preview:-1"},"canonical":"https:\/\/www.visit-ulcinj.com\/blog\/2015\/04\/01\/te-shtunen-dita-e-komunes-se-ulqinit\/","og_locale":"en_US","og_type":"article","og_title":"T\u00eb shtun\u00ebn Dita e Komun\u00ebs s\u00eb Ulqinit - Lajme nga Ulqini","og_description":"Dita e Komun\u00ebs s\u00eb Ulqinit, kremtohet t\u00eb shtun\u00ebn e par\u00eb t\u00eb muajit prill. Kjo dat\u00eb\u00a0 ng\u00ebrthen n\u00eb vehte disa simbolika. K\u00ebt\u00eb vit kremtimet do t\u00eb fillojn\u00eb m\u00eb","og_url":"https:\/\/www.visit-ulcinj.com\/blog\/2015\/04\/01\/te-shtunen-dita-e-komunes-se-ulqinit\/","og_site_name":"Lajme nga Ulqini","article_published_time":"2015-04-01T14:48:45+00:00","og_image":[{"url":"http:\/\/www.visit-ulcinj.com\/blog\/wp-content\/uploads\/2015\/04\/Dita-Ulqinit-Fatmir-Gjeka.jpg"}],"twitter_misc":{"Written by":"ulqini","Est. reading time":"1 minute"},"schema":{"@context":"https:\/\/schema.org","@graph":[{"@type":"WebSite","@id":"https:\/\/www.visit-ulcinj.com\/blog\/#website","url":"https:\/\/www.visit-ulcinj.com\/blog\/","name":"Lajme nga Ulqini","description":"Lajme,Vijesti,Ulqini,Ulqin,Crna Gora,Mali i Zi","potentialAction":[{"@type":"SearchAction","target":{"@type":"EntryPoint","urlTemplate":"https:\/\/www.visit-ulcinj.com\/blog\/?s={search_term_string}"},"query-input":"required name=search_term_string"}],"inLanguage":"en-US"},{"@type":"ImageObject","inLanguage":"en-US","@id":"https:\/\/www.visit-ulcinj.com\/blog\/2015\/04\/01\/te-shtunen-dita-e-komunes-se-ulqinit\/#primaryimage","url":"https:\/\/www.visit-ulcinj.com\/blog\/wp-content\/uploads\/2015\/04\/Dita-Ulqinit-Fatmir-Gjeka.jpg","contentUrl":"https:\/\/www.visit-ulcinj.com\/blog\/wp-content\/uploads\/2015\/04\/Dita-Ulqinit-Fatmir-Gjeka.jpg","width":906,"height":553},{"@type":"WebPage","@id":"https:\/\/www.visit-ulcinj.com\/blog\/2015\/04\/01\/te-shtunen-dita-e-komunes-se-ulqinit\/#webpage","url":"https:\/\/www.visit-ulcinj.com\/blog\/2015\/04\/01\/te-shtunen-dita-e-komunes-se-ulqinit\/","name":"T\u00eb shtun\u00ebn Dita e Komun\u00ebs s\u00eb Ulqinit - Lajme nga Ulqini","isPartOf":{"@id":"https:\/\/www.visit-ulcinj.com\/blog\/#website"},"primaryImageOfPage":{"@id":"https:\/\/www.visit-ulcinj.com\/blog\/2015\/04\/01\/te-shtunen-dita-e-komunes-se-ulqinit\/#primaryimage"},"datePublished":"2015-04-01T14:48:45+00:00","dateModified":"2015-04-01T14:48:45+00:00","author":{"@id":"https:\/\/www.visit-ulcinj.com\/blog\/#\/schema\/person\/dcab619c614d3038751c63bc2aadc06d"},"description":"Dita e Komun\u00ebs s\u00eb Ulqinit, kremtohet t\u00eb shtun\u00ebn e par\u00eb t\u00eb muajit prill. Kjo dat\u00eb\u00a0 ng\u00ebrthen n\u00eb vehte disa simbolika. K\u00ebt\u00eb vit kremtimet do t\u00eb fillojn\u00eb m\u00eb","breadcrumb":{"@id":"https:\/\/www.visit-ulcinj.com\/blog\/2015\/04\/01\/te-shtunen-dita-e-komunes-se-ulqinit\/#breadcrumb"},"inLanguage":"en-US","potentialAction":[{"@type":"ReadAction","target":["https:\/\/www.visit-ulcinj.com\/blog\/2015\/04\/01\/te-shtunen-dita-e-komunes-se-ulqinit\/"]}]},{"@type":"BreadcrumbList","@id":"https:\/\/www.visit-ulcinj.com\/blog\/2015\/04\/01\/te-shtunen-dita-e-komunes-se-ulqinit\/#breadcrumb","itemListElement":[{"@type":"ListItem","position":1,"name":"T\u00eb shtun\u00ebn Dita e Komun\u00ebs s\u00eb Ulqinit"}]},{"@type":"Person","@id":"https:\/\/www.visit-ulcinj.com\/blog\/#\/schema\/person\/dcab619c614d3038751c63bc2aadc06d","name":"ulqini","sameAs":["http:\/\/www.visit-ulcinj.com"],"url":"https:\/\/www.visit-ulcinj.com\/blog\/author\/admin\/"}]}},"jetpack_featured_media_url":"","jetpack_sharing_enabled":true,"jetpack_shortlink":"https:\/\/wp.me\/pe6lTn-nlm","_links":{"self":[{"href":"https:\/\/www.visit-ulcinj.com\/blog\/wp-json\/wp\/v2\/posts\/89736"}],"collection":[{"href":"https:\/\/www.visit-ulcinj.com\/blog\/wp-json\/wp\/v2\/posts"}],"about":[{"href":"https:\/\/www.visit-ulcinj.com\/blog\/wp-json\/wp\/v2\/types\/post"}],"author":[{"embeddable":true,"href":"https:\/\/www.visit-ulcinj.com\/blog\/wp-json\/wp\/v2\/users\/1"}],"replies":[{"embeddable":true,"href":"https:\/\/www.visit-ulcinj.com\/blog\/wp-json\/wp\/v2\/comments?post=89736"}],"version-history":[{"count":1,"href":"https:\/\/www.visit-ulcinj.com\/blog\/wp-json\/wp\/v2\/posts\/89736\/revisions"}],"predecessor-version":[{"id":89738,"href":"https:\/\/www.visit-ulcinj.com\/blog\/wp-json\/wp\/v2\/posts\/89736\/revisions\/89738"}],"wp:attachment":[{"href":"https:\/\/www.visit-ulcinj.com\/blog\/wp-json\/wp\/v2\/media?parent=89736"}],"wp:term":[{"taxonomy":"category","embeddable":true,"href":"https:\/\/www.visit-ulcinj.com\/blog\/wp-json\/wp\/v2\/categories?post=89736"},{"taxonomy":"post_tag","embeddable":true,"href":"https:\/\/www.visit-ulcinj.com\/blog\/wp-json\/wp\/v2\/tags?post=89736"}],"curies":[{"name":"wp","href":"https:\/\/api.w.org\/{rel}","templated":true}]}}