{"id":89739,"date":"2015-04-01T15:59:55","date_gmt":"2015-04-01T14:59:55","guid":{"rendered":"http:\/\/www.visit-ulcinj.com\/blog\/?p=89739"},"modified":"2015-04-01T15:59:55","modified_gmt":"2015-04-01T14:59:55","slug":"edi-rama-taci-pocasni-gradani-ulcinja","status":"publish","type":"post","link":"https:\/\/www.visit-ulcinj.com\/blog\/2015\/04\/01\/edi-rama-taci-pocasni-gradani-ulcinja\/","title":{"rendered":"Edi Rama i Ta\u010di po\u010dasni gra\u0111ani Ulcinja?"},"content":{"rendered":"<p><a href=\"http:\/\/www.visit-ulcinj.com\/blog\/wp-content\/uploads\/2015\/04\/Filip-Vujanovic-Hashim-Thaci-Edin-Rama-Milo-Djukanovic.jpg\"><img loading=\"lazy\" class=\"alignleft wp-image-89740\" src=\"http:\/\/www.visit-ulcinj.com\/blog\/wp-content\/uploads\/2015\/04\/Filip-Vujanovic-Hashim-Thaci-Edin-Rama-Milo-Djukanovic.jpg\" alt=\"Filip-Vujanovic-Hashim-Thaci-Edin-Rama-Milo-Djukanovic\" width=\"508\" height=\"273\" \/><\/a>Kako &#8220;Vijesti&#8221; saznaju, u odlu\u010divanju o progla\u0161enju Rame i Ta\u010dija po\u010dasnim gra\u0111anima je zaobi\u0111ena Skup\u0161tina op\u0161tine Ulcinj, odluku o tome donosi sam predsjednik op\u0161tine<\/p>\n<p><strong><span class=\"credits__author\"> Autori: Samir Adrovi\u0107, Srdan Kosovic <\/span><\/strong><\/p>\n<p>Ulcinj u subotu slavi Dan op\u0161tine, a gradona\u010delnik Fatmir \u0110eka uspio je u onome \u0161to niko prije njega nije.<\/p>\n<p>Naime, u sve\u010danoj sali Doma kulture jedan do drugog sjedje\u0107e\u00a0predsjednik Crne Gore\u00a0Filip Vujanovi\u0107,\u00a0premijer Albanije\u00a0Edi Rama i ministar inostranih\u00a0poslova Kosova Ha\u0161im Ta\u010di.<\/p>\n<p>&#8220;Vijestima&#8221;\u00a0je to potvrdio gradona\u010delnik\u00a0\u0110eka naglasiv\u0161i da \u0107e op\u0161tina\u00a0zvani\u010dnu agendu izdati do sjutra.<\/p>\n<p>\u0110eka nije htio ni da potrvrdi ni da demantuje da \u0107e na Dan op\u0161tine Rama i Ta\u010di biti progla\u0161eni po\u010dasnim gra\u0111anima Ulcinja.<\/p>\n<p>\u201cUru\u010di\u0107emo im priznanja, to je sigurno&#8221;, kazao je \u0110eka.\u00a0Kako &#8220;Vijesti&#8221; saznaju, u odlu\u010divanju o progla\u0161enju Rame i Ta\u010dija po\u010dasnim gra\u0111anima je zaobi\u0111ena Skup\u0161tina op\u0161tine Ulcinj, odluku o tome donosi sam predsjednik op\u0161tine<\/p>\n<p>Prema nezvani\u010dnim informacijama\u00a0o\u010dekuje se i neformalni dolazak premijera Crne Gore Mila\u00a0\u0110ukanovi\u0107a, ali \u0110eka nije htio da komentari\u0161e ni ta saznajnja &#8220;Vijesti&#8221;.<\/p>\n<p>Ulcinj slavi Dan op\u0161tine prve\u00a0subote u aprilu \u0161to simbolizuje kraj berbe maslina, odlazak pomoraca na brodove i po\u010detak ljetnje sezone.<\/p>\n<p><strong>Izvor: Vijesti Online<\/strong><\/p>\n","protected":false},"excerpt":{"rendered":"<p>Kako &#8220;Vijesti&#8221; saznaju, u odlu\u010divanju o progla\u0161enju Rame i Ta\u010dija po\u010dasnim gra\u0111anima je zaobi\u0111ena Skup\u0161tina op\u0161tine Ulcinj, odluku o tome donosi sam predsjednik op\u0161tine Autori: Samir Adrovi\u0107, Srdan Kosovic Ulcinj u subotu slavi Dan op\u0161tine, a gradona\u010delnik Fatmir \u0110eka uspio je u onome \u0161to niko prije njega nije. Naime, u sve\u010danoj sali Doma kulture jedan [&hellip;]<\/p>\n","protected":false},"author":1,"featured_media":0,"comment_status":"closed","ping_status":"closed","sticky":false,"template":"","format":"standard","meta":{"spay_email":"","jetpack_publicize_message":"","jetpack_is_tweetstorm":false,"jetpack_publicize_feature_enabled":true},"categories":[8337],"tags":[],"jetpack_publicize_connections":[],"yoast_head":"<!-- This site is optimized with the Yoast SEO plugin v19.1 - https:\/\/yoast.com\/wordpress\/plugins\/seo\/ -->\n<title>Edi Rama i Ta\u010di po\u010dasni gra\u0111ani Ulcinja? - Lajme nga Ulqini<\/title>\n<meta name=\"description\" content=\"Kako &quot;Vijesti&quot; saznaju, u odlu\u010divanju o progla\u0161enju Rame i Ta\u010dija po\u010dasnim gra\u0111anima je zaobi\u0111ena Skup\u0161tina op\u0161tine Ulcinj, odluku o tome donosi sam\" \/>\n<meta name=\"robots\" content=\"index, follow, max-snippet:-1, max-image-preview:large, max-video-preview:-1\" \/>\n<link rel=\"canonical\" href=\"https:\/\/www.visit-ulcinj.com\/blog\/2015\/04\/01\/edi-rama-taci-pocasni-gradani-ulcinja\/\" \/>\n<meta property=\"og:locale\" content=\"en_US\" \/>\n<meta property=\"og:type\" content=\"article\" \/>\n<meta property=\"og:title\" content=\"Edi Rama i Ta\u010di po\u010dasni gra\u0111ani Ulcinja? - Lajme nga Ulqini\" \/>\n<meta property=\"og:description\" content=\"Kako &quot;Vijesti&quot; saznaju, u odlu\u010divanju o progla\u0161enju Rame i Ta\u010dija po\u010dasnim gra\u0111anima je zaobi\u0111ena Skup\u0161tina op\u0161tine Ulcinj, odluku o tome donosi sam\" \/>\n<meta property=\"og:url\" content=\"https:\/\/www.visit-ulcinj.com\/blog\/2015\/04\/01\/edi-rama-taci-pocasni-gradani-ulcinja\/\" \/>\n<meta property=\"og:site_name\" content=\"Lajme nga Ulqini\" \/>\n<meta property=\"article:published_time\" content=\"2015-04-01T14:59:55+00:00\" \/>\n<meta property=\"og:image\" content=\"http:\/\/www.visit-ulcinj.com\/blog\/wp-content\/uploads\/2015\/04\/Filip-Vujanovic-Hashim-Thaci-Edin-Rama-Milo-Djukanovic.jpg\" \/>\n<meta name=\"twitter:label1\" content=\"Written by\" \/>\n\t<meta name=\"twitter:data1\" content=\"ulqini\" \/>\n\t<meta name=\"twitter:label2\" content=\"Est. reading time\" \/>\n\t<meta name=\"twitter:data2\" content=\"1 minute\" \/>\n<script type=\"application\/ld+json\" class=\"yoast-schema-graph\">{\"@context\":\"https:\/\/schema.org\",\"@graph\":[{\"@type\":\"WebSite\",\"@id\":\"https:\/\/www.visit-ulcinj.com\/blog\/#website\",\"url\":\"https:\/\/www.visit-ulcinj.com\/blog\/\",\"name\":\"Lajme nga Ulqini\",\"description\":\"Lajme,Vijesti,Ulqini,Ulqin,Crna Gora,Mali i Zi\",\"potentialAction\":[{\"@type\":\"SearchAction\",\"target\":{\"@type\":\"EntryPoint\",\"urlTemplate\":\"https:\/\/www.visit-ulcinj.com\/blog\/?s={search_term_string}\"},\"query-input\":\"required name=search_term_string\"}],\"inLanguage\":\"en-US\"},{\"@type\":\"ImageObject\",\"inLanguage\":\"en-US\",\"@id\":\"https:\/\/www.visit-ulcinj.com\/blog\/2015\/04\/01\/edi-rama-taci-pocasni-gradani-ulcinja\/#primaryimage\",\"url\":\"http:\/\/www.visit-ulcinj.com\/blog\/wp-content\/uploads\/2015\/04\/Filip-Vujanovic-Hashim-Thaci-Edin-Rama-Milo-Djukanovic.jpg\",\"contentUrl\":\"http:\/\/www.visit-ulcinj.com\/blog\/wp-content\/uploads\/2015\/04\/Filip-Vujanovic-Hashim-Thaci-Edin-Rama-Milo-Djukanovic.jpg\"},{\"@type\":\"WebPage\",\"@id\":\"https:\/\/www.visit-ulcinj.com\/blog\/2015\/04\/01\/edi-rama-taci-pocasni-gradani-ulcinja\/#webpage\",\"url\":\"https:\/\/www.visit-ulcinj.com\/blog\/2015\/04\/01\/edi-rama-taci-pocasni-gradani-ulcinja\/\",\"name\":\"Edi Rama i Ta\u010di po\u010dasni gra\u0111ani Ulcinja? - Lajme nga Ulqini\",\"isPartOf\":{\"@id\":\"https:\/\/www.visit-ulcinj.com\/blog\/#website\"},\"primaryImageOfPage\":{\"@id\":\"https:\/\/www.visit-ulcinj.com\/blog\/2015\/04\/01\/edi-rama-taci-pocasni-gradani-ulcinja\/#primaryimage\"},\"datePublished\":\"2015-04-01T14:59:55+00:00\",\"dateModified\":\"2015-04-01T14:59:55+00:00\",\"author\":{\"@id\":\"https:\/\/www.visit-ulcinj.com\/blog\/#\/schema\/person\/dcab619c614d3038751c63bc2aadc06d\"},\"description\":\"Kako \\\"Vijesti\\\" saznaju, u odlu\u010divanju o progla\u0161enju Rame i Ta\u010dija po\u010dasnim gra\u0111anima je zaobi\u0111ena Skup\u0161tina op\u0161tine Ulcinj, odluku o tome donosi sam\",\"breadcrumb\":{\"@id\":\"https:\/\/www.visit-ulcinj.com\/blog\/2015\/04\/01\/edi-rama-taci-pocasni-gradani-ulcinja\/#breadcrumb\"},\"inLanguage\":\"en-US\",\"potentialAction\":[{\"@type\":\"ReadAction\",\"target\":[\"https:\/\/www.visit-ulcinj.com\/blog\/2015\/04\/01\/edi-rama-taci-pocasni-gradani-ulcinja\/\"]}]},{\"@type\":\"BreadcrumbList\",\"@id\":\"https:\/\/www.visit-ulcinj.com\/blog\/2015\/04\/01\/edi-rama-taci-pocasni-gradani-ulcinja\/#breadcrumb\",\"itemListElement\":[{\"@type\":\"ListItem\",\"position\":1,\"name\":\"Edi Rama i Ta\u010di po\u010dasni gra\u0111ani Ulcinja?\"}]},{\"@type\":\"Person\",\"@id\":\"https:\/\/www.visit-ulcinj.com\/blog\/#\/schema\/person\/dcab619c614d3038751c63bc2aadc06d\",\"name\":\"ulqini\",\"sameAs\":[\"http:\/\/www.visit-ulcinj.com\"],\"url\":\"https:\/\/www.visit-ulcinj.com\/blog\/author\/admin\/\"}]}<\/script>\n<!-- \/ Yoast SEO plugin. -->","yoast_head_json":{"title":"Edi Rama i Ta\u010di po\u010dasni gra\u0111ani Ulcinja? - Lajme nga Ulqini","description":"Kako \"Vijesti\" saznaju, u odlu\u010divanju o progla\u0161enju Rame i Ta\u010dija po\u010dasnim gra\u0111anima je zaobi\u0111ena Skup\u0161tina op\u0161tine Ulcinj, odluku o tome donosi sam","robots":{"index":"index","follow":"follow","max-snippet":"max-snippet:-1","max-image-preview":"max-image-preview:large","max-video-preview":"max-video-preview:-1"},"canonical":"https:\/\/www.visit-ulcinj.com\/blog\/2015\/04\/01\/edi-rama-taci-pocasni-gradani-ulcinja\/","og_locale":"en_US","og_type":"article","og_title":"Edi Rama i Ta\u010di po\u010dasni gra\u0111ani Ulcinja? - Lajme nga Ulqini","og_description":"Kako \"Vijesti\" saznaju, u odlu\u010divanju o progla\u0161enju Rame i Ta\u010dija po\u010dasnim gra\u0111anima je zaobi\u0111ena Skup\u0161tina op\u0161tine Ulcinj, odluku o tome donosi sam","og_url":"https:\/\/www.visit-ulcinj.com\/blog\/2015\/04\/01\/edi-rama-taci-pocasni-gradani-ulcinja\/","og_site_name":"Lajme nga Ulqini","article_published_time":"2015-04-01T14:59:55+00:00","og_image":[{"url":"http:\/\/www.visit-ulcinj.com\/blog\/wp-content\/uploads\/2015\/04\/Filip-Vujanovic-Hashim-Thaci-Edin-Rama-Milo-Djukanovic.jpg"}],"twitter_misc":{"Written by":"ulqini","Est. reading time":"1 minute"},"schema":{"@context":"https:\/\/schema.org","@graph":[{"@type":"WebSite","@id":"https:\/\/www.visit-ulcinj.com\/blog\/#website","url":"https:\/\/www.visit-ulcinj.com\/blog\/","name":"Lajme nga Ulqini","description":"Lajme,Vijesti,Ulqini,Ulqin,Crna Gora,Mali i Zi","potentialAction":[{"@type":"SearchAction","target":{"@type":"EntryPoint","urlTemplate":"https:\/\/www.visit-ulcinj.com\/blog\/?s={search_term_string}"},"query-input":"required name=search_term_string"}],"inLanguage":"en-US"},{"@type":"ImageObject","inLanguage":"en-US","@id":"https:\/\/www.visit-ulcinj.com\/blog\/2015\/04\/01\/edi-rama-taci-pocasni-gradani-ulcinja\/#primaryimage","url":"http:\/\/www.visit-ulcinj.com\/blog\/wp-content\/uploads\/2015\/04\/Filip-Vujanovic-Hashim-Thaci-Edin-Rama-Milo-Djukanovic.jpg","contentUrl":"http:\/\/www.visit-ulcinj.com\/blog\/wp-content\/uploads\/2015\/04\/Filip-Vujanovic-Hashim-Thaci-Edin-Rama-Milo-Djukanovic.jpg"},{"@type":"WebPage","@id":"https:\/\/www.visit-ulcinj.com\/blog\/2015\/04\/01\/edi-rama-taci-pocasni-gradani-ulcinja\/#webpage","url":"https:\/\/www.visit-ulcinj.com\/blog\/2015\/04\/01\/edi-rama-taci-pocasni-gradani-ulcinja\/","name":"Edi Rama i Ta\u010di po\u010dasni gra\u0111ani Ulcinja? - Lajme nga Ulqini","isPartOf":{"@id":"https:\/\/www.visit-ulcinj.com\/blog\/#website"},"primaryImageOfPage":{"@id":"https:\/\/www.visit-ulcinj.com\/blog\/2015\/04\/01\/edi-rama-taci-pocasni-gradani-ulcinja\/#primaryimage"},"datePublished":"2015-04-01T14:59:55+00:00","dateModified":"2015-04-01T14:59:55+00:00","author":{"@id":"https:\/\/www.visit-ulcinj.com\/blog\/#\/schema\/person\/dcab619c614d3038751c63bc2aadc06d"},"description":"Kako \"Vijesti\" saznaju, u odlu\u010divanju o progla\u0161enju Rame i Ta\u010dija po\u010dasnim gra\u0111anima je zaobi\u0111ena Skup\u0161tina op\u0161tine Ulcinj, odluku o tome donosi sam","breadcrumb":{"@id":"https:\/\/www.visit-ulcinj.com\/blog\/2015\/04\/01\/edi-rama-taci-pocasni-gradani-ulcinja\/#breadcrumb"},"inLanguage":"en-US","potentialAction":[{"@type":"ReadAction","target":["https:\/\/www.visit-ulcinj.com\/blog\/2015\/04\/01\/edi-rama-taci-pocasni-gradani-ulcinja\/"]}]},{"@type":"BreadcrumbList","@id":"https:\/\/www.visit-ulcinj.com\/blog\/2015\/04\/01\/edi-rama-taci-pocasni-gradani-ulcinja\/#breadcrumb","itemListElement":[{"@type":"ListItem","position":1,"name":"Edi Rama i Ta\u010di po\u010dasni gra\u0111ani Ulcinja?"}]},{"@type":"Person","@id":"https:\/\/www.visit-ulcinj.com\/blog\/#\/schema\/person\/dcab619c614d3038751c63bc2aadc06d","name":"ulqini","sameAs":["http:\/\/www.visit-ulcinj.com"],"url":"https:\/\/www.visit-ulcinj.com\/blog\/author\/admin\/"}]}},"jetpack_featured_media_url":"","jetpack_sharing_enabled":true,"jetpack_shortlink":"https:\/\/wp.me\/pe6lTn-nlp","_links":{"self":[{"href":"https:\/\/www.visit-ulcinj.com\/blog\/wp-json\/wp\/v2\/posts\/89739"}],"collection":[{"href":"https:\/\/www.visit-ulcinj.com\/blog\/wp-json\/wp\/v2\/posts"}],"about":[{"href":"https:\/\/www.visit-ulcinj.com\/blog\/wp-json\/wp\/v2\/types\/post"}],"author":[{"embeddable":true,"href":"https:\/\/www.visit-ulcinj.com\/blog\/wp-json\/wp\/v2\/users\/1"}],"replies":[{"embeddable":true,"href":"https:\/\/www.visit-ulcinj.com\/blog\/wp-json\/wp\/v2\/comments?post=89739"}],"version-history":[{"count":1,"href":"https:\/\/www.visit-ulcinj.com\/blog\/wp-json\/wp\/v2\/posts\/89739\/revisions"}],"predecessor-version":[{"id":89741,"href":"https:\/\/www.visit-ulcinj.com\/blog\/wp-json\/wp\/v2\/posts\/89739\/revisions\/89741"}],"wp:attachment":[{"href":"https:\/\/www.visit-ulcinj.com\/blog\/wp-json\/wp\/v2\/media?parent=89739"}],"wp:term":[{"taxonomy":"category","embeddable":true,"href":"https:\/\/www.visit-ulcinj.com\/blog\/wp-json\/wp\/v2\/categories?post=89739"},{"taxonomy":"post_tag","embeddable":true,"href":"https:\/\/www.visit-ulcinj.com\/blog\/wp-json\/wp\/v2\/tags?post=89739"}],"curies":[{"name":"wp","href":"https:\/\/api.w.org\/{rel}","templated":true}]}}