{"id":89742,"date":"2015-04-01T19:07:20","date_gmt":"2015-04-01T18:07:20","guid":{"rendered":"http:\/\/www.visit-ulcinj.com\/blog\/?p=89742"},"modified":"2015-04-01T19:07:20","modified_gmt":"2015-04-01T18:07:20","slug":"rama-dhe-thaci-shpallen-qytetare-nderi-te-ulqinit","status":"publish","type":"post","link":"https:\/\/www.visit-ulcinj.com\/blog\/2015\/04\/01\/rama-dhe-thaci-shpallen-qytetare-nderi-te-ulqinit\/","title":{"rendered":"Rama dhe Tha\u00e7i shpallen &#8220;Qytetar\u00eb nderi&#8221; t\u00eb Ulqinit"},"content":{"rendered":"<p><a href=\"http:\/\/www.visit-ulcinj.com\/blog\/wp-content\/uploads\/2015\/04\/edin-rama-dhe-hashim-thaci.jpg\"><img loading=\"lazy\" class=\"alignleft wp-image-89743\" src=\"http:\/\/www.visit-ulcinj.com\/blog\/wp-content\/uploads\/2015\/04\/edin-rama-dhe-hashim-thaci.jpg\" alt=\"edin rama dhe hashim thaci\" width=\"508\" height=\"345\" \/><\/a>P\u00ebr \u201cDit\u00ebn e Ulqinit\u201d, k\u00ebt\u00eb t\u00eb shtun\u00eb, qyteti bregdetar i Ulqinit do t\u00eb vizitohet jo vet\u00ebm nga krer\u00ebt e shtetit t\u00eb Malit t\u00eb Zi, dhe ambasador\u00ebt e akredituar n\u00eb Podgoric\u00eb, por edhe nga lider\u00eb politik\u00eb rajonal\u00eb.<\/p>\n<p>Si\u00e7 njofton portali &#8220;Ul-inf&#8221;o n\u00eb Mal t\u00eb Zi, n\u00eb dit\u00ebn e komun\u00ebs s\u00eb Ulqinit, p\u00ebrve\u00e7 kryetarit t\u00eb Malit t\u00eb Zi, Filip Vujanovi\u00e7 dhe ambasador\u00ebve t\u00eb akredituar, atje do t\u00eb jen\u00eb edhe kryeministri i Shqip\u00ebris\u00eb, Edi Rama, bashk\u00eb me z\u00ebvend\u00ebskryeministrin e par\u00eb t\u00eb Kosov\u00ebs, Hashim Tha\u00e7in.<\/p>\n<p>Me vendim t\u00eb kryetarit t\u00eb komun\u00ebs s\u00eb Ulqinit, Fatmir Gjeka, Ram\u00ebs dhe Tha\u00e7it n\u00eb seanc\u00ebn solemne t\u00eb komun\u00ebs s\u00eb Ulqinit do t\u2019i dor\u00ebzohet mir\u00ebnjohja e qytetit t\u00eb Ulqinit.<\/p>\n<p>Jozyrtarisht m\u00ebsohet se n\u00eb drek\u00ebn zyrtare, e cila do t\u00eb shtrohet p\u00ebr nder t\u00eb presidentit Vujanoviqit n\u00eb Ulqin dhe Ram\u00ebs e Tha\u00e7it, atyre do t\u2019iu bashkohet edhe kryeministri malazez, Millo Gjukanovi\u00e7. \/albeu.com\/<\/p>\n","protected":false},"excerpt":{"rendered":"<p>P\u00ebr \u201cDit\u00ebn e Ulqinit\u201d, k\u00ebt\u00eb t\u00eb shtun\u00eb, qyteti bregdetar i Ulqinit do t\u00eb vizitohet jo vet\u00ebm nga krer\u00ebt e shtetit t\u00eb Malit t\u00eb Zi, dhe ambasador\u00ebt e akredituar n\u00eb Podgoric\u00eb, por edhe nga lider\u00eb politik\u00eb rajonal\u00eb. Si\u00e7 njofton portali &#8220;Ul-inf&#8221;o n\u00eb Mal t\u00eb Zi, n\u00eb dit\u00ebn e komun\u00ebs s\u00eb Ulqinit, p\u00ebrve\u00e7 kryetarit t\u00eb Malit t\u00eb [&hellip;]<\/p>\n","protected":false},"author":1,"featured_media":0,"comment_status":"closed","ping_status":"closed","sticky":false,"template":"","format":"standard","meta":{"spay_email":"","jetpack_publicize_message":"","jetpack_is_tweetstorm":false,"jetpack_publicize_feature_enabled":true},"categories":[6],"tags":[],"jetpack_publicize_connections":[],"yoast_head":"<!-- This site is optimized with the Yoast SEO plugin v19.1 - https:\/\/yoast.com\/wordpress\/plugins\/seo\/ -->\n<title>Rama dhe Tha\u00e7i shpallen &quot;Qytetar\u00eb nderi&quot; t\u00eb Ulqinit - Lajme nga Ulqini<\/title>\n<meta name=\"description\" content=\"P\u00ebr \u201cDit\u00ebn e Ulqinit\u201d, k\u00ebt\u00eb t\u00eb shtun\u00eb, qyteti bregdetar i Ulqinit do t\u00eb vizitohet jo vet\u00ebm nga krer\u00ebt e shtetit t\u00eb Malit t\u00eb Zi, dhe ambasador\u00ebt e\" \/>\n<meta name=\"robots\" content=\"index, follow, max-snippet:-1, max-image-preview:large, max-video-preview:-1\" \/>\n<link rel=\"canonical\" href=\"https:\/\/www.visit-ulcinj.com\/blog\/2015\/04\/01\/rama-dhe-thaci-shpallen-qytetare-nderi-te-ulqinit\/\" \/>\n<meta property=\"og:locale\" content=\"en_US\" \/>\n<meta property=\"og:type\" content=\"article\" \/>\n<meta property=\"og:title\" content=\"Rama dhe Tha\u00e7i shpallen &quot;Qytetar\u00eb nderi&quot; t\u00eb Ulqinit - Lajme nga Ulqini\" \/>\n<meta property=\"og:description\" content=\"P\u00ebr \u201cDit\u00ebn e Ulqinit\u201d, k\u00ebt\u00eb t\u00eb shtun\u00eb, qyteti bregdetar i Ulqinit do t\u00eb vizitohet jo vet\u00ebm nga krer\u00ebt e shtetit t\u00eb Malit t\u00eb Zi, dhe ambasador\u00ebt e\" \/>\n<meta property=\"og:url\" content=\"https:\/\/www.visit-ulcinj.com\/blog\/2015\/04\/01\/rama-dhe-thaci-shpallen-qytetare-nderi-te-ulqinit\/\" \/>\n<meta property=\"og:site_name\" content=\"Lajme nga Ulqini\" \/>\n<meta property=\"article:published_time\" content=\"2015-04-01T18:07:20+00:00\" \/>\n<meta property=\"og:image\" content=\"http:\/\/www.visit-ulcinj.com\/blog\/wp-content\/uploads\/2015\/04\/edin-rama-dhe-hashim-thaci.jpg\" \/>\n<meta name=\"twitter:label1\" content=\"Written by\" \/>\n\t<meta name=\"twitter:data1\" content=\"ulqini\" \/>\n\t<meta name=\"twitter:label2\" content=\"Est. reading time\" \/>\n\t<meta name=\"twitter:data2\" content=\"1 minute\" \/>\n<script type=\"application\/ld+json\" class=\"yoast-schema-graph\">{\"@context\":\"https:\/\/schema.org\",\"@graph\":[{\"@type\":\"WebSite\",\"@id\":\"https:\/\/www.visit-ulcinj.com\/blog\/#website\",\"url\":\"https:\/\/www.visit-ulcinj.com\/blog\/\",\"name\":\"Lajme nga Ulqini\",\"description\":\"Lajme,Vijesti,Ulqini,Ulqin,Crna Gora,Mali i Zi\",\"potentialAction\":[{\"@type\":\"SearchAction\",\"target\":{\"@type\":\"EntryPoint\",\"urlTemplate\":\"https:\/\/www.visit-ulcinj.com\/blog\/?s={search_term_string}\"},\"query-input\":\"required name=search_term_string\"}],\"inLanguage\":\"en-US\"},{\"@type\":\"ImageObject\",\"inLanguage\":\"en-US\",\"@id\":\"https:\/\/www.visit-ulcinj.com\/blog\/2015\/04\/01\/rama-dhe-thaci-shpallen-qytetare-nderi-te-ulqinit\/#primaryimage\",\"url\":\"http:\/\/www.visit-ulcinj.com\/blog\/wp-content\/uploads\/2015\/04\/edin-rama-dhe-hashim-thaci.jpg\",\"contentUrl\":\"http:\/\/www.visit-ulcinj.com\/blog\/wp-content\/uploads\/2015\/04\/edin-rama-dhe-hashim-thaci.jpg\"},{\"@type\":\"WebPage\",\"@id\":\"https:\/\/www.visit-ulcinj.com\/blog\/2015\/04\/01\/rama-dhe-thaci-shpallen-qytetare-nderi-te-ulqinit\/#webpage\",\"url\":\"https:\/\/www.visit-ulcinj.com\/blog\/2015\/04\/01\/rama-dhe-thaci-shpallen-qytetare-nderi-te-ulqinit\/\",\"name\":\"Rama dhe Tha\u00e7i shpallen \\\"Qytetar\u00eb nderi\\\" t\u00eb Ulqinit - Lajme nga Ulqini\",\"isPartOf\":{\"@id\":\"https:\/\/www.visit-ulcinj.com\/blog\/#website\"},\"primaryImageOfPage\":{\"@id\":\"https:\/\/www.visit-ulcinj.com\/blog\/2015\/04\/01\/rama-dhe-thaci-shpallen-qytetare-nderi-te-ulqinit\/#primaryimage\"},\"datePublished\":\"2015-04-01T18:07:20+00:00\",\"dateModified\":\"2015-04-01T18:07:20+00:00\",\"author\":{\"@id\":\"https:\/\/www.visit-ulcinj.com\/blog\/#\/schema\/person\/dcab619c614d3038751c63bc2aadc06d\"},\"description\":\"P\u00ebr \u201cDit\u00ebn e Ulqinit\u201d, k\u00ebt\u00eb t\u00eb shtun\u00eb, qyteti bregdetar i Ulqinit do t\u00eb vizitohet jo vet\u00ebm nga krer\u00ebt e shtetit t\u00eb Malit t\u00eb Zi, dhe ambasador\u00ebt e\",\"breadcrumb\":{\"@id\":\"https:\/\/www.visit-ulcinj.com\/blog\/2015\/04\/01\/rama-dhe-thaci-shpallen-qytetare-nderi-te-ulqinit\/#breadcrumb\"},\"inLanguage\":\"en-US\",\"potentialAction\":[{\"@type\":\"ReadAction\",\"target\":[\"https:\/\/www.visit-ulcinj.com\/blog\/2015\/04\/01\/rama-dhe-thaci-shpallen-qytetare-nderi-te-ulqinit\/\"]}]},{\"@type\":\"BreadcrumbList\",\"@id\":\"https:\/\/www.visit-ulcinj.com\/blog\/2015\/04\/01\/rama-dhe-thaci-shpallen-qytetare-nderi-te-ulqinit\/#breadcrumb\",\"itemListElement\":[{\"@type\":\"ListItem\",\"position\":1,\"name\":\"Rama dhe Tha\u00e7i shpallen &#8220;Qytetar\u00eb nderi&#8221; t\u00eb Ulqinit\"}]},{\"@type\":\"Person\",\"@id\":\"https:\/\/www.visit-ulcinj.com\/blog\/#\/schema\/person\/dcab619c614d3038751c63bc2aadc06d\",\"name\":\"ulqini\",\"sameAs\":[\"http:\/\/www.visit-ulcinj.com\"],\"url\":\"https:\/\/www.visit-ulcinj.com\/blog\/author\/admin\/\"}]}<\/script>\n<!-- \/ Yoast SEO plugin. -->","yoast_head_json":{"title":"Rama dhe Tha\u00e7i shpallen \"Qytetar\u00eb nderi\" t\u00eb Ulqinit - Lajme nga Ulqini","description":"P\u00ebr \u201cDit\u00ebn e Ulqinit\u201d, k\u00ebt\u00eb t\u00eb shtun\u00eb, qyteti bregdetar i Ulqinit do t\u00eb vizitohet jo vet\u00ebm nga krer\u00ebt e shtetit t\u00eb Malit t\u00eb Zi, dhe ambasador\u00ebt e","robots":{"index":"index","follow":"follow","max-snippet":"max-snippet:-1","max-image-preview":"max-image-preview:large","max-video-preview":"max-video-preview:-1"},"canonical":"https:\/\/www.visit-ulcinj.com\/blog\/2015\/04\/01\/rama-dhe-thaci-shpallen-qytetare-nderi-te-ulqinit\/","og_locale":"en_US","og_type":"article","og_title":"Rama dhe Tha\u00e7i shpallen \"Qytetar\u00eb nderi\" t\u00eb Ulqinit - Lajme nga Ulqini","og_description":"P\u00ebr \u201cDit\u00ebn e Ulqinit\u201d, k\u00ebt\u00eb t\u00eb shtun\u00eb, qyteti bregdetar i Ulqinit do t\u00eb vizitohet jo vet\u00ebm nga krer\u00ebt e shtetit t\u00eb Malit t\u00eb Zi, dhe ambasador\u00ebt e","og_url":"https:\/\/www.visit-ulcinj.com\/blog\/2015\/04\/01\/rama-dhe-thaci-shpallen-qytetare-nderi-te-ulqinit\/","og_site_name":"Lajme nga Ulqini","article_published_time":"2015-04-01T18:07:20+00:00","og_image":[{"url":"http:\/\/www.visit-ulcinj.com\/blog\/wp-content\/uploads\/2015\/04\/edin-rama-dhe-hashim-thaci.jpg"}],"twitter_misc":{"Written by":"ulqini","Est. reading time":"1 minute"},"schema":{"@context":"https:\/\/schema.org","@graph":[{"@type":"WebSite","@id":"https:\/\/www.visit-ulcinj.com\/blog\/#website","url":"https:\/\/www.visit-ulcinj.com\/blog\/","name":"Lajme nga Ulqini","description":"Lajme,Vijesti,Ulqini,Ulqin,Crna Gora,Mali i Zi","potentialAction":[{"@type":"SearchAction","target":{"@type":"EntryPoint","urlTemplate":"https:\/\/www.visit-ulcinj.com\/blog\/?s={search_term_string}"},"query-input":"required name=search_term_string"}],"inLanguage":"en-US"},{"@type":"ImageObject","inLanguage":"en-US","@id":"https:\/\/www.visit-ulcinj.com\/blog\/2015\/04\/01\/rama-dhe-thaci-shpallen-qytetare-nderi-te-ulqinit\/#primaryimage","url":"http:\/\/www.visit-ulcinj.com\/blog\/wp-content\/uploads\/2015\/04\/edin-rama-dhe-hashim-thaci.jpg","contentUrl":"http:\/\/www.visit-ulcinj.com\/blog\/wp-content\/uploads\/2015\/04\/edin-rama-dhe-hashim-thaci.jpg"},{"@type":"WebPage","@id":"https:\/\/www.visit-ulcinj.com\/blog\/2015\/04\/01\/rama-dhe-thaci-shpallen-qytetare-nderi-te-ulqinit\/#webpage","url":"https:\/\/www.visit-ulcinj.com\/blog\/2015\/04\/01\/rama-dhe-thaci-shpallen-qytetare-nderi-te-ulqinit\/","name":"Rama dhe Tha\u00e7i shpallen \"Qytetar\u00eb nderi\" t\u00eb Ulqinit - Lajme nga Ulqini","isPartOf":{"@id":"https:\/\/www.visit-ulcinj.com\/blog\/#website"},"primaryImageOfPage":{"@id":"https:\/\/www.visit-ulcinj.com\/blog\/2015\/04\/01\/rama-dhe-thaci-shpallen-qytetare-nderi-te-ulqinit\/#primaryimage"},"datePublished":"2015-04-01T18:07:20+00:00","dateModified":"2015-04-01T18:07:20+00:00","author":{"@id":"https:\/\/www.visit-ulcinj.com\/blog\/#\/schema\/person\/dcab619c614d3038751c63bc2aadc06d"},"description":"P\u00ebr \u201cDit\u00ebn e Ulqinit\u201d, k\u00ebt\u00eb t\u00eb shtun\u00eb, qyteti bregdetar i Ulqinit do t\u00eb vizitohet jo vet\u00ebm nga krer\u00ebt e shtetit t\u00eb Malit t\u00eb Zi, dhe ambasador\u00ebt e","breadcrumb":{"@id":"https:\/\/www.visit-ulcinj.com\/blog\/2015\/04\/01\/rama-dhe-thaci-shpallen-qytetare-nderi-te-ulqinit\/#breadcrumb"},"inLanguage":"en-US","potentialAction":[{"@type":"ReadAction","target":["https:\/\/www.visit-ulcinj.com\/blog\/2015\/04\/01\/rama-dhe-thaci-shpallen-qytetare-nderi-te-ulqinit\/"]}]},{"@type":"BreadcrumbList","@id":"https:\/\/www.visit-ulcinj.com\/blog\/2015\/04\/01\/rama-dhe-thaci-shpallen-qytetare-nderi-te-ulqinit\/#breadcrumb","itemListElement":[{"@type":"ListItem","position":1,"name":"Rama dhe Tha\u00e7i shpallen &#8220;Qytetar\u00eb nderi&#8221; t\u00eb Ulqinit"}]},{"@type":"Person","@id":"https:\/\/www.visit-ulcinj.com\/blog\/#\/schema\/person\/dcab619c614d3038751c63bc2aadc06d","name":"ulqini","sameAs":["http:\/\/www.visit-ulcinj.com"],"url":"https:\/\/www.visit-ulcinj.com\/blog\/author\/admin\/"}]}},"jetpack_featured_media_url":"","jetpack_sharing_enabled":true,"jetpack_shortlink":"https:\/\/wp.me\/pe6lTn-nls","_links":{"self":[{"href":"https:\/\/www.visit-ulcinj.com\/blog\/wp-json\/wp\/v2\/posts\/89742"}],"collection":[{"href":"https:\/\/www.visit-ulcinj.com\/blog\/wp-json\/wp\/v2\/posts"}],"about":[{"href":"https:\/\/www.visit-ulcinj.com\/blog\/wp-json\/wp\/v2\/types\/post"}],"author":[{"embeddable":true,"href":"https:\/\/www.visit-ulcinj.com\/blog\/wp-json\/wp\/v2\/users\/1"}],"replies":[{"embeddable":true,"href":"https:\/\/www.visit-ulcinj.com\/blog\/wp-json\/wp\/v2\/comments?post=89742"}],"version-history":[{"count":1,"href":"https:\/\/www.visit-ulcinj.com\/blog\/wp-json\/wp\/v2\/posts\/89742\/revisions"}],"predecessor-version":[{"id":89744,"href":"https:\/\/www.visit-ulcinj.com\/blog\/wp-json\/wp\/v2\/posts\/89742\/revisions\/89744"}],"wp:attachment":[{"href":"https:\/\/www.visit-ulcinj.com\/blog\/wp-json\/wp\/v2\/media?parent=89742"}],"wp:term":[{"taxonomy":"category","embeddable":true,"href":"https:\/\/www.visit-ulcinj.com\/blog\/wp-json\/wp\/v2\/categories?post=89742"},{"taxonomy":"post_tag","embeddable":true,"href":"https:\/\/www.visit-ulcinj.com\/blog\/wp-json\/wp\/v2\/tags?post=89742"}],"curies":[{"name":"wp","href":"https:\/\/api.w.org\/{rel}","templated":true}]}}