{"id":89745,"date":"2015-04-01T22:44:12","date_gmt":"2015-04-01T21:44:12","guid":{"rendered":"http:\/\/www.visit-ulcinj.com\/blog\/?p=89745"},"modified":"2015-04-02T17:15:20","modified_gmt":"2015-04-02T16:15:20","slug":"kksh-homazhe-per-70-vjetorin-e-masakres-se-tivarit","status":"publish","type":"post","link":"https:\/\/www.visit-ulcinj.com\/blog\/2015\/04\/01\/kksh-homazhe-per-70-vjetorin-e-masakres-se-tivarit\/","title":{"rendered":"KKSH: Homazhe p\u00ebr 70-vjetorin e Masakres se Tivarit"},"content":{"rendered":"<p><strong><a href=\"http:\/\/www.visit-ulcinj.com\/blog\/wp-content\/uploads\/2015\/04\/KKSH-Homazhe-Masakra-e-Tivarit-2.jpg\"><img loading=\"lazy\" class=\"alignleft wp-image-89746\" src=\"http:\/\/www.visit-ulcinj.com\/blog\/wp-content\/uploads\/2015\/04\/KKSH-Homazhe-Masakra-e-Tivarit-2.jpg\" alt=\"KKSH-Homazhe-Masakra-e-Tivarit-2\" width=\"508\" height=\"339\" srcset=\"https:\/\/www.visit-ulcinj.com\/blog\/wp-content\/uploads\/2015\/04\/KKSH-Homazhe-Masakra-e-Tivarit-2.jpg 1204w, https:\/\/www.visit-ulcinj.com\/blog\/wp-content\/uploads\/2015\/04\/KKSH-Homazhe-Masakra-e-Tivarit-2-300x200.jpg 300w, https:\/\/www.visit-ulcinj.com\/blog\/wp-content\/uploads\/2015\/04\/KKSH-Homazhe-Masakra-e-Tivarit-2-1024x683.jpg 1024w\" sizes=\"(max-width: 508px) 100vw, 508px\" \/><\/a>K\u00cbSHILLI KOMB\u00cbTAR I SHQIPTAR\u00cbVE N\u00cb MALIN E ZI<\/strong><\/p>\n<p><strong>NACIONALNI SAVJET ALBANACA U CRNOJ GORI<\/strong><\/p>\n<p><strong>ALBANIAN NATIONAL COUNCIL IN MONTENEGRO<\/strong><\/p>\n<p><strong>\u00a0\u00a0\u00a0\u00a0\u00a0\u00a0\u00a0\u00a0\u00a0\u00a0\u00a0\u00a0\u00a0\u00a0\u00a0\u00a0\u00a0\u00a0\u00a0\u00a0\u00a0\u00a0\u00a0\u00a0\u00a0\u00a0\u00a0\u00a0\u00a0\u00a0\u00a0\u00a0\u00a0\u00a0\u00a0\u00a0\u00a0\u00a0\u00a0\u00a0\u00a0\u00a0\u00a0\u00a0\u00a0\u00a0 <\/strong>Br. 66\/15<\/p>\n<p>Ulqin, 01.04.2015 .<\/p>\n<p><strong>\u00a0<\/strong><\/p>\n<p><strong>Komunikat per opinion<\/strong><\/p>\n<p>Sot m\u00eb 1. 04. 2015 K\u00ebshilli Komb\u00ebtar i Shqiptar\u00ebve n\u00eb Malin e Zi organizoj ceremonin e vendosjes s\u00eb kuror\u00ebs me lule n\u00eb Tivar n\u00eb p\u00ebrkujtim t\u00eb 70 vjetorit, t\u00eb nj\u00eb nga ngjarjet m\u00eb t\u00eb tmerrshme, t\u00eb quajtur edhe si MASAKRA E TIVARIT, e cila ka ndodh\u00eb m\u00eb 1 prill 1945, n\u00eb Tivar, n\u00eb nd\u00ebrtes\u00ebn e Monopolit t\u00eb Duhanit, ku n\u00eb m\u00ebnyr\u00ebn m\u00eb barbare dhe \u00e7njerzore u likuiduan 1700 deri 4300 shqiptar. N\u00eb k\u00ebt\u00eb ceremoni p\u00ebrkujtimore mor\u00ebn pjes\u00eb :an\u00ebtar\u00ebt e K\u00ebshilli Komb\u00ebtar t\u00eb Shqiptar\u00ebve, kryetar\u00eb t\u00eb partive politike, intelektual t\u00eb shquar si dhe qytetar\u00eb nga Komuna e Ulqinit dhe e Tuzit.T\u00eb pranishmit i p\u00ebrsh\u00ebndeti Kryetri i K\u00ebshilli Komb\u00ebtar t\u00eb Shqiptar\u00ebve zotri Genci Nimanbegu ku n\u00eb fjal\u00ebn e rasti tha:<\/p>\n<p><a href=\"http:\/\/www.visit-ulcinj.com\/blog\/wp-content\/uploads\/2015\/04\/KKSH-Homazhe-Masakra-e-Tivarit-1.jpg\"><img loading=\"lazy\" class=\"alignleft wp-image-89747\" src=\"http:\/\/www.visit-ulcinj.com\/blog\/wp-content\/uploads\/2015\/04\/KKSH-Homazhe-Masakra-e-Tivarit-1.jpg\" alt=\"KKSH-Homazhe-Masakra-e-Tivarit-1\" width=\"508\" height=\"339\" srcset=\"https:\/\/www.visit-ulcinj.com\/blog\/wp-content\/uploads\/2015\/04\/KKSH-Homazhe-Masakra-e-Tivarit-1.jpg 1204w, https:\/\/www.visit-ulcinj.com\/blog\/wp-content\/uploads\/2015\/04\/KKSH-Homazhe-Masakra-e-Tivarit-1-300x200.jpg 300w, https:\/\/www.visit-ulcinj.com\/blog\/wp-content\/uploads\/2015\/04\/KKSH-Homazhe-Masakra-e-Tivarit-1-1024x683.jpg 1024w\" sizes=\"(max-width: 508px) 100vw, 508px\" \/><\/a><\/p>\n<p>Zonja dhe zotrij, k\u00ebtu ku jemi mbledhur ne sot\u00eb, k\u00ebtu n\u00eb Tivar t\u00eb shenojm\u00eb 70 vletorin e nj\u00eb tragjedije macabre dhe t\u00eb pa arsyeshme.P\u00ebr ne ajo sh\u00ebnon nj\u00eb dit\u00eb zie p\u00ebr nj\u00eb tragjedi t\u00eb pa p\u00ebrshkruesh\u00ebme edhe p\u00ebr arsye q\u00eb ka pas nj\u00eb heshtje me dekada p\u00ebr k\u00ebt\u00eb ngjarje.<\/p>\n<p>KKSH do t\u00eb vazhdoj t\u00eb sh\u00ebnoj datat e r\u00ebd\u00ebsishme p\u00ebr kombin shqiptar,dhe do t\u00eb p\u00ebrkrahim aktivitetet q\u00eb kjo tragjedi t\u00eb zbardhet dhe q\u00eb kto njer\u00ebz apo trashigimtar\u00ebt e tyre ta fitojn\u00eb s\u00eb paku nj\u00eb satisfaksion moral, dhe shteti e p\u00ebrgjrgj\u00ebsit p\u00ebr bk\u00ebt\u00eb krim makab\u00ebr t\u00eb k\u00ebrkojn\u00eb falje.<\/p>\n<p>Gjithashtu kryetari I KKSH falemderoj t\u00eb gjith t\u00eb pranishmit p\u00ebr pjes\u00ebmarrje n\u00eb k\u00ebt\u00eb homazh n\u00eb p\u00ebrkujtim t\u00eb viktimave t\u00eb Tivarit<\/p>\n<p><a href=\"http:\/\/www.visit-ulcinj.com\/blog\/wp-content\/uploads\/2015\/04\/KKSH-Homazhe-Masakra-e-Tivarit-.jpg\"><img loading=\"lazy\" class=\"alignleft wp-image-89748\" src=\"http:\/\/www.visit-ulcinj.com\/blog\/wp-content\/uploads\/2015\/04\/KKSH-Homazhe-Masakra-e-Tivarit-.jpg\" alt=\"KKSH-Homazhe-Masakra-e-Tivarit-\" width=\"508\" height=\"339\" srcset=\"https:\/\/www.visit-ulcinj.com\/blog\/wp-content\/uploads\/2015\/04\/KKSH-Homazhe-Masakra-e-Tivarit-.jpg 1204w, https:\/\/www.visit-ulcinj.com\/blog\/wp-content\/uploads\/2015\/04\/KKSH-Homazhe-Masakra-e-Tivarit--300x200.jpg 300w, https:\/\/www.visit-ulcinj.com\/blog\/wp-content\/uploads\/2015\/04\/KKSH-Homazhe-Masakra-e-Tivarit--1024x683.jpg 1024w\" sizes=\"(max-width: 508px) 100vw, 508px\" \/><\/a><\/p>\n<p>N\u00eb vazhdim z. dr Nail Draga theksoj, se Masakra e Tivarit ishte tragjedia e shqiptar\u00ebve nga Kosova, e cila ishte planifikuar nga strukturat ushtarake jugosllave dhe e realizuar sipas nj\u00eb skenari t\u00eb p\u00ebrgatitur m\u00eb par\u00eb p\u00ebr qellim hakmarrje ndaj shqiptar\u00ebve.N\u00eb Tivar u masakruan\u00a0\u00a0 pjes\u00ebtar\u00eb t\u00eb gjasht\u00eb eshaloneve ushtarake, t\u00eb cil\u00ebt kishin tretmanin e rob\u00ebrve e jo pjes\u00ebtar\u00ebve t\u00eb nj\u00ebsive t\u00eb rregullta ushtarake. Qellimi i largimit t\u00eb tyre nga Kosova ishte i planifikuar sepse serbet e kishin m\u00eb t\u00eb leht\u00eb t\u00eb vendosnin pushtetin e ushtarak, duke b\u00ebr\u00eb riokupimin e Kosov\u00ebs, pas Luft\u00ebs s\u00eb Dyt\u00eb Bot\u00ebrore.Veprimet vrastare n\u00eb mjediset e Monopolit t\u00eb duhanit n\u00eb Tivar t\u00eb realizuar nga pjes\u00ebtar\u00ebt e Brigad\u00ebs s\u00eb Dhjet\u00eb Malazeze ia kan\u00eb kaluar nazist\u00ebve gjerman\u00eb, sepse t\u00eb vrar\u00ebt nuk jan\u00eb varrosur por deportuar n\u00eb vende t\u00eb ndryshme p\u00ebr t\u00eb humbur gjurmet e krimit, ku edhe sot varret mungojn\u00eb!! Por, edhe pas shtat\u00ebdhjet\u00eb vjet\u00ebve kjo tragjedi ende nuk \u00ebsht\u00eb ndri\u00e7uar sa duhet nga studiuesit e ndryshem nga vet fakti se gjat\u00eb periudh\u00ebs s\u00eb sistemit komunist marrja me nj\u00eb ngjarje t\u00eb till\u00eb ishte e pa preferueshme dhe me pasoja p\u00ebr autor\u00ebt.<\/p>\n<p>SH\u00cbRBIMI P\u00cbR INFOMIM I KKSH<\/p>\n","protected":false},"excerpt":{"rendered":"<p>K\u00cbSHILLI KOMB\u00cbTAR I SHQIPTAR\u00cbVE N\u00cb MALIN E ZI NACIONALNI SAVJET ALBANACA U CRNOJ GORI ALBANIAN NATIONAL COUNCIL IN MONTENEGRO \u00a0\u00a0\u00a0\u00a0\u00a0\u00a0\u00a0\u00a0\u00a0\u00a0\u00a0\u00a0\u00a0\u00a0\u00a0\u00a0\u00a0\u00a0\u00a0\u00a0\u00a0\u00a0\u00a0\u00a0\u00a0\u00a0\u00a0\u00a0\u00a0\u00a0\u00a0\u00a0\u00a0\u00a0\u00a0\u00a0\u00a0\u00a0\u00a0\u00a0\u00a0\u00a0\u00a0\u00a0\u00a0\u00a0 Br. 66\/15 Ulqin, 01.04.2015 . \u00a0 Komunikat per opinion Sot m\u00eb 1. 04. 2015 K\u00ebshilli Komb\u00ebtar i Shqiptar\u00ebve n\u00eb Malin e Zi organizoj ceremonin e vendosjes s\u00eb kuror\u00ebs me lule n\u00eb Tivar n\u00eb p\u00ebrkujtim t\u00eb [&hellip;]<\/p>\n","protected":false},"author":1,"featured_media":0,"comment_status":"closed","ping_status":"closed","sticky":false,"template":"","format":"standard","meta":{"spay_email":"","jetpack_publicize_message":"","jetpack_is_tweetstorm":false,"jetpack_publicize_feature_enabled":true},"categories":[13],"tags":[],"jetpack_publicize_connections":[],"yoast_head":"<!-- This site is optimized with the Yoast SEO plugin v19.1 - https:\/\/yoast.com\/wordpress\/plugins\/seo\/ -->\n<title>KKSH: Homazhe p\u00ebr 70-vjetorin e Masakres se Tivarit - Lajme nga Ulqini<\/title>\n<meta name=\"description\" content=\"K\u00cbSHILLI KOMB\u00cbTAR I SHQIPTAR\u00cbVE N\u00cb MALIN E ZI NACIONALNI SAVJET ALBANACA U CRNOJ GORI ALBANIAN NATIONAL COUNCIL IN MONTENEGRO\" \/>\n<meta name=\"robots\" content=\"index, follow, max-snippet:-1, max-image-preview:large, max-video-preview:-1\" \/>\n<link rel=\"canonical\" href=\"https:\/\/www.visit-ulcinj.com\/blog\/2015\/04\/01\/kksh-homazhe-per-70-vjetorin-e-masakres-se-tivarit\/\" \/>\n<meta property=\"og:locale\" content=\"en_US\" \/>\n<meta property=\"og:type\" content=\"article\" \/>\n<meta property=\"og:title\" content=\"KKSH: Homazhe p\u00ebr 70-vjetorin e Masakres se Tivarit - Lajme nga Ulqini\" \/>\n<meta property=\"og:description\" content=\"K\u00cbSHILLI KOMB\u00cbTAR I SHQIPTAR\u00cbVE N\u00cb MALIN E ZI NACIONALNI SAVJET ALBANACA U CRNOJ GORI ALBANIAN NATIONAL COUNCIL IN MONTENEGRO\" \/>\n<meta property=\"og:url\" content=\"https:\/\/www.visit-ulcinj.com\/blog\/2015\/04\/01\/kksh-homazhe-per-70-vjetorin-e-masakres-se-tivarit\/\" \/>\n<meta property=\"og:site_name\" content=\"Lajme nga Ulqini\" \/>\n<meta property=\"article:published_time\" content=\"2015-04-01T21:44:12+00:00\" \/>\n<meta property=\"article:modified_time\" content=\"2015-04-02T16:15:20+00:00\" \/>\n<meta property=\"og:image\" content=\"http:\/\/www.visit-ulcinj.com\/blog\/wp-content\/uploads\/2015\/04\/KKSH-Homazhe-Masakra-e-Tivarit-2.jpg\" \/>\n<meta name=\"twitter:label1\" content=\"Written by\" \/>\n\t<meta name=\"twitter:data1\" content=\"ulqini\" \/>\n\t<meta name=\"twitter:label2\" content=\"Est. reading time\" \/>\n\t<meta name=\"twitter:data2\" content=\"3 minutes\" \/>\n<script type=\"application\/ld+json\" class=\"yoast-schema-graph\">{\"@context\":\"https:\/\/schema.org\",\"@graph\":[{\"@type\":\"WebSite\",\"@id\":\"https:\/\/www.visit-ulcinj.com\/blog\/#website\",\"url\":\"https:\/\/www.visit-ulcinj.com\/blog\/\",\"name\":\"Lajme nga Ulqini\",\"description\":\"Lajme,Vijesti,Ulqini,Ulqin,Crna Gora,Mali i Zi\",\"potentialAction\":[{\"@type\":\"SearchAction\",\"target\":{\"@type\":\"EntryPoint\",\"urlTemplate\":\"https:\/\/www.visit-ulcinj.com\/blog\/?s={search_term_string}\"},\"query-input\":\"required name=search_term_string\"}],\"inLanguage\":\"en-US\"},{\"@type\":\"ImageObject\",\"inLanguage\":\"en-US\",\"@id\":\"https:\/\/www.visit-ulcinj.com\/blog\/2015\/04\/01\/kksh-homazhe-per-70-vjetorin-e-masakres-se-tivarit\/#primaryimage\",\"url\":\"https:\/\/www.visit-ulcinj.com\/blog\/wp-content\/uploads\/2015\/04\/KKSH-Homazhe-Masakra-e-Tivarit-2.jpg\",\"contentUrl\":\"https:\/\/www.visit-ulcinj.com\/blog\/wp-content\/uploads\/2015\/04\/KKSH-Homazhe-Masakra-e-Tivarit-2.jpg\",\"width\":1204,\"height\":803},{\"@type\":\"WebPage\",\"@id\":\"https:\/\/www.visit-ulcinj.com\/blog\/2015\/04\/01\/kksh-homazhe-per-70-vjetorin-e-masakres-se-tivarit\/#webpage\",\"url\":\"https:\/\/www.visit-ulcinj.com\/blog\/2015\/04\/01\/kksh-homazhe-per-70-vjetorin-e-masakres-se-tivarit\/\",\"name\":\"KKSH: Homazhe p\u00ebr 70-vjetorin e Masakres se Tivarit - Lajme nga Ulqini\",\"isPartOf\":{\"@id\":\"https:\/\/www.visit-ulcinj.com\/blog\/#website\"},\"primaryImageOfPage\":{\"@id\":\"https:\/\/www.visit-ulcinj.com\/blog\/2015\/04\/01\/kksh-homazhe-per-70-vjetorin-e-masakres-se-tivarit\/#primaryimage\"},\"datePublished\":\"2015-04-01T21:44:12+00:00\",\"dateModified\":\"2015-04-02T16:15:20+00:00\",\"author\":{\"@id\":\"https:\/\/www.visit-ulcinj.com\/blog\/#\/schema\/person\/dcab619c614d3038751c63bc2aadc06d\"},\"description\":\"K\u00cbSHILLI KOMB\u00cbTAR I SHQIPTAR\u00cbVE N\u00cb MALIN E ZI NACIONALNI SAVJET ALBANACA U CRNOJ GORI ALBANIAN NATIONAL COUNCIL IN MONTENEGRO\",\"breadcrumb\":{\"@id\":\"https:\/\/www.visit-ulcinj.com\/blog\/2015\/04\/01\/kksh-homazhe-per-70-vjetorin-e-masakres-se-tivarit\/#breadcrumb\"},\"inLanguage\":\"en-US\",\"potentialAction\":[{\"@type\":\"ReadAction\",\"target\":[\"https:\/\/www.visit-ulcinj.com\/blog\/2015\/04\/01\/kksh-homazhe-per-70-vjetorin-e-masakres-se-tivarit\/\"]}]},{\"@type\":\"BreadcrumbList\",\"@id\":\"https:\/\/www.visit-ulcinj.com\/blog\/2015\/04\/01\/kksh-homazhe-per-70-vjetorin-e-masakres-se-tivarit\/#breadcrumb\",\"itemListElement\":[{\"@type\":\"ListItem\",\"position\":1,\"name\":\"KKSH: Homazhe p\u00ebr 70-vjetorin e Masakres se Tivarit\"}]},{\"@type\":\"Person\",\"@id\":\"https:\/\/www.visit-ulcinj.com\/blog\/#\/schema\/person\/dcab619c614d3038751c63bc2aadc06d\",\"name\":\"ulqini\",\"sameAs\":[\"http:\/\/www.visit-ulcinj.com\"],\"url\":\"https:\/\/www.visit-ulcinj.com\/blog\/author\/admin\/\"}]}<\/script>\n<!-- \/ Yoast SEO plugin. -->","yoast_head_json":{"title":"KKSH: Homazhe p\u00ebr 70-vjetorin e Masakres se Tivarit - Lajme nga Ulqini","description":"K\u00cbSHILLI KOMB\u00cbTAR I SHQIPTAR\u00cbVE N\u00cb MALIN E ZI NACIONALNI SAVJET ALBANACA U CRNOJ GORI ALBANIAN NATIONAL COUNCIL IN MONTENEGRO","robots":{"index":"index","follow":"follow","max-snippet":"max-snippet:-1","max-image-preview":"max-image-preview:large","max-video-preview":"max-video-preview:-1"},"canonical":"https:\/\/www.visit-ulcinj.com\/blog\/2015\/04\/01\/kksh-homazhe-per-70-vjetorin-e-masakres-se-tivarit\/","og_locale":"en_US","og_type":"article","og_title":"KKSH: Homazhe p\u00ebr 70-vjetorin e Masakres se Tivarit - Lajme nga Ulqini","og_description":"K\u00cbSHILLI KOMB\u00cbTAR I SHQIPTAR\u00cbVE N\u00cb MALIN E ZI NACIONALNI SAVJET ALBANACA U CRNOJ GORI ALBANIAN NATIONAL COUNCIL IN MONTENEGRO","og_url":"https:\/\/www.visit-ulcinj.com\/blog\/2015\/04\/01\/kksh-homazhe-per-70-vjetorin-e-masakres-se-tivarit\/","og_site_name":"Lajme nga Ulqini","article_published_time":"2015-04-01T21:44:12+00:00","article_modified_time":"2015-04-02T16:15:20+00:00","og_image":[{"url":"http:\/\/www.visit-ulcinj.com\/blog\/wp-content\/uploads\/2015\/04\/KKSH-Homazhe-Masakra-e-Tivarit-2.jpg"}],"twitter_misc":{"Written by":"ulqini","Est. reading time":"3 minutes"},"schema":{"@context":"https:\/\/schema.org","@graph":[{"@type":"WebSite","@id":"https:\/\/www.visit-ulcinj.com\/blog\/#website","url":"https:\/\/www.visit-ulcinj.com\/blog\/","name":"Lajme nga Ulqini","description":"Lajme,Vijesti,Ulqini,Ulqin,Crna Gora,Mali i Zi","potentialAction":[{"@type":"SearchAction","target":{"@type":"EntryPoint","urlTemplate":"https:\/\/www.visit-ulcinj.com\/blog\/?s={search_term_string}"},"query-input":"required name=search_term_string"}],"inLanguage":"en-US"},{"@type":"ImageObject","inLanguage":"en-US","@id":"https:\/\/www.visit-ulcinj.com\/blog\/2015\/04\/01\/kksh-homazhe-per-70-vjetorin-e-masakres-se-tivarit\/#primaryimage","url":"https:\/\/www.visit-ulcinj.com\/blog\/wp-content\/uploads\/2015\/04\/KKSH-Homazhe-Masakra-e-Tivarit-2.jpg","contentUrl":"https:\/\/www.visit-ulcinj.com\/blog\/wp-content\/uploads\/2015\/04\/KKSH-Homazhe-Masakra-e-Tivarit-2.jpg","width":1204,"height":803},{"@type":"WebPage","@id":"https:\/\/www.visit-ulcinj.com\/blog\/2015\/04\/01\/kksh-homazhe-per-70-vjetorin-e-masakres-se-tivarit\/#webpage","url":"https:\/\/www.visit-ulcinj.com\/blog\/2015\/04\/01\/kksh-homazhe-per-70-vjetorin-e-masakres-se-tivarit\/","name":"KKSH: Homazhe p\u00ebr 70-vjetorin e Masakres se Tivarit - Lajme nga Ulqini","isPartOf":{"@id":"https:\/\/www.visit-ulcinj.com\/blog\/#website"},"primaryImageOfPage":{"@id":"https:\/\/www.visit-ulcinj.com\/blog\/2015\/04\/01\/kksh-homazhe-per-70-vjetorin-e-masakres-se-tivarit\/#primaryimage"},"datePublished":"2015-04-01T21:44:12+00:00","dateModified":"2015-04-02T16:15:20+00:00","author":{"@id":"https:\/\/www.visit-ulcinj.com\/blog\/#\/schema\/person\/dcab619c614d3038751c63bc2aadc06d"},"description":"K\u00cbSHILLI KOMB\u00cbTAR I SHQIPTAR\u00cbVE N\u00cb MALIN E ZI NACIONALNI SAVJET ALBANACA U CRNOJ GORI ALBANIAN NATIONAL COUNCIL IN MONTENEGRO","breadcrumb":{"@id":"https:\/\/www.visit-ulcinj.com\/blog\/2015\/04\/01\/kksh-homazhe-per-70-vjetorin-e-masakres-se-tivarit\/#breadcrumb"},"inLanguage":"en-US","potentialAction":[{"@type":"ReadAction","target":["https:\/\/www.visit-ulcinj.com\/blog\/2015\/04\/01\/kksh-homazhe-per-70-vjetorin-e-masakres-se-tivarit\/"]}]},{"@type":"BreadcrumbList","@id":"https:\/\/www.visit-ulcinj.com\/blog\/2015\/04\/01\/kksh-homazhe-per-70-vjetorin-e-masakres-se-tivarit\/#breadcrumb","itemListElement":[{"@type":"ListItem","position":1,"name":"KKSH: Homazhe p\u00ebr 70-vjetorin e Masakres se Tivarit"}]},{"@type":"Person","@id":"https:\/\/www.visit-ulcinj.com\/blog\/#\/schema\/person\/dcab619c614d3038751c63bc2aadc06d","name":"ulqini","sameAs":["http:\/\/www.visit-ulcinj.com"],"url":"https:\/\/www.visit-ulcinj.com\/blog\/author\/admin\/"}]}},"jetpack_featured_media_url":"","jetpack_sharing_enabled":true,"jetpack_shortlink":"https:\/\/wp.me\/pe6lTn-nlv","_links":{"self":[{"href":"https:\/\/www.visit-ulcinj.com\/blog\/wp-json\/wp\/v2\/posts\/89745"}],"collection":[{"href":"https:\/\/www.visit-ulcinj.com\/blog\/wp-json\/wp\/v2\/posts"}],"about":[{"href":"https:\/\/www.visit-ulcinj.com\/blog\/wp-json\/wp\/v2\/types\/post"}],"author":[{"embeddable":true,"href":"https:\/\/www.visit-ulcinj.com\/blog\/wp-json\/wp\/v2\/users\/1"}],"replies":[{"embeddable":true,"href":"https:\/\/www.visit-ulcinj.com\/blog\/wp-json\/wp\/v2\/comments?post=89745"}],"version-history":[{"count":1,"href":"https:\/\/www.visit-ulcinj.com\/blog\/wp-json\/wp\/v2\/posts\/89745\/revisions"}],"predecessor-version":[{"id":89749,"href":"https:\/\/www.visit-ulcinj.com\/blog\/wp-json\/wp\/v2\/posts\/89745\/revisions\/89749"}],"wp:attachment":[{"href":"https:\/\/www.visit-ulcinj.com\/blog\/wp-json\/wp\/v2\/media?parent=89745"}],"wp:term":[{"taxonomy":"category","embeddable":true,"href":"https:\/\/www.visit-ulcinj.com\/blog\/wp-json\/wp\/v2\/categories?post=89745"},{"taxonomy":"post_tag","embeddable":true,"href":"https:\/\/www.visit-ulcinj.com\/blog\/wp-json\/wp\/v2\/tags?post=89745"}],"curies":[{"name":"wp","href":"https:\/\/api.w.org\/{rel}","templated":true}]}}