{"id":89760,"date":"2015-04-02T15:49:47","date_gmt":"2015-04-02T14:49:47","guid":{"rendered":"http:\/\/www.visit-ulcinj.com\/blog\/?p=89760"},"modified":"2015-04-02T15:49:47","modified_gmt":"2015-04-02T14:49:47","slug":"interviste-refimet-e-nje-ulqinaku-zyhni-beqiraj-video","status":"publish","type":"post","link":"https:\/\/www.visit-ulcinj.com\/blog\/2015\/04\/02\/interviste-refimet-e-nje-ulqinaku-zyhni-beqiraj-video\/","title":{"rendered":"Interviste: R\u00ebfimet e nj\u00eb Ulqinaku, Zyhni Beqiraj &#8211; Video"},"content":{"rendered":"<p><strong><a href=\"http:\/\/www.visit-ulcinj.com\/blog\/wp-content\/uploads\/2015\/04\/Zyhni.Beqiraj-.jpg\"><img loading=\"lazy\" class=\"alignleft wp-image-89761\" src=\"http:\/\/www.visit-ulcinj.com\/blog\/wp-content\/uploads\/2015\/04\/Zyhni.Beqiraj-.jpg\" alt=\"Zyhni.Beqiraj-\" width=\"508\" height=\"290\" \/><\/a>Nga Xhevahir Gradica\u00a0<\/strong><\/p>\n<p>Dikush e th\u00ebrret profesor e t\u00eb tjer\u00eb deputet. Ka shum\u00eb personazhe n\u00eb jet\u00ebn politike n\u00eb Durr\u00ebs q\u00eb kan\u00eb g\u00ebzuar dy, tre e m\u00eb shum\u00eb mandate parlamentare, por n\u00eb k\u00ebt\u00eb qytet vet\u00ebm nj\u00ebri vazdhon t\u00eb g\u00ebzoj\u00eb nderin p\u00ebr ta th\u00ebrritur Deputet. Zyhni Beqiraj e fitoi k\u00ebt\u00eb respekt n\u00eb saj t\u00eb ndereve q\u00eb u b\u00ebri qytetar\u00ebve t\u00eb tij, n\u00eb saj t\u00eb p\u00ebrpjekjeve t\u00eb pareshtuara p\u00ebr t\u00eb p\u00ebrmir\u00ebsuar cil\u00ebsin\u00eb e sh\u00ebrbimeve ndaj tyre, n\u00eb saj t\u00eb p\u00ebrkushtimit p\u00ebr t\u00eb \u00e7uar deri n\u00eb fund mbajtjen e premtimeve. Aktiv n\u00eb arsim, n\u00eb politik\u00eb, n\u00eb art, n\u00eb administrat\u00eb. Gjthandej i kujdessh\u00ebm, i matur, tolerant, k\u00ebmb\u00ebngul\u00ebs dhe serioz. Pak fjal\u00eb, pak pushim, pak arg\u00ebtim. Shum\u00eb sakrifica p\u00ebr vite me rradh\u00eb, por edhe shum\u00eb respekt e vler\u00ebsim. E nisi karrier\u00ebn n\u00eb Kuk\u00ebs. Atje u b\u00eb m\u00ebsuues i mir\u00eb, mik i respektuar, bashk\u00ebshort shembullor. E vijoi n\u00eb Durr\u00ebs fillimisht shkoll\u00eb m\u00eb shkoll\u00eb e m\u00eb pas zyr\u00eb m\u00eb zyr\u00eb p\u00ebr t\u00eb ngjitur shkall\u00ebt e Parlamentit. 70 kompozimet e k\u00ebng\u00ebve t\u00eb tij kan\u00eb v\u00ebn\u00eb n\u00eb rresht k\u00ebng\u00ebtar\u00ebt m\u00eb t\u00eb d\u00ebgjuar t\u00eb cil\u00ebt kan\u00eb pritur me shum\u00eb k\u00ebnaq\u00ebsi bashk\u00ebpunimin me Beqiraj.Tani ka l\u00ebn\u00eb m\u00ebnjan\u00eb politik\u00ebn p\u00ebr t\u2019iu p\u00ebrkushtuar artit, hulumtimeve p\u00ebr Ulqinin e zemr\u00ebs, p\u00ebr ulqinak\u00ebt dhe botimet. Zyhni Beqiraj \u00ebsht\u00eb drejtori i fundit komunist i shkoll\u00ebs industriale; shefi i fundit komunist n\u00eb arsim dhe n\u00eb komitetin ekzekutiv; deputeti i fundit komunist n\u00eb komun\u00ebn Katundi Ri; drejtori i fundit komunist n\u00eb Agjensin\u00eb Komb\u00ebtare t\u00eb Privatizimeve.<\/p>\n<p><!--YouTube Error: bad URL entered--><br \/>\n<strong>Larg e af\u00ebr Ulqinit<\/strong><br \/>\nZyhni Beqiraj \u00ebsht\u00eb lindur n\u00eb Durr\u00ebs. Gjyshi tij,Rizai, qe vet\u00ebm 15 vje\u00e7 kur u shp\u00ebrngul nga Ulqini p\u00ebr t\u2019u vendosur n\u00eb Shkod\u00ebr. N\u00eb dheun e t\u00eb par\u00ebve familja mbante mbiemrin Ustabeqiri. Breza me rradh\u00eb jan\u00eb marr\u00eb me nd\u00ebrtimin dhe riparimin e anijeve tregtare dhe fal\u00eb pun\u00ebs arrit\u00ebn t\u00eb b\u00ebheshin pronar\u00eb t\u00eb m\u00ebdhenj. Bombardimet e Fuqive t\u00eb M\u00ebdha i b\u00ebn\u00eb d\u00ebm t\u00eb madh deri t\u00eb pallogaritsh\u00ebm. Plot 25 anije iu dogj\u00ebn e mbyt\u00ebn nga k\u00ebto bombardime. N\u00eb t\u00eb tilla rrethana, Mustafa Ustabeqiri mori familjen dhe u vendos n\u00eb Shkod\u00ebr. K\u00ebtu u njoh me figura t\u00eb r\u00ebnd\u00ebsishme atdhetare e patriotike duke u rreshtuar p\u00ebrkrah tyre n\u00eb luft\u00ebn e zhvilluar n\u00eb Tarabosh t\u00eb Shkodr\u00ebs. S\u00eb bashku me familjen Ustabeqiri mori me vete edhe t\u00eb gjith\u00eb floririn e grumbulluar nga tregtia, flori q\u00eb i sh\u00ebrbeu p\u00ebr t\u00eb nisur nga e para tregtin\u00eb. Duke qen\u00eb njoh\u00ebs shum\u00eb t\u00eb mir\u00eb dhe nd\u00ebrtues t\u00eb p\u00ebrkyryer t\u00eb anijeve menduan t\u00eb k\u00ebrkojn\u00eb nj\u00eb vend p\u00ebr t\u00eb nisur nga e para ushtrimin e mjesht\u00ebris\u00eb. Zgjodh\u00ebn Semanin n\u00eb Fier, por pasi provuan ushtrimin e tregtis\u00eb, u rikthyen n\u00eb Shkod\u00ebr. Gjat\u00eb Luft\u00ebs s\u00eb Par\u00eb Bot\u00ebrore t\u00eb gjith\u00eb floririn e konvertuan n\u00eb monedh\u00ebn austriake dhe me r\u00ebnien, falimentimin e k\u00ebsaj perandorie, u zhvler\u00ebsua edhe monedha duke u sjell\u00eb Ustabeqir\u00ebve nj\u00eb goditje t\u00eb dyt\u00eb dhe shum\u00eb t\u00eb fort\u00eb ekonomike. N\u00eb qytetin verior Ustabeqiri, q\u00eb do nd\u00ebrroj\u00eb mbiemrin n\u00eb Beqiraj, miq\u00ebsohet me familjen Fani, edhe ajo e shp\u00ebrngulur nga Ulqini. Kjo miq\u00ebsi u kuror\u00ebzua me martes\u00ebn e Rizait, djalit t\u00eb Mustafait, me nj\u00eb vajz\u00eb t\u00eb famijes Fani. R\u00ebnia e trojeve shqiptare n\u00ebn pushtimin e Malit t\u00eb Zi nxiti shum\u00eb familje ulqinake t\u00eb emigrojn\u00eb ngase e kishin t\u00eb pamundur t\u00eb duronin pushtimin. Shkodra qe ndalesa e para e tyre e zgjedhur s\u00eb pari p\u00ebr shkak t\u00eb af\u00ebrsis\u00eb me vendlindjen e tyre dhe s\u00eb dyti ngase ky qytet kishte Bun\u00ebn dhe detin, gj\u00eb q\u00eb u jepte mund\u00ebsi t\u00eb merreshin me lundrim, tregti e peshkim. N\u00eb Shkod\u00ebr lind edhe brezi i par\u00eb i ulqinak\u00ebve t\u00eb shp\u00ebrngulur. K\u00ebtij brezi i p\u00ebrkasin edhe Mahmud e Hava Beqiraj, prind\u00ebrit e Zyhniut. Shpresa e kthimit n\u00eb Ulqin zbehej vit pas viti p\u00ebr shkak t\u00eb rrjedhave t\u00eb koh\u00ebs. Kjo qe edhe arsyeja q\u00eb ata shit\u00ebn sht\u00ebpin\u00eb tek Banush\u00ebt n\u00eb Shkod\u00ebr dhe u vendos\u00ebn n\u00eb mesin e shekullit t\u00eb kaluar n\u00eb Durr\u00ebs. Nj\u00eb nga nj\u00eb n\u00eb qytetin bregdetar t\u00eb Durr\u00ebsit erdh\u00ebn 70 familje ulqinake. T\u00eb par\u00ebt qen\u00eb Kapidani, pas tyre Fani, Bajrami, Bilali, Gorana\u2026Familja Beqiraj u strehua me qera tek Jarec\u00ebt e Dakol\u00ebt dhe m\u00eb pas nis\u00ebn t\u00eb nd\u00ebrtonin streh\u00ebn e vet.<br \/>\n<strong>Arsimi<\/strong><br \/>\nZyhni Beqiraj kryen arsimin e mes\u00ebm n\u00eb gjimnazin \u201cNaim Frash\u00ebri\u201d. Fal\u00eb p\u00ebrkujdesjes s\u00eb prind\u00ebrve dhe vullnetit t\u00eb tij arrin t\u00eb dal\u00eb me rezultate shum\u00eb t\u00eb mira duke mundur t\u2019i siguroj\u00eb vetes edhe t\u00eb drejt\u00ebn p\u00ebr t\u00eb vijuar shkoll\u00ebn e lart\u00eb. Studimet i kreu n\u00eb Universitetin e Tiran\u00ebs, Fakulteti i Shkencave t\u00eb Natyr\u00ebs, dega Fizik\u00eb n\u00eb vitin 1969. Si t\u00eb gjith\u00eb bashk\u00ebstudent\u00ebt, i riu nga Durr\u00ebsi e ka cil\u00ebsuar si fat n\u00eb formimin e tij t\u00eb p\u00ebrgjitshh\u00ebm dhe profesional marrjen e leksioneve nga pedagog\u00ebt shum\u00eb t\u00eb njohur si: Sotir Kuneshka, Kleanthi Qendro, Niko Thoma, Flamur Zela, t\u00eb gjith\u00eb me tituj e grada shkencore. Me p\u00ebrfundimin e universitetit ulqinaku em\u00ebrohet n\u00eb Kuk\u00ebs, n\u00eb gjimnazin e qytetit. Atje dha Fizik\u00eb, Astronomi, Vizatim teknik, Elektroteknik\u00eb, Dituri natyre. Nga m\u00ebngjesi deri n\u00eb mbr\u00ebmje, me nx\u00ebn\u00ebs t\u00eb shkoll\u00ebs s\u00eb dit\u00ebs, t\u00eb mbr\u00ebmjes, korespondenc\u00ebs n\u00eb pedagogjike dhe gjeologjis\u00eb. S\u00eb bashku me koleg\u00ebt e tij Kujtim Lluri, Sajmir Xhafa, Mehmet Karapici u sistemua tek nj\u00eb dhom\u00eb n\u00eb shkoll\u00ebn 8-vje\u00e7are e cila u sh\u00ebrbeu si fjetin\u00eb, nd\u00ebrsa rrobat e bataniet i d\u00ebrgonin n\u00eb lavanteri n\u00eb Qaf Palush. Kat\u00ebr vite q\u00ebndroi n\u00eb qytetin verior. Kuk\u00ebsi ishte nj\u00eb nga destinacionet e pashmangshme p\u00ebr dhjetra e dhjetra djem e vajza nga Shqip\u00ebria e Mesme dhe ajo e Jugut q\u00eb kryenin studimet e larta. Kushtet e v\u00ebshtira, or\u00ebt shum\u00eb t\u00eb gjata t\u00eb pun\u00ebs, klima e ashp\u00ebr nuk ndikuan aspak n\u00eb d\u00ebshir\u00ebn dhe k\u00ebmb\u00ebnguljen e ulqinakut p\u00ebr t\u00eb punuar sa m\u00eb shum\u00eb. Kan\u00eb kaluar 45 vite nga ajo koh\u00eb e rinis\u00eb s\u00eb tij dhe Zyhni Beqiraj ruan edhe sot mbresa t\u00eb forta e t\u00eb pashlyeshme p\u00ebr koleg\u00ebt, nx\u00ebn\u00ebsit dhe qytetar\u00ebt. Edhe kuksian\u00ebt e ruajt\u00ebn emrin e m\u00ebsuesit. Jo nj\u00eb e dy a tre vite. Letra, kartolina, ftesa n\u00eb g\u00ebzime familjare Beqiraj vazdhon t\u00eb marr\u00eb edhe sot nga miqt\u00eb e koleg\u00ebt e Kuk\u00ebsit. Me rastin e festimit t\u00eb 20-vjetorit hapjes s\u00eb gjimnazit n\u00eb Kuk\u00ebs, m\u00ebsuesi Beqiraj ka qen\u00eb nj\u00eb nga t\u00eb ftuarit e nderit. Pritja e ve\u00e7ant\u00eb dhe nderimet q\u00eb i jan\u00eb b\u00ebr\u00eb nga koleg\u00ebt Beqir Osmani, Myrteza Bardhi, Kadri Spahiu, m\u00ebsuesit, nx\u00ebn\u00ebsit dhe kuksian\u00ebt e emocionon sa her\u00eb q\u00eb ua tregon miqve at\u00eb festim. Ngroht\u00ebsia me t\u00eb cil\u00ebn u prit djaloshi nga Durr\u00ebsi e nxiti t\u00eb merrte pjes\u00eb edhe n\u00eb aktivitetet artistike. Beqiraj drejtoi ansamblin e gjimnazit dhe n\u00eb konkurimet jasht\u00eb rrethi u d\u00ebrgoi kuksian\u00ebve \u00e7mime e vende nderi. Nd\u00ebrsa n\u00eb Dib\u00ebr do t\u00eb merrte vendin e par\u00eb, si m\u00eb i miri ansamb\u00ebl artistik, n\u00eb Durr\u00ebs do t\u00eb rr\u00ebmbente flamurin p\u00ebr ta d\u00ebrguar n\u00eb qytetin verior. Emri m\u00ebsuesit t\u00eb Fizik\u00ebs u b\u00eb k\u00ebshtu shum\u00eb i admiruar, nd\u00ebrsa Beqiraj lozi vet n\u00eb dramat e v\u00ebna n\u00eb sken\u00eb duke shfaqur talentin edhe si aktor. Atje, n\u00eb qytetin e larg\u00ebt, djaloshi krijoi edhe familjen. Nj\u00eb vit pas tij, n\u00eb Kuk\u00ebs em\u00ebrohet m\u00ebsuese e Gjuh\u00ebs shqipe dhe Let\u00ebrsis\u00eb Lidia Mema e cila kishte kryer studimet n\u00eb Shkod\u00ebr. N\u00ebna ulqinakut dhe n\u00ebna e vajz\u00ebs Mema njiheshin prej vitesh dhe kjo i afroi shum\u00eb t\u00eb rinjt\u00eb t\u00eb cil\u00ebt e shpall\u00ebn dashurin\u00eb . Lidia u caktua n\u00eb \u00c7inamak\u00eb, lokaliteti Suroj, 6 or\u00eb larg nga Kuk\u00ebsi n\u00eb k\u00ebmb\u00eb, p\u00ebr t\u2019u transferuar m\u00eb pas brenda n\u00eb qytet, ku ishte edhe Beqiraj. Pas transferimit ulqinaku do t\u00eb em\u00ebrohet z\u00ebvend\u00ebsdrejtor n\u00eb shkoll\u00ebn e muzik\u00ebs n\u00eb Durr\u00ebs, kurse bashk\u00ebshortja e tij do t\u00eb q\u00ebndroj\u00eb p\u00ebr dy vite n\u00eb pritje t\u00eb hapjes s\u00eb nj\u00eb vendi pune. Dy vite m\u00eb pas do t\u00eb transferohet p\u00ebr n\u00eb shkoll\u00ebn e mesme Luz i Vog\u00ebl n\u00eb Kavaj\u00eb. Edhe atje shkoll\u00eb e m\u00ebsim nga m\u00ebngjesi n\u00eb mbr\u00ebmje pasi kishte edhe shkoll\u00eb mbr\u00ebmje. Rrug\u00ebtimi n\u00eb arsim i nisur n\u00eb gushtin e vitit 1969 do t\u00eb vazdhoj\u00eb pareshtur. Edhe Kavaja la jo pak gjurm\u00eb n\u00eb kujtes\u00ebn e tij pasi atje erdhi n\u00eb jet\u00eb djali, Mentori. Kthimi n\u00eb qytetin e lindjes, n\u00eb Durr\u00ebs, do e \u201cdegdis\u00eb\u201d sa tek nj\u00ebra shkoll\u00eb, tek tjetra. Fillimisht n\u00eb at\u00eb \u201cHasan Ko\u00e7i\u201d e m\u00eb pas n\u00eb industrialen \u201cLeonik Tomeo\u201d, gjimnazin e Shkozetit. Diku m\u00ebsues, diku z\u00ebvend\u00ebsdrejtor e drejtor. Me afrimin e pluralizmit em\u00ebrohet n\u00eb seksionin e arsimit, ku edhe e mbyll karrier\u00ebn pedagogjike p\u00ebr t\u2019iu p\u00ebrkushtuar politik\u00ebs me t\u00eb nj\u00ebjtin vullnet e pasion.<br \/>\n<strong>Politika<\/strong><br \/>\nMarsi vitit 1992, koh\u00eb e ndryshimeve t\u00eb m\u00ebdha politike n\u00eb vend, e gjen Zyhni Beqirajn n\u00eb pozitat e z\u00ebvend\u00ebskryetarit t\u00eb komitetit ekzekutiv n\u00eb Durr\u00ebs p\u00ebr ekonomin\u00eb dhe q\u00eb aty n\u00eb funksionin e sekretarit t\u00eb Partis\u00eb Socialiste. Politika do i sjell\u00eb k\u00ebnaq\u00ebsi, por n\u00eb jo pak raste edhe zhg\u00ebnjim e telashe. Ndon\u00ebse kishte marr\u00eb parasysh \u00e7do gj\u00eb, ngjarje dhe episode t\u00eb shumta kan\u00eb l\u00ebn\u00eb shum\u00eb gjurm\u00eb. Ai \u00ebsht\u00eb d\u00ebshmitar i situatave dhe prapaskenave t\u00eb thurura n\u00eb koh\u00ebn e nism\u00ebs p\u00ebr mocion mosbesimi ndaj Fatos Nanos. Beqiraj, Bardhyl Agasi, Moikom Zeqo, Fatos Mu\u00e7a, Miri Hoti qen\u00eb mb\u00ebshtet\u00ebs t\u00eb Nanos, kurse S\u00ebrvet P\u00ebllumbi, Ilir Meta, Namik Dokle kund\u00ebrshtar e micionist t\u00eb fort\u00eb. Pozicioni i tij i hapur i kushtoi pasi n\u00eb vitin 1996 e largojn\u00eb nga funksioni i sekretarit politik t\u00eb deg\u00ebs socialiste n\u00eb Durr\u00ebs. I bindur se kishte b\u00ebr\u00eb m\u00eb t\u00eb mir\u00ebn e mundshme, nuk demoralizohet, nd\u00ebrkoh\u00eb q\u00eb vijoi t\u00eb q\u00ebndronte n\u00eb forumet politike. Dalja Nanos nga burgu pason me kandidimin e Beqirajt p\u00ebr deputet n\u00eb Kuvendin e Shqip\u00ebris\u00eb, mandat t\u00eb cilin e fiton p\u00ebr legjislatur\u00ebn 1997-2001. Durr\u00ebsi p\u00ebrfaq\u00ebsohej n\u00eb Parlament nga socialist\u00ebt Beqiraj, Bardhyl Agasi, Spartak Braho, Natasha Pa\u00e7o, Ilirjana K\u00ebr\u00e7uku dhe Aluash Gjihani, nd\u00ebrsa demokrat\u00ebt vet\u00ebm me Ferdinand Xhaferrin. Zyhni Beqiraj flet me shum\u00eb krenari p\u00ebr p\u00ebrkushtimin n\u00eb ato vite n\u00eb sh\u00ebrbimin ndaj qytetar\u00ebve. Vendosja e raporteve shum\u00eb t\u00eb mira me qeverin\u00eb e ministrat, miq\u00ebsia e ngusht\u00eb me Nanon i dha mund\u00ebsi t\u00eb merrte shum\u00eb fonde duke bindur ministrit\u00eb n\u00eb efektivitetin e projekteve t\u00eb paraqitura. N\u00eb nj\u00eb periudh\u00eb t\u00eb shkurt\u00ebr u investua n\u00eb shtrimin me asfalt i rrug\u00ebve t\u00eb Katundit t\u00eb Ri; rikonstruksioni t\u00eb gjitha shkollave n\u00eb k\u00ebt\u00eb komun\u00eb; nd\u00ebrtimi shum\u00eb kabinave elektrike; pastrami kanaleve kryesore p\u00ebr t\u00eb shmangur p\u00ebrmbytjet e tokave bujq\u00ebsore; shtrimi linj\u00ebs s\u00eb ujt t\u00eb pish\u00ebm p\u00ebr banor\u00ebt n\u00eb Jub e n\u00eb Fllak\u00eb; nd\u00ebrtimi n\u00ebnstacionit t\u00eb madh elektrik n\u00eb Rrashbull. Investimi n\u00eb rrjetin elektrik p\u00ebrmir\u00ebsoi ndjesh\u00ebm furnizimin duke e rritur me 25p \u00ebrqind. Nd\u00ebrkoh\u00eb Beqiraj nuk u ndal deri sa arriti t\u00eb shk\u00ebpus\u00eb Durr\u00ebsin nga Tirana p\u00ebrmes lidhjes me sistemin 35 kilovoltsh (kV) dhe 100 kilovolt\u00ebsh (kV). Nd\u00ebrsa jan\u00eb t\u00eb shumta nder\u00ebt q\u00eb u b\u00ebri kolektivisht qytetar\u00ebve t\u00eb tij n\u00eb Katundin e Ri dhe n\u00eb Durr\u00ebs, deputeti kujtohet edhe sot p\u00ebr zgjidhjen e problemit m\u00eb t\u00eb mprehta q\u00eb doli p\u00ebr \u00e7\u00ebshtjen e sigurimeve shoq\u00ebrore. Disa nd\u00ebrmarrje si plan teks, kimike, nish cigare nuk kishin derdhur detyrimin p\u00ebr sigurimin e t\u00eb pun\u00ebsuarve. Mbyllja e aktivitetit t\u00eb tyre i d\u00ebrgonte pun\u00ebmarr\u00ebsit n\u00eb asistenc\u00eb dhe n\u00eb pension. Por mospagesa sigurimeve nxirrte jasht\u00eb skeme qindra ish pun\u00ebtor\u00eb. Beqiraj kujton se i \u00ebsht\u00eb dashur shum\u00eb p\u00ebrpjekje dhe nd\u00ebrhyrje n\u00eb Ministrin\u00eb e Ekonomis\u00eb, Ministrin\u00eb e Financ\u00ebs dhe drejtorit\u00eb qendrore p\u00ebr t\u00eb b\u00ebr\u00eb t\u00eb mundur zgjidhjen e problemit t\u00eb mbartur. Qeveria u detyrua t\u00eb nxjerr\u00eb nj\u00eb ligj t\u00eb ve\u00e7ant\u00eb p\u00ebr t\u00eb subvencionuar shum\u00ebn e cila duhej ark\u00ebtuar p\u00ebr llogari t\u00eb sigurimeve shoq\u00ebrore. Pas k\u00ebtij veprimi nisi edhe plot\u00ebsimi librezave, p\u00ebrfitimi asistenc\u00ebs dhe pensionit p\u00ebr qindra ish punonj\u00ebs t\u00eb nd\u00ebrmarrjeve t\u00eb l\u00ebna jasht\u00eb skem\u00ebs s\u00eb sigurimeve. Por deputeti Beqiraj ka edhe t\u00eb tjera merita t\u00eb cilat kan\u00eb t\u00eb b\u00ebjn\u00eb me k\u00ebmb\u00ebnguljen e tij p\u00ebr heqjen e mbetjeve t\u00eb rrezikshme nga magazinat e depot n\u00eb kimiken e Porto Romanos si dhe n\u00eb zgjidhjen e strehimit p\u00ebr familjet n\u00eb nevoj\u00eb emergjente. P\u00ebrpjekja p\u00ebr t\u00eb fituar nj\u00eb mandat t\u00eb dyt\u00eb deputeti e vendos n\u00eb zon\u00ebn e Katundit t\u00eb Ri, zon\u00eb elektorale q\u00eb kishte edhe lagjen num\u00ebr 15, 18 t\u00eb Durr\u00ebsit. Nd\u00ebrsa Beqiraj kishte sigurin\u00eb e plot\u00eb n\u00eb fitore, ndodhi ndryshe. Mandati kaloi n\u00eb an\u00ebn tjet\u00ebr. Q\u00ebndrimi gjat\u00eb gjith\u00eb nat\u00ebs i kutive t\u00eb votimit n\u00eb dor\u00ebn e dy personave n\u00eb KZAZ ndryshoi rrjedh\u00ebn. P\u00ebrpjekjet p\u00ebr t\u2019i shkuar s\u00eb v\u00ebrtet\u00ebs deri n\u00eb fund erdh\u00ebn e u shuan p\u00ebr shkak t\u00eb mosfunksionimit t\u00eb strukturave p\u00ebrgjegj\u00ebse t\u00eb shtetit. Vendi kishte shum\u00eb t\u00eb fresk\u00ebt ngjarjet e vitit 1997, pasojat e t\u00eb cilave ishin t\u00eb dukshme.<br \/>\n<strong>Miq\u00ebsi politike<\/strong><br \/>\nZyhni Beqiraj \u00ebsht\u00eb nj\u00eb nga miqt\u00eb e af\u00ebrt t\u00eb Fatos Nanos. Edhe pse kan\u00eb kaluar disa vite dhe Nano nuk \u00ebsht\u00eb m\u00eb aktiv n\u00eb politik\u00ebn shqiptare si m\u00eb par\u00eb, miq\u00ebsia tyre vijon t\u00eb mbetet e fort\u00eb. Komunikojn\u00eb n\u00eb telefon e p\u00ebrmes rrjeteve sociale, nd\u00ebrkoh\u00eb q\u00eb takohen sa her\u00eb q\u00eb Nano kthehet n\u00eb Tiran\u00eb. Mikun e tij Beqiraj nuk e braktisi edhe at\u00ebher\u00eb kur Nanos ia kthyen kurrizin shum\u00eb politikan\u00eb t\u00eb majt\u00eb. Madje e takoi edhe n\u00eb Tepelen\u00eb, n\u00eb burg. Ka qen\u00eb nj\u00eb dredhi e p\u00ebrdorur nga Iljaz Labi q\u00eb i dha mund\u00ebsi Beqirajt, Bardhyl Agasit dhe Moikom Zeqos ta takojn\u00eb Nanon n\u00eb oborrin e burgut. Iljazi i k\u00ebshilloi q\u00eb t\u00eb gjenin nj\u00eb rreng dhe t\u00eb prezantoheshin jo si persona t\u00eb politik\u00ebs, por si t\u00eb af\u00ebrm t\u00eb Nanos. Tek ish kryetari tij, deputeti sheh njeriun me formim t\u00eb madh intelektual dhe natyr\u00ebn humane. Ka q\u00ebndruar p\u00ebr shum\u00eb vite n\u00eb krah t\u00eb tij dhe sjell nd\u00ebrmend episode pambarim p\u00ebr toleranc\u00ebn deri n\u00eb tepri t\u00eb Nanos si n\u00eb koh\u00ebn kur ishte kryeminist\u00ebr, edhe at\u00ebher\u00eb kur drejtonte Partin\u00eb Socialiste. Jan\u00eb takuar n\u00eb dit\u00eb t\u00eb v\u00ebshtir\u00eb, koh\u00eb q\u00eb ka forcuar miq\u00ebsin\u00eb mes tyre. T\u00eb ve\u00e7anta dit\u00ebt e shp\u00ebrndarjes s\u00eb ndihmave nga Pelikani, trazirat e vittit 1997, mandati qeveris\u00ebs i kryeministrit Nano. Beqiraj ka qen\u00eb dhe mbetet nd\u00ebr njer\u00ebzit m\u00eb t\u00eb af\u00ebrt t\u00eb Nanos sa her\u00eb q\u00eb ish kryeministri ka ardhur n\u00eb takime pune dhe tryeza kafeje n\u00eb Durr\u00ebs. E vler\u00ebson p\u00ebr toleranc\u00ebn dhe humorin e thell\u00eb. Beqiraj ka edhe t\u00eb tjer\u00eb miq me em\u00ebr n\u00eb politik\u00eb si Ethem Ruka, Maqo Lakrori, Flamur Hoxha, Ejup Tabaku, Bardhyl Agasi, Spartak Braho.<br \/>\n<strong>Arti<\/strong><br \/>\nArti, muzika, instrumenti, ka qen\u00eb pasioni Beqiraj. Fare i ri u ngjit n\u00eb sken\u00eb p\u00ebr t\u00eb lozur rolin e Gramozit tek drama \u201cQielli i kuq\u201d. Ishte m\u00ebsues n\u00eb gjimnazin e Kuk\u00ebsit kur vendosi t\u00eb mb\u00ebshtes\u00eb t\u00eb rinjt\u00eb p\u00ebr t\u2019u marr\u00eb me art, me aktivitete e festival t\u00eb k\u00ebng\u00ebs e t\u00eb teatrit. Kjo qe vet\u00ebm nisja pasi me kalimin e viteve arti nis e b\u00ebhet pjes\u00eb e p\u00ebrditshme e jet\u00ebs. Nuk mund t\u00eb ndodhte ndryshe. Ustabeqir\u00ebt e vendosur n\u00eb Durr\u00ebs kan\u00eb krijuar familje artist\u00ebsh. Mustafai, trash\u00ebgimtari i emrit t\u00eb st\u00ebrgjyshit, xhaxha i Zyhniut, \u00ebsht\u00eb kompozitor. Adili, djali xhaxhait, kitarist. Zyhniu loz n\u00eb fizarmonik\u00eb e n\u00eb organo. Javeri, v\u00ebllai tij, n\u00eb kitar\u00eb e xhez. Ulqinak\u00ebt jan\u00eb shum\u00eb t\u00eb lidhur me k\u00ebng\u00ebn popullore. Ky \u00ebsht\u00eb nj\u00eb fakt m\u00eb shum\u00eb pse Beqiraj q\u00eb nga rinia e tij nuk iu nda asnj\u00ebher\u00eb muzik\u00ebs, artit. Teksa studionte n\u00eb universitetin e Tiran\u00ebs, ulqinaku i lindur dhe i edukuar n\u00eb Durr\u00ebs, kompozoi k\u00ebng\u00ebn \u201cFotografia\u201d. Fabula \u00ebsht\u00eb fare e thjesht\u00eb. Studenti dashuron vajz\u00ebn e pedagogut i cili hakmerret duke e mbetur n\u00eb provim t\u00eb riun. K\u00ebnga kishte shum\u00eb rit\u00ebm dhe kjo e b\u00ebri edhe m\u00eb shum\u00eb t\u00eb p\u00eblqyer nd\u00ebr student\u00eb t\u00eb cil\u00ebt e k\u00ebndonin n\u00eb koridore, salla, fjetin\u00eb, mens\u00eb, biblotek\u00eb, autobus. Ritmi nuk p\u00eblqehej asokohe megjithat\u00eb k\u00ebnga q\u00ebndroi si hit p\u00ebr shum\u00eb breza student\u00ebsh. Madje edhe sot n\u00eb val\u00ebt e radios vjen her\u00eb pas her\u00eb ndon\u00ebse me pak ndryshime n\u00eb tekst. Megjithat\u00eb Zyhni Beqiraj \u00ebsht\u00eb marr\u00eb seriozisht me kompozimin pasi u t\u00ebrhoq nga arsimi dhe nga politika. K\u00ebnga e par\u00eb e kompozuar pas viteve 2000 qe \u201cZho aris\u201d. Teksti \u00ebsht\u00eb p\u00ebrgatitur nga i v\u00ebllai, Jovani, nd\u00ebrsa \u00ebsht\u00eb k\u00ebnduar nga vajza xhaxhait t\u00eb tij, Iliriana. Pas saj erdhi edhe k\u00ebnga e dyt\u00eb n\u00eb saj t\u00eb popullaritetit q\u00eb fitoi. K\u00ebt\u00eb her\u00eb me titullin \u201cM\u00ebngjesi n\u00eb Durr\u00ebsin tim\u201d. Nj\u00eb nga nj\u00eb dhe me shum\u00eb admirim pasuan k\u00ebng\u00ebt \u201cO nan\u00eb jemi t\u00eb lir\u00eb\u201d, \u201cN\u00eb p\u00ebrjet\u00ebsi\u201d, \u201cT\u00eb lut\u00ebm Zot\u201d, \u201cKunor\u00eb dashunie o,Durr\u00ebs, je!\u201d, \u201cSi nj\u00eb flutur vere\u201d, \u201cFli vog\u00eblush\u201d\u2026 Jan\u00eb m\u00eb shum\u00eb se 70 k\u00ebng\u00eb t\u00eb kompozuara n\u00eb m\u00eb pak se 7 vite, nd\u00ebrkoh\u00eb q\u00eb jan\u00eb realizuar 30 prej tyre. P\u00ebrgjith\u00ebsisht jan\u00eb k\u00ebng\u00eb popullore dhe muzik\u00eb e leht\u00eb. Beqiraj i ka kushtuar shum\u00eb vend n\u00eb jet\u00eb, n\u00eb k\u00ebrkime e botime trojeve t\u00eb t\u00eb par\u00ebve, Ulqinit. 22 k\u00ebng\u00eb i p\u00ebrkasin vet\u00ebm Ulqinit, nd\u00ebrsa 10 t\u00eb tjera Shkodr\u00ebs. Teksti shum\u00eb shpreh\u00ebs dhe kompozimi cil\u00ebsor kan\u00eb t\u00ebrhequr v\u00ebmendjen e shum\u00eb k\u00ebng\u00ebtar\u00ebve. K\u00ebshtu kan\u00eb k\u00ebnduar k\u00ebng\u00eb t\u00eb tij Qemal K\u00ebrtusha, Sherif Merdani, Kastriot Tusha, Bujar Qamili, G\u00ebzim Myshketa, Naim K\u00ebr\u00e7uku, Julian Gjodjeshi, Ilsid \u00c7ullhai, Olta Juba. Por list\u00ebs s\u00eb gjat\u00eb i bashk\u00ebngjiten edhe emrat e k\u00ebng\u00ebtar\u00ebve t\u00eb m\u00ebdhenj popullor\u00eb ulqinak si Shaban Gjeka, Nuzo Muharremi, grupi \u201cBurimi\u201d. Shum\u00eb vend ka z\u00ebn\u00eb k\u00ebnga \u201cKalaja e Ulqinit\u201d q\u00eb k\u00ebndohet nga kori shkoll\u00ebs s\u00eb mesme t\u00eb muzik\u00ebs n\u00eb Ulqin. M\u00ebsuesi i pasionuar, deputeti nd\u00ebr m\u00eb t\u00eb respektuarit dhe artisti me vlera \u00ebsht\u00eb nd\u00ebr m\u00eb aktiv\u00ebt n\u00eb organizimin e festimeve t\u00eb dit\u00ebs p\u00ebr Ulqinin. E viziton shpesh qytetin e dashur, takon k\u00ebng\u00ebtar\u00eb, politikan\u00eb, administrator\u00eb, artist\u00eb e instrumentist\u00eb. P\u00ebr vite me rradh\u00eb iu p\u00ebrkushtua p\u00ebrgatitjes dhe botimit t\u00eb librit \u201cMalli p\u00ebr Ulqinin n\u00eb k\u00ebng\u00eb\u201d, album letraro-muzikor me 415 faqe. Historia e Ulqinit, fgurat atdhetare e patriotike, arsimi, sh\u00ebndet\u00ebsia, detaria, monumentet, popull\u00ebsia, qendrat e banuara shqiptare, origjina e popullat\u00ebs, jeta shoq\u00ebrore, personalitete, pasuria e t\u00eb tjerajan\u00eb pun\u00eb dhe p\u00ebrpjekje e pareshtur e Beqiraj. Ai ka k\u00ebrkuar nd\u00ebr materialet dhe botimet e p\u00ebrgatitura nga autor\u00eb ulqinak\u00eb dhe studime t\u00eb ndryshme. Zyhni Beqiraj njeh me shum\u00eb se 80 p\u00ebrqind t\u00eb muzik\u00ebs popullore ulqinakase, ninullat, fabulat, histori, goj\u00ebdh\u00ebna\u2026<\/p>\n<p><strong>Burimi: bulevardionline.com<\/strong><\/p>\n","protected":false},"excerpt":{"rendered":"<p>Nga Xhevahir Gradica\u00a0 Dikush e th\u00ebrret profesor e t\u00eb tjer\u00eb deputet. Ka shum\u00eb personazhe n\u00eb jet\u00ebn politike n\u00eb Durr\u00ebs q\u00eb kan\u00eb g\u00ebzuar dy, tre e m\u00eb shum\u00eb mandate parlamentare, por n\u00eb k\u00ebt\u00eb qytet vet\u00ebm nj\u00ebri vazdhon t\u00eb g\u00ebzoj\u00eb nderin p\u00ebr ta th\u00ebrritur Deputet. Zyhni Beqiraj e fitoi k\u00ebt\u00eb respekt n\u00eb saj t\u00eb ndereve q\u00eb u [&hellip;]<\/p>\n","protected":false},"author":1,"featured_media":0,"comment_status":"closed","ping_status":"closed","sticky":false,"template":"","format":"standard","meta":{"spay_email":"","jetpack_publicize_message":"","jetpack_is_tweetstorm":false,"jetpack_publicize_feature_enabled":true},"categories":[5],"tags":[],"jetpack_publicize_connections":[],"yoast_head":"<!-- This site is optimized with the Yoast SEO plugin v19.1 - https:\/\/yoast.com\/wordpress\/plugins\/seo\/ -->\n<title>Interviste: R\u00ebfimet e nj\u00eb Ulqinaku, Zyhni Beqiraj - Video - Lajme nga Ulqini<\/title>\n<meta name=\"description\" content=\"Nga Xhevahir Gradica\u00a0 Dikush e th\u00ebrret profesor e t\u00eb tjer\u00eb deputet. Ka shum\u00eb personazhe n\u00eb jet\u00ebn politike n\u00eb Durr\u00ebs q\u00eb kan\u00eb g\u00ebzuar dy, tre e m\u00eb shum\u00eb\" \/>\n<meta name=\"robots\" content=\"index, follow, max-snippet:-1, max-image-preview:large, max-video-preview:-1\" \/>\n<link rel=\"canonical\" href=\"https:\/\/www.visit-ulcinj.com\/blog\/2015\/04\/02\/interviste-refimet-e-nje-ulqinaku-zyhni-beqiraj-video\/\" \/>\n<meta property=\"og:locale\" content=\"en_US\" \/>\n<meta property=\"og:type\" content=\"article\" \/>\n<meta property=\"og:title\" content=\"Interviste: R\u00ebfimet e nj\u00eb Ulqinaku, Zyhni Beqiraj - Video - Lajme nga Ulqini\" \/>\n<meta property=\"og:description\" content=\"Nga Xhevahir Gradica\u00a0 Dikush e th\u00ebrret profesor e t\u00eb tjer\u00eb deputet. Ka shum\u00eb personazhe n\u00eb jet\u00ebn politike n\u00eb Durr\u00ebs q\u00eb kan\u00eb g\u00ebzuar dy, tre e m\u00eb shum\u00eb\" \/>\n<meta property=\"og:url\" content=\"https:\/\/www.visit-ulcinj.com\/blog\/2015\/04\/02\/interviste-refimet-e-nje-ulqinaku-zyhni-beqiraj-video\/\" \/>\n<meta property=\"og:site_name\" content=\"Lajme nga Ulqini\" \/>\n<meta property=\"article:published_time\" content=\"2015-04-02T14:49:47+00:00\" \/>\n<meta property=\"og:image\" content=\"http:\/\/www.visit-ulcinj.com\/blog\/wp-content\/uploads\/2015\/04\/Zyhni.Beqiraj-.jpg\" \/>\n<meta name=\"twitter:label1\" content=\"Written by\" \/>\n\t<meta name=\"twitter:data1\" content=\"ulqini\" \/>\n\t<meta name=\"twitter:label2\" content=\"Est. reading time\" \/>\n\t<meta name=\"twitter:data2\" content=\"17 minutes\" \/>\n<script type=\"application\/ld+json\" class=\"yoast-schema-graph\">{\"@context\":\"https:\/\/schema.org\",\"@graph\":[{\"@type\":\"WebSite\",\"@id\":\"https:\/\/www.visit-ulcinj.com\/blog\/#website\",\"url\":\"https:\/\/www.visit-ulcinj.com\/blog\/\",\"name\":\"Lajme nga Ulqini\",\"description\":\"Lajme,Vijesti,Ulqini,Ulqin,Crna Gora,Mali i Zi\",\"potentialAction\":[{\"@type\":\"SearchAction\",\"target\":{\"@type\":\"EntryPoint\",\"urlTemplate\":\"https:\/\/www.visit-ulcinj.com\/blog\/?s={search_term_string}\"},\"query-input\":\"required name=search_term_string\"}],\"inLanguage\":\"en-US\"},{\"@type\":\"ImageObject\",\"inLanguage\":\"en-US\",\"@id\":\"https:\/\/www.visit-ulcinj.com\/blog\/2015\/04\/02\/interviste-refimet-e-nje-ulqinaku-zyhni-beqiraj-video\/#primaryimage\",\"url\":\"http:\/\/www.visit-ulcinj.com\/blog\/wp-content\/uploads\/2015\/04\/Zyhni.Beqiraj-.jpg\",\"contentUrl\":\"http:\/\/www.visit-ulcinj.com\/blog\/wp-content\/uploads\/2015\/04\/Zyhni.Beqiraj-.jpg\"},{\"@type\":\"WebPage\",\"@id\":\"https:\/\/www.visit-ulcinj.com\/blog\/2015\/04\/02\/interviste-refimet-e-nje-ulqinaku-zyhni-beqiraj-video\/#webpage\",\"url\":\"https:\/\/www.visit-ulcinj.com\/blog\/2015\/04\/02\/interviste-refimet-e-nje-ulqinaku-zyhni-beqiraj-video\/\",\"name\":\"Interviste: R\u00ebfimet e nj\u00eb Ulqinaku, Zyhni Beqiraj - Video - Lajme nga Ulqini\",\"isPartOf\":{\"@id\":\"https:\/\/www.visit-ulcinj.com\/blog\/#website\"},\"primaryImageOfPage\":{\"@id\":\"https:\/\/www.visit-ulcinj.com\/blog\/2015\/04\/02\/interviste-refimet-e-nje-ulqinaku-zyhni-beqiraj-video\/#primaryimage\"},\"datePublished\":\"2015-04-02T14:49:47+00:00\",\"dateModified\":\"2015-04-02T14:49:47+00:00\",\"author\":{\"@id\":\"https:\/\/www.visit-ulcinj.com\/blog\/#\/schema\/person\/dcab619c614d3038751c63bc2aadc06d\"},\"description\":\"Nga Xhevahir Gradica\u00a0 Dikush e th\u00ebrret profesor e t\u00eb tjer\u00eb deputet. Ka shum\u00eb personazhe n\u00eb jet\u00ebn politike n\u00eb Durr\u00ebs q\u00eb kan\u00eb g\u00ebzuar dy, tre e m\u00eb shum\u00eb\",\"breadcrumb\":{\"@id\":\"https:\/\/www.visit-ulcinj.com\/blog\/2015\/04\/02\/interviste-refimet-e-nje-ulqinaku-zyhni-beqiraj-video\/#breadcrumb\"},\"inLanguage\":\"en-US\",\"potentialAction\":[{\"@type\":\"ReadAction\",\"target\":[\"https:\/\/www.visit-ulcinj.com\/blog\/2015\/04\/02\/interviste-refimet-e-nje-ulqinaku-zyhni-beqiraj-video\/\"]}]},{\"@type\":\"BreadcrumbList\",\"@id\":\"https:\/\/www.visit-ulcinj.com\/blog\/2015\/04\/02\/interviste-refimet-e-nje-ulqinaku-zyhni-beqiraj-video\/#breadcrumb\",\"itemListElement\":[{\"@type\":\"ListItem\",\"position\":1,\"name\":\"Interviste: R\u00ebfimet e nj\u00eb Ulqinaku, Zyhni Beqiraj &#8211; Video\"}]},{\"@type\":\"Person\",\"@id\":\"https:\/\/www.visit-ulcinj.com\/blog\/#\/schema\/person\/dcab619c614d3038751c63bc2aadc06d\",\"name\":\"ulqini\",\"sameAs\":[\"http:\/\/www.visit-ulcinj.com\"],\"url\":\"https:\/\/www.visit-ulcinj.com\/blog\/author\/admin\/\"}]}<\/script>\n<!-- \/ Yoast SEO plugin. -->","yoast_head_json":{"title":"Interviste: R\u00ebfimet e nj\u00eb Ulqinaku, Zyhni Beqiraj - Video - Lajme nga Ulqini","description":"Nga Xhevahir Gradica\u00a0 Dikush e th\u00ebrret profesor e t\u00eb tjer\u00eb deputet. Ka shum\u00eb personazhe n\u00eb jet\u00ebn politike n\u00eb Durr\u00ebs q\u00eb kan\u00eb g\u00ebzuar dy, tre e m\u00eb shum\u00eb","robots":{"index":"index","follow":"follow","max-snippet":"max-snippet:-1","max-image-preview":"max-image-preview:large","max-video-preview":"max-video-preview:-1"},"canonical":"https:\/\/www.visit-ulcinj.com\/blog\/2015\/04\/02\/interviste-refimet-e-nje-ulqinaku-zyhni-beqiraj-video\/","og_locale":"en_US","og_type":"article","og_title":"Interviste: R\u00ebfimet e nj\u00eb Ulqinaku, Zyhni Beqiraj - Video - Lajme nga Ulqini","og_description":"Nga Xhevahir Gradica\u00a0 Dikush e th\u00ebrret profesor e t\u00eb tjer\u00eb deputet. Ka shum\u00eb personazhe n\u00eb jet\u00ebn politike n\u00eb Durr\u00ebs q\u00eb kan\u00eb g\u00ebzuar dy, tre e m\u00eb shum\u00eb","og_url":"https:\/\/www.visit-ulcinj.com\/blog\/2015\/04\/02\/interviste-refimet-e-nje-ulqinaku-zyhni-beqiraj-video\/","og_site_name":"Lajme nga Ulqini","article_published_time":"2015-04-02T14:49:47+00:00","og_image":[{"url":"http:\/\/www.visit-ulcinj.com\/blog\/wp-content\/uploads\/2015\/04\/Zyhni.Beqiraj-.jpg"}],"twitter_misc":{"Written by":"ulqini","Est. reading time":"17 minutes"},"schema":{"@context":"https:\/\/schema.org","@graph":[{"@type":"WebSite","@id":"https:\/\/www.visit-ulcinj.com\/blog\/#website","url":"https:\/\/www.visit-ulcinj.com\/blog\/","name":"Lajme nga Ulqini","description":"Lajme,Vijesti,Ulqini,Ulqin,Crna Gora,Mali i Zi","potentialAction":[{"@type":"SearchAction","target":{"@type":"EntryPoint","urlTemplate":"https:\/\/www.visit-ulcinj.com\/blog\/?s={search_term_string}"},"query-input":"required name=search_term_string"}],"inLanguage":"en-US"},{"@type":"ImageObject","inLanguage":"en-US","@id":"https:\/\/www.visit-ulcinj.com\/blog\/2015\/04\/02\/interviste-refimet-e-nje-ulqinaku-zyhni-beqiraj-video\/#primaryimage","url":"http:\/\/www.visit-ulcinj.com\/blog\/wp-content\/uploads\/2015\/04\/Zyhni.Beqiraj-.jpg","contentUrl":"http:\/\/www.visit-ulcinj.com\/blog\/wp-content\/uploads\/2015\/04\/Zyhni.Beqiraj-.jpg"},{"@type":"WebPage","@id":"https:\/\/www.visit-ulcinj.com\/blog\/2015\/04\/02\/interviste-refimet-e-nje-ulqinaku-zyhni-beqiraj-video\/#webpage","url":"https:\/\/www.visit-ulcinj.com\/blog\/2015\/04\/02\/interviste-refimet-e-nje-ulqinaku-zyhni-beqiraj-video\/","name":"Interviste: R\u00ebfimet e nj\u00eb Ulqinaku, Zyhni Beqiraj - Video - Lajme nga Ulqini","isPartOf":{"@id":"https:\/\/www.visit-ulcinj.com\/blog\/#website"},"primaryImageOfPage":{"@id":"https:\/\/www.visit-ulcinj.com\/blog\/2015\/04\/02\/interviste-refimet-e-nje-ulqinaku-zyhni-beqiraj-video\/#primaryimage"},"datePublished":"2015-04-02T14:49:47+00:00","dateModified":"2015-04-02T14:49:47+00:00","author":{"@id":"https:\/\/www.visit-ulcinj.com\/blog\/#\/schema\/person\/dcab619c614d3038751c63bc2aadc06d"},"description":"Nga Xhevahir Gradica\u00a0 Dikush e th\u00ebrret profesor e t\u00eb tjer\u00eb deputet. Ka shum\u00eb personazhe n\u00eb jet\u00ebn politike n\u00eb Durr\u00ebs q\u00eb kan\u00eb g\u00ebzuar dy, tre e m\u00eb shum\u00eb","breadcrumb":{"@id":"https:\/\/www.visit-ulcinj.com\/blog\/2015\/04\/02\/interviste-refimet-e-nje-ulqinaku-zyhni-beqiraj-video\/#breadcrumb"},"inLanguage":"en-US","potentialAction":[{"@type":"ReadAction","target":["https:\/\/www.visit-ulcinj.com\/blog\/2015\/04\/02\/interviste-refimet-e-nje-ulqinaku-zyhni-beqiraj-video\/"]}]},{"@type":"BreadcrumbList","@id":"https:\/\/www.visit-ulcinj.com\/blog\/2015\/04\/02\/interviste-refimet-e-nje-ulqinaku-zyhni-beqiraj-video\/#breadcrumb","itemListElement":[{"@type":"ListItem","position":1,"name":"Interviste: R\u00ebfimet e nj\u00eb Ulqinaku, Zyhni Beqiraj &#8211; Video"}]},{"@type":"Person","@id":"https:\/\/www.visit-ulcinj.com\/blog\/#\/schema\/person\/dcab619c614d3038751c63bc2aadc06d","name":"ulqini","sameAs":["http:\/\/www.visit-ulcinj.com"],"url":"https:\/\/www.visit-ulcinj.com\/blog\/author\/admin\/"}]}},"jetpack_featured_media_url":"","jetpack_sharing_enabled":true,"jetpack_shortlink":"https:\/\/wp.me\/pe6lTn-nlK","_links":{"self":[{"href":"https:\/\/www.visit-ulcinj.com\/blog\/wp-json\/wp\/v2\/posts\/89760"}],"collection":[{"href":"https:\/\/www.visit-ulcinj.com\/blog\/wp-json\/wp\/v2\/posts"}],"about":[{"href":"https:\/\/www.visit-ulcinj.com\/blog\/wp-json\/wp\/v2\/types\/post"}],"author":[{"embeddable":true,"href":"https:\/\/www.visit-ulcinj.com\/blog\/wp-json\/wp\/v2\/users\/1"}],"replies":[{"embeddable":true,"href":"https:\/\/www.visit-ulcinj.com\/blog\/wp-json\/wp\/v2\/comments?post=89760"}],"version-history":[{"count":1,"href":"https:\/\/www.visit-ulcinj.com\/blog\/wp-json\/wp\/v2\/posts\/89760\/revisions"}],"predecessor-version":[{"id":89762,"href":"https:\/\/www.visit-ulcinj.com\/blog\/wp-json\/wp\/v2\/posts\/89760\/revisions\/89762"}],"wp:attachment":[{"href":"https:\/\/www.visit-ulcinj.com\/blog\/wp-json\/wp\/v2\/media?parent=89760"}],"wp:term":[{"taxonomy":"category","embeddable":true,"href":"https:\/\/www.visit-ulcinj.com\/blog\/wp-json\/wp\/v2\/categories?post=89760"},{"taxonomy":"post_tag","embeddable":true,"href":"https:\/\/www.visit-ulcinj.com\/blog\/wp-json\/wp\/v2\/tags?post=89760"}],"curies":[{"name":"wp","href":"https:\/\/api.w.org\/{rel}","templated":true}]}}