{"id":89763,"date":"2015-04-02T16:16:06","date_gmt":"2015-04-02T15:16:06","guid":{"rendered":"http:\/\/www.visit-ulcinj.com\/blog\/?p=89763"},"modified":"2015-04-02T16:16:06","modified_gmt":"2015-04-02T15:16:06","slug":"resulbegovic-teror-nad-radnicima-hotel-otranta-ulcinj","status":"publish","type":"post","link":"https:\/\/www.visit-ulcinj.com\/blog\/2015\/04\/02\/resulbegovic-teror-nad-radnicima-hotel-otranta-ulcinj\/","title":{"rendered":"Resulbegovi\u0107: Teror nad radnicima hotel \u201eOtranta\u201c Ulcinj"},"content":{"rendered":"<p><a href=\"http:\/\/www.visit-ulcinj.com\/blog\/wp-content\/uploads\/2015\/04\/Sindikata-hotel-e-Otrantit-Sindikat-Otrant.jpg\"><img loading=\"lazy\" class=\"alignleft wp-image-89764\" src=\"http:\/\/www.visit-ulcinj.com\/blog\/wp-content\/uploads\/2015\/04\/Sindikata-hotel-e-Otrantit-Sindikat-Otrant.jpg\" alt=\"???????????????????????????????\" width=\"508\" height=\"286\" srcset=\"https:\/\/www.visit-ulcinj.com\/blog\/wp-content\/uploads\/2015\/04\/Sindikata-hotel-e-Otrantit-Sindikat-Otrant.jpg 640w, https:\/\/www.visit-ulcinj.com\/blog\/wp-content\/uploads\/2015\/04\/Sindikata-hotel-e-Otrantit-Sindikat-Otrant-300x169.jpg 300w\" sizes=\"(max-width: 508px) 100vw, 508px\" \/><\/a>Predsjednik \u0160trajka\u010dkog odbora u \u201eOtrantu\u201c Amir Resulbegovi\u0107 rekao je da se nad radnicima tog hotela sprovodi teror. \u201eVe\u0107 45 mjeseci 60 radnika tog hotela su na ulici. To je teror sli\u010dan onome koji je zadesio Francusku\u201c, ocijenio je on, prenosi portal Ul.info.<\/p>\n<p>Prema njegovim rije\u010dima, radnici \u010dekaju na odluke nadle\u017enih sudova. \u201eMi smo tu\u017eili banku NLB Interfinance i kompaniju \u2019Argos\u2019, a ne ranijeg vlasnika \u2019Barkli Montenegro\u2019, \u010diji se pe\u010dat jo\u0161 nalazi u \u2019Otrantu\u2019\u201c, istakao je Resulbegovi\u0107.<\/p>\n<p>On je dodao da je iznena\u0111en \u0161to se situacija radnika u \u201eOtrantu\u201c nije jo\u0161 na\u0161la na dnevnom redu lokalnog Parlamenta. \u201eUsmeno su nam tek kazali da se o tome ne\u0107e raspravljati. Pa jesmo li mi gra\u0111ani Ulcinja? Koga oni \u0161tite?\u201c, zapitao se predsjednik \u0160trajka\u010dkog odbora u \u201eOtrantu\u201c.<\/p>\n","protected":false},"excerpt":{"rendered":"<p>Predsjednik \u0160trajka\u010dkog odbora u \u201eOtrantu\u201c Amir Resulbegovi\u0107 rekao je da se nad radnicima tog hotela sprovodi teror. \u201eVe\u0107 45 mjeseci 60 radnika tog hotela su na ulici. To je teror sli\u010dan onome koji je zadesio Francusku\u201c, ocijenio je on, prenosi portal Ul.info. Prema njegovim rije\u010dima, radnici \u010dekaju na odluke nadle\u017enih sudova. \u201eMi smo tu\u017eili banku [&hellip;]<\/p>\n","protected":false},"author":1,"featured_media":0,"comment_status":"closed","ping_status":"closed","sticky":false,"template":"","format":"standard","meta":{"spay_email":"","jetpack_publicize_message":"","jetpack_is_tweetstorm":false,"jetpack_publicize_feature_enabled":true},"categories":[8337],"tags":[],"jetpack_publicize_connections":[],"yoast_head":"<!-- This site is optimized with the Yoast SEO plugin v19.1 - https:\/\/yoast.com\/wordpress\/plugins\/seo\/ -->\n<title>Resulbegovi\u0107: Teror nad radnicima hotel \u201eOtranta\u201c Ulcinj - Lajme nga Ulqini<\/title>\n<meta name=\"description\" content=\"Predsjednik \u0160trajka\u010dkog odbora u \u201eOtrantu\u201c Amir Resulbegovi\u0107 rekao je da se nad radnicima tog hotela sprovodi teror. \u201eVe\u0107 45 mjeseci 60 radnika tog hotela\" \/>\n<meta name=\"robots\" content=\"index, follow, max-snippet:-1, max-image-preview:large, max-video-preview:-1\" \/>\n<link rel=\"canonical\" href=\"https:\/\/www.visit-ulcinj.com\/blog\/2015\/04\/02\/resulbegovic-teror-nad-radnicima-hotel-otranta-ulcinj\/\" \/>\n<meta property=\"og:locale\" content=\"en_US\" \/>\n<meta property=\"og:type\" content=\"article\" \/>\n<meta property=\"og:title\" content=\"Resulbegovi\u0107: Teror nad radnicima hotel \u201eOtranta\u201c Ulcinj - Lajme nga Ulqini\" \/>\n<meta property=\"og:description\" content=\"Predsjednik \u0160trajka\u010dkog odbora u \u201eOtrantu\u201c Amir Resulbegovi\u0107 rekao je da se nad radnicima tog hotela sprovodi teror. \u201eVe\u0107 45 mjeseci 60 radnika tog hotela\" \/>\n<meta property=\"og:url\" content=\"https:\/\/www.visit-ulcinj.com\/blog\/2015\/04\/02\/resulbegovic-teror-nad-radnicima-hotel-otranta-ulcinj\/\" \/>\n<meta property=\"og:site_name\" content=\"Lajme nga Ulqini\" \/>\n<meta property=\"article:published_time\" content=\"2015-04-02T15:16:06+00:00\" \/>\n<meta property=\"og:image\" content=\"http:\/\/www.visit-ulcinj.com\/blog\/wp-content\/uploads\/2015\/04\/Sindikata-hotel-e-Otrantit-Sindikat-Otrant.jpg\" \/>\n<meta name=\"twitter:label1\" content=\"Written by\" \/>\n\t<meta name=\"twitter:data1\" content=\"ulqini\" \/>\n\t<meta name=\"twitter:label2\" content=\"Est. reading time\" \/>\n\t<meta name=\"twitter:data2\" content=\"1 minute\" \/>\n<script type=\"application\/ld+json\" class=\"yoast-schema-graph\">{\"@context\":\"https:\/\/schema.org\",\"@graph\":[{\"@type\":\"WebSite\",\"@id\":\"https:\/\/www.visit-ulcinj.com\/blog\/#website\",\"url\":\"https:\/\/www.visit-ulcinj.com\/blog\/\",\"name\":\"Lajme nga Ulqini\",\"description\":\"Lajme,Vijesti,Ulqini,Ulqin,Crna Gora,Mali i Zi\",\"potentialAction\":[{\"@type\":\"SearchAction\",\"target\":{\"@type\":\"EntryPoint\",\"urlTemplate\":\"https:\/\/www.visit-ulcinj.com\/blog\/?s={search_term_string}\"},\"query-input\":\"required name=search_term_string\"}],\"inLanguage\":\"en-US\"},{\"@type\":\"ImageObject\",\"inLanguage\":\"en-US\",\"@id\":\"https:\/\/www.visit-ulcinj.com\/blog\/2015\/04\/02\/resulbegovic-teror-nad-radnicima-hotel-otranta-ulcinj\/#primaryimage\",\"url\":\"https:\/\/www.visit-ulcinj.com\/blog\/wp-content\/uploads\/2015\/04\/Sindikata-hotel-e-Otrantit-Sindikat-Otrant.jpg\",\"contentUrl\":\"https:\/\/www.visit-ulcinj.com\/blog\/wp-content\/uploads\/2015\/04\/Sindikata-hotel-e-Otrantit-Sindikat-Otrant.jpg\",\"width\":640,\"height\":360},{\"@type\":\"WebPage\",\"@id\":\"https:\/\/www.visit-ulcinj.com\/blog\/2015\/04\/02\/resulbegovic-teror-nad-radnicima-hotel-otranta-ulcinj\/#webpage\",\"url\":\"https:\/\/www.visit-ulcinj.com\/blog\/2015\/04\/02\/resulbegovic-teror-nad-radnicima-hotel-otranta-ulcinj\/\",\"name\":\"Resulbegovi\u0107: Teror nad radnicima hotel \u201eOtranta\u201c Ulcinj - Lajme nga Ulqini\",\"isPartOf\":{\"@id\":\"https:\/\/www.visit-ulcinj.com\/blog\/#website\"},\"primaryImageOfPage\":{\"@id\":\"https:\/\/www.visit-ulcinj.com\/blog\/2015\/04\/02\/resulbegovic-teror-nad-radnicima-hotel-otranta-ulcinj\/#primaryimage\"},\"datePublished\":\"2015-04-02T15:16:06+00:00\",\"dateModified\":\"2015-04-02T15:16:06+00:00\",\"author\":{\"@id\":\"https:\/\/www.visit-ulcinj.com\/blog\/#\/schema\/person\/dcab619c614d3038751c63bc2aadc06d\"},\"description\":\"Predsjednik \u0160trajka\u010dkog odbora u \u201eOtrantu\u201c Amir Resulbegovi\u0107 rekao je da se nad radnicima tog hotela sprovodi teror. \u201eVe\u0107 45 mjeseci 60 radnika tog hotela\",\"breadcrumb\":{\"@id\":\"https:\/\/www.visit-ulcinj.com\/blog\/2015\/04\/02\/resulbegovic-teror-nad-radnicima-hotel-otranta-ulcinj\/#breadcrumb\"},\"inLanguage\":\"en-US\",\"potentialAction\":[{\"@type\":\"ReadAction\",\"target\":[\"https:\/\/www.visit-ulcinj.com\/blog\/2015\/04\/02\/resulbegovic-teror-nad-radnicima-hotel-otranta-ulcinj\/\"]}]},{\"@type\":\"BreadcrumbList\",\"@id\":\"https:\/\/www.visit-ulcinj.com\/blog\/2015\/04\/02\/resulbegovic-teror-nad-radnicima-hotel-otranta-ulcinj\/#breadcrumb\",\"itemListElement\":[{\"@type\":\"ListItem\",\"position\":1,\"name\":\"Resulbegovi\u0107: Teror nad radnicima hotel \u201eOtranta\u201c Ulcinj\"}]},{\"@type\":\"Person\",\"@id\":\"https:\/\/www.visit-ulcinj.com\/blog\/#\/schema\/person\/dcab619c614d3038751c63bc2aadc06d\",\"name\":\"ulqini\",\"sameAs\":[\"http:\/\/www.visit-ulcinj.com\"],\"url\":\"https:\/\/www.visit-ulcinj.com\/blog\/author\/admin\/\"}]}<\/script>\n<!-- \/ Yoast SEO plugin. -->","yoast_head_json":{"title":"Resulbegovi\u0107: Teror nad radnicima hotel \u201eOtranta\u201c Ulcinj - Lajme nga Ulqini","description":"Predsjednik \u0160trajka\u010dkog odbora u \u201eOtrantu\u201c Amir Resulbegovi\u0107 rekao je da se nad radnicima tog hotela sprovodi teror. \u201eVe\u0107 45 mjeseci 60 radnika tog hotela","robots":{"index":"index","follow":"follow","max-snippet":"max-snippet:-1","max-image-preview":"max-image-preview:large","max-video-preview":"max-video-preview:-1"},"canonical":"https:\/\/www.visit-ulcinj.com\/blog\/2015\/04\/02\/resulbegovic-teror-nad-radnicima-hotel-otranta-ulcinj\/","og_locale":"en_US","og_type":"article","og_title":"Resulbegovi\u0107: Teror nad radnicima hotel \u201eOtranta\u201c Ulcinj - Lajme nga Ulqini","og_description":"Predsjednik \u0160trajka\u010dkog odbora u \u201eOtrantu\u201c Amir Resulbegovi\u0107 rekao je da se nad radnicima tog hotela sprovodi teror. \u201eVe\u0107 45 mjeseci 60 radnika tog hotela","og_url":"https:\/\/www.visit-ulcinj.com\/blog\/2015\/04\/02\/resulbegovic-teror-nad-radnicima-hotel-otranta-ulcinj\/","og_site_name":"Lajme nga Ulqini","article_published_time":"2015-04-02T15:16:06+00:00","og_image":[{"url":"http:\/\/www.visit-ulcinj.com\/blog\/wp-content\/uploads\/2015\/04\/Sindikata-hotel-e-Otrantit-Sindikat-Otrant.jpg"}],"twitter_misc":{"Written by":"ulqini","Est. reading time":"1 minute"},"schema":{"@context":"https:\/\/schema.org","@graph":[{"@type":"WebSite","@id":"https:\/\/www.visit-ulcinj.com\/blog\/#website","url":"https:\/\/www.visit-ulcinj.com\/blog\/","name":"Lajme nga Ulqini","description":"Lajme,Vijesti,Ulqini,Ulqin,Crna Gora,Mali i Zi","potentialAction":[{"@type":"SearchAction","target":{"@type":"EntryPoint","urlTemplate":"https:\/\/www.visit-ulcinj.com\/blog\/?s={search_term_string}"},"query-input":"required name=search_term_string"}],"inLanguage":"en-US"},{"@type":"ImageObject","inLanguage":"en-US","@id":"https:\/\/www.visit-ulcinj.com\/blog\/2015\/04\/02\/resulbegovic-teror-nad-radnicima-hotel-otranta-ulcinj\/#primaryimage","url":"https:\/\/www.visit-ulcinj.com\/blog\/wp-content\/uploads\/2015\/04\/Sindikata-hotel-e-Otrantit-Sindikat-Otrant.jpg","contentUrl":"https:\/\/www.visit-ulcinj.com\/blog\/wp-content\/uploads\/2015\/04\/Sindikata-hotel-e-Otrantit-Sindikat-Otrant.jpg","width":640,"height":360},{"@type":"WebPage","@id":"https:\/\/www.visit-ulcinj.com\/blog\/2015\/04\/02\/resulbegovic-teror-nad-radnicima-hotel-otranta-ulcinj\/#webpage","url":"https:\/\/www.visit-ulcinj.com\/blog\/2015\/04\/02\/resulbegovic-teror-nad-radnicima-hotel-otranta-ulcinj\/","name":"Resulbegovi\u0107: Teror nad radnicima hotel \u201eOtranta\u201c Ulcinj - Lajme nga Ulqini","isPartOf":{"@id":"https:\/\/www.visit-ulcinj.com\/blog\/#website"},"primaryImageOfPage":{"@id":"https:\/\/www.visit-ulcinj.com\/blog\/2015\/04\/02\/resulbegovic-teror-nad-radnicima-hotel-otranta-ulcinj\/#primaryimage"},"datePublished":"2015-04-02T15:16:06+00:00","dateModified":"2015-04-02T15:16:06+00:00","author":{"@id":"https:\/\/www.visit-ulcinj.com\/blog\/#\/schema\/person\/dcab619c614d3038751c63bc2aadc06d"},"description":"Predsjednik \u0160trajka\u010dkog odbora u \u201eOtrantu\u201c Amir Resulbegovi\u0107 rekao je da se nad radnicima tog hotela sprovodi teror. \u201eVe\u0107 45 mjeseci 60 radnika tog hotela","breadcrumb":{"@id":"https:\/\/www.visit-ulcinj.com\/blog\/2015\/04\/02\/resulbegovic-teror-nad-radnicima-hotel-otranta-ulcinj\/#breadcrumb"},"inLanguage":"en-US","potentialAction":[{"@type":"ReadAction","target":["https:\/\/www.visit-ulcinj.com\/blog\/2015\/04\/02\/resulbegovic-teror-nad-radnicima-hotel-otranta-ulcinj\/"]}]},{"@type":"BreadcrumbList","@id":"https:\/\/www.visit-ulcinj.com\/blog\/2015\/04\/02\/resulbegovic-teror-nad-radnicima-hotel-otranta-ulcinj\/#breadcrumb","itemListElement":[{"@type":"ListItem","position":1,"name":"Resulbegovi\u0107: Teror nad radnicima hotel \u201eOtranta\u201c Ulcinj"}]},{"@type":"Person","@id":"https:\/\/www.visit-ulcinj.com\/blog\/#\/schema\/person\/dcab619c614d3038751c63bc2aadc06d","name":"ulqini","sameAs":["http:\/\/www.visit-ulcinj.com"],"url":"https:\/\/www.visit-ulcinj.com\/blog\/author\/admin\/"}]}},"jetpack_featured_media_url":"","jetpack_sharing_enabled":true,"jetpack_shortlink":"https:\/\/wp.me\/pe6lTn-nlN","_links":{"self":[{"href":"https:\/\/www.visit-ulcinj.com\/blog\/wp-json\/wp\/v2\/posts\/89763"}],"collection":[{"href":"https:\/\/www.visit-ulcinj.com\/blog\/wp-json\/wp\/v2\/posts"}],"about":[{"href":"https:\/\/www.visit-ulcinj.com\/blog\/wp-json\/wp\/v2\/types\/post"}],"author":[{"embeddable":true,"href":"https:\/\/www.visit-ulcinj.com\/blog\/wp-json\/wp\/v2\/users\/1"}],"replies":[{"embeddable":true,"href":"https:\/\/www.visit-ulcinj.com\/blog\/wp-json\/wp\/v2\/comments?post=89763"}],"version-history":[{"count":1,"href":"https:\/\/www.visit-ulcinj.com\/blog\/wp-json\/wp\/v2\/posts\/89763\/revisions"}],"predecessor-version":[{"id":89765,"href":"https:\/\/www.visit-ulcinj.com\/blog\/wp-json\/wp\/v2\/posts\/89763\/revisions\/89765"}],"wp:attachment":[{"href":"https:\/\/www.visit-ulcinj.com\/blog\/wp-json\/wp\/v2\/media?parent=89763"}],"wp:term":[{"taxonomy":"category","embeddable":true,"href":"https:\/\/www.visit-ulcinj.com\/blog\/wp-json\/wp\/v2\/categories?post=89763"},{"taxonomy":"post_tag","embeddable":true,"href":"https:\/\/www.visit-ulcinj.com\/blog\/wp-json\/wp\/v2\/tags?post=89763"}],"curies":[{"name":"wp","href":"https:\/\/api.w.org\/{rel}","templated":true}]}}