{"id":89766,"date":"2015-04-02T16:22:32","date_gmt":"2015-04-02T15:22:32","guid":{"rendered":"http:\/\/www.visit-ulcinj.com\/blog\/?p=89766"},"modified":"2015-04-02T16:22:32","modified_gmt":"2015-04-02T15:22:32","slug":"resulbegoviq-thote-se-po-ushtrohet-terror-ndaj-punetoreve-te-hotel-otrant","status":"publish","type":"post","link":"https:\/\/www.visit-ulcinj.com\/blog\/2015\/04\/02\/resulbegoviq-thote-se-po-ushtrohet-terror-ndaj-punetoreve-te-hotel-otrant\/","title":{"rendered":"Resulbegoviq thot\u00eb se po ushtrohet terror ndaj  pun\u00ebtor\u00ebve te hotel &#8220;Otrant&#8221;"},"content":{"rendered":"<p><a href=\"http:\/\/www.visit-ulcinj.com\/blog\/wp-content\/uploads\/2015\/04\/Sindikata-hotel-e-Otrantit-Sindikat-Otrant.jpg\"><img loading=\"lazy\" class=\"alignleft wp-image-89764\" src=\"http:\/\/www.visit-ulcinj.com\/blog\/wp-content\/uploads\/2015\/04\/Sindikata-hotel-e-Otrantit-Sindikat-Otrant.jpg\" alt=\"???????????????????????????????\" width=\"508\" height=\"286\" srcset=\"https:\/\/www.visit-ulcinj.com\/blog\/wp-content\/uploads\/2015\/04\/Sindikata-hotel-e-Otrantit-Sindikat-Otrant.jpg 640w, https:\/\/www.visit-ulcinj.com\/blog\/wp-content\/uploads\/2015\/04\/Sindikata-hotel-e-Otrantit-Sindikat-Otrant-300x169.jpg 300w\" sizes=\"(max-width: 508px) 100vw, 508px\" \/><\/a>Kryetari i K\u00ebshillit grevist n\u00eb \u201eOtrant\u201c Amir Resulbegoviq ka th\u00ebn\u00eb se ndaj pun\u00ebtor\u00ebve t\u00eb k\u00ebtij hotele po b\u00ebhet terror. \u201eTash 45 muaj 60 nx\u00ebn\u00ebs t\u00eb k\u00ebtij hoteli jan\u00eb n\u00eb rrug\u00eb. Ky terror \u00ebsht\u00eb i ngjash\u00ebm me at\u00eb q\u00eb ndodhi n\u00eb Franc\u00eb\u201c, vler\u00ebsoi ai, raporton portali Ul.info.<\/p>\n<p>Sipas fjal\u00ebve t\u00eb tija, pun\u00ebtor\u00ebt presin vendimet e gjykatave kompetente. \u201eNe padit\u00ebm bank\u00ebn \u2019NLB Interfinance\u2019 dhe kompanin\u00eb \u2019Agros\u2019, e jo pronarin e m\u00ebhersh\u00ebm \u2018Barkli Montenegro\u2019, vule e t\u00eb cilit akoma gjendet n\u00eb \u2019Otrant\u2019\u201c, theksoi Resulbegoviq.<\/p>\n<p>Ai shtoi se \u00ebsht\u00eb i befasuar q\u00eb situata e pun\u00ebtor\u00ebve n\u00eb \u201eOtrant\u201c nuk \u00ebsht\u00eb gjetur akoma n\u00eb rend t\u00eb dit\u00ebs s\u00eb Parlamentit lokal. \u201eGojarisht na than\u00eb se p\u00ebr k\u00ebt\u00eb nuk do t\u00eb diskutohet. Po a jemi ne qytetar\u00ebt t\u00eb Ulqinit? Ken\u00eb mbrojn\u00eb ato?\u201c, pyetet kryetari i K\u00ebshillit grevist\u00eb n\u00eb \u201eOtrant\u201c.<\/p>\n","protected":false},"excerpt":{"rendered":"<p>Kryetari i K\u00ebshillit grevist n\u00eb \u201eOtrant\u201c Amir Resulbegoviq ka th\u00ebn\u00eb se ndaj pun\u00ebtor\u00ebve t\u00eb k\u00ebtij hotele po b\u00ebhet terror. \u201eTash 45 muaj 60 nx\u00ebn\u00ebs t\u00eb k\u00ebtij hoteli jan\u00eb n\u00eb rrug\u00eb. Ky terror \u00ebsht\u00eb i ngjash\u00ebm me at\u00eb q\u00eb ndodhi n\u00eb Franc\u00eb\u201c, vler\u00ebsoi ai, raporton portali Ul.info. Sipas fjal\u00ebve t\u00eb tija, pun\u00ebtor\u00ebt presin vendimet e gjykatave [&hellip;]<\/p>\n","protected":false},"author":1,"featured_media":0,"comment_status":"closed","ping_status":"closed","sticky":false,"template":"","format":"standard","meta":{"spay_email":"","jetpack_publicize_message":"","jetpack_is_tweetstorm":false,"jetpack_publicize_feature_enabled":true},"categories":[10],"tags":[],"jetpack_publicize_connections":[],"yoast_head":"<!-- This site is optimized with the Yoast SEO plugin v19.1 - https:\/\/yoast.com\/wordpress\/plugins\/seo\/ -->\n<title>Resulbegoviq thot\u00eb se po ushtrohet terror ndaj pun\u00ebtor\u00ebve te hotel &quot;Otrant&quot; - Lajme nga Ulqini<\/title>\n<meta name=\"description\" content=\"Kryetari i K\u00ebshillit grevist n\u00eb \u201eOtrant\u201c Amir Resulbegoviq ka th\u00ebn\u00eb se ndaj pun\u00ebtor\u00ebve t\u00eb k\u00ebtij hotele po b\u00ebhet terror. \u201eTash 45 muaj 60 nx\u00ebn\u00ebs t\u00eb k\u00ebtij\" \/>\n<meta name=\"robots\" content=\"index, follow, max-snippet:-1, max-image-preview:large, max-video-preview:-1\" \/>\n<link rel=\"canonical\" href=\"https:\/\/www.visit-ulcinj.com\/blog\/2015\/04\/02\/resulbegoviq-thote-se-po-ushtrohet-terror-ndaj-punetoreve-te-hotel-otrant\/\" \/>\n<meta property=\"og:locale\" content=\"en_US\" \/>\n<meta property=\"og:type\" content=\"article\" \/>\n<meta property=\"og:title\" content=\"Resulbegoviq thot\u00eb se po ushtrohet terror ndaj pun\u00ebtor\u00ebve te hotel &quot;Otrant&quot; - Lajme nga Ulqini\" \/>\n<meta property=\"og:description\" content=\"Kryetari i K\u00ebshillit grevist n\u00eb \u201eOtrant\u201c Amir Resulbegoviq ka th\u00ebn\u00eb se ndaj pun\u00ebtor\u00ebve t\u00eb k\u00ebtij hotele po b\u00ebhet terror. \u201eTash 45 muaj 60 nx\u00ebn\u00ebs t\u00eb k\u00ebtij\" \/>\n<meta property=\"og:url\" content=\"https:\/\/www.visit-ulcinj.com\/blog\/2015\/04\/02\/resulbegoviq-thote-se-po-ushtrohet-terror-ndaj-punetoreve-te-hotel-otrant\/\" \/>\n<meta property=\"og:site_name\" content=\"Lajme nga Ulqini\" \/>\n<meta property=\"article:published_time\" content=\"2015-04-02T15:22:32+00:00\" \/>\n<meta property=\"og:image\" content=\"http:\/\/www.visit-ulcinj.com\/blog\/wp-content\/uploads\/2015\/04\/Sindikata-hotel-e-Otrantit-Sindikat-Otrant.jpg\" \/>\n<meta name=\"twitter:label1\" content=\"Written by\" \/>\n\t<meta name=\"twitter:data1\" content=\"ulqini\" \/>\n\t<meta name=\"twitter:label2\" content=\"Est. reading time\" \/>\n\t<meta name=\"twitter:data2\" content=\"1 minute\" \/>\n<script type=\"application\/ld+json\" class=\"yoast-schema-graph\">{\"@context\":\"https:\/\/schema.org\",\"@graph\":[{\"@type\":\"WebSite\",\"@id\":\"https:\/\/www.visit-ulcinj.com\/blog\/#website\",\"url\":\"https:\/\/www.visit-ulcinj.com\/blog\/\",\"name\":\"Lajme nga Ulqini\",\"description\":\"Lajme,Vijesti,Ulqini,Ulqin,Crna Gora,Mali i Zi\",\"potentialAction\":[{\"@type\":\"SearchAction\",\"target\":{\"@type\":\"EntryPoint\",\"urlTemplate\":\"https:\/\/www.visit-ulcinj.com\/blog\/?s={search_term_string}\"},\"query-input\":\"required name=search_term_string\"}],\"inLanguage\":\"en-US\"},{\"@type\":\"ImageObject\",\"inLanguage\":\"en-US\",\"@id\":\"https:\/\/www.visit-ulcinj.com\/blog\/2015\/04\/02\/resulbegoviq-thote-se-po-ushtrohet-terror-ndaj-punetoreve-te-hotel-otrant\/#primaryimage\",\"url\":\"https:\/\/www.visit-ulcinj.com\/blog\/wp-content\/uploads\/2015\/04\/Sindikata-hotel-e-Otrantit-Sindikat-Otrant.jpg\",\"contentUrl\":\"https:\/\/www.visit-ulcinj.com\/blog\/wp-content\/uploads\/2015\/04\/Sindikata-hotel-e-Otrantit-Sindikat-Otrant.jpg\",\"width\":640,\"height\":360},{\"@type\":\"WebPage\",\"@id\":\"https:\/\/www.visit-ulcinj.com\/blog\/2015\/04\/02\/resulbegoviq-thote-se-po-ushtrohet-terror-ndaj-punetoreve-te-hotel-otrant\/#webpage\",\"url\":\"https:\/\/www.visit-ulcinj.com\/blog\/2015\/04\/02\/resulbegoviq-thote-se-po-ushtrohet-terror-ndaj-punetoreve-te-hotel-otrant\/\",\"name\":\"Resulbegoviq thot\u00eb se po ushtrohet terror ndaj pun\u00ebtor\u00ebve te hotel \\\"Otrant\\\" - Lajme nga Ulqini\",\"isPartOf\":{\"@id\":\"https:\/\/www.visit-ulcinj.com\/blog\/#website\"},\"primaryImageOfPage\":{\"@id\":\"https:\/\/www.visit-ulcinj.com\/blog\/2015\/04\/02\/resulbegoviq-thote-se-po-ushtrohet-terror-ndaj-punetoreve-te-hotel-otrant\/#primaryimage\"},\"datePublished\":\"2015-04-02T15:22:32+00:00\",\"dateModified\":\"2015-04-02T15:22:32+00:00\",\"author\":{\"@id\":\"https:\/\/www.visit-ulcinj.com\/blog\/#\/schema\/person\/dcab619c614d3038751c63bc2aadc06d\"},\"description\":\"Kryetari i K\u00ebshillit grevist n\u00eb \u201eOtrant\u201c Amir Resulbegoviq ka th\u00ebn\u00eb se ndaj pun\u00ebtor\u00ebve t\u00eb k\u00ebtij hotele po b\u00ebhet terror. \u201eTash 45 muaj 60 nx\u00ebn\u00ebs t\u00eb k\u00ebtij\",\"breadcrumb\":{\"@id\":\"https:\/\/www.visit-ulcinj.com\/blog\/2015\/04\/02\/resulbegoviq-thote-se-po-ushtrohet-terror-ndaj-punetoreve-te-hotel-otrant\/#breadcrumb\"},\"inLanguage\":\"en-US\",\"potentialAction\":[{\"@type\":\"ReadAction\",\"target\":[\"https:\/\/www.visit-ulcinj.com\/blog\/2015\/04\/02\/resulbegoviq-thote-se-po-ushtrohet-terror-ndaj-punetoreve-te-hotel-otrant\/\"]}]},{\"@type\":\"BreadcrumbList\",\"@id\":\"https:\/\/www.visit-ulcinj.com\/blog\/2015\/04\/02\/resulbegoviq-thote-se-po-ushtrohet-terror-ndaj-punetoreve-te-hotel-otrant\/#breadcrumb\",\"itemListElement\":[{\"@type\":\"ListItem\",\"position\":1,\"name\":\"Resulbegoviq thot\u00eb se po ushtrohet terror ndaj pun\u00ebtor\u00ebve te hotel &#8220;Otrant&#8221;\"}]},{\"@type\":\"Person\",\"@id\":\"https:\/\/www.visit-ulcinj.com\/blog\/#\/schema\/person\/dcab619c614d3038751c63bc2aadc06d\",\"name\":\"ulqini\",\"sameAs\":[\"http:\/\/www.visit-ulcinj.com\"],\"url\":\"https:\/\/www.visit-ulcinj.com\/blog\/author\/admin\/\"}]}<\/script>\n<!-- \/ Yoast SEO plugin. -->","yoast_head_json":{"title":"Resulbegoviq thot\u00eb se po ushtrohet terror ndaj pun\u00ebtor\u00ebve te hotel \"Otrant\" - Lajme nga Ulqini","description":"Kryetari i K\u00ebshillit grevist n\u00eb \u201eOtrant\u201c Amir Resulbegoviq ka th\u00ebn\u00eb se ndaj pun\u00ebtor\u00ebve t\u00eb k\u00ebtij hotele po b\u00ebhet terror. \u201eTash 45 muaj 60 nx\u00ebn\u00ebs t\u00eb k\u00ebtij","robots":{"index":"index","follow":"follow","max-snippet":"max-snippet:-1","max-image-preview":"max-image-preview:large","max-video-preview":"max-video-preview:-1"},"canonical":"https:\/\/www.visit-ulcinj.com\/blog\/2015\/04\/02\/resulbegoviq-thote-se-po-ushtrohet-terror-ndaj-punetoreve-te-hotel-otrant\/","og_locale":"en_US","og_type":"article","og_title":"Resulbegoviq thot\u00eb se po ushtrohet terror ndaj pun\u00ebtor\u00ebve te hotel \"Otrant\" - Lajme nga Ulqini","og_description":"Kryetari i K\u00ebshillit grevist n\u00eb \u201eOtrant\u201c Amir Resulbegoviq ka th\u00ebn\u00eb se ndaj pun\u00ebtor\u00ebve t\u00eb k\u00ebtij hotele po b\u00ebhet terror. \u201eTash 45 muaj 60 nx\u00ebn\u00ebs t\u00eb k\u00ebtij","og_url":"https:\/\/www.visit-ulcinj.com\/blog\/2015\/04\/02\/resulbegoviq-thote-se-po-ushtrohet-terror-ndaj-punetoreve-te-hotel-otrant\/","og_site_name":"Lajme nga Ulqini","article_published_time":"2015-04-02T15:22:32+00:00","og_image":[{"url":"http:\/\/www.visit-ulcinj.com\/blog\/wp-content\/uploads\/2015\/04\/Sindikata-hotel-e-Otrantit-Sindikat-Otrant.jpg"}],"twitter_misc":{"Written by":"ulqini","Est. reading time":"1 minute"},"schema":{"@context":"https:\/\/schema.org","@graph":[{"@type":"WebSite","@id":"https:\/\/www.visit-ulcinj.com\/blog\/#website","url":"https:\/\/www.visit-ulcinj.com\/blog\/","name":"Lajme nga Ulqini","description":"Lajme,Vijesti,Ulqini,Ulqin,Crna Gora,Mali i Zi","potentialAction":[{"@type":"SearchAction","target":{"@type":"EntryPoint","urlTemplate":"https:\/\/www.visit-ulcinj.com\/blog\/?s={search_term_string}"},"query-input":"required name=search_term_string"}],"inLanguage":"en-US"},{"@type":"ImageObject","inLanguage":"en-US","@id":"https:\/\/www.visit-ulcinj.com\/blog\/2015\/04\/02\/resulbegoviq-thote-se-po-ushtrohet-terror-ndaj-punetoreve-te-hotel-otrant\/#primaryimage","url":"https:\/\/www.visit-ulcinj.com\/blog\/wp-content\/uploads\/2015\/04\/Sindikata-hotel-e-Otrantit-Sindikat-Otrant.jpg","contentUrl":"https:\/\/www.visit-ulcinj.com\/blog\/wp-content\/uploads\/2015\/04\/Sindikata-hotel-e-Otrantit-Sindikat-Otrant.jpg","width":640,"height":360},{"@type":"WebPage","@id":"https:\/\/www.visit-ulcinj.com\/blog\/2015\/04\/02\/resulbegoviq-thote-se-po-ushtrohet-terror-ndaj-punetoreve-te-hotel-otrant\/#webpage","url":"https:\/\/www.visit-ulcinj.com\/blog\/2015\/04\/02\/resulbegoviq-thote-se-po-ushtrohet-terror-ndaj-punetoreve-te-hotel-otrant\/","name":"Resulbegoviq thot\u00eb se po ushtrohet terror ndaj pun\u00ebtor\u00ebve te hotel \"Otrant\" - Lajme nga Ulqini","isPartOf":{"@id":"https:\/\/www.visit-ulcinj.com\/blog\/#website"},"primaryImageOfPage":{"@id":"https:\/\/www.visit-ulcinj.com\/blog\/2015\/04\/02\/resulbegoviq-thote-se-po-ushtrohet-terror-ndaj-punetoreve-te-hotel-otrant\/#primaryimage"},"datePublished":"2015-04-02T15:22:32+00:00","dateModified":"2015-04-02T15:22:32+00:00","author":{"@id":"https:\/\/www.visit-ulcinj.com\/blog\/#\/schema\/person\/dcab619c614d3038751c63bc2aadc06d"},"description":"Kryetari i K\u00ebshillit grevist n\u00eb \u201eOtrant\u201c Amir Resulbegoviq ka th\u00ebn\u00eb se ndaj pun\u00ebtor\u00ebve t\u00eb k\u00ebtij hotele po b\u00ebhet terror. \u201eTash 45 muaj 60 nx\u00ebn\u00ebs t\u00eb k\u00ebtij","breadcrumb":{"@id":"https:\/\/www.visit-ulcinj.com\/blog\/2015\/04\/02\/resulbegoviq-thote-se-po-ushtrohet-terror-ndaj-punetoreve-te-hotel-otrant\/#breadcrumb"},"inLanguage":"en-US","potentialAction":[{"@type":"ReadAction","target":["https:\/\/www.visit-ulcinj.com\/blog\/2015\/04\/02\/resulbegoviq-thote-se-po-ushtrohet-terror-ndaj-punetoreve-te-hotel-otrant\/"]}]},{"@type":"BreadcrumbList","@id":"https:\/\/www.visit-ulcinj.com\/blog\/2015\/04\/02\/resulbegoviq-thote-se-po-ushtrohet-terror-ndaj-punetoreve-te-hotel-otrant\/#breadcrumb","itemListElement":[{"@type":"ListItem","position":1,"name":"Resulbegoviq thot\u00eb se po ushtrohet terror ndaj pun\u00ebtor\u00ebve te hotel &#8220;Otrant&#8221;"}]},{"@type":"Person","@id":"https:\/\/www.visit-ulcinj.com\/blog\/#\/schema\/person\/dcab619c614d3038751c63bc2aadc06d","name":"ulqini","sameAs":["http:\/\/www.visit-ulcinj.com"],"url":"https:\/\/www.visit-ulcinj.com\/blog\/author\/admin\/"}]}},"jetpack_featured_media_url":"","jetpack_sharing_enabled":true,"jetpack_shortlink":"https:\/\/wp.me\/pe6lTn-nlQ","_links":{"self":[{"href":"https:\/\/www.visit-ulcinj.com\/blog\/wp-json\/wp\/v2\/posts\/89766"}],"collection":[{"href":"https:\/\/www.visit-ulcinj.com\/blog\/wp-json\/wp\/v2\/posts"}],"about":[{"href":"https:\/\/www.visit-ulcinj.com\/blog\/wp-json\/wp\/v2\/types\/post"}],"author":[{"embeddable":true,"href":"https:\/\/www.visit-ulcinj.com\/blog\/wp-json\/wp\/v2\/users\/1"}],"replies":[{"embeddable":true,"href":"https:\/\/www.visit-ulcinj.com\/blog\/wp-json\/wp\/v2\/comments?post=89766"}],"version-history":[{"count":1,"href":"https:\/\/www.visit-ulcinj.com\/blog\/wp-json\/wp\/v2\/posts\/89766\/revisions"}],"predecessor-version":[{"id":89767,"href":"https:\/\/www.visit-ulcinj.com\/blog\/wp-json\/wp\/v2\/posts\/89766\/revisions\/89767"}],"wp:attachment":[{"href":"https:\/\/www.visit-ulcinj.com\/blog\/wp-json\/wp\/v2\/media?parent=89766"}],"wp:term":[{"taxonomy":"category","embeddable":true,"href":"https:\/\/www.visit-ulcinj.com\/blog\/wp-json\/wp\/v2\/categories?post=89766"},{"taxonomy":"post_tag","embeddable":true,"href":"https:\/\/www.visit-ulcinj.com\/blog\/wp-json\/wp\/v2\/tags?post=89766"}],"curies":[{"name":"wp","href":"https:\/\/api.w.org\/{rel}","templated":true}]}}