{"id":89777,"date":"2015-04-02T17:14:21","date_gmt":"2015-04-02T16:14:21","guid":{"rendered":"http:\/\/www.visit-ulcinj.com\/blog\/?p=89777"},"modified":"2015-04-02T17:14:21","modified_gmt":"2015-04-02T16:14:21","slug":"danilovic-lekic-moraju-kod-abazovica","status":"publish","type":"post","link":"https:\/\/www.visit-ulcinj.com\/blog\/2015\/04\/02\/danilovic-lekic-moraju-kod-abazovica\/","title":{"rendered":"Danilovi\u0107 i Leki\u0107 moraju kod Abazovi\u0107a?"},"content":{"rendered":"<p><strong><a href=\"http:\/\/www.visit-ulcinj.com\/blog\/wp-content\/uploads\/2015\/04\/Danilovic-Lekic.jpg\"><img loading=\"lazy\" class=\"alignleft wp-image-89778\" src=\"http:\/\/www.visit-ulcinj.com\/blog\/wp-content\/uploads\/2015\/04\/Danilovic-Lekic.jpg\" alt=\"Danilovic - Lekic\" width=\"508\" height=\"381\" srcset=\"https:\/\/www.visit-ulcinj.com\/blog\/wp-content\/uploads\/2015\/04\/Danilovic-Lekic.jpg 573w, https:\/\/www.visit-ulcinj.com\/blog\/wp-content\/uploads\/2015\/04\/Danilovic-Lekic-300x225.jpg 300w\" sizes=\"(max-width: 508px) 100vw, 508px\" \/><\/a>Biv\u0161i poslanici Demokratskog fronta (DF) Miodrag Leki\u0107, Goran Danilovi\u0107, Zoran Miljani\u0107 i Radovan Asanovi\u0107 najvjerovatnije ne\u0107e mo\u0107i da formiraju samostalni poslani\u010dki klub u Skup\u0161tini, saznaje Pobjeda nezvani\u010dno iz Skup\u0161tine<\/strong><\/p>\n<p>Danilovi\u0107 je ranije najavio formiranje kluba preko Demokratske stranke jedinstva, \u010diji je Asanovi\u0107 predsjednik. On je naveo da na to &#8220;imaju pravo po zakonu, jer je DSJ koalicionim ugovorom dio DF-a\u201c.<\/p>\n<p>&#8220;Zajedno sa Asanovi\u0107em, koji je potpisnik koalicionog sporazuma i ima izborni legitimitet, nas trojica smo potpisali zajedni\u010dki zahtjev da nam se odobri formiranje kluba poslanika&#8221;, objasnio je Danilovi\u0107.<\/p>\n<p>Pretpostavlja se, kako navodi izvor Pobjede, da \u0107e rje\u0161enje po ovom zahtjevu biti isto kao i po prethodnim, kada su svoje poslani\u010dke klubove tra\u017eili biv\u0161i \u010dlanovi Pozitivne Dritan Abazovi\u0107 i Mladen Bojani\u0107, a potom i biv\u0161i \u010dlanovi SNP-a Velizar Kalu\u0111erovi\u0107, Neven Go\u0161ovi\u0107 i Obrad Gojkovi\u0107. Njima \u0107e u klubu nezavisnih poslanika, po svemu sude\u0107i, morati da se priklju\u010de biv\u0161i poslanici DF-a, jer po Poslovniku mo\u017ee postojati samo jedan klub samostalnih poslanika.<\/p>\n<p>&#8220;Klub poslanika sa\u010dinjavaju poslanici koji pripadaju istoj politi\u010dkoj partiji ili koaliciji. Poslanici iz jedne politi\u010dke partije mogu obrazovati samo jedan klub poslanika. Klub poslanika mogu obrazovati udru\u017eivanjem i najmanje tri poslanika iz razli\u010ditih politi\u010dkih partija koji ne mogu obrazovati klub poslanika u smislu stava 2 i 3 ovog \u010dlana. Jedan klub poslanika mogu udru\u017eivanjem obrazovati i poslanici koji ne pripadaju politi\u010dkim partijama, poslanici izabrani sa izborne liste grupe gra\u0111ana i poslanici koji ne obrazuju klub u smislu stava 5 ovog \u010dlana (poseban klub poslanika)&#8221;, navodi se u Poslovniku parlamenta.<\/p>\n<p>Kona\u010dnu rije\u010d o tome da li \u0107e Leki\u0107, Danilovi\u0107, Miljani\u0107 i Asanovi\u0107 mo\u0107i da formiraju poslani\u010dki klub da\u0107e Kolegijum predsjednika Skup\u0161tine.<\/p>\n<p><strong>Izvor: RTCG<\/strong><\/p>\n","protected":false},"excerpt":{"rendered":"<p>Biv\u0161i poslanici Demokratskog fronta (DF) Miodrag Leki\u0107, Goran Danilovi\u0107, Zoran Miljani\u0107 i Radovan Asanovi\u0107 najvjerovatnije ne\u0107e mo\u0107i da formiraju samostalni poslani\u010dki klub u Skup\u0161tini, saznaje Pobjeda nezvani\u010dno iz Skup\u0161tine Danilovi\u0107 je ranije najavio formiranje kluba preko Demokratske stranke jedinstva, \u010diji je Asanovi\u0107 predsjednik. On je naveo da na to &#8220;imaju pravo po zakonu, jer je [&hellip;]<\/p>\n","protected":false},"author":1,"featured_media":0,"comment_status":"closed","ping_status":"closed","sticky":false,"template":"","format":"standard","meta":{"spay_email":"","jetpack_publicize_message":"","jetpack_is_tweetstorm":false,"jetpack_publicize_feature_enabled":true},"categories":[6950],"tags":[],"jetpack_publicize_connections":[],"yoast_head":"<!-- This site is optimized with the Yoast SEO plugin v19.1 - https:\/\/yoast.com\/wordpress\/plugins\/seo\/ -->\n<title>Danilovi\u0107 i Leki\u0107 moraju kod Abazovi\u0107a? - Lajme nga Ulqini<\/title>\n<meta name=\"description\" content=\"Biv\u0161i poslanici Demokratskog fronta (DF) Miodrag Leki\u0107, Goran Danilovi\u0107, Zoran Miljani\u0107 i Radovan Asanovi\u0107 najvjerovatnije ne\u0107e mo\u0107i da formiraju\" \/>\n<meta name=\"robots\" content=\"index, follow, max-snippet:-1, max-image-preview:large, max-video-preview:-1\" \/>\n<link rel=\"canonical\" href=\"https:\/\/www.visit-ulcinj.com\/blog\/2015\/04\/02\/danilovic-lekic-moraju-kod-abazovica\/\" \/>\n<meta property=\"og:locale\" content=\"en_US\" \/>\n<meta property=\"og:type\" content=\"article\" \/>\n<meta property=\"og:title\" content=\"Danilovi\u0107 i Leki\u0107 moraju kod Abazovi\u0107a? - Lajme nga Ulqini\" \/>\n<meta property=\"og:description\" content=\"Biv\u0161i poslanici Demokratskog fronta (DF) Miodrag Leki\u0107, Goran Danilovi\u0107, Zoran Miljani\u0107 i Radovan Asanovi\u0107 najvjerovatnije ne\u0107e mo\u0107i da formiraju\" \/>\n<meta property=\"og:url\" content=\"https:\/\/www.visit-ulcinj.com\/blog\/2015\/04\/02\/danilovic-lekic-moraju-kod-abazovica\/\" \/>\n<meta property=\"og:site_name\" content=\"Lajme nga Ulqini\" \/>\n<meta property=\"article:published_time\" content=\"2015-04-02T16:14:21+00:00\" \/>\n<meta property=\"og:image\" content=\"http:\/\/www.visit-ulcinj.com\/blog\/wp-content\/uploads\/2015\/04\/Danilovic-Lekic.jpg\" \/>\n<meta name=\"twitter:label1\" content=\"Written by\" \/>\n\t<meta name=\"twitter:data1\" content=\"ulqini\" \/>\n\t<meta name=\"twitter:label2\" content=\"Est. reading time\" \/>\n\t<meta name=\"twitter:data2\" content=\"2 minutes\" \/>\n<script type=\"application\/ld+json\" class=\"yoast-schema-graph\">{\"@context\":\"https:\/\/schema.org\",\"@graph\":[{\"@type\":\"WebSite\",\"@id\":\"https:\/\/www.visit-ulcinj.com\/blog\/#website\",\"url\":\"https:\/\/www.visit-ulcinj.com\/blog\/\",\"name\":\"Lajme nga Ulqini\",\"description\":\"Lajme,Vijesti,Ulqini,Ulqin,Crna Gora,Mali i Zi\",\"potentialAction\":[{\"@type\":\"SearchAction\",\"target\":{\"@type\":\"EntryPoint\",\"urlTemplate\":\"https:\/\/www.visit-ulcinj.com\/blog\/?s={search_term_string}\"},\"query-input\":\"required name=search_term_string\"}],\"inLanguage\":\"en-US\"},{\"@type\":\"ImageObject\",\"inLanguage\":\"en-US\",\"@id\":\"https:\/\/www.visit-ulcinj.com\/blog\/2015\/04\/02\/danilovic-lekic-moraju-kod-abazovica\/#primaryimage\",\"url\":\"https:\/\/www.visit-ulcinj.com\/blog\/wp-content\/uploads\/2015\/04\/Danilovic-Lekic.jpg\",\"contentUrl\":\"https:\/\/www.visit-ulcinj.com\/blog\/wp-content\/uploads\/2015\/04\/Danilovic-Lekic.jpg\",\"width\":573,\"height\":430},{\"@type\":\"WebPage\",\"@id\":\"https:\/\/www.visit-ulcinj.com\/blog\/2015\/04\/02\/danilovic-lekic-moraju-kod-abazovica\/#webpage\",\"url\":\"https:\/\/www.visit-ulcinj.com\/blog\/2015\/04\/02\/danilovic-lekic-moraju-kod-abazovica\/\",\"name\":\"Danilovi\u0107 i Leki\u0107 moraju kod Abazovi\u0107a? - Lajme nga Ulqini\",\"isPartOf\":{\"@id\":\"https:\/\/www.visit-ulcinj.com\/blog\/#website\"},\"primaryImageOfPage\":{\"@id\":\"https:\/\/www.visit-ulcinj.com\/blog\/2015\/04\/02\/danilovic-lekic-moraju-kod-abazovica\/#primaryimage\"},\"datePublished\":\"2015-04-02T16:14:21+00:00\",\"dateModified\":\"2015-04-02T16:14:21+00:00\",\"author\":{\"@id\":\"https:\/\/www.visit-ulcinj.com\/blog\/#\/schema\/person\/dcab619c614d3038751c63bc2aadc06d\"},\"description\":\"Biv\u0161i poslanici Demokratskog fronta (DF) Miodrag Leki\u0107, Goran Danilovi\u0107, Zoran Miljani\u0107 i Radovan Asanovi\u0107 najvjerovatnije ne\u0107e mo\u0107i da formiraju\",\"breadcrumb\":{\"@id\":\"https:\/\/www.visit-ulcinj.com\/blog\/2015\/04\/02\/danilovic-lekic-moraju-kod-abazovica\/#breadcrumb\"},\"inLanguage\":\"en-US\",\"potentialAction\":[{\"@type\":\"ReadAction\",\"target\":[\"https:\/\/www.visit-ulcinj.com\/blog\/2015\/04\/02\/danilovic-lekic-moraju-kod-abazovica\/\"]}]},{\"@type\":\"BreadcrumbList\",\"@id\":\"https:\/\/www.visit-ulcinj.com\/blog\/2015\/04\/02\/danilovic-lekic-moraju-kod-abazovica\/#breadcrumb\",\"itemListElement\":[{\"@type\":\"ListItem\",\"position\":1,\"name\":\"Danilovi\u0107 i Leki\u0107 moraju kod Abazovi\u0107a?\"}]},{\"@type\":\"Person\",\"@id\":\"https:\/\/www.visit-ulcinj.com\/blog\/#\/schema\/person\/dcab619c614d3038751c63bc2aadc06d\",\"name\":\"ulqini\",\"sameAs\":[\"http:\/\/www.visit-ulcinj.com\"],\"url\":\"https:\/\/www.visit-ulcinj.com\/blog\/author\/admin\/\"}]}<\/script>\n<!-- \/ Yoast SEO plugin. -->","yoast_head_json":{"title":"Danilovi\u0107 i Leki\u0107 moraju kod Abazovi\u0107a? - Lajme nga Ulqini","description":"Biv\u0161i poslanici Demokratskog fronta (DF) Miodrag Leki\u0107, Goran Danilovi\u0107, Zoran Miljani\u0107 i Radovan Asanovi\u0107 najvjerovatnije ne\u0107e mo\u0107i da formiraju","robots":{"index":"index","follow":"follow","max-snippet":"max-snippet:-1","max-image-preview":"max-image-preview:large","max-video-preview":"max-video-preview:-1"},"canonical":"https:\/\/www.visit-ulcinj.com\/blog\/2015\/04\/02\/danilovic-lekic-moraju-kod-abazovica\/","og_locale":"en_US","og_type":"article","og_title":"Danilovi\u0107 i Leki\u0107 moraju kod Abazovi\u0107a? - Lajme nga Ulqini","og_description":"Biv\u0161i poslanici Demokratskog fronta (DF) Miodrag Leki\u0107, Goran Danilovi\u0107, Zoran Miljani\u0107 i Radovan Asanovi\u0107 najvjerovatnije ne\u0107e mo\u0107i da formiraju","og_url":"https:\/\/www.visit-ulcinj.com\/blog\/2015\/04\/02\/danilovic-lekic-moraju-kod-abazovica\/","og_site_name":"Lajme nga Ulqini","article_published_time":"2015-04-02T16:14:21+00:00","og_image":[{"url":"http:\/\/www.visit-ulcinj.com\/blog\/wp-content\/uploads\/2015\/04\/Danilovic-Lekic.jpg"}],"twitter_misc":{"Written by":"ulqini","Est. reading time":"2 minutes"},"schema":{"@context":"https:\/\/schema.org","@graph":[{"@type":"WebSite","@id":"https:\/\/www.visit-ulcinj.com\/blog\/#website","url":"https:\/\/www.visit-ulcinj.com\/blog\/","name":"Lajme nga Ulqini","description":"Lajme,Vijesti,Ulqini,Ulqin,Crna Gora,Mali i Zi","potentialAction":[{"@type":"SearchAction","target":{"@type":"EntryPoint","urlTemplate":"https:\/\/www.visit-ulcinj.com\/blog\/?s={search_term_string}"},"query-input":"required name=search_term_string"}],"inLanguage":"en-US"},{"@type":"ImageObject","inLanguage":"en-US","@id":"https:\/\/www.visit-ulcinj.com\/blog\/2015\/04\/02\/danilovic-lekic-moraju-kod-abazovica\/#primaryimage","url":"https:\/\/www.visit-ulcinj.com\/blog\/wp-content\/uploads\/2015\/04\/Danilovic-Lekic.jpg","contentUrl":"https:\/\/www.visit-ulcinj.com\/blog\/wp-content\/uploads\/2015\/04\/Danilovic-Lekic.jpg","width":573,"height":430},{"@type":"WebPage","@id":"https:\/\/www.visit-ulcinj.com\/blog\/2015\/04\/02\/danilovic-lekic-moraju-kod-abazovica\/#webpage","url":"https:\/\/www.visit-ulcinj.com\/blog\/2015\/04\/02\/danilovic-lekic-moraju-kod-abazovica\/","name":"Danilovi\u0107 i Leki\u0107 moraju kod Abazovi\u0107a? - Lajme nga Ulqini","isPartOf":{"@id":"https:\/\/www.visit-ulcinj.com\/blog\/#website"},"primaryImageOfPage":{"@id":"https:\/\/www.visit-ulcinj.com\/blog\/2015\/04\/02\/danilovic-lekic-moraju-kod-abazovica\/#primaryimage"},"datePublished":"2015-04-02T16:14:21+00:00","dateModified":"2015-04-02T16:14:21+00:00","author":{"@id":"https:\/\/www.visit-ulcinj.com\/blog\/#\/schema\/person\/dcab619c614d3038751c63bc2aadc06d"},"description":"Biv\u0161i poslanici Demokratskog fronta (DF) Miodrag Leki\u0107, Goran Danilovi\u0107, Zoran Miljani\u0107 i Radovan Asanovi\u0107 najvjerovatnije ne\u0107e mo\u0107i da formiraju","breadcrumb":{"@id":"https:\/\/www.visit-ulcinj.com\/blog\/2015\/04\/02\/danilovic-lekic-moraju-kod-abazovica\/#breadcrumb"},"inLanguage":"en-US","potentialAction":[{"@type":"ReadAction","target":["https:\/\/www.visit-ulcinj.com\/blog\/2015\/04\/02\/danilovic-lekic-moraju-kod-abazovica\/"]}]},{"@type":"BreadcrumbList","@id":"https:\/\/www.visit-ulcinj.com\/blog\/2015\/04\/02\/danilovic-lekic-moraju-kod-abazovica\/#breadcrumb","itemListElement":[{"@type":"ListItem","position":1,"name":"Danilovi\u0107 i Leki\u0107 moraju kod Abazovi\u0107a?"}]},{"@type":"Person","@id":"https:\/\/www.visit-ulcinj.com\/blog\/#\/schema\/person\/dcab619c614d3038751c63bc2aadc06d","name":"ulqini","sameAs":["http:\/\/www.visit-ulcinj.com"],"url":"https:\/\/www.visit-ulcinj.com\/blog\/author\/admin\/"}]}},"jetpack_featured_media_url":"","jetpack_sharing_enabled":true,"jetpack_shortlink":"https:\/\/wp.me\/pe6lTn-nm1","_links":{"self":[{"href":"https:\/\/www.visit-ulcinj.com\/blog\/wp-json\/wp\/v2\/posts\/89777"}],"collection":[{"href":"https:\/\/www.visit-ulcinj.com\/blog\/wp-json\/wp\/v2\/posts"}],"about":[{"href":"https:\/\/www.visit-ulcinj.com\/blog\/wp-json\/wp\/v2\/types\/post"}],"author":[{"embeddable":true,"href":"https:\/\/www.visit-ulcinj.com\/blog\/wp-json\/wp\/v2\/users\/1"}],"replies":[{"embeddable":true,"href":"https:\/\/www.visit-ulcinj.com\/blog\/wp-json\/wp\/v2\/comments?post=89777"}],"version-history":[{"count":1,"href":"https:\/\/www.visit-ulcinj.com\/blog\/wp-json\/wp\/v2\/posts\/89777\/revisions"}],"predecessor-version":[{"id":89779,"href":"https:\/\/www.visit-ulcinj.com\/blog\/wp-json\/wp\/v2\/posts\/89777\/revisions\/89779"}],"wp:attachment":[{"href":"https:\/\/www.visit-ulcinj.com\/blog\/wp-json\/wp\/v2\/media?parent=89777"}],"wp:term":[{"taxonomy":"category","embeddable":true,"href":"https:\/\/www.visit-ulcinj.com\/blog\/wp-json\/wp\/v2\/categories?post=89777"},{"taxonomy":"post_tag","embeddable":true,"href":"https:\/\/www.visit-ulcinj.com\/blog\/wp-json\/wp\/v2\/tags?post=89777"}],"curies":[{"name":"wp","href":"https:\/\/api.w.org\/{rel}","templated":true}]}}