{"id":89800,"date":"2015-04-03T19:04:08","date_gmt":"2015-04-03T18:04:08","guid":{"rendered":"http:\/\/www.visit-ulcinj.com\/blog\/?p=89800"},"modified":"2015-04-03T19:04:08","modified_gmt":"2015-04-03T18:04:08","slug":"ulqini-rrezikon-te-mbetet-pa-akua-park","status":"publish","type":"post","link":"https:\/\/www.visit-ulcinj.com\/blog\/2015\/04\/03\/ulqini-rrezikon-te-mbetet-pa-akua-park\/","title":{"rendered":"Ulqini rrezikon t\u00eb mbetet pa Akua Park"},"content":{"rendered":"<p><a href=\"http:\/\/www.visit-ulcinj.com\/blog\/wp-content\/uploads\/2015\/04\/Sahret-Hajdarpashic-Gjeka.jpg\"><img loading=\"lazy\" class=\"alignleft wp-image-89801\" src=\"http:\/\/www.visit-ulcinj.com\/blog\/wp-content\/uploads\/2015\/04\/Sahret-Hajdarpashic-Gjeka.jpg\" alt=\"Sahret Hajdarpashic-Gjeka\" width=\"508\" height=\"270\" srcset=\"https:\/\/www.visit-ulcinj.com\/blog\/wp-content\/uploads\/2015\/04\/Sahret-Hajdarpashic-Gjeka.jpg 620w, https:\/\/www.visit-ulcinj.com\/blog\/wp-content\/uploads\/2015\/04\/Sahret-Hajdarpashic-Gjeka-300x160.jpg 300w\" sizes=\"(max-width: 508px) 100vw, 508px\" \/><\/a>Drejtori i kompanis\u00eb-bij\u00eb p\u00ebr Mal t\u00eb Zi, i kompanis\u00eb s\u00eb njohur turke Polin, Sahret Hajdarpashiq, ka th\u00ebn\u00eb p\u00ebr \u201cPobjeda\u201d se p\u00ebr shkak t\u00eb problemeve me tok\u00ebn \u00ebsht\u00eb shtyr\u00eb fillimi i nd\u00ebrtimit t\u00eb qytetit ujor n\u00eb Shtoj.<\/p>\n<p>\u201cKishim n\u00eb plan q\u00eb t\u00ebr\u00eb pun\u00ebn, prej hulumtimit t\u00eb tok\u00ebs, punimin e projektit, e deri tek montimi p\u00ebrfundimtar i t\u00ebr\u00eb kompleksit, ta b\u00ebjm\u00eb deri m\u00eb 1 korrik. N\u00eb fund t\u00eb vitit t\u00eb kaluar \u00ebsht\u00eb n\u00ebnshkruar marr\u00ebveshja p\u00ebrfundimtare me p\u00ebrfaq\u00ebsuesit e autorizuar t\u00eb komun\u00ebs s\u00eb Ulqinit p\u00ebr qiramarrje t\u00eb nj\u00eb pjese t\u00eb pron\u00ebs n\u00eb Shtoj n\u00eb periudh\u00eb 30 vje\u00e7are dhe reciprokisht ishim t\u00eb bindur se m\u00eb nuk ekziston asnj\u00eb penges\u00eb n\u00eb procesin i cili ask\u00ebnd nuk mund t\u00eb d\u00ebmtoj\u00eb nd\u00ebrsa t\u00eb gjith\u00eb, \u00e7ka direkt, \u00e7ka indirekt, mund t\u00eb ken\u00eb dobi. P\u00ebr fat t\u00eb keq, doli q\u00eb jo \u00e7do gj\u00eb \u00ebsht\u00eb k\u00ebshtu, k\u00ebshtu q\u00eb humb\u00ebm gati tre muaj, e me k\u00ebt\u00eb edhe mund\u00ebsin\u00eb q\u00eb investimi t\u00eb realizohet n\u00eb afatin e p\u00ebrcaktuar. Prandaj e kemi shtyr\u00eb, por kjo nuk do t\u00eb thot\u00eb q\u00eb kemi \u00e7uar dor\u00eb p\u00ebrfundimisht nga puna\u201d, tha ai.<\/p>\n<p>Polini paralajm\u00ebron se rifillimi i, p\u00ebrndryshe, procesit shum\u00eb t\u00eb p\u00ebrb\u00ebr\u00eb mund t\u00eb ndodh n\u00eb fund t\u00eb k\u00ebtij ose fillim t\u00eb vitit t\u00eb ardhsh\u00ebm, me kusht q\u00eb organet kompetente komunale dhe shtet\u00ebrore do t\u00eb sqarojn\u00eb t\u00eb gjith\u00eb dilemat rreth pron\u00ebsis\u00eb s\u00eb tok\u00ebs s\u00eb marr\u00eb me qira dhe t\u00eb krijohen kushtet p\u00ebr pun\u00eb pa pengesa t\u00eb investitorit turk. N\u00eb t\u00eb kund\u00ebrt, shk\u00ebputja e kontrat\u00ebs \u00ebsht\u00eb e pashmangshme, shkruan \u201cPobjeda\u201d.<\/p>\n<p>Ul.info<\/p>\n","protected":false},"excerpt":{"rendered":"<p>Drejtori i kompanis\u00eb-bij\u00eb p\u00ebr Mal t\u00eb Zi, i kompanis\u00eb s\u00eb njohur turke Polin, Sahret Hajdarpashiq, ka th\u00ebn\u00eb p\u00ebr \u201cPobjeda\u201d se p\u00ebr shkak t\u00eb problemeve me tok\u00ebn \u00ebsht\u00eb shtyr\u00eb fillimi i nd\u00ebrtimit t\u00eb qytetit ujor n\u00eb Shtoj. \u201cKishim n\u00eb plan q\u00eb t\u00ebr\u00eb pun\u00ebn, prej hulumtimit t\u00eb tok\u00ebs, punimin e projektit, e deri tek montimi p\u00ebrfundimtar i [&hellip;]<\/p>\n","protected":false},"author":1,"featured_media":0,"comment_status":"closed","ping_status":"closed","sticky":false,"template":"","format":"standard","meta":{"spay_email":"","jetpack_publicize_message":"","jetpack_is_tweetstorm":false,"jetpack_publicize_feature_enabled":true},"categories":[15],"tags":[],"jetpack_publicize_connections":[],"yoast_head":"<!-- This site is optimized with the Yoast SEO plugin v19.1 - https:\/\/yoast.com\/wordpress\/plugins\/seo\/ -->\n<title>Ulqini rrezikon t\u00eb mbetet pa Akua Park - Lajme nga Ulqini<\/title>\n<meta name=\"description\" content=\"Drejtori i kompanis\u00eb-bij\u00eb p\u00ebr Mal t\u00eb Zi, i kompanis\u00eb s\u00eb njohur turke Polin, Sahret Hajdarpashiq, ka th\u00ebn\u00eb p\u00ebr \u201cPobjeda\u201d se p\u00ebr shkak t\u00eb problemeve me\" \/>\n<meta name=\"robots\" content=\"index, follow, max-snippet:-1, max-image-preview:large, max-video-preview:-1\" \/>\n<link rel=\"canonical\" href=\"https:\/\/www.visit-ulcinj.com\/blog\/2015\/04\/03\/ulqini-rrezikon-te-mbetet-pa-akua-park\/\" \/>\n<meta property=\"og:locale\" content=\"en_US\" \/>\n<meta property=\"og:type\" content=\"article\" \/>\n<meta property=\"og:title\" content=\"Ulqini rrezikon t\u00eb mbetet pa Akua Park - Lajme nga Ulqini\" \/>\n<meta property=\"og:description\" content=\"Drejtori i kompanis\u00eb-bij\u00eb p\u00ebr Mal t\u00eb Zi, i kompanis\u00eb s\u00eb njohur turke Polin, Sahret Hajdarpashiq, ka th\u00ebn\u00eb p\u00ebr \u201cPobjeda\u201d se p\u00ebr shkak t\u00eb problemeve me\" \/>\n<meta property=\"og:url\" content=\"https:\/\/www.visit-ulcinj.com\/blog\/2015\/04\/03\/ulqini-rrezikon-te-mbetet-pa-akua-park\/\" \/>\n<meta property=\"og:site_name\" content=\"Lajme nga Ulqini\" \/>\n<meta property=\"article:published_time\" content=\"2015-04-03T18:04:08+00:00\" \/>\n<meta property=\"og:image\" content=\"http:\/\/www.visit-ulcinj.com\/blog\/wp-content\/uploads\/2015\/04\/Sahret-Hajdarpashic-Gjeka.jpg\" \/>\n<meta name=\"twitter:label1\" content=\"Written by\" \/>\n\t<meta name=\"twitter:data1\" content=\"ulqini\" \/>\n\t<meta name=\"twitter:label2\" content=\"Est. reading time\" \/>\n\t<meta name=\"twitter:data2\" content=\"1 minute\" \/>\n<script type=\"application\/ld+json\" class=\"yoast-schema-graph\">{\"@context\":\"https:\/\/schema.org\",\"@graph\":[{\"@type\":\"WebSite\",\"@id\":\"https:\/\/www.visit-ulcinj.com\/blog\/#website\",\"url\":\"https:\/\/www.visit-ulcinj.com\/blog\/\",\"name\":\"Lajme nga Ulqini\",\"description\":\"Lajme,Vijesti,Ulqini,Ulqin,Crna Gora,Mali i Zi\",\"potentialAction\":[{\"@type\":\"SearchAction\",\"target\":{\"@type\":\"EntryPoint\",\"urlTemplate\":\"https:\/\/www.visit-ulcinj.com\/blog\/?s={search_term_string}\"},\"query-input\":\"required name=search_term_string\"}],\"inLanguage\":\"en-US\"},{\"@type\":\"ImageObject\",\"inLanguage\":\"en-US\",\"@id\":\"https:\/\/www.visit-ulcinj.com\/blog\/2015\/04\/03\/ulqini-rrezikon-te-mbetet-pa-akua-park\/#primaryimage\",\"url\":\"https:\/\/www.visit-ulcinj.com\/blog\/wp-content\/uploads\/2015\/04\/Sahret-Hajdarpashic-Gjeka.jpg\",\"contentUrl\":\"https:\/\/www.visit-ulcinj.com\/blog\/wp-content\/uploads\/2015\/04\/Sahret-Hajdarpashic-Gjeka.jpg\",\"width\":620,\"height\":330},{\"@type\":\"WebPage\",\"@id\":\"https:\/\/www.visit-ulcinj.com\/blog\/2015\/04\/03\/ulqini-rrezikon-te-mbetet-pa-akua-park\/#webpage\",\"url\":\"https:\/\/www.visit-ulcinj.com\/blog\/2015\/04\/03\/ulqini-rrezikon-te-mbetet-pa-akua-park\/\",\"name\":\"Ulqini rrezikon t\u00eb mbetet pa Akua Park - Lajme nga Ulqini\",\"isPartOf\":{\"@id\":\"https:\/\/www.visit-ulcinj.com\/blog\/#website\"},\"primaryImageOfPage\":{\"@id\":\"https:\/\/www.visit-ulcinj.com\/blog\/2015\/04\/03\/ulqini-rrezikon-te-mbetet-pa-akua-park\/#primaryimage\"},\"datePublished\":\"2015-04-03T18:04:08+00:00\",\"dateModified\":\"2015-04-03T18:04:08+00:00\",\"author\":{\"@id\":\"https:\/\/www.visit-ulcinj.com\/blog\/#\/schema\/person\/dcab619c614d3038751c63bc2aadc06d\"},\"description\":\"Drejtori i kompanis\u00eb-bij\u00eb p\u00ebr Mal t\u00eb Zi, i kompanis\u00eb s\u00eb njohur turke Polin, Sahret Hajdarpashiq, ka th\u00ebn\u00eb p\u00ebr \u201cPobjeda\u201d se p\u00ebr shkak t\u00eb problemeve me\",\"breadcrumb\":{\"@id\":\"https:\/\/www.visit-ulcinj.com\/blog\/2015\/04\/03\/ulqini-rrezikon-te-mbetet-pa-akua-park\/#breadcrumb\"},\"inLanguage\":\"en-US\",\"potentialAction\":[{\"@type\":\"ReadAction\",\"target\":[\"https:\/\/www.visit-ulcinj.com\/blog\/2015\/04\/03\/ulqini-rrezikon-te-mbetet-pa-akua-park\/\"]}]},{\"@type\":\"BreadcrumbList\",\"@id\":\"https:\/\/www.visit-ulcinj.com\/blog\/2015\/04\/03\/ulqini-rrezikon-te-mbetet-pa-akua-park\/#breadcrumb\",\"itemListElement\":[{\"@type\":\"ListItem\",\"position\":1,\"name\":\"Ulqini rrezikon t\u00eb mbetet pa Akua Park\"}]},{\"@type\":\"Person\",\"@id\":\"https:\/\/www.visit-ulcinj.com\/blog\/#\/schema\/person\/dcab619c614d3038751c63bc2aadc06d\",\"name\":\"ulqini\",\"sameAs\":[\"http:\/\/www.visit-ulcinj.com\"],\"url\":\"https:\/\/www.visit-ulcinj.com\/blog\/author\/admin\/\"}]}<\/script>\n<!-- \/ Yoast SEO plugin. -->","yoast_head_json":{"title":"Ulqini rrezikon t\u00eb mbetet pa Akua Park - Lajme nga Ulqini","description":"Drejtori i kompanis\u00eb-bij\u00eb p\u00ebr Mal t\u00eb Zi, i kompanis\u00eb s\u00eb njohur turke Polin, Sahret Hajdarpashiq, ka th\u00ebn\u00eb p\u00ebr \u201cPobjeda\u201d se p\u00ebr shkak t\u00eb problemeve me","robots":{"index":"index","follow":"follow","max-snippet":"max-snippet:-1","max-image-preview":"max-image-preview:large","max-video-preview":"max-video-preview:-1"},"canonical":"https:\/\/www.visit-ulcinj.com\/blog\/2015\/04\/03\/ulqini-rrezikon-te-mbetet-pa-akua-park\/","og_locale":"en_US","og_type":"article","og_title":"Ulqini rrezikon t\u00eb mbetet pa Akua Park - Lajme nga Ulqini","og_description":"Drejtori i kompanis\u00eb-bij\u00eb p\u00ebr Mal t\u00eb Zi, i kompanis\u00eb s\u00eb njohur turke Polin, Sahret Hajdarpashiq, ka th\u00ebn\u00eb p\u00ebr \u201cPobjeda\u201d se p\u00ebr shkak t\u00eb problemeve me","og_url":"https:\/\/www.visit-ulcinj.com\/blog\/2015\/04\/03\/ulqini-rrezikon-te-mbetet-pa-akua-park\/","og_site_name":"Lajme nga Ulqini","article_published_time":"2015-04-03T18:04:08+00:00","og_image":[{"url":"http:\/\/www.visit-ulcinj.com\/blog\/wp-content\/uploads\/2015\/04\/Sahret-Hajdarpashic-Gjeka.jpg"}],"twitter_misc":{"Written by":"ulqini","Est. reading time":"1 minute"},"schema":{"@context":"https:\/\/schema.org","@graph":[{"@type":"WebSite","@id":"https:\/\/www.visit-ulcinj.com\/blog\/#website","url":"https:\/\/www.visit-ulcinj.com\/blog\/","name":"Lajme nga Ulqini","description":"Lajme,Vijesti,Ulqini,Ulqin,Crna Gora,Mali i Zi","potentialAction":[{"@type":"SearchAction","target":{"@type":"EntryPoint","urlTemplate":"https:\/\/www.visit-ulcinj.com\/blog\/?s={search_term_string}"},"query-input":"required name=search_term_string"}],"inLanguage":"en-US"},{"@type":"ImageObject","inLanguage":"en-US","@id":"https:\/\/www.visit-ulcinj.com\/blog\/2015\/04\/03\/ulqini-rrezikon-te-mbetet-pa-akua-park\/#primaryimage","url":"https:\/\/www.visit-ulcinj.com\/blog\/wp-content\/uploads\/2015\/04\/Sahret-Hajdarpashic-Gjeka.jpg","contentUrl":"https:\/\/www.visit-ulcinj.com\/blog\/wp-content\/uploads\/2015\/04\/Sahret-Hajdarpashic-Gjeka.jpg","width":620,"height":330},{"@type":"WebPage","@id":"https:\/\/www.visit-ulcinj.com\/blog\/2015\/04\/03\/ulqini-rrezikon-te-mbetet-pa-akua-park\/#webpage","url":"https:\/\/www.visit-ulcinj.com\/blog\/2015\/04\/03\/ulqini-rrezikon-te-mbetet-pa-akua-park\/","name":"Ulqini rrezikon t\u00eb mbetet pa Akua Park - Lajme nga Ulqini","isPartOf":{"@id":"https:\/\/www.visit-ulcinj.com\/blog\/#website"},"primaryImageOfPage":{"@id":"https:\/\/www.visit-ulcinj.com\/blog\/2015\/04\/03\/ulqini-rrezikon-te-mbetet-pa-akua-park\/#primaryimage"},"datePublished":"2015-04-03T18:04:08+00:00","dateModified":"2015-04-03T18:04:08+00:00","author":{"@id":"https:\/\/www.visit-ulcinj.com\/blog\/#\/schema\/person\/dcab619c614d3038751c63bc2aadc06d"},"description":"Drejtori i kompanis\u00eb-bij\u00eb p\u00ebr Mal t\u00eb Zi, i kompanis\u00eb s\u00eb njohur turke Polin, Sahret Hajdarpashiq, ka th\u00ebn\u00eb p\u00ebr \u201cPobjeda\u201d se p\u00ebr shkak t\u00eb problemeve me","breadcrumb":{"@id":"https:\/\/www.visit-ulcinj.com\/blog\/2015\/04\/03\/ulqini-rrezikon-te-mbetet-pa-akua-park\/#breadcrumb"},"inLanguage":"en-US","potentialAction":[{"@type":"ReadAction","target":["https:\/\/www.visit-ulcinj.com\/blog\/2015\/04\/03\/ulqini-rrezikon-te-mbetet-pa-akua-park\/"]}]},{"@type":"BreadcrumbList","@id":"https:\/\/www.visit-ulcinj.com\/blog\/2015\/04\/03\/ulqini-rrezikon-te-mbetet-pa-akua-park\/#breadcrumb","itemListElement":[{"@type":"ListItem","position":1,"name":"Ulqini rrezikon t\u00eb mbetet pa Akua Park"}]},{"@type":"Person","@id":"https:\/\/www.visit-ulcinj.com\/blog\/#\/schema\/person\/dcab619c614d3038751c63bc2aadc06d","name":"ulqini","sameAs":["http:\/\/www.visit-ulcinj.com"],"url":"https:\/\/www.visit-ulcinj.com\/blog\/author\/admin\/"}]}},"jetpack_featured_media_url":"","jetpack_sharing_enabled":true,"jetpack_shortlink":"https:\/\/wp.me\/pe6lTn-nmo","_links":{"self":[{"href":"https:\/\/www.visit-ulcinj.com\/blog\/wp-json\/wp\/v2\/posts\/89800"}],"collection":[{"href":"https:\/\/www.visit-ulcinj.com\/blog\/wp-json\/wp\/v2\/posts"}],"about":[{"href":"https:\/\/www.visit-ulcinj.com\/blog\/wp-json\/wp\/v2\/types\/post"}],"author":[{"embeddable":true,"href":"https:\/\/www.visit-ulcinj.com\/blog\/wp-json\/wp\/v2\/users\/1"}],"replies":[{"embeddable":true,"href":"https:\/\/www.visit-ulcinj.com\/blog\/wp-json\/wp\/v2\/comments?post=89800"}],"version-history":[{"count":1,"href":"https:\/\/www.visit-ulcinj.com\/blog\/wp-json\/wp\/v2\/posts\/89800\/revisions"}],"predecessor-version":[{"id":89802,"href":"https:\/\/www.visit-ulcinj.com\/blog\/wp-json\/wp\/v2\/posts\/89800\/revisions\/89802"}],"wp:attachment":[{"href":"https:\/\/www.visit-ulcinj.com\/blog\/wp-json\/wp\/v2\/media?parent=89800"}],"wp:term":[{"taxonomy":"category","embeddable":true,"href":"https:\/\/www.visit-ulcinj.com\/blog\/wp-json\/wp\/v2\/categories?post=89800"},{"taxonomy":"post_tag","embeddable":true,"href":"https:\/\/www.visit-ulcinj.com\/blog\/wp-json\/wp\/v2\/tags?post=89800"}],"curies":[{"name":"wp","href":"https:\/\/api.w.org\/{rel}","templated":true}]}}