{"id":89803,"date":"2015-04-03T22:21:46","date_gmt":"2015-04-03T21:21:46","guid":{"rendered":"http:\/\/www.visit-ulcinj.com\/blog\/?p=89803"},"modified":"2015-04-03T22:21:46","modified_gmt":"2015-04-03T21:21:46","slug":"polin-odustaje-od-stojskog-akva-parka","status":"publish","type":"post","link":"https:\/\/www.visit-ulcinj.com\/blog\/2015\/04\/03\/polin-odustaje-od-stojskog-akva-parka\/","title":{"rendered":"Polin odustaje od \u0161tojskog akva-parka"},"content":{"rendered":"<p><a href=\"http:\/\/www.visit-ulcinj.com\/blog\/wp-content\/uploads\/2014\/07\/akva-park-Ulcinj.jpg\"><img loading=\"lazy\" class=\"alignleft wp-image-84343\" src=\"http:\/\/www.visit-ulcinj.com\/blog\/wp-content\/uploads\/2014\/07\/akva-park-Ulcinj.jpg\" alt=\"akva-park-Ulcinj\" width=\"508\" height=\"352\" srcset=\"https:\/\/www.visit-ulcinj.com\/blog\/wp-content\/uploads\/2014\/07\/akva-park-Ulcinj.jpg 600w, https:\/\/www.visit-ulcinj.com\/blog\/wp-content\/uploads\/2014\/07\/akva-park-Ulcinj-300x208.jpg 300w\" sizes=\"(max-width: 508px) 100vw, 508px\" \/><\/a>Vi\u0161emilionska investicija u \u0160toju ne\u0107e biti realizovana tokom ove godine. Zbog problema vezanih za vlasni\u0161tvo nad dijelom zemlji\u0161ta, turska kompanija Polin odustalaje od gradnje akvaparka i cijeli projekat stavila ad akta.<\/p>\n<div class=\"body-text\">\n<p>Da je za investiciju vrijednu oko 7,2 miliona eura teku\u0107a godina definitivno izgubljena, u razgovoru za Pobjedu potvrdio je i Sahret Hajdarpa\u0161i\u0107, direktor k\u0107erke-firme za Crnu Goru, turske kompanije Polin.<\/p>\n<p>&#8220;Namjeravali smo da cijeli posao, od ispitivanja zemlji\u0161ta, preko izrade projekta, pa do zavr\u0161ne monta\u017ee \u010ditavog kompleksa, obavimo zaklju\u010dno sa 1. julom. Krajem pro\u0161le godine potpisan je kona\u010dni ugovor sa ovla\u0161\u0107enim predstavnicima ulcinjske op\u0161tine o zakupu dijela \u0161tojskog zemlji\u0161ta na 30 godina i bili smo obostrano uvjereni da vi\u0161e ne postoji ni jedna prepreka u procesu koji nikome ne mo\u017ee \u0161tetiti a svima bi, \u0161to direktno, \u0161to indirektno, mogao koristiti. Na\u017ealost, ispostavilo se da nije sve ba\u0161 tako, pa smo izgubili gotovo tri mjeseca, a samim tim i priliku da investicija bude realizovana po zadatom rokovniku. Zato smo je odlo\u017eili, ali to ne zna\u010di da smo od tog posla i definitivno odustali&#8221;, kazao je on.<\/p>\n<p>Polin nagovje\u0161tava da bi obnova ina\u010de veoma slo\u017eenog procesa mogla uslijediti krajem ove ili po\u010detkom naredne godine, pod uslovom da nadle\u017eni op\u0161tinski i organi sa dr\u017eavnog nivoa, ra\u0161\u010diste sve dileme oko vlasni\u0161tva zakupljenog zemlji\u0161ta i stvore uslove za nesmetan rad turskih investitora. U protivnom, raskid ugovora je neminovan.<\/p>\n<p>Odmah po objavi namjere da se dio \u0161tojskog zemlji\u0161ta daje u tridesetogodi\u0161nji zakup turskoj kompaniji Polin reagovala je porodica Rudovi\u0107, tvrde\u0107i da je vlasnik parcele pa samim tim i jedino ovla\u0161\u0107ena za ugovaranje bilo kakvog posla na njoj. S druge strane, u ulcinjskoj upravi nu\u0111ena je argumentacija koja ukazuje da je zemlji\u0161te op\u0161tinsko &#8220;jedan kroz jedan\u201c.<\/p>\n<p>Predsjednik op\u0161tine Fatmir \u0110eka pozivao se i na kona\u010dno rje\u0161enje drugostepene Dr\u017eavne komisije, kojim se prethodna argumentacija i formalno-pravno potvr\u0111uje, ali za Rudovi\u0107e to nije bilo dovoljno.<\/p>\n<p>Poku\u0161aj ulaska predstavnika i stru\u010dnjaka Polina na lokaciju koja je predmet spora, sprije\u010den je &#8220;\u017eivim zidom\u201c koji su uz pomo\u0107 kom\u0161ija postavili po obodima parcele i ve\u0107 tada je bilo jasno da u dogledno vrijeme od vi\u0161emilionske investicije ne\u0107e biti ni\u0161ta. Predstavnik porodice Anton Rudovi\u0107 pozivao se na prvu odluku nadle\u017enih kojom se navodno potvr\u0111uje da je zemlji\u0161te njihovo, odbijaju\u0107i mogu\u0107nost da postupi po izvr\u0161nom rje\u0161enju drugostepene Dr\u017eavne komisije.<\/p>\n<p>Sve \u0161to se kasnije doga\u0111alo, ukazivalo je da su predstavnici turske kompanije na ivici strpljenja, iako su cijelu situaciju javno komentarisali veoma oprezno ne upu\u0161taju\u0107i se u &#8220;detalje\u201c koji bi mogli ukazati na svrstavanje na bilo koju koju stranu u \u010ditavom sporu.<\/p>\n<p><strong>Izvor: CDM<\/strong><\/p>\n<\/div>\n<p>&nbsp;<\/p>\n","protected":false},"excerpt":{"rendered":"<p>Vi\u0161emilionska investicija u \u0160toju ne\u0107e biti realizovana tokom ove godine. Zbog problema vezanih za vlasni\u0161tvo nad dijelom zemlji\u0161ta, turska kompanija Polin odustalaje od gradnje akvaparka i cijeli projekat stavila ad akta. Da je za investiciju vrijednu oko 7,2 miliona eura teku\u0107a godina definitivno izgubljena, u razgovoru za Pobjedu potvrdio je i Sahret Hajdarpa\u0161i\u0107, direktor k\u0107erke-firme [&hellip;]<\/p>\n","protected":false},"author":1,"featured_media":0,"comment_status":"closed","ping_status":"closed","sticky":false,"template":"","format":"standard","meta":{"spay_email":"","jetpack_publicize_message":"","jetpack_is_tweetstorm":false,"jetpack_publicize_feature_enabled":true},"categories":[8337],"tags":[],"jetpack_publicize_connections":[],"yoast_head":"<!-- This site is optimized with the Yoast SEO plugin v19.1 - https:\/\/yoast.com\/wordpress\/plugins\/seo\/ -->\n<title>Polin odustaje od \u0161tojskog akva-parka - Lajme nga Ulqini<\/title>\n<meta name=\"description\" content=\"Vi\u0161emilionska investicija u \u0160toju ne\u0107e biti realizovana tokom ove godine. Zbog problema vezanih za vlasni\u0161tvo nad dijelom zemlji\u0161ta, turska kompanija\" \/>\n<meta name=\"robots\" content=\"index, follow, max-snippet:-1, max-image-preview:large, max-video-preview:-1\" \/>\n<link rel=\"canonical\" href=\"https:\/\/www.visit-ulcinj.com\/blog\/2015\/04\/03\/polin-odustaje-od-stojskog-akva-parka\/\" \/>\n<meta property=\"og:locale\" content=\"en_US\" \/>\n<meta property=\"og:type\" content=\"article\" \/>\n<meta property=\"og:title\" content=\"Polin odustaje od \u0161tojskog akva-parka - Lajme nga Ulqini\" \/>\n<meta property=\"og:description\" content=\"Vi\u0161emilionska investicija u \u0160toju ne\u0107e biti realizovana tokom ove godine. Zbog problema vezanih za vlasni\u0161tvo nad dijelom zemlji\u0161ta, turska kompanija\" \/>\n<meta property=\"og:url\" content=\"https:\/\/www.visit-ulcinj.com\/blog\/2015\/04\/03\/polin-odustaje-od-stojskog-akva-parka\/\" \/>\n<meta property=\"og:site_name\" content=\"Lajme nga Ulqini\" \/>\n<meta property=\"article:published_time\" content=\"2015-04-03T21:21:46+00:00\" \/>\n<meta property=\"og:image\" content=\"http:\/\/www.visit-ulcinj.com\/blog\/wp-content\/uploads\/2014\/07\/akva-park-Ulcinj.jpg\" \/>\n<meta name=\"twitter:label1\" content=\"Written by\" \/>\n\t<meta name=\"twitter:data1\" content=\"ulqini\" \/>\n\t<meta name=\"twitter:label2\" content=\"Est. reading time\" \/>\n\t<meta name=\"twitter:data2\" content=\"2 minutes\" \/>\n<script type=\"application\/ld+json\" class=\"yoast-schema-graph\">{\"@context\":\"https:\/\/schema.org\",\"@graph\":[{\"@type\":\"WebSite\",\"@id\":\"https:\/\/www.visit-ulcinj.com\/blog\/#website\",\"url\":\"https:\/\/www.visit-ulcinj.com\/blog\/\",\"name\":\"Lajme nga Ulqini\",\"description\":\"Lajme,Vijesti,Ulqini,Ulqin,Crna Gora,Mali i Zi\",\"potentialAction\":[{\"@type\":\"SearchAction\",\"target\":{\"@type\":\"EntryPoint\",\"urlTemplate\":\"https:\/\/www.visit-ulcinj.com\/blog\/?s={search_term_string}\"},\"query-input\":\"required name=search_term_string\"}],\"inLanguage\":\"en-US\"},{\"@type\":\"ImageObject\",\"inLanguage\":\"en-US\",\"@id\":\"https:\/\/www.visit-ulcinj.com\/blog\/2015\/04\/03\/polin-odustaje-od-stojskog-akva-parka\/#primaryimage\",\"url\":\"https:\/\/www.visit-ulcinj.com\/blog\/wp-content\/uploads\/2014\/07\/akva-park-Ulcinj.jpg\",\"contentUrl\":\"https:\/\/www.visit-ulcinj.com\/blog\/wp-content\/uploads\/2014\/07\/akva-park-Ulcinj.jpg\",\"width\":600,\"height\":416},{\"@type\":\"WebPage\",\"@id\":\"https:\/\/www.visit-ulcinj.com\/blog\/2015\/04\/03\/polin-odustaje-od-stojskog-akva-parka\/#webpage\",\"url\":\"https:\/\/www.visit-ulcinj.com\/blog\/2015\/04\/03\/polin-odustaje-od-stojskog-akva-parka\/\",\"name\":\"Polin odustaje od \u0161tojskog akva-parka - Lajme nga Ulqini\",\"isPartOf\":{\"@id\":\"https:\/\/www.visit-ulcinj.com\/blog\/#website\"},\"primaryImageOfPage\":{\"@id\":\"https:\/\/www.visit-ulcinj.com\/blog\/2015\/04\/03\/polin-odustaje-od-stojskog-akva-parka\/#primaryimage\"},\"datePublished\":\"2015-04-03T21:21:46+00:00\",\"dateModified\":\"2015-04-03T21:21:46+00:00\",\"author\":{\"@id\":\"https:\/\/www.visit-ulcinj.com\/blog\/#\/schema\/person\/dcab619c614d3038751c63bc2aadc06d\"},\"description\":\"Vi\u0161emilionska investicija u \u0160toju ne\u0107e biti realizovana tokom ove godine. Zbog problema vezanih za vlasni\u0161tvo nad dijelom zemlji\u0161ta, turska kompanija\",\"breadcrumb\":{\"@id\":\"https:\/\/www.visit-ulcinj.com\/blog\/2015\/04\/03\/polin-odustaje-od-stojskog-akva-parka\/#breadcrumb\"},\"inLanguage\":\"en-US\",\"potentialAction\":[{\"@type\":\"ReadAction\",\"target\":[\"https:\/\/www.visit-ulcinj.com\/blog\/2015\/04\/03\/polin-odustaje-od-stojskog-akva-parka\/\"]}]},{\"@type\":\"BreadcrumbList\",\"@id\":\"https:\/\/www.visit-ulcinj.com\/blog\/2015\/04\/03\/polin-odustaje-od-stojskog-akva-parka\/#breadcrumb\",\"itemListElement\":[{\"@type\":\"ListItem\",\"position\":1,\"name\":\"Polin odustaje od \u0161tojskog akva-parka\"}]},{\"@type\":\"Person\",\"@id\":\"https:\/\/www.visit-ulcinj.com\/blog\/#\/schema\/person\/dcab619c614d3038751c63bc2aadc06d\",\"name\":\"ulqini\",\"sameAs\":[\"http:\/\/www.visit-ulcinj.com\"],\"url\":\"https:\/\/www.visit-ulcinj.com\/blog\/author\/admin\/\"}]}<\/script>\n<!-- \/ Yoast SEO plugin. -->","yoast_head_json":{"title":"Polin odustaje od \u0161tojskog akva-parka - Lajme nga Ulqini","description":"Vi\u0161emilionska investicija u \u0160toju ne\u0107e biti realizovana tokom ove godine. Zbog problema vezanih za vlasni\u0161tvo nad dijelom zemlji\u0161ta, turska kompanija","robots":{"index":"index","follow":"follow","max-snippet":"max-snippet:-1","max-image-preview":"max-image-preview:large","max-video-preview":"max-video-preview:-1"},"canonical":"https:\/\/www.visit-ulcinj.com\/blog\/2015\/04\/03\/polin-odustaje-od-stojskog-akva-parka\/","og_locale":"en_US","og_type":"article","og_title":"Polin odustaje od \u0161tojskog akva-parka - Lajme nga Ulqini","og_description":"Vi\u0161emilionska investicija u \u0160toju ne\u0107e biti realizovana tokom ove godine. Zbog problema vezanih za vlasni\u0161tvo nad dijelom zemlji\u0161ta, turska kompanija","og_url":"https:\/\/www.visit-ulcinj.com\/blog\/2015\/04\/03\/polin-odustaje-od-stojskog-akva-parka\/","og_site_name":"Lajme nga Ulqini","article_published_time":"2015-04-03T21:21:46+00:00","og_image":[{"url":"http:\/\/www.visit-ulcinj.com\/blog\/wp-content\/uploads\/2014\/07\/akva-park-Ulcinj.jpg"}],"twitter_misc":{"Written by":"ulqini","Est. reading time":"2 minutes"},"schema":{"@context":"https:\/\/schema.org","@graph":[{"@type":"WebSite","@id":"https:\/\/www.visit-ulcinj.com\/blog\/#website","url":"https:\/\/www.visit-ulcinj.com\/blog\/","name":"Lajme nga Ulqini","description":"Lajme,Vijesti,Ulqini,Ulqin,Crna Gora,Mali i Zi","potentialAction":[{"@type":"SearchAction","target":{"@type":"EntryPoint","urlTemplate":"https:\/\/www.visit-ulcinj.com\/blog\/?s={search_term_string}"},"query-input":"required name=search_term_string"}],"inLanguage":"en-US"},{"@type":"ImageObject","inLanguage":"en-US","@id":"https:\/\/www.visit-ulcinj.com\/blog\/2015\/04\/03\/polin-odustaje-od-stojskog-akva-parka\/#primaryimage","url":"https:\/\/www.visit-ulcinj.com\/blog\/wp-content\/uploads\/2014\/07\/akva-park-Ulcinj.jpg","contentUrl":"https:\/\/www.visit-ulcinj.com\/blog\/wp-content\/uploads\/2014\/07\/akva-park-Ulcinj.jpg","width":600,"height":416},{"@type":"WebPage","@id":"https:\/\/www.visit-ulcinj.com\/blog\/2015\/04\/03\/polin-odustaje-od-stojskog-akva-parka\/#webpage","url":"https:\/\/www.visit-ulcinj.com\/blog\/2015\/04\/03\/polin-odustaje-od-stojskog-akva-parka\/","name":"Polin odustaje od \u0161tojskog akva-parka - Lajme nga Ulqini","isPartOf":{"@id":"https:\/\/www.visit-ulcinj.com\/blog\/#website"},"primaryImageOfPage":{"@id":"https:\/\/www.visit-ulcinj.com\/blog\/2015\/04\/03\/polin-odustaje-od-stojskog-akva-parka\/#primaryimage"},"datePublished":"2015-04-03T21:21:46+00:00","dateModified":"2015-04-03T21:21:46+00:00","author":{"@id":"https:\/\/www.visit-ulcinj.com\/blog\/#\/schema\/person\/dcab619c614d3038751c63bc2aadc06d"},"description":"Vi\u0161emilionska investicija u \u0160toju ne\u0107e biti realizovana tokom ove godine. Zbog problema vezanih za vlasni\u0161tvo nad dijelom zemlji\u0161ta, turska kompanija","breadcrumb":{"@id":"https:\/\/www.visit-ulcinj.com\/blog\/2015\/04\/03\/polin-odustaje-od-stojskog-akva-parka\/#breadcrumb"},"inLanguage":"en-US","potentialAction":[{"@type":"ReadAction","target":["https:\/\/www.visit-ulcinj.com\/blog\/2015\/04\/03\/polin-odustaje-od-stojskog-akva-parka\/"]}]},{"@type":"BreadcrumbList","@id":"https:\/\/www.visit-ulcinj.com\/blog\/2015\/04\/03\/polin-odustaje-od-stojskog-akva-parka\/#breadcrumb","itemListElement":[{"@type":"ListItem","position":1,"name":"Polin odustaje od \u0161tojskog akva-parka"}]},{"@type":"Person","@id":"https:\/\/www.visit-ulcinj.com\/blog\/#\/schema\/person\/dcab619c614d3038751c63bc2aadc06d","name":"ulqini","sameAs":["http:\/\/www.visit-ulcinj.com"],"url":"https:\/\/www.visit-ulcinj.com\/blog\/author\/admin\/"}]}},"jetpack_featured_media_url":"","jetpack_sharing_enabled":true,"jetpack_shortlink":"https:\/\/wp.me\/pe6lTn-nmr","_links":{"self":[{"href":"https:\/\/www.visit-ulcinj.com\/blog\/wp-json\/wp\/v2\/posts\/89803"}],"collection":[{"href":"https:\/\/www.visit-ulcinj.com\/blog\/wp-json\/wp\/v2\/posts"}],"about":[{"href":"https:\/\/www.visit-ulcinj.com\/blog\/wp-json\/wp\/v2\/types\/post"}],"author":[{"embeddable":true,"href":"https:\/\/www.visit-ulcinj.com\/blog\/wp-json\/wp\/v2\/users\/1"}],"replies":[{"embeddable":true,"href":"https:\/\/www.visit-ulcinj.com\/blog\/wp-json\/wp\/v2\/comments?post=89803"}],"version-history":[{"count":1,"href":"https:\/\/www.visit-ulcinj.com\/blog\/wp-json\/wp\/v2\/posts\/89803\/revisions"}],"predecessor-version":[{"id":89804,"href":"https:\/\/www.visit-ulcinj.com\/blog\/wp-json\/wp\/v2\/posts\/89803\/revisions\/89804"}],"wp:attachment":[{"href":"https:\/\/www.visit-ulcinj.com\/blog\/wp-json\/wp\/v2\/media?parent=89803"}],"wp:term":[{"taxonomy":"category","embeddable":true,"href":"https:\/\/www.visit-ulcinj.com\/blog\/wp-json\/wp\/v2\/categories?post=89803"},{"taxonomy":"post_tag","embeddable":true,"href":"https:\/\/www.visit-ulcinj.com\/blog\/wp-json\/wp\/v2\/tags?post=89803"}],"curies":[{"name":"wp","href":"https:\/\/api.w.org\/{rel}","templated":true}]}}