{"id":89808,"date":"2015-04-04T17:44:23","date_gmt":"2015-04-04T16:44:23","guid":{"rendered":"http:\/\/www.visit-ulcinj.com\/blog\/?p=89808"},"modified":"2015-04-04T19:34:41","modified_gmt":"2015-04-04T18:34:41","slug":"kujtimet-e-thacit-per-ulqin-ne-facebook","status":"publish","type":"post","link":"https:\/\/www.visit-ulcinj.com\/blog\/2015\/04\/04\/kujtimet-e-thacit-per-ulqin-ne-facebook\/","title":{"rendered":"Kujtimet e Tha\u00e7it p\u00ebr Ulqin n\u00eb Facebook &#8211; Video"},"content":{"rendered":"<p><span id=\"fbPhotoSnowliftCaption\" class=\"fbPhotosPhotoCaption\" tabindex=\"0\" data-ft=\"{&quot;tn&quot;:&quot;K&quot;}\"><span class=\"hasCaption\"><a href=\"http:\/\/www.visit-ulcinj.com\/blog\/wp-content\/uploads\/2015\/04\/Hashim-Thaci-Ulqin.jpg\"><img loading=\"lazy\" class=\"alignleft wp-image-89809\" src=\"http:\/\/www.visit-ulcinj.com\/blog\/wp-content\/uploads\/2015\/04\/Hashim-Thaci-Ulqin.jpg\" alt=\"Hashim-Thaci-Ulqin\" width=\"508\" height=\"338\" \/><\/a>Te dashur miq nga Mali i Zi, Kosova dhe Shqiperia,<br \/>\nSot \u00ebsht\u00eb nj\u00eb dit\u00eb e vecant\u00eb p\u00ebr mua, nd\u00ebr m\u00eb t\u00eb vecantat prej se jam n\u00eb politik\u00eb \u2013 e n\u00eb politik\u00eb jam shum\u00eb gjat\u00eb, aq sa kan\u00eb filluar t\u00eb m\u00eb thinj\u00ebn flok\u00ebt pak\u00ebz.<br \/>\nKy nderim i juaji e b\u00ebn k\u00ebt\u00eb dit\u00eb t\u00eb vecant\u00eb p\u00ebr mua sepse t\u00eb jesh qytetar nderi i margaritarit mesdhetar t\u00eb quajtur Ulqin n\u00eb k\u00ebt\u00eb ceremoni t\u00eb papar\u00eb m\u00eb her\u00ebt m\u00eb sjell emocione t\u00eb thella dhe zgjojn\u00eb cdo kosovari kujtime t\u00eb shumta. (nga fjalimi i HTH)<\/span><\/span><span id=\"fbPhotoSnowliftTagList\" class=\"fbPhotoTagList\"> <\/span><\/p>\n<p><a href=\"http:\/\/www.visit-ulcinj.com\/blog\/wp-content\/uploads\/2015\/04\/Hashim-Thaci-Ulqin-1.jpg\"><img loading=\"lazy\" class=\"alignleft wp-image-89810\" src=\"http:\/\/www.visit-ulcinj.com\/blog\/wp-content\/uploads\/2015\/04\/Hashim-Thaci-Ulqin-1.jpg\" alt=\"Hashim-Thaci-Ulqin-1\" width=\"508\" height=\"338\" srcset=\"https:\/\/www.visit-ulcinj.com\/blog\/wp-content\/uploads\/2015\/04\/Hashim-Thaci-Ulqin-1.jpg 960w, https:\/\/www.visit-ulcinj.com\/blog\/wp-content\/uploads\/2015\/04\/Hashim-Thaci-Ulqin-1-300x200.jpg 300w\" sizes=\"(max-width: 508px) 100vw, 508px\" \/><\/a><\/p>\n<p><span id=\"fbPhotoSnowliftCaption\" class=\"fbPhotosPhotoCaption\" tabindex=\"0\" data-ft=\"{&quot;tn&quot;:&quot;K&quot;}\"><span class=\"hasCaption\">Ulqini \u00ebsht\u00eb nj\u00eb ur\u00eb. Ulqini shtrihet mbi nj\u00eb lum t\u00eb famsh\u00ebm Bun\u00ebn, por \u00ebsht\u00eb nj\u00eb ur\u00eb e popujve dhe njer\u00ebzve. Kosova e njeh Malin e Zi, por edhe Mali i Zi e nj\u00ebh Kosov\u00ebn n\u00ebp\u00ebrmjet Ulqinit.<br \/>\nPak ka f\u00ebmij\u00eb kosovar\u00eb q\u00eb nuk jan\u00eb lar\u00eb n\u00eb pllazhet e Ulqinit. Pak ka pleq kosovar\u00eb q\u00eb nuk jan\u00eb sh\u00ebruar me r\u00ebr\u00ebn e Ulqinit. Dimri po p\u00ebrfundon ngadale me shkundjen e fundit t\u00eb plakave dhe kur fillon vera, n\u00eb Kosov\u00eb fillojn\u00eb planet t\u00eb shkojm\u00eb n\u00eb Ulqin. E v\u00ebrtet\u00eb \u00ebsht\u00eb se Rruga e Kombit e ka hapur Shqip\u00ebrin\u00eb si kurr\u00eb m\u00eb her\u00ebt p\u00ebr turist\u00ebt kosovar\u00eb, por t\u00eb jeni t\u00eb bindur q\u00eb shum\u00eb prej atyre q\u00eb kalojn\u00eb ver\u00ebn n\u00eb Durr\u00ebs, Sarand\u00eb apo Sh\u00ebngjin, kalojn\u00eb s\u00eb paku edhe disa dit\u00eb n\u00eb Ulqin. (nga Fjalimi i HTH)<\/span><\/span><span id=\"fbPhotoSnowliftTagList\" class=\"fbPhotoTagList\"><\/span><\/p>\n<p><a href=\"http:\/\/www.visit-ulcinj.com\/blog\/wp-content\/uploads\/2015\/04\/Hashim-Thaci-Ulqin-4.jpg\"><img loading=\"lazy\" class=\"alignleft wp-image-89813\" src=\"http:\/\/www.visit-ulcinj.com\/blog\/wp-content\/uploads\/2015\/04\/Hashim-Thaci-Ulqin-4.jpg\" alt=\"Hashim-Thaci-Ulqin-4\" width=\"508\" height=\"338\" srcset=\"https:\/\/www.visit-ulcinj.com\/blog\/wp-content\/uploads\/2015\/04\/Hashim-Thaci-Ulqin-4.jpg 960w, https:\/\/www.visit-ulcinj.com\/blog\/wp-content\/uploads\/2015\/04\/Hashim-Thaci-Ulqin-4-300x200.jpg 300w\" sizes=\"(max-width: 508px) 100vw, 508px\" \/><\/a><\/p>\n<p><span id=\"fbPhotoSnowliftCaption\" class=\"fbPhotosPhotoCaption\" tabindex=\"0\" data-ft=\"{&quot;tn&quot;:&quot;K&quot;}\"><span class=\"hasCaption\">Prandaj \u00ebsht\u00eb ky nderim sot, t\u00eb jem nj\u00eb qytetar i Ulqinit s\u00eb bashku me Edin, nj\u00eb nder i vecant\u00eb. Ju po ma jepni nj\u00eb dekorat\u00eb q\u00eb vec e konfirmon at\u00eb q\u00eb e ndjej un\u00eb dhe shum\u00eb kosovar\u00eb tjer\u00eb \u2013 ne tashm\u00eb jemi ulqinak\u00eb dhe ndihemi n\u00eb Ulqin si n\u00eb sht\u00ebpin\u00eb ton\u00eb. (nga fjalimi i HTH)<\/span><\/span><span id=\"fbPhotoSnowliftTagList\" class=\"fbPhotoTagList\"><\/span><\/p>\n<p><a href=\"http:\/\/www.visit-ulcinj.com\/blog\/wp-content\/uploads\/2015\/04\/Hashim-Thaci-Ulqin-3.jpg\"><img loading=\"lazy\" class=\"alignleft wp-image-89812\" src=\"http:\/\/www.visit-ulcinj.com\/blog\/wp-content\/uploads\/2015\/04\/Hashim-Thaci-Ulqin-3.jpg\" alt=\"Hashim-Thaci-Ulqin-3\" width=\"508\" height=\"338\" srcset=\"https:\/\/www.visit-ulcinj.com\/blog\/wp-content\/uploads\/2015\/04\/Hashim-Thaci-Ulqin-3.jpg 960w, https:\/\/www.visit-ulcinj.com\/blog\/wp-content\/uploads\/2015\/04\/Hashim-Thaci-Ulqin-3-300x200.jpg 300w\" sizes=\"(max-width: 508px) 100vw, 508px\" \/><\/a><\/p>\n<p><span id=\"fbPhotoSnowliftCaption\" class=\"fbPhotosPhotoCaption\" tabindex=\"0\" data-ft=\"{&quot;tn&quot;:&quot;K&quot;}\"><span class=\"hasCaption\">Dua t\u00eb p\u00ebrfundoj aty ku fillova. Ulqini m\u00eb kalan\u00eb e vet, Ulqini me detin e kalt\u00ebr dhe Ulqini me ulqinak\u00ebt jan\u00eb nj\u00eb ur\u00eb. Ur\u00eb midis Kosov\u00ebs dhe Malit t\u00eb Zi. Ja q\u00eb Rruga e Kombit e futi n\u00eb k\u00ebt\u00eb vall\u00eb miq\u00ebsh edhe Shqip\u00ebrin\u00eb dhe ne tash kalojm\u00eb kah Shqip\u00ebria t\u00eb mb\u00ebrrijm\u00eb tek Ulqini i dashur. Nuk udh\u00ebtojm\u00eb m\u00eb 9 apo 10 or\u00eb t\u00eb vijm\u00eb tek ju por nisemi n\u00eb m\u00ebngjez dhe mb\u00ebrrijm\u00eb n\u00eb m\u00ebngjez p\u00ebr t\u00eb pir\u00eb kafe tek Pllazha e Vog\u00ebl, af\u00ebr Xhamis\u00eb s\u00eb Marinarit, p\u00ebr 4 or\u00eb. Vizitat tona vec sa e p\u00ebrforcojn\u00eb marr\u00ebdh\u00ebniet dhe lidhjet mes Podgoric\u00ebs dhe Prishtin\u00ebs. (nga fjalimi i HTH)<\/span><\/span><span id=\"fbPhotoSnowliftTagList\" class=\"fbPhotoTagList\"><span class=\"fcg\"> \u2013<\/span><\/span><\/p>\n<p><a href=\"http:\/\/www.visit-ulcinj.com\/blog\/wp-content\/uploads\/2015\/04\/Hashim-Thaci-Ulqin-2.jpg\"><img loading=\"lazy\" class=\"alignleft wp-image-89811\" src=\"http:\/\/www.visit-ulcinj.com\/blog\/wp-content\/uploads\/2015\/04\/Hashim-Thaci-Ulqin-2.jpg\" alt=\"Hashim-Thaci-Ulqin-2\" width=\"508\" height=\"338\" srcset=\"https:\/\/www.visit-ulcinj.com\/blog\/wp-content\/uploads\/2015\/04\/Hashim-Thaci-Ulqin-2.jpg 960w, https:\/\/www.visit-ulcinj.com\/blog\/wp-content\/uploads\/2015\/04\/Hashim-Thaci-Ulqin-2-300x200.jpg 300w\" sizes=\"(max-width: 508px) 100vw, 508px\" \/><\/a><\/p>\n<p><span id=\"fbPhotoSnowliftCaption\" class=\"fbPhotosPhotoCaption\" tabindex=\"0\" data-ft=\"{&quot;tn&quot;:&quot;K&quot;}\"><span class=\"hasCaption\">Un\u00eb fal\u00ebnderoj lidershipin malazias p\u00ebr takimet q\u00eb pat\u00ebm q\u00eb n\u00eb fillim t\u00eb vitit dhe do t\u00eb jem nikoqiri i juaji edhe nj\u00eb her\u00eb n\u00eb fund t\u00eb k\u00ebtij muaji kur ta n\u00ebnshkruajm\u00eb vij\u00ebn e p\u00ebrbashk\u00ebt kufitare. Bashk\u00ebpunimi n\u00eb mes kryeqyteteve tona \u00ebsht\u00eb shum\u00eb i mir\u00eb, mund ta quaj edhe shembullor. Ne mezi presim q\u00eb Mali i Zi t\u00eb hyn n\u00eb NATO dhe BE sepse kjo na b\u00ebn edhe neve n\u00eb Kosov\u00eb m\u00eb t\u00eb sigurt\u00eb. (nga fjalimi i HTH)<\/span><\/span><span id=\"fbPhotoSnowliftTagList\" class=\"fbPhotoTagList\"><\/span><\/p>\n<p><a href=\"http:\/\/www.visit-ulcinj.com\/blog\/wp-content\/uploads\/2015\/04\/Hashim-Thaci-Ulqin-7.jpg\"><img loading=\"lazy\" class=\"alignleft size-full wp-image-89816\" src=\"http:\/\/www.visit-ulcinj.com\/blog\/wp-content\/uploads\/2015\/04\/Hashim-Thaci-Ulqin-7.jpg\" alt=\"Hashim-Thaci-Ulqin-7\" width=\"508\" height=\"360\" \/><\/a><\/p>\n<p>Historia e Kosov\u00ebs \u00ebsht\u00eb pandash\u00ebm e ngjizur me Ulqinin dhe ulqinak\u00ebt. Kur ne hap\u00ebm Universitetin e Prishtin\u00ebs, u hap edhe nj\u00eb dritare e emancipimit p\u00ebr ulqinak\u00ebt. N\u00eb konviktet tona, n\u00eb menzat tona, n\u00eb shoq\u00ebrit\u00eb tona u p\u00ebrfshin\u00eb edhe ulqinak\u00ebt. U krijuan lidhjet e dashuris\u00eb, martesat, shoq\u00ebrit\u00eb e pandashme q\u00eb e b\u00ebjn\u00eb Ulqinin po aq Kosov\u00eb sa edhe Peja apo Prizreni. F\u00ebmij\u00ebt tan\u00eb n\u00eb shkolla fillore jan\u00eb rritur me vargjet e Hajro Ulqinakut. (nga fjalimi i HTH)<\/p>\n<p><a href=\"http:\/\/www.visit-ulcinj.com\/blog\/wp-content\/uploads\/2015\/04\/Hashim-Thaci-Ulqin-5.jpg\"><img loading=\"lazy\" class=\"alignleft wp-image-89814\" src=\"http:\/\/www.visit-ulcinj.com\/blog\/wp-content\/uploads\/2015\/04\/Hashim-Thaci-Ulqin-5.jpg\" alt=\"Hashim-Thaci-Ulqin-5\" width=\"508\" height=\"338\" srcset=\"https:\/\/www.visit-ulcinj.com\/blog\/wp-content\/uploads\/2015\/04\/Hashim-Thaci-Ulqin-5.jpg 960w, https:\/\/www.visit-ulcinj.com\/blog\/wp-content\/uploads\/2015\/04\/Hashim-Thaci-Ulqin-5-300x200.jpg 300w\" sizes=\"(max-width: 508px) 100vw, 508px\" \/><\/a><\/p>\n<p><span id=\"fbPhotoSnowliftCaption\" class=\"fbPhotosPhotoCaption\" tabindex=\"0\" data-ft=\"{&quot;tn&quot;:&quot;K&quot;}\"><span class=\"hasCaption\">Ulqini bashkon njer\u00ebzit edhe mij\u00ebra kilometra larg Ballkanit. E dini se kur shkoj n\u00eb Nju Jork, buk\u00ebn e ha n\u00eb restorane t\u00eb ulqinak\u00ebve? Jo vet\u00ebm un\u00eb, por e mbar\u00eb bota takohet n\u00eb restoranet e famshme ulqinake n\u00eb Amerik\u00eb. (nga fjalimi i HTH)<\/span><\/span><span id=\"fbPhotoSnowliftTagList\" class=\"fbPhotoTagList\"><\/span><\/p>\n<p><a href=\"http:\/\/www.visit-ulcinj.com\/blog\/wp-content\/uploads\/2015\/04\/Hashim-Thaci-Ulqin-6.jpg\"><img loading=\"lazy\" class=\"alignleft wp-image-89815\" src=\"http:\/\/www.visit-ulcinj.com\/blog\/wp-content\/uploads\/2015\/04\/Hashim-Thaci-Ulqin-6.jpg\" alt=\"Hashim-Thaci-Ulqin-6\" width=\"508\" height=\"301\" srcset=\"https:\/\/www.visit-ulcinj.com\/blog\/wp-content\/uploads\/2015\/04\/Hashim-Thaci-Ulqin-6.jpg 960w, https:\/\/www.visit-ulcinj.com\/blog\/wp-content\/uploads\/2015\/04\/Hashim-Thaci-Ulqin-6-300x178.jpg 300w\" sizes=\"(max-width: 508px) 100vw, 508px\" \/><\/a><\/p>\n<p><span id=\"fbPhotoSnowliftCaption\" class=\"fbPhotosPhotoCaption\" tabindex=\"0\" data-ft=\"{&quot;tn&quot;:&quot;K&quot;}\"><span class=\"hasCaption\">Prandaj, p\u00ebr k\u00ebto arsye q\u00eb i num\u00ebrova, edhe nj\u00eb her\u00eb, sot ishte n\u00eb dit\u00eb e vecant\u00eb p\u00ebr mua, ta quaj veht\u00ebn ulqinak i nderit. Ju f\u00ebleminderit p\u00ebr k\u00ebt\u00eb ceremoni madh\u00ebshtore, ju fal\u00ebnderoj p\u00ebr nderin q\u00eb ma b\u00ebt\u00eb dhe ju fal\u00ebnderoj edhe nj\u00eb her\u00eb nga zemra dhe n\u00eb em\u00ebr t\u00eb Kosov\u00ebs p\u00ebr qinda mij\u00ebra e mij\u00ebra momente t\u00eb dashuris\u00eb, zem\u00ebrgj\u00ebr\u00ebsis\u00eb dhe miq\u00ebsis\u00eb q\u00eb nd\u00ebr vite i d\u00ebshmuat Kosov\u00ebs. (nga fjalimi i HTH)<\/span><\/span><span id=\"fbPhotoSnowliftTagList\" class=\"fbPhotoTagList\"><\/span><\/p>\n<!--YouTube Error: bad URL entered-->\n<p>&nbsp;<\/p>\n","protected":false},"excerpt":{"rendered":"<p>Te dashur miq nga Mali i Zi, Kosova dhe Shqiperia, Sot \u00ebsht\u00eb nj\u00eb dit\u00eb e vecant\u00eb p\u00ebr mua, nd\u00ebr m\u00eb t\u00eb vecantat prej se jam n\u00eb politik\u00eb \u2013 e n\u00eb politik\u00eb jam shum\u00eb gjat\u00eb, aq sa kan\u00eb filluar t\u00eb m\u00eb thinj\u00ebn flok\u00ebt pak\u00ebz. Ky nderim i juaji e b\u00ebn k\u00ebt\u00eb dit\u00eb t\u00eb vecant\u00eb p\u00ebr mua [&hellip;]<\/p>\n","protected":false},"author":1,"featured_media":0,"comment_status":"closed","ping_status":"closed","sticky":false,"template":"","format":"standard","meta":{"spay_email":"","jetpack_publicize_message":"","jetpack_is_tweetstorm":false,"jetpack_publicize_feature_enabled":true},"categories":[6,12],"tags":[],"jetpack_publicize_connections":[],"yoast_head":"<!-- This site is optimized with the Yoast SEO plugin v19.1 - https:\/\/yoast.com\/wordpress\/plugins\/seo\/ -->\n<title>Kujtimet e Tha\u00e7it p\u00ebr Ulqin n\u00eb Facebook - Video - Lajme nga Ulqini<\/title>\n<meta name=\"description\" content=\"Te dashur miq nga Mali i Zi, Kosova dhe Shqiperia, Sot \u00ebsht\u00eb nj\u00eb dit\u00eb e vecant\u00eb p\u00ebr mua, nd\u00ebr m\u00eb t\u00eb vecantat prej se jam n\u00eb politik\u00eb \u2013 e n\u00eb politik\u00eb jam\" \/>\n<meta name=\"robots\" content=\"index, follow, max-snippet:-1, max-image-preview:large, max-video-preview:-1\" \/>\n<link rel=\"canonical\" href=\"https:\/\/www.visit-ulcinj.com\/blog\/2015\/04\/04\/kujtimet-e-thacit-per-ulqin-ne-facebook\/\" \/>\n<meta property=\"og:locale\" content=\"en_US\" \/>\n<meta property=\"og:type\" content=\"article\" \/>\n<meta property=\"og:title\" content=\"Kujtimet e Tha\u00e7it p\u00ebr Ulqin n\u00eb Facebook - Video - Lajme nga Ulqini\" \/>\n<meta property=\"og:description\" content=\"Te dashur miq nga Mali i Zi, Kosova dhe Shqiperia, Sot \u00ebsht\u00eb nj\u00eb dit\u00eb e vecant\u00eb p\u00ebr mua, nd\u00ebr m\u00eb t\u00eb vecantat prej se jam n\u00eb politik\u00eb \u2013 e n\u00eb politik\u00eb jam\" \/>\n<meta property=\"og:url\" content=\"https:\/\/www.visit-ulcinj.com\/blog\/2015\/04\/04\/kujtimet-e-thacit-per-ulqin-ne-facebook\/\" \/>\n<meta property=\"og:site_name\" content=\"Lajme nga Ulqini\" \/>\n<meta property=\"article:published_time\" content=\"2015-04-04T16:44:23+00:00\" \/>\n<meta property=\"article:modified_time\" content=\"2015-04-04T18:34:41+00:00\" \/>\n<meta property=\"og:image\" content=\"http:\/\/www.visit-ulcinj.com\/blog\/wp-content\/uploads\/2015\/04\/Hashim-Thaci-Ulqin.jpg\" \/>\n<meta name=\"twitter:label1\" content=\"Written by\" \/>\n\t<meta name=\"twitter:data1\" content=\"ulqini\" \/>\n\t<meta name=\"twitter:label2\" content=\"Est. reading time\" \/>\n\t<meta name=\"twitter:data2\" content=\"4 minutes\" \/>\n<script type=\"application\/ld+json\" class=\"yoast-schema-graph\">{\"@context\":\"https:\/\/schema.org\",\"@graph\":[{\"@type\":\"WebSite\",\"@id\":\"https:\/\/www.visit-ulcinj.com\/blog\/#website\",\"url\":\"https:\/\/www.visit-ulcinj.com\/blog\/\",\"name\":\"Lajme nga Ulqini\",\"description\":\"Lajme,Vijesti,Ulqini,Ulqin,Crna Gora,Mali i Zi\",\"potentialAction\":[{\"@type\":\"SearchAction\",\"target\":{\"@type\":\"EntryPoint\",\"urlTemplate\":\"https:\/\/www.visit-ulcinj.com\/blog\/?s={search_term_string}\"},\"query-input\":\"required name=search_term_string\"}],\"inLanguage\":\"en-US\"},{\"@type\":\"ImageObject\",\"inLanguage\":\"en-US\",\"@id\":\"https:\/\/www.visit-ulcinj.com\/blog\/2015\/04\/04\/kujtimet-e-thacit-per-ulqin-ne-facebook\/#primaryimage\",\"url\":\"http:\/\/www.visit-ulcinj.com\/blog\/wp-content\/uploads\/2015\/04\/Hashim-Thaci-Ulqin.jpg\",\"contentUrl\":\"http:\/\/www.visit-ulcinj.com\/blog\/wp-content\/uploads\/2015\/04\/Hashim-Thaci-Ulqin.jpg\"},{\"@type\":\"WebPage\",\"@id\":\"https:\/\/www.visit-ulcinj.com\/blog\/2015\/04\/04\/kujtimet-e-thacit-per-ulqin-ne-facebook\/#webpage\",\"url\":\"https:\/\/www.visit-ulcinj.com\/blog\/2015\/04\/04\/kujtimet-e-thacit-per-ulqin-ne-facebook\/\",\"name\":\"Kujtimet e Tha\u00e7it p\u00ebr Ulqin n\u00eb Facebook - Video - Lajme nga Ulqini\",\"isPartOf\":{\"@id\":\"https:\/\/www.visit-ulcinj.com\/blog\/#website\"},\"primaryImageOfPage\":{\"@id\":\"https:\/\/www.visit-ulcinj.com\/blog\/2015\/04\/04\/kujtimet-e-thacit-per-ulqin-ne-facebook\/#primaryimage\"},\"datePublished\":\"2015-04-04T16:44:23+00:00\",\"dateModified\":\"2015-04-04T18:34:41+00:00\",\"author\":{\"@id\":\"https:\/\/www.visit-ulcinj.com\/blog\/#\/schema\/person\/dcab619c614d3038751c63bc2aadc06d\"},\"description\":\"Te dashur miq nga Mali i Zi, Kosova dhe Shqiperia, Sot \u00ebsht\u00eb nj\u00eb dit\u00eb e vecant\u00eb p\u00ebr mua, nd\u00ebr m\u00eb t\u00eb vecantat prej se jam n\u00eb politik\u00eb \u2013 e n\u00eb politik\u00eb jam\",\"breadcrumb\":{\"@id\":\"https:\/\/www.visit-ulcinj.com\/blog\/2015\/04\/04\/kujtimet-e-thacit-per-ulqin-ne-facebook\/#breadcrumb\"},\"inLanguage\":\"en-US\",\"potentialAction\":[{\"@type\":\"ReadAction\",\"target\":[\"https:\/\/www.visit-ulcinj.com\/blog\/2015\/04\/04\/kujtimet-e-thacit-per-ulqin-ne-facebook\/\"]}]},{\"@type\":\"BreadcrumbList\",\"@id\":\"https:\/\/www.visit-ulcinj.com\/blog\/2015\/04\/04\/kujtimet-e-thacit-per-ulqin-ne-facebook\/#breadcrumb\",\"itemListElement\":[{\"@type\":\"ListItem\",\"position\":1,\"name\":\"Kujtimet e Tha\u00e7it p\u00ebr Ulqin n\u00eb Facebook &#8211; Video\"}]},{\"@type\":\"Person\",\"@id\":\"https:\/\/www.visit-ulcinj.com\/blog\/#\/schema\/person\/dcab619c614d3038751c63bc2aadc06d\",\"name\":\"ulqini\",\"sameAs\":[\"http:\/\/www.visit-ulcinj.com\"],\"url\":\"https:\/\/www.visit-ulcinj.com\/blog\/author\/admin\/\"}]}<\/script>\n<!-- \/ Yoast SEO plugin. -->","yoast_head_json":{"title":"Kujtimet e Tha\u00e7it p\u00ebr Ulqin n\u00eb Facebook - Video - Lajme nga Ulqini","description":"Te dashur miq nga Mali i Zi, Kosova dhe Shqiperia, Sot \u00ebsht\u00eb nj\u00eb dit\u00eb e vecant\u00eb p\u00ebr mua, nd\u00ebr m\u00eb t\u00eb vecantat prej se jam n\u00eb politik\u00eb \u2013 e n\u00eb politik\u00eb jam","robots":{"index":"index","follow":"follow","max-snippet":"max-snippet:-1","max-image-preview":"max-image-preview:large","max-video-preview":"max-video-preview:-1"},"canonical":"https:\/\/www.visit-ulcinj.com\/blog\/2015\/04\/04\/kujtimet-e-thacit-per-ulqin-ne-facebook\/","og_locale":"en_US","og_type":"article","og_title":"Kujtimet e Tha\u00e7it p\u00ebr Ulqin n\u00eb Facebook - Video - Lajme nga Ulqini","og_description":"Te dashur miq nga Mali i Zi, Kosova dhe Shqiperia, Sot \u00ebsht\u00eb nj\u00eb dit\u00eb e vecant\u00eb p\u00ebr mua, nd\u00ebr m\u00eb t\u00eb vecantat prej se jam n\u00eb politik\u00eb \u2013 e n\u00eb politik\u00eb jam","og_url":"https:\/\/www.visit-ulcinj.com\/blog\/2015\/04\/04\/kujtimet-e-thacit-per-ulqin-ne-facebook\/","og_site_name":"Lajme nga Ulqini","article_published_time":"2015-04-04T16:44:23+00:00","article_modified_time":"2015-04-04T18:34:41+00:00","og_image":[{"url":"http:\/\/www.visit-ulcinj.com\/blog\/wp-content\/uploads\/2015\/04\/Hashim-Thaci-Ulqin.jpg"}],"twitter_misc":{"Written by":"ulqini","Est. reading time":"4 minutes"},"schema":{"@context":"https:\/\/schema.org","@graph":[{"@type":"WebSite","@id":"https:\/\/www.visit-ulcinj.com\/blog\/#website","url":"https:\/\/www.visit-ulcinj.com\/blog\/","name":"Lajme nga Ulqini","description":"Lajme,Vijesti,Ulqini,Ulqin,Crna Gora,Mali i Zi","potentialAction":[{"@type":"SearchAction","target":{"@type":"EntryPoint","urlTemplate":"https:\/\/www.visit-ulcinj.com\/blog\/?s={search_term_string}"},"query-input":"required name=search_term_string"}],"inLanguage":"en-US"},{"@type":"ImageObject","inLanguage":"en-US","@id":"https:\/\/www.visit-ulcinj.com\/blog\/2015\/04\/04\/kujtimet-e-thacit-per-ulqin-ne-facebook\/#primaryimage","url":"http:\/\/www.visit-ulcinj.com\/blog\/wp-content\/uploads\/2015\/04\/Hashim-Thaci-Ulqin.jpg","contentUrl":"http:\/\/www.visit-ulcinj.com\/blog\/wp-content\/uploads\/2015\/04\/Hashim-Thaci-Ulqin.jpg"},{"@type":"WebPage","@id":"https:\/\/www.visit-ulcinj.com\/blog\/2015\/04\/04\/kujtimet-e-thacit-per-ulqin-ne-facebook\/#webpage","url":"https:\/\/www.visit-ulcinj.com\/blog\/2015\/04\/04\/kujtimet-e-thacit-per-ulqin-ne-facebook\/","name":"Kujtimet e Tha\u00e7it p\u00ebr Ulqin n\u00eb Facebook - Video - Lajme nga Ulqini","isPartOf":{"@id":"https:\/\/www.visit-ulcinj.com\/blog\/#website"},"primaryImageOfPage":{"@id":"https:\/\/www.visit-ulcinj.com\/blog\/2015\/04\/04\/kujtimet-e-thacit-per-ulqin-ne-facebook\/#primaryimage"},"datePublished":"2015-04-04T16:44:23+00:00","dateModified":"2015-04-04T18:34:41+00:00","author":{"@id":"https:\/\/www.visit-ulcinj.com\/blog\/#\/schema\/person\/dcab619c614d3038751c63bc2aadc06d"},"description":"Te dashur miq nga Mali i Zi, Kosova dhe Shqiperia, Sot \u00ebsht\u00eb nj\u00eb dit\u00eb e vecant\u00eb p\u00ebr mua, nd\u00ebr m\u00eb t\u00eb vecantat prej se jam n\u00eb politik\u00eb \u2013 e n\u00eb politik\u00eb jam","breadcrumb":{"@id":"https:\/\/www.visit-ulcinj.com\/blog\/2015\/04\/04\/kujtimet-e-thacit-per-ulqin-ne-facebook\/#breadcrumb"},"inLanguage":"en-US","potentialAction":[{"@type":"ReadAction","target":["https:\/\/www.visit-ulcinj.com\/blog\/2015\/04\/04\/kujtimet-e-thacit-per-ulqin-ne-facebook\/"]}]},{"@type":"BreadcrumbList","@id":"https:\/\/www.visit-ulcinj.com\/blog\/2015\/04\/04\/kujtimet-e-thacit-per-ulqin-ne-facebook\/#breadcrumb","itemListElement":[{"@type":"ListItem","position":1,"name":"Kujtimet e Tha\u00e7it p\u00ebr Ulqin n\u00eb Facebook &#8211; Video"}]},{"@type":"Person","@id":"https:\/\/www.visit-ulcinj.com\/blog\/#\/schema\/person\/dcab619c614d3038751c63bc2aadc06d","name":"ulqini","sameAs":["http:\/\/www.visit-ulcinj.com"],"url":"https:\/\/www.visit-ulcinj.com\/blog\/author\/admin\/"}]}},"jetpack_featured_media_url":"","jetpack_sharing_enabled":true,"jetpack_shortlink":"https:\/\/wp.me\/pe6lTn-nmw","_links":{"self":[{"href":"https:\/\/www.visit-ulcinj.com\/blog\/wp-json\/wp\/v2\/posts\/89808"}],"collection":[{"href":"https:\/\/www.visit-ulcinj.com\/blog\/wp-json\/wp\/v2\/posts"}],"about":[{"href":"https:\/\/www.visit-ulcinj.com\/blog\/wp-json\/wp\/v2\/types\/post"}],"author":[{"embeddable":true,"href":"https:\/\/www.visit-ulcinj.com\/blog\/wp-json\/wp\/v2\/users\/1"}],"replies":[{"embeddable":true,"href":"https:\/\/www.visit-ulcinj.com\/blog\/wp-json\/wp\/v2\/comments?post=89808"}],"version-history":[{"count":4,"href":"https:\/\/www.visit-ulcinj.com\/blog\/wp-json\/wp\/v2\/posts\/89808\/revisions"}],"predecessor-version":[{"id":89855,"href":"https:\/\/www.visit-ulcinj.com\/blog\/wp-json\/wp\/v2\/posts\/89808\/revisions\/89855"}],"wp:attachment":[{"href":"https:\/\/www.visit-ulcinj.com\/blog\/wp-json\/wp\/v2\/media?parent=89808"}],"wp:term":[{"taxonomy":"category","embeddable":true,"href":"https:\/\/www.visit-ulcinj.com\/blog\/wp-json\/wp\/v2\/categories?post=89808"},{"taxonomy":"post_tag","embeddable":true,"href":"https:\/\/www.visit-ulcinj.com\/blog\/wp-json\/wp\/v2\/tags?post=89808"}],"curies":[{"name":"wp","href":"https:\/\/api.w.org\/{rel}","templated":true}]}}