{"id":89819,"date":"2015-04-04T18:21:11","date_gmt":"2015-04-04T17:21:11","guid":{"rendered":"http:\/\/www.visit-ulcinj.com\/blog\/?p=89819"},"modified":"2015-04-04T18:21:31","modified_gmt":"2015-04-04T17:21:31","slug":"predsjednik-filip-vujanovic-u-ulcinju","status":"publish","type":"post","link":"https:\/\/www.visit-ulcinj.com\/blog\/2015\/04\/04\/predsjednik-filip-vujanovic-u-ulcinju\/","title":{"rendered":"Predsjednik Filip Vujanovi\u0107 u Ulcinju"},"content":{"rendered":"<p><a href=\"http:\/\/www.visit-ulcinj.com\/blog\/wp-content\/uploads\/2015\/04\/Hashim-Thaci-Ulqin-3.jpg\"><img loading=\"lazy\" class=\"alignleft wp-image-89812\" src=\"http:\/\/www.visit-ulcinj.com\/blog\/wp-content\/uploads\/2015\/04\/Hashim-Thaci-Ulqin-3.jpg\" alt=\"Hashim-Thaci-Ulqin-3\" width=\"508\" height=\"338\" srcset=\"https:\/\/www.visit-ulcinj.com\/blog\/wp-content\/uploads\/2015\/04\/Hashim-Thaci-Ulqin-3.jpg 960w, https:\/\/www.visit-ulcinj.com\/blog\/wp-content\/uploads\/2015\/04\/Hashim-Thaci-Ulqin-3-300x200.jpg 300w\" sizes=\"(max-width: 508px) 100vw, 508px\" \/><\/a>Predsjednik Crne Gore Filip Vujanovi\u0107 prisustvovao je danas sve\u010danoj sjednici SO Ulcinj , koja je odr\u017eana povodom Dana op\u0161tine.<\/p>\n<p>Predsjednik je gra\u0111anima i gra\u0111ankama Ulcinja, odbornicima, predsjedniku Skup\u0161tine i predsjedniku Op\u0161tine \u010destitao Dan Ulcinja i iskazao po\u0161tovanje za ono \u0161to je u\u010dinjeno izme\u0111u dva praznika i uvjerenje da \u0107e projekti imati realnu osnovu za svoju realizaciju, i za valorizaciju resursa Ulcinja. Predsjednik je rekao da su ti resursi izuetno vrijedni, da treba da donesu dobro gra\u0111anima Ulcinja ali i Crne Gore, uz ubje\u0111enje da \u0107e ono \u0161to je turisti\u010dka ponuda, ponuda razvoja poljoprivrede i razvoja ukupne ekonimije, biti iskori\u0161\u0107ena za dobro gra\u0111ana Ulcinja, i dobro Crne Gore.<\/p>\n<p>Pitanje novinara: Gospodine Predsjedni\u010de ono \u0161to se danas desilo, predsjednik Vlade Albanije i ministar spoljni poslova Kosova dobili su status gra\u0111ana Ulcinja i ta odluka je izazvala odre\u0111ene kontraverze u javnosti, kako sa aspekta njihovog li\u010dnog, tako i sa aspekta dono\u0161enja same odluke. \u0160ta Vi mislite o tome?<\/p>\n<p>Odgovor Predsjednika: Vi ste \u010duli za razloge koji su motivisali predsjednika Op\u0161tine da donese takvu odluku. On ih je jasno i detaljno saop\u0161tio. Ja nemam potrebe da obrazla\u017eem. To je odluka koju je on prezentirao javnosti i javnost se upoznala sa njom. Mislim da nema potrebe da ja obja\u0161njavam ono \u0161to je on objasnio javnosti.<\/p>\n<p>Pitanje novinara: Predsjedni\u010de, Dan op\u0161tine Ulcinj koji svjedo\u010di da Crna Gora ima odli\u010dne odnose sa susjedima.<\/p>\n<p>Odgovor Predsjednika: Apsolutno. Mi se zala\u017eemo za dobrosusjedske odnose kao najve\u0107u vrijednost Crne Gore. Mi smatramo da su oni osnova sa koje se polazi u razvoje regionalnih odnosa i afirmaciju ukupnog me\u0111unarodnog ugleda Crne Gore. Razgovarao sam sa premijerom Ramom o potrebi da afirmi\u0161emo projekte koji se odnose na za\u0161titu Skadarskog jezera i Bojane, na za\u0161titu Prokletija kao Nacionalnog parka, na afirmaciju Jadransko-jonskog autoputa ali i na afirmaciju Jadransko-jonskog gasovoda. To su regionalni infrastrukturni projekti koje Crna Gora i Albanija vide kao zajedni\u010dki interes i potrebu da afirmi\u0161u dobru infrastrukturu da bi se dvije ekonomije sna\u017enije povezale i da bi se obezbijedila \u0161to bolja komunikacija gra\u0111ana. Sa potpredsjednikom i ministrom inostranih poslova Kosova gospodinom Ta\u010dijem razgovarao sam o potrebi da zavr\u0161imo Ugovor o utvr\u0111enju grani\u010dne linije mislim da je samo pitanje nedjelja kada \u0107e se on potpisati, da poka\u017eemo da smo jedan ozbiljan i odgovoran odnos zavr\u0161ili kao dobri susjedi. Da afirmi\u0161emo dobru komunikaciju gra\u0111ana, da pove\u017eemo dvije ekonomije, da turisti\u010dku valorizaciju ovog prostora prema Kosovu i nadalje afirmi\u0161emo i da poka\u017eemo da kao zemlje koje su susjedi mo\u017eemo zaista da razvijamo dobrosusjedske odnose u krajnje prijateljskoj atmosferi.<\/p>\n<p><strong><span style=\"color: #000000;\">Izvor: Predsjednik Crne Gore<\/span><\/strong><\/p>\n","protected":false},"excerpt":{"rendered":"<p>Predsjednik Crne Gore Filip Vujanovi\u0107 prisustvovao je danas sve\u010danoj sjednici SO Ulcinj , koja je odr\u017eana povodom Dana op\u0161tine. Predsjednik je gra\u0111anima i gra\u0111ankama Ulcinja, odbornicima, predsjedniku Skup\u0161tine i predsjedniku Op\u0161tine \u010destitao Dan Ulcinja i iskazao po\u0161tovanje za ono \u0161to je u\u010dinjeno izme\u0111u dva praznika i uvjerenje da \u0107e projekti imati realnu osnovu za svoju [&hellip;]<\/p>\n","protected":false},"author":1,"featured_media":0,"comment_status":"closed","ping_status":"closed","sticky":false,"template":"","format":"standard","meta":{"spay_email":"","jetpack_publicize_message":"","jetpack_is_tweetstorm":false,"jetpack_publicize_feature_enabled":true},"categories":[8337],"tags":[],"jetpack_publicize_connections":[],"yoast_head":"<!-- This site is optimized with the Yoast SEO plugin v19.1 - https:\/\/yoast.com\/wordpress\/plugins\/seo\/ -->\n<title>Predsjednik Filip Vujanovi\u0107 u Ulcinju - Lajme nga Ulqini<\/title>\n<meta name=\"description\" content=\"Predsjednik Crne Gore Filip Vujanovi\u0107 prisustvovao je danas sve\u010danoj sjednici SO Ulcinj , koja je odr\u017eana povodom Dana op\u0161tine. Predsjednik je gra\u0111anima i\" \/>\n<meta name=\"robots\" content=\"index, follow, max-snippet:-1, max-image-preview:large, max-video-preview:-1\" \/>\n<link rel=\"canonical\" href=\"https:\/\/www.visit-ulcinj.com\/blog\/2015\/04\/04\/predsjednik-filip-vujanovic-u-ulcinju\/\" \/>\n<meta property=\"og:locale\" content=\"en_US\" \/>\n<meta property=\"og:type\" content=\"article\" \/>\n<meta property=\"og:title\" content=\"Predsjednik Filip Vujanovi\u0107 u Ulcinju - Lajme nga Ulqini\" \/>\n<meta property=\"og:description\" content=\"Predsjednik Crne Gore Filip Vujanovi\u0107 prisustvovao je danas sve\u010danoj sjednici SO Ulcinj , koja je odr\u017eana povodom Dana op\u0161tine. Predsjednik je gra\u0111anima i\" \/>\n<meta property=\"og:url\" content=\"https:\/\/www.visit-ulcinj.com\/blog\/2015\/04\/04\/predsjednik-filip-vujanovic-u-ulcinju\/\" \/>\n<meta property=\"og:site_name\" content=\"Lajme nga Ulqini\" \/>\n<meta property=\"article:published_time\" content=\"2015-04-04T17:21:11+00:00\" \/>\n<meta property=\"article:modified_time\" content=\"2015-04-04T17:21:31+00:00\" \/>\n<meta property=\"og:image\" content=\"http:\/\/www.visit-ulcinj.com\/blog\/wp-content\/uploads\/2015\/04\/Hashim-Thaci-Ulqin-3.jpg\" \/>\n<meta name=\"twitter:label1\" content=\"Written by\" \/>\n\t<meta name=\"twitter:data1\" content=\"ulqini\" \/>\n\t<meta name=\"twitter:label2\" content=\"Est. reading time\" \/>\n\t<meta name=\"twitter:data2\" content=\"2 minutes\" \/>\n<script type=\"application\/ld+json\" class=\"yoast-schema-graph\">{\"@context\":\"https:\/\/schema.org\",\"@graph\":[{\"@type\":\"WebSite\",\"@id\":\"https:\/\/www.visit-ulcinj.com\/blog\/#website\",\"url\":\"https:\/\/www.visit-ulcinj.com\/blog\/\",\"name\":\"Lajme nga Ulqini\",\"description\":\"Lajme,Vijesti,Ulqini,Ulqin,Crna Gora,Mali i Zi\",\"potentialAction\":[{\"@type\":\"SearchAction\",\"target\":{\"@type\":\"EntryPoint\",\"urlTemplate\":\"https:\/\/www.visit-ulcinj.com\/blog\/?s={search_term_string}\"},\"query-input\":\"required name=search_term_string\"}],\"inLanguage\":\"en-US\"},{\"@type\":\"ImageObject\",\"inLanguage\":\"en-US\",\"@id\":\"https:\/\/www.visit-ulcinj.com\/blog\/2015\/04\/04\/predsjednik-filip-vujanovic-u-ulcinju\/#primaryimage\",\"url\":\"https:\/\/www.visit-ulcinj.com\/blog\/wp-content\/uploads\/2015\/04\/Hashim-Thaci-Ulqin-3.jpg\",\"contentUrl\":\"https:\/\/www.visit-ulcinj.com\/blog\/wp-content\/uploads\/2015\/04\/Hashim-Thaci-Ulqin-3.jpg\",\"width\":960,\"height\":639},{\"@type\":\"WebPage\",\"@id\":\"https:\/\/www.visit-ulcinj.com\/blog\/2015\/04\/04\/predsjednik-filip-vujanovic-u-ulcinju\/#webpage\",\"url\":\"https:\/\/www.visit-ulcinj.com\/blog\/2015\/04\/04\/predsjednik-filip-vujanovic-u-ulcinju\/\",\"name\":\"Predsjednik Filip Vujanovi\u0107 u Ulcinju - Lajme nga Ulqini\",\"isPartOf\":{\"@id\":\"https:\/\/www.visit-ulcinj.com\/blog\/#website\"},\"primaryImageOfPage\":{\"@id\":\"https:\/\/www.visit-ulcinj.com\/blog\/2015\/04\/04\/predsjednik-filip-vujanovic-u-ulcinju\/#primaryimage\"},\"datePublished\":\"2015-04-04T17:21:11+00:00\",\"dateModified\":\"2015-04-04T17:21:31+00:00\",\"author\":{\"@id\":\"https:\/\/www.visit-ulcinj.com\/blog\/#\/schema\/person\/dcab619c614d3038751c63bc2aadc06d\"},\"description\":\"Predsjednik Crne Gore Filip Vujanovi\u0107 prisustvovao je danas sve\u010danoj sjednici SO Ulcinj , koja je odr\u017eana povodom Dana op\u0161tine. Predsjednik je gra\u0111anima i\",\"breadcrumb\":{\"@id\":\"https:\/\/www.visit-ulcinj.com\/blog\/2015\/04\/04\/predsjednik-filip-vujanovic-u-ulcinju\/#breadcrumb\"},\"inLanguage\":\"en-US\",\"potentialAction\":[{\"@type\":\"ReadAction\",\"target\":[\"https:\/\/www.visit-ulcinj.com\/blog\/2015\/04\/04\/predsjednik-filip-vujanovic-u-ulcinju\/\"]}]},{\"@type\":\"BreadcrumbList\",\"@id\":\"https:\/\/www.visit-ulcinj.com\/blog\/2015\/04\/04\/predsjednik-filip-vujanovic-u-ulcinju\/#breadcrumb\",\"itemListElement\":[{\"@type\":\"ListItem\",\"position\":1,\"name\":\"Predsjednik Filip Vujanovi\u0107 u Ulcinju\"}]},{\"@type\":\"Person\",\"@id\":\"https:\/\/www.visit-ulcinj.com\/blog\/#\/schema\/person\/dcab619c614d3038751c63bc2aadc06d\",\"name\":\"ulqini\",\"sameAs\":[\"http:\/\/www.visit-ulcinj.com\"],\"url\":\"https:\/\/www.visit-ulcinj.com\/blog\/author\/admin\/\"}]}<\/script>\n<!-- \/ Yoast SEO plugin. -->","yoast_head_json":{"title":"Predsjednik Filip Vujanovi\u0107 u Ulcinju - Lajme nga Ulqini","description":"Predsjednik Crne Gore Filip Vujanovi\u0107 prisustvovao je danas sve\u010danoj sjednici SO Ulcinj , koja je odr\u017eana povodom Dana op\u0161tine. Predsjednik je gra\u0111anima i","robots":{"index":"index","follow":"follow","max-snippet":"max-snippet:-1","max-image-preview":"max-image-preview:large","max-video-preview":"max-video-preview:-1"},"canonical":"https:\/\/www.visit-ulcinj.com\/blog\/2015\/04\/04\/predsjednik-filip-vujanovic-u-ulcinju\/","og_locale":"en_US","og_type":"article","og_title":"Predsjednik Filip Vujanovi\u0107 u Ulcinju - Lajme nga Ulqini","og_description":"Predsjednik Crne Gore Filip Vujanovi\u0107 prisustvovao je danas sve\u010danoj sjednici SO Ulcinj , koja je odr\u017eana povodom Dana op\u0161tine. Predsjednik je gra\u0111anima i","og_url":"https:\/\/www.visit-ulcinj.com\/blog\/2015\/04\/04\/predsjednik-filip-vujanovic-u-ulcinju\/","og_site_name":"Lajme nga Ulqini","article_published_time":"2015-04-04T17:21:11+00:00","article_modified_time":"2015-04-04T17:21:31+00:00","og_image":[{"url":"http:\/\/www.visit-ulcinj.com\/blog\/wp-content\/uploads\/2015\/04\/Hashim-Thaci-Ulqin-3.jpg"}],"twitter_misc":{"Written by":"ulqini","Est. reading time":"2 minutes"},"schema":{"@context":"https:\/\/schema.org","@graph":[{"@type":"WebSite","@id":"https:\/\/www.visit-ulcinj.com\/blog\/#website","url":"https:\/\/www.visit-ulcinj.com\/blog\/","name":"Lajme nga Ulqini","description":"Lajme,Vijesti,Ulqini,Ulqin,Crna Gora,Mali i Zi","potentialAction":[{"@type":"SearchAction","target":{"@type":"EntryPoint","urlTemplate":"https:\/\/www.visit-ulcinj.com\/blog\/?s={search_term_string}"},"query-input":"required name=search_term_string"}],"inLanguage":"en-US"},{"@type":"ImageObject","inLanguage":"en-US","@id":"https:\/\/www.visit-ulcinj.com\/blog\/2015\/04\/04\/predsjednik-filip-vujanovic-u-ulcinju\/#primaryimage","url":"https:\/\/www.visit-ulcinj.com\/blog\/wp-content\/uploads\/2015\/04\/Hashim-Thaci-Ulqin-3.jpg","contentUrl":"https:\/\/www.visit-ulcinj.com\/blog\/wp-content\/uploads\/2015\/04\/Hashim-Thaci-Ulqin-3.jpg","width":960,"height":639},{"@type":"WebPage","@id":"https:\/\/www.visit-ulcinj.com\/blog\/2015\/04\/04\/predsjednik-filip-vujanovic-u-ulcinju\/#webpage","url":"https:\/\/www.visit-ulcinj.com\/blog\/2015\/04\/04\/predsjednik-filip-vujanovic-u-ulcinju\/","name":"Predsjednik Filip Vujanovi\u0107 u Ulcinju - Lajme nga Ulqini","isPartOf":{"@id":"https:\/\/www.visit-ulcinj.com\/blog\/#website"},"primaryImageOfPage":{"@id":"https:\/\/www.visit-ulcinj.com\/blog\/2015\/04\/04\/predsjednik-filip-vujanovic-u-ulcinju\/#primaryimage"},"datePublished":"2015-04-04T17:21:11+00:00","dateModified":"2015-04-04T17:21:31+00:00","author":{"@id":"https:\/\/www.visit-ulcinj.com\/blog\/#\/schema\/person\/dcab619c614d3038751c63bc2aadc06d"},"description":"Predsjednik Crne Gore Filip Vujanovi\u0107 prisustvovao je danas sve\u010danoj sjednici SO Ulcinj , koja je odr\u017eana povodom Dana op\u0161tine. Predsjednik je gra\u0111anima i","breadcrumb":{"@id":"https:\/\/www.visit-ulcinj.com\/blog\/2015\/04\/04\/predsjednik-filip-vujanovic-u-ulcinju\/#breadcrumb"},"inLanguage":"en-US","potentialAction":[{"@type":"ReadAction","target":["https:\/\/www.visit-ulcinj.com\/blog\/2015\/04\/04\/predsjednik-filip-vujanovic-u-ulcinju\/"]}]},{"@type":"BreadcrumbList","@id":"https:\/\/www.visit-ulcinj.com\/blog\/2015\/04\/04\/predsjednik-filip-vujanovic-u-ulcinju\/#breadcrumb","itemListElement":[{"@type":"ListItem","position":1,"name":"Predsjednik Filip Vujanovi\u0107 u Ulcinju"}]},{"@type":"Person","@id":"https:\/\/www.visit-ulcinj.com\/blog\/#\/schema\/person\/dcab619c614d3038751c63bc2aadc06d","name":"ulqini","sameAs":["http:\/\/www.visit-ulcinj.com"],"url":"https:\/\/www.visit-ulcinj.com\/blog\/author\/admin\/"}]}},"jetpack_featured_media_url":"","jetpack_sharing_enabled":true,"jetpack_shortlink":"https:\/\/wp.me\/pe6lTn-nmH","_links":{"self":[{"href":"https:\/\/www.visit-ulcinj.com\/blog\/wp-json\/wp\/v2\/posts\/89819"}],"collection":[{"href":"https:\/\/www.visit-ulcinj.com\/blog\/wp-json\/wp\/v2\/posts"}],"about":[{"href":"https:\/\/www.visit-ulcinj.com\/blog\/wp-json\/wp\/v2\/types\/post"}],"author":[{"embeddable":true,"href":"https:\/\/www.visit-ulcinj.com\/blog\/wp-json\/wp\/v2\/users\/1"}],"replies":[{"embeddable":true,"href":"https:\/\/www.visit-ulcinj.com\/blog\/wp-json\/wp\/v2\/comments?post=89819"}],"version-history":[{"count":1,"href":"https:\/\/www.visit-ulcinj.com\/blog\/wp-json\/wp\/v2\/posts\/89819\/revisions"}],"predecessor-version":[{"id":89820,"href":"https:\/\/www.visit-ulcinj.com\/blog\/wp-json\/wp\/v2\/posts\/89819\/revisions\/89820"}],"wp:attachment":[{"href":"https:\/\/www.visit-ulcinj.com\/blog\/wp-json\/wp\/v2\/media?parent=89819"}],"wp:term":[{"taxonomy":"category","embeddable":true,"href":"https:\/\/www.visit-ulcinj.com\/blog\/wp-json\/wp\/v2\/categories?post=89819"},{"taxonomy":"post_tag","embeddable":true,"href":"https:\/\/www.visit-ulcinj.com\/blog\/wp-json\/wp\/v2\/tags?post=89819"}],"curies":[{"name":"wp","href":"https:\/\/api.w.org\/{rel}","templated":true}]}}