{"id":89824,"date":"2015-04-04T18:31:20","date_gmt":"2015-04-04T17:31:20","guid":{"rendered":"http:\/\/www.visit-ulcinj.com\/blog\/?p=89824"},"modified":"2015-04-04T18:49:01","modified_gmt":"2015-04-04T17:49:01","slug":"filip-vujanovic-nema-potrebe-da-objasnjavam-odluku-predsjednika-opstine-ulcinj","status":"publish","type":"post","link":"https:\/\/www.visit-ulcinj.com\/blog\/2015\/04\/04\/filip-vujanovic-nema-potrebe-da-objasnjavam-odluku-predsjednika-opstine-ulcinj\/","title":{"rendered":"Filip Vujanovi\u0107: Nema potrebe da obja\u0161njavam odluku predsjednika Op\u0161tine Ulcinj"},"content":{"rendered":"<p><a href=\"http:\/\/www.visit-ulcinj.com\/blog\/wp-content\/uploads\/2015\/04\/Hashim-Thaci-Ulqin-4.jpg\"><img loading=\"lazy\" class=\"alignleft wp-image-89813\" src=\"http:\/\/www.visit-ulcinj.com\/blog\/wp-content\/uploads\/2015\/04\/Hashim-Thaci-Ulqin-4.jpg\" alt=\"Hashim-Thaci-Ulqin-4\" width=\"508\" height=\"338\" srcset=\"https:\/\/www.visit-ulcinj.com\/blog\/wp-content\/uploads\/2015\/04\/Hashim-Thaci-Ulqin-4.jpg 960w, https:\/\/www.visit-ulcinj.com\/blog\/wp-content\/uploads\/2015\/04\/Hashim-Thaci-Ulqin-4-300x200.jpg 300w\" sizes=\"(max-width: 508px) 100vw, 508px\" \/><\/a>Predsjednik Crne Gore Filip Vujanovi\u0107 prisustvovao je danas sve\u010danoj sjednici SO Ulcinj , koja je odr\u017eana povodom Dana op\u0161tine. Na pitanje novinara kako komentari\u0161e odluku da se premijer Albanije, Edi Rama, i ministar vansjkih poslova Kosova, Ha\u0161im Ta\u010di, proglase po\u010dasnim gra\u0111anima Ulcinja, Vujanovi\u0107 je kazao da dalja poja\u0161njenja nijesu potrebna. -Vi ste \u010duli za razloge koji su motivisali predsjednika Op\u0161tine da donese takvu odluku. On ih je jasno i detaljno saop\u0161tio. Ja nemam potrebe da obrazla\u017eem. To je odluka koju je on prezentirao javnosti i javnost se upoznala sa njom. Mislim da nema potrebe da ja obja\u0161njavam ono \u0161to je on objasnio javnosti, odgovorio je Vujanovi\u0107.<\/p>\n<p>On je ocijenio da Crna Gora ima odli\u010dne odnose sa susjedima, ted a je to najve\u0107a vrijednost na\u0161e zemlje.<\/p>\n<p>-Mi smatramo da su oni osnova sa koje se polazi u razvoje regionalnih odnosa i afirmaciju ukupnog me\u0111unarodnog ugleda Crne Gore. Razgovarao sam sa premijerom Ramom o potrebi da afirmi\u0161emo projekte koji se odnose na za\u0161titu Skadarskog jezera i Bojane, na za\u0161titu Prokletija kao Nacionalnog parka, na afirmaciju Jadransko-jonskog autoputa ali i na afirmaciju Jadransko-jonskog gasovoda. To su regionalni infrastrukturni projekti koje Crna Gora i Albanija vide kao zajedni\u010dki interes i potrebu da afirmi\u0161u dobru infrastrukturu da bi se dvije ekonomije sna\u017enije povezale i da bi se obezbijedila \u0161to bolja komunikacija gra\u0111ana. Sa potpredsjednikom i ministrom inostranih poslova Kosova gospodinom Ta\u010dijem razgovarao sam o potrebi da zavr\u0161imo Ugovor o utvr\u0111enju grani\u010dne linije mislim da je samo pitanje nedjelja kada \u0107e se on potpisati, da poka\u017eemo da smo jedan ozbiljan i odgovoran odnos zavr\u0161ili kao dobri susjedi. Da afirmi\u0161emo dobru komunikaciju gra\u0111ana, da pove\u017eemo dvije ekonomije, da turisti\u010dku valorizaciju ovog prostora prema Kosovu i nadalje afirmi\u0161emo i da poka\u017eemo da kao zemlje koje su susjedi mo\u017eemo zaista da razvijamo dobrosusjedske odnose u krajnje prijateljskoj atmosferi, izjavio je Vujanovi\u0107.<\/p>\n<p>Na pitanje ho\u0107e li se odazvati pozivu da 9. maja prisustvuje paradi u Moskvi, predsjednik Crne Gore je istakao da je tu \u010dast ve\u0107 imao.<br \/>\n-Imao sam veliku \u010dast i veliko zadovoljstvo da prisustvujem veli\u010danstvenoj paradi obilje\u017eavanja 65. godina pobjede nad fa\u0161izmom u Moskvi. Da iska\u017eem ogromno po\u0161tovanje i divljenje milionskim \u017ertavama i Ruskom narodu u antifa\u0161isti\u010dkom pokretu. I da poka\u017eem da je Crna Gora sa Rusijom u antifa\u0161izmu i bila, da je u svim onim vrijednostima antifa\u0161izma i nadalje promoter svih vrijednosti antifa\u0161izma. Ja sam prije izvjesnog vremena dobio predlog na\u0161eg Saveza boraca i antifa\u0161ista da 70. godina pobjede nad fa\u0161izmom i 70. godina veli\u010danstvenog anitfa\u0161izma u kome je Crna Gora, ne samo na prostoru Balkana, nego i \u0161ire ,imala veliku vrijednost i zna\u010danje, obilje\u017eimo i u Crnoj Gori. Na temelju tog predloga Vlada je formirala Koordinacioni odbor za obilje\u017eavanje sedam decenijea antifa\u0161izma i na \u010delu sam tog Odbora. Mi \u0107emo tokom naredne nedjelje imati sastanak i odrediti sadr\u017eaj obilje\u017eavanja tog velikog jubileja i obznaniti ko \u0107e iz tog odbora da u ime dr\u017eave i u ime Saveza boraca i antifa\u0161ista govori, i shodno tome obavijesti javnost o tome kakva \u0107e biti moja participacija u tom doga\u0111aju, zaklju\u010dio je Vujanovi\u0107.<\/p>\n<p><strong>Izvor: <span class=\"art-postheadericons\">Radio Antena M<\/span><\/strong><\/p>\n","protected":false},"excerpt":{"rendered":"<p>Predsjednik Crne Gore Filip Vujanovi\u0107 prisustvovao je danas sve\u010danoj sjednici SO Ulcinj , koja je odr\u017eana povodom Dana op\u0161tine. Na pitanje novinara kako komentari\u0161e odluku da se premijer Albanije, Edi Rama, i ministar vansjkih poslova Kosova, Ha\u0161im Ta\u010di, proglase po\u010dasnim gra\u0111anima Ulcinja, Vujanovi\u0107 je kazao da dalja poja\u0161njenja nijesu potrebna. -Vi ste \u010duli za razloge [&hellip;]<\/p>\n","protected":false},"author":1,"featured_media":0,"comment_status":"closed","ping_status":"closed","sticky":false,"template":"","format":"standard","meta":{"spay_email":"","jetpack_publicize_message":"","jetpack_is_tweetstorm":false,"jetpack_publicize_feature_enabled":true},"categories":[8337],"tags":[],"jetpack_publicize_connections":[],"yoast_head":"<!-- This site is optimized with the Yoast SEO plugin v19.1 - https:\/\/yoast.com\/wordpress\/plugins\/seo\/ -->\n<title>Filip Vujanovi\u0107: Nema potrebe da obja\u0161njavam odluku predsjednika Op\u0161tine Ulcinj - Lajme nga Ulqini<\/title>\n<meta name=\"description\" content=\"Predsjednik Crne Gore Filip Vujanovi\u0107 prisustvovao je danas sve\u010danoj sjednici SO Ulcinj , koja je odr\u017eana povodom Dana op\u0161tine. Na pitanje novinara kako\" \/>\n<meta name=\"robots\" content=\"index, follow, max-snippet:-1, max-image-preview:large, max-video-preview:-1\" \/>\n<link rel=\"canonical\" href=\"https:\/\/www.visit-ulcinj.com\/blog\/2015\/04\/04\/filip-vujanovic-nema-potrebe-da-objasnjavam-odluku-predsjednika-opstine-ulcinj\/\" \/>\n<meta property=\"og:locale\" content=\"en_US\" \/>\n<meta property=\"og:type\" content=\"article\" \/>\n<meta property=\"og:title\" content=\"Filip Vujanovi\u0107: Nema potrebe da obja\u0161njavam odluku predsjednika Op\u0161tine Ulcinj - Lajme nga Ulqini\" \/>\n<meta property=\"og:description\" content=\"Predsjednik Crne Gore Filip Vujanovi\u0107 prisustvovao je danas sve\u010danoj sjednici SO Ulcinj , koja je odr\u017eana povodom Dana op\u0161tine. Na pitanje novinara kako\" \/>\n<meta property=\"og:url\" content=\"https:\/\/www.visit-ulcinj.com\/blog\/2015\/04\/04\/filip-vujanovic-nema-potrebe-da-objasnjavam-odluku-predsjednika-opstine-ulcinj\/\" \/>\n<meta property=\"og:site_name\" content=\"Lajme nga Ulqini\" \/>\n<meta property=\"article:published_time\" content=\"2015-04-04T17:31:20+00:00\" \/>\n<meta property=\"article:modified_time\" content=\"2015-04-04T17:49:01+00:00\" \/>\n<meta property=\"og:image\" content=\"http:\/\/www.visit-ulcinj.com\/blog\/wp-content\/uploads\/2015\/04\/Hashim-Thaci-Ulqin-4.jpg\" \/>\n<meta name=\"twitter:label1\" content=\"Written by\" \/>\n\t<meta name=\"twitter:data1\" content=\"ulqini\" \/>\n\t<meta name=\"twitter:label2\" content=\"Est. reading time\" \/>\n\t<meta name=\"twitter:data2\" content=\"3 minutes\" \/>\n<script type=\"application\/ld+json\" class=\"yoast-schema-graph\">{\"@context\":\"https:\/\/schema.org\",\"@graph\":[{\"@type\":\"WebSite\",\"@id\":\"https:\/\/www.visit-ulcinj.com\/blog\/#website\",\"url\":\"https:\/\/www.visit-ulcinj.com\/blog\/\",\"name\":\"Lajme nga Ulqini\",\"description\":\"Lajme,Vijesti,Ulqini,Ulqin,Crna Gora,Mali i Zi\",\"potentialAction\":[{\"@type\":\"SearchAction\",\"target\":{\"@type\":\"EntryPoint\",\"urlTemplate\":\"https:\/\/www.visit-ulcinj.com\/blog\/?s={search_term_string}\"},\"query-input\":\"required name=search_term_string\"}],\"inLanguage\":\"en-US\"},{\"@type\":\"ImageObject\",\"inLanguage\":\"en-US\",\"@id\":\"https:\/\/www.visit-ulcinj.com\/blog\/2015\/04\/04\/filip-vujanovic-nema-potrebe-da-objasnjavam-odluku-predsjednika-opstine-ulcinj\/#primaryimage\",\"url\":\"https:\/\/www.visit-ulcinj.com\/blog\/wp-content\/uploads\/2015\/04\/Hashim-Thaci-Ulqin-4.jpg\",\"contentUrl\":\"https:\/\/www.visit-ulcinj.com\/blog\/wp-content\/uploads\/2015\/04\/Hashim-Thaci-Ulqin-4.jpg\",\"width\":960,\"height\":639},{\"@type\":\"WebPage\",\"@id\":\"https:\/\/www.visit-ulcinj.com\/blog\/2015\/04\/04\/filip-vujanovic-nema-potrebe-da-objasnjavam-odluku-predsjednika-opstine-ulcinj\/#webpage\",\"url\":\"https:\/\/www.visit-ulcinj.com\/blog\/2015\/04\/04\/filip-vujanovic-nema-potrebe-da-objasnjavam-odluku-predsjednika-opstine-ulcinj\/\",\"name\":\"Filip Vujanovi\u0107: Nema potrebe da obja\u0161njavam odluku predsjednika Op\u0161tine Ulcinj - Lajme nga Ulqini\",\"isPartOf\":{\"@id\":\"https:\/\/www.visit-ulcinj.com\/blog\/#website\"},\"primaryImageOfPage\":{\"@id\":\"https:\/\/www.visit-ulcinj.com\/blog\/2015\/04\/04\/filip-vujanovic-nema-potrebe-da-objasnjavam-odluku-predsjednika-opstine-ulcinj\/#primaryimage\"},\"datePublished\":\"2015-04-04T17:31:20+00:00\",\"dateModified\":\"2015-04-04T17:49:01+00:00\",\"author\":{\"@id\":\"https:\/\/www.visit-ulcinj.com\/blog\/#\/schema\/person\/dcab619c614d3038751c63bc2aadc06d\"},\"description\":\"Predsjednik Crne Gore Filip Vujanovi\u0107 prisustvovao je danas sve\u010danoj sjednici SO Ulcinj , koja je odr\u017eana povodom Dana op\u0161tine. Na pitanje novinara kako\",\"breadcrumb\":{\"@id\":\"https:\/\/www.visit-ulcinj.com\/blog\/2015\/04\/04\/filip-vujanovic-nema-potrebe-da-objasnjavam-odluku-predsjednika-opstine-ulcinj\/#breadcrumb\"},\"inLanguage\":\"en-US\",\"potentialAction\":[{\"@type\":\"ReadAction\",\"target\":[\"https:\/\/www.visit-ulcinj.com\/blog\/2015\/04\/04\/filip-vujanovic-nema-potrebe-da-objasnjavam-odluku-predsjednika-opstine-ulcinj\/\"]}]},{\"@type\":\"BreadcrumbList\",\"@id\":\"https:\/\/www.visit-ulcinj.com\/blog\/2015\/04\/04\/filip-vujanovic-nema-potrebe-da-objasnjavam-odluku-predsjednika-opstine-ulcinj\/#breadcrumb\",\"itemListElement\":[{\"@type\":\"ListItem\",\"position\":1,\"name\":\"Filip Vujanovi\u0107: Nema potrebe da obja\u0161njavam odluku predsjednika Op\u0161tine Ulcinj\"}]},{\"@type\":\"Person\",\"@id\":\"https:\/\/www.visit-ulcinj.com\/blog\/#\/schema\/person\/dcab619c614d3038751c63bc2aadc06d\",\"name\":\"ulqini\",\"sameAs\":[\"http:\/\/www.visit-ulcinj.com\"],\"url\":\"https:\/\/www.visit-ulcinj.com\/blog\/author\/admin\/\"}]}<\/script>\n<!-- \/ Yoast SEO plugin. -->","yoast_head_json":{"title":"Filip Vujanovi\u0107: Nema potrebe da obja\u0161njavam odluku predsjednika Op\u0161tine Ulcinj - Lajme nga Ulqini","description":"Predsjednik Crne Gore Filip Vujanovi\u0107 prisustvovao je danas sve\u010danoj sjednici SO Ulcinj , koja je odr\u017eana povodom Dana op\u0161tine. Na pitanje novinara kako","robots":{"index":"index","follow":"follow","max-snippet":"max-snippet:-1","max-image-preview":"max-image-preview:large","max-video-preview":"max-video-preview:-1"},"canonical":"https:\/\/www.visit-ulcinj.com\/blog\/2015\/04\/04\/filip-vujanovic-nema-potrebe-da-objasnjavam-odluku-predsjednika-opstine-ulcinj\/","og_locale":"en_US","og_type":"article","og_title":"Filip Vujanovi\u0107: Nema potrebe da obja\u0161njavam odluku predsjednika Op\u0161tine Ulcinj - Lajme nga Ulqini","og_description":"Predsjednik Crne Gore Filip Vujanovi\u0107 prisustvovao je danas sve\u010danoj sjednici SO Ulcinj , koja je odr\u017eana povodom Dana op\u0161tine. Na pitanje novinara kako","og_url":"https:\/\/www.visit-ulcinj.com\/blog\/2015\/04\/04\/filip-vujanovic-nema-potrebe-da-objasnjavam-odluku-predsjednika-opstine-ulcinj\/","og_site_name":"Lajme nga Ulqini","article_published_time":"2015-04-04T17:31:20+00:00","article_modified_time":"2015-04-04T17:49:01+00:00","og_image":[{"url":"http:\/\/www.visit-ulcinj.com\/blog\/wp-content\/uploads\/2015\/04\/Hashim-Thaci-Ulqin-4.jpg"}],"twitter_misc":{"Written by":"ulqini","Est. reading time":"3 minutes"},"schema":{"@context":"https:\/\/schema.org","@graph":[{"@type":"WebSite","@id":"https:\/\/www.visit-ulcinj.com\/blog\/#website","url":"https:\/\/www.visit-ulcinj.com\/blog\/","name":"Lajme nga Ulqini","description":"Lajme,Vijesti,Ulqini,Ulqin,Crna Gora,Mali i Zi","potentialAction":[{"@type":"SearchAction","target":{"@type":"EntryPoint","urlTemplate":"https:\/\/www.visit-ulcinj.com\/blog\/?s={search_term_string}"},"query-input":"required name=search_term_string"}],"inLanguage":"en-US"},{"@type":"ImageObject","inLanguage":"en-US","@id":"https:\/\/www.visit-ulcinj.com\/blog\/2015\/04\/04\/filip-vujanovic-nema-potrebe-da-objasnjavam-odluku-predsjednika-opstine-ulcinj\/#primaryimage","url":"https:\/\/www.visit-ulcinj.com\/blog\/wp-content\/uploads\/2015\/04\/Hashim-Thaci-Ulqin-4.jpg","contentUrl":"https:\/\/www.visit-ulcinj.com\/blog\/wp-content\/uploads\/2015\/04\/Hashim-Thaci-Ulqin-4.jpg","width":960,"height":639},{"@type":"WebPage","@id":"https:\/\/www.visit-ulcinj.com\/blog\/2015\/04\/04\/filip-vujanovic-nema-potrebe-da-objasnjavam-odluku-predsjednika-opstine-ulcinj\/#webpage","url":"https:\/\/www.visit-ulcinj.com\/blog\/2015\/04\/04\/filip-vujanovic-nema-potrebe-da-objasnjavam-odluku-predsjednika-opstine-ulcinj\/","name":"Filip Vujanovi\u0107: Nema potrebe da obja\u0161njavam odluku predsjednika Op\u0161tine Ulcinj - Lajme nga Ulqini","isPartOf":{"@id":"https:\/\/www.visit-ulcinj.com\/blog\/#website"},"primaryImageOfPage":{"@id":"https:\/\/www.visit-ulcinj.com\/blog\/2015\/04\/04\/filip-vujanovic-nema-potrebe-da-objasnjavam-odluku-predsjednika-opstine-ulcinj\/#primaryimage"},"datePublished":"2015-04-04T17:31:20+00:00","dateModified":"2015-04-04T17:49:01+00:00","author":{"@id":"https:\/\/www.visit-ulcinj.com\/blog\/#\/schema\/person\/dcab619c614d3038751c63bc2aadc06d"},"description":"Predsjednik Crne Gore Filip Vujanovi\u0107 prisustvovao je danas sve\u010danoj sjednici SO Ulcinj , koja je odr\u017eana povodom Dana op\u0161tine. Na pitanje novinara kako","breadcrumb":{"@id":"https:\/\/www.visit-ulcinj.com\/blog\/2015\/04\/04\/filip-vujanovic-nema-potrebe-da-objasnjavam-odluku-predsjednika-opstine-ulcinj\/#breadcrumb"},"inLanguage":"en-US","potentialAction":[{"@type":"ReadAction","target":["https:\/\/www.visit-ulcinj.com\/blog\/2015\/04\/04\/filip-vujanovic-nema-potrebe-da-objasnjavam-odluku-predsjednika-opstine-ulcinj\/"]}]},{"@type":"BreadcrumbList","@id":"https:\/\/www.visit-ulcinj.com\/blog\/2015\/04\/04\/filip-vujanovic-nema-potrebe-da-objasnjavam-odluku-predsjednika-opstine-ulcinj\/#breadcrumb","itemListElement":[{"@type":"ListItem","position":1,"name":"Filip Vujanovi\u0107: Nema potrebe da obja\u0161njavam odluku predsjednika Op\u0161tine Ulcinj"}]},{"@type":"Person","@id":"https:\/\/www.visit-ulcinj.com\/blog\/#\/schema\/person\/dcab619c614d3038751c63bc2aadc06d","name":"ulqini","sameAs":["http:\/\/www.visit-ulcinj.com"],"url":"https:\/\/www.visit-ulcinj.com\/blog\/author\/admin\/"}]}},"jetpack_featured_media_url":"","jetpack_sharing_enabled":true,"jetpack_shortlink":"https:\/\/wp.me\/pe6lTn-nmM","_links":{"self":[{"href":"https:\/\/www.visit-ulcinj.com\/blog\/wp-json\/wp\/v2\/posts\/89824"}],"collection":[{"href":"https:\/\/www.visit-ulcinj.com\/blog\/wp-json\/wp\/v2\/posts"}],"about":[{"href":"https:\/\/www.visit-ulcinj.com\/blog\/wp-json\/wp\/v2\/types\/post"}],"author":[{"embeddable":true,"href":"https:\/\/www.visit-ulcinj.com\/blog\/wp-json\/wp\/v2\/users\/1"}],"replies":[{"embeddable":true,"href":"https:\/\/www.visit-ulcinj.com\/blog\/wp-json\/wp\/v2\/comments?post=89824"}],"version-history":[{"count":1,"href":"https:\/\/www.visit-ulcinj.com\/blog\/wp-json\/wp\/v2\/posts\/89824\/revisions"}],"predecessor-version":[{"id":89825,"href":"https:\/\/www.visit-ulcinj.com\/blog\/wp-json\/wp\/v2\/posts\/89824\/revisions\/89825"}],"wp:attachment":[{"href":"https:\/\/www.visit-ulcinj.com\/blog\/wp-json\/wp\/v2\/media?parent=89824"}],"wp:term":[{"taxonomy":"category","embeddable":true,"href":"https:\/\/www.visit-ulcinj.com\/blog\/wp-json\/wp\/v2\/categories?post=89824"},{"taxonomy":"post_tag","embeddable":true,"href":"https:\/\/www.visit-ulcinj.com\/blog\/wp-json\/wp\/v2\/tags?post=89824"}],"curies":[{"name":"wp","href":"https:\/\/api.w.org\/{rel}","templated":true}]}}