{"id":89826,"date":"2015-04-04T18:37:13","date_gmt":"2015-04-04T17:37:13","guid":{"rendered":"http:\/\/www.visit-ulcinj.com\/blog\/?p=89826"},"modified":"2015-04-04T18:37:13","modified_gmt":"2015-04-04T17:37:13","slug":"snp-ulcinj-cestitala-dan-opstine-ulcinj","status":"publish","type":"post","link":"https:\/\/www.visit-ulcinj.com\/blog\/2015\/04\/04\/snp-ulcinj-cestitala-dan-opstine-ulcinj\/","title":{"rendered":"SNP Ulcinj &#8211; \u010destitala Dan op\u0161tine Ulcinj"},"content":{"rendered":"<p align=\"justify\"><span class=\"tekst\"><a href=\"http:\/\/www.visit-ulcinj.com\/blog\/wp-content\/uploads\/2014\/03\/snp_1.jpg\"><img loading=\"lazy\" class=\"alignleft wp-image-81123\" src=\"http:\/\/www.visit-ulcinj.com\/blog\/wp-content\/uploads\/2014\/03\/snp_1.jpg\" alt=\"snp_1\" width=\"508\" height=\"340\" srcset=\"https:\/\/www.visit-ulcinj.com\/blog\/wp-content\/uploads\/2014\/03\/snp_1.jpg 573w, https:\/\/www.visit-ulcinj.com\/blog\/wp-content\/uploads\/2014\/03\/snp_1-300x201.jpg 300w\" sizes=\"(max-width: 508px) 100vw, 508px\" \/><\/a>Socijalisti\u010dka narodna partija Crne Gore \u010destitala je Dan op\u0161tine Ulcinj, nagla\u0161avaju\u0107i da su nedostatak investicija, te\u0161ka socijalna situacija, nezaposlenost, prazna op\u0161tinska kasa, ekonomska nerazvijenost, nizak \u017eivotni standard, i dalje svakodnevnica naju\u017enije crnogorske op\u0161tine.<\/span><\/p>\n<p>\u00a0\u201cOno \u0161to je lokalna vlast obe\u0107avala tokom izborne kampanje, nije ni po\u010dela da ostvaruje. A govorili su da \u0107e raditi u interesu svih gra\u0111ana Ulcinja, bez obzira na nacionalnu, politi\u010dku ili vjersku opredijeljenost\u201d, isti\u010du u SNP-u.<\/p>\n<p>Kao konstruktivna opozicija u ulcinjskom parlamentu, SNP \u0107e, dodaju, kao i uvijek do sada, doprinositi po\u0161tovanju multietni\u010dkog sklada i gra\u0111anske tolerancije.<\/p>\n<p>\u201cJer se samo iskrenim odnosom prema svom gradu i njegovim gra\u0111anima, novim idejama i inicijativama, mo\u017ee stvoriti ambijent za privla\u010denje novih investicija, razvoj turizma i ukupni preporod jednog od najljep\u0161ih gradova na na\u0161oj obali i pobolj\u0161anje standarda \u017eivota gra\u0111ana Ulcinja.<\/p>\n<p>SNP o\u010dekuje da \u0107e se stvari bitno promijeniti, kako bi se u interesu svih Ulcinjana, na adekvatan na\u010din, uz po\u0161tovanje zakona i posebno za\u0161tite \u017eivotne sredine, iskoristile ogromne mogu\u0107nosti i prirodni resursi kojima obiluje ova op\u0161tina\u201d, poru\u010dili su u ovoj partiji.<\/p>\n<p>Izvor: Cafe Del Montenegro<\/p>\n","protected":false},"excerpt":{"rendered":"<p>Socijalisti\u010dka narodna partija Crne Gore \u010destitala je Dan op\u0161tine Ulcinj, nagla\u0161avaju\u0107i da su nedostatak investicija, te\u0161ka socijalna situacija, nezaposlenost, prazna op\u0161tinska kasa, ekonomska nerazvijenost, nizak \u017eivotni standard, i dalje svakodnevnica naju\u017enije crnogorske op\u0161tine. \u00a0\u201cOno \u0161to je lokalna vlast obe\u0107avala tokom izborne kampanje, nije ni po\u010dela da ostvaruje. A govorili su da \u0107e raditi u interesu [&hellip;]<\/p>\n","protected":false},"author":1,"featured_media":0,"comment_status":"closed","ping_status":"closed","sticky":false,"template":"","format":"standard","meta":{"spay_email":"","jetpack_publicize_message":"","jetpack_is_tweetstorm":false,"jetpack_publicize_feature_enabled":true},"categories":[6950],"tags":[],"jetpack_publicize_connections":[],"yoast_head":"<!-- This site is optimized with the Yoast SEO plugin v19.1 - https:\/\/yoast.com\/wordpress\/plugins\/seo\/ -->\n<title>SNP Ulcinj - \u010destitala Dan op\u0161tine Ulcinj - Lajme nga Ulqini<\/title>\n<meta name=\"description\" content=\"Socijalisti\u010dka narodna partija Crne Gore \u010destitala je Dan op\u0161tine Ulcinj, nagla\u0161avaju\u0107i da su nedostatak investicija, te\u0161ka socijalna situacija,\" \/>\n<meta name=\"robots\" content=\"index, follow, max-snippet:-1, max-image-preview:large, max-video-preview:-1\" \/>\n<link rel=\"canonical\" href=\"https:\/\/www.visit-ulcinj.com\/blog\/2015\/04\/04\/snp-ulcinj-cestitala-dan-opstine-ulcinj\/\" \/>\n<meta property=\"og:locale\" content=\"en_US\" \/>\n<meta property=\"og:type\" content=\"article\" \/>\n<meta property=\"og:title\" content=\"SNP Ulcinj - \u010destitala Dan op\u0161tine Ulcinj - Lajme nga Ulqini\" \/>\n<meta property=\"og:description\" content=\"Socijalisti\u010dka narodna partija Crne Gore \u010destitala je Dan op\u0161tine Ulcinj, nagla\u0161avaju\u0107i da su nedostatak investicija, te\u0161ka socijalna situacija,\" \/>\n<meta property=\"og:url\" content=\"https:\/\/www.visit-ulcinj.com\/blog\/2015\/04\/04\/snp-ulcinj-cestitala-dan-opstine-ulcinj\/\" \/>\n<meta property=\"og:site_name\" content=\"Lajme nga Ulqini\" \/>\n<meta property=\"article:published_time\" content=\"2015-04-04T17:37:13+00:00\" \/>\n<meta property=\"og:image\" content=\"http:\/\/www.visit-ulcinj.com\/blog\/wp-content\/uploads\/2014\/03\/snp_1.jpg\" \/>\n<meta name=\"twitter:label1\" content=\"Written by\" \/>\n\t<meta name=\"twitter:data1\" content=\"ulqini\" \/>\n\t<meta name=\"twitter:label2\" content=\"Est. reading time\" \/>\n\t<meta name=\"twitter:data2\" content=\"1 minute\" \/>\n<script type=\"application\/ld+json\" class=\"yoast-schema-graph\">{\"@context\":\"https:\/\/schema.org\",\"@graph\":[{\"@type\":\"WebSite\",\"@id\":\"https:\/\/www.visit-ulcinj.com\/blog\/#website\",\"url\":\"https:\/\/www.visit-ulcinj.com\/blog\/\",\"name\":\"Lajme nga Ulqini\",\"description\":\"Lajme,Vijesti,Ulqini,Ulqin,Crna Gora,Mali i Zi\",\"potentialAction\":[{\"@type\":\"SearchAction\",\"target\":{\"@type\":\"EntryPoint\",\"urlTemplate\":\"https:\/\/www.visit-ulcinj.com\/blog\/?s={search_term_string}\"},\"query-input\":\"required name=search_term_string\"}],\"inLanguage\":\"en-US\"},{\"@type\":\"ImageObject\",\"inLanguage\":\"en-US\",\"@id\":\"https:\/\/www.visit-ulcinj.com\/blog\/2015\/04\/04\/snp-ulcinj-cestitala-dan-opstine-ulcinj\/#primaryimage\",\"url\":\"https:\/\/www.visit-ulcinj.com\/blog\/wp-content\/uploads\/2014\/03\/snp_1.jpg\",\"contentUrl\":\"https:\/\/www.visit-ulcinj.com\/blog\/wp-content\/uploads\/2014\/03\/snp_1.jpg\",\"width\":573,\"height\":384},{\"@type\":\"WebPage\",\"@id\":\"https:\/\/www.visit-ulcinj.com\/blog\/2015\/04\/04\/snp-ulcinj-cestitala-dan-opstine-ulcinj\/#webpage\",\"url\":\"https:\/\/www.visit-ulcinj.com\/blog\/2015\/04\/04\/snp-ulcinj-cestitala-dan-opstine-ulcinj\/\",\"name\":\"SNP Ulcinj - \u010destitala Dan op\u0161tine Ulcinj - Lajme nga Ulqini\",\"isPartOf\":{\"@id\":\"https:\/\/www.visit-ulcinj.com\/blog\/#website\"},\"primaryImageOfPage\":{\"@id\":\"https:\/\/www.visit-ulcinj.com\/blog\/2015\/04\/04\/snp-ulcinj-cestitala-dan-opstine-ulcinj\/#primaryimage\"},\"datePublished\":\"2015-04-04T17:37:13+00:00\",\"dateModified\":\"2015-04-04T17:37:13+00:00\",\"author\":{\"@id\":\"https:\/\/www.visit-ulcinj.com\/blog\/#\/schema\/person\/dcab619c614d3038751c63bc2aadc06d\"},\"description\":\"Socijalisti\u010dka narodna partija Crne Gore \u010destitala je Dan op\u0161tine Ulcinj, nagla\u0161avaju\u0107i da su nedostatak investicija, te\u0161ka socijalna situacija,\",\"breadcrumb\":{\"@id\":\"https:\/\/www.visit-ulcinj.com\/blog\/2015\/04\/04\/snp-ulcinj-cestitala-dan-opstine-ulcinj\/#breadcrumb\"},\"inLanguage\":\"en-US\",\"potentialAction\":[{\"@type\":\"ReadAction\",\"target\":[\"https:\/\/www.visit-ulcinj.com\/blog\/2015\/04\/04\/snp-ulcinj-cestitala-dan-opstine-ulcinj\/\"]}]},{\"@type\":\"BreadcrumbList\",\"@id\":\"https:\/\/www.visit-ulcinj.com\/blog\/2015\/04\/04\/snp-ulcinj-cestitala-dan-opstine-ulcinj\/#breadcrumb\",\"itemListElement\":[{\"@type\":\"ListItem\",\"position\":1,\"name\":\"SNP Ulcinj &#8211; \u010destitala Dan op\u0161tine Ulcinj\"}]},{\"@type\":\"Person\",\"@id\":\"https:\/\/www.visit-ulcinj.com\/blog\/#\/schema\/person\/dcab619c614d3038751c63bc2aadc06d\",\"name\":\"ulqini\",\"sameAs\":[\"http:\/\/www.visit-ulcinj.com\"],\"url\":\"https:\/\/www.visit-ulcinj.com\/blog\/author\/admin\/\"}]}<\/script>\n<!-- \/ Yoast SEO plugin. -->","yoast_head_json":{"title":"SNP Ulcinj - \u010destitala Dan op\u0161tine Ulcinj - Lajme nga Ulqini","description":"Socijalisti\u010dka narodna partija Crne Gore \u010destitala je Dan op\u0161tine Ulcinj, nagla\u0161avaju\u0107i da su nedostatak investicija, te\u0161ka socijalna situacija,","robots":{"index":"index","follow":"follow","max-snippet":"max-snippet:-1","max-image-preview":"max-image-preview:large","max-video-preview":"max-video-preview:-1"},"canonical":"https:\/\/www.visit-ulcinj.com\/blog\/2015\/04\/04\/snp-ulcinj-cestitala-dan-opstine-ulcinj\/","og_locale":"en_US","og_type":"article","og_title":"SNP Ulcinj - \u010destitala Dan op\u0161tine Ulcinj - Lajme nga Ulqini","og_description":"Socijalisti\u010dka narodna partija Crne Gore \u010destitala je Dan op\u0161tine Ulcinj, nagla\u0161avaju\u0107i da su nedostatak investicija, te\u0161ka socijalna situacija,","og_url":"https:\/\/www.visit-ulcinj.com\/blog\/2015\/04\/04\/snp-ulcinj-cestitala-dan-opstine-ulcinj\/","og_site_name":"Lajme nga Ulqini","article_published_time":"2015-04-04T17:37:13+00:00","og_image":[{"url":"http:\/\/www.visit-ulcinj.com\/blog\/wp-content\/uploads\/2014\/03\/snp_1.jpg"}],"twitter_misc":{"Written by":"ulqini","Est. reading time":"1 minute"},"schema":{"@context":"https:\/\/schema.org","@graph":[{"@type":"WebSite","@id":"https:\/\/www.visit-ulcinj.com\/blog\/#website","url":"https:\/\/www.visit-ulcinj.com\/blog\/","name":"Lajme nga Ulqini","description":"Lajme,Vijesti,Ulqini,Ulqin,Crna Gora,Mali i Zi","potentialAction":[{"@type":"SearchAction","target":{"@type":"EntryPoint","urlTemplate":"https:\/\/www.visit-ulcinj.com\/blog\/?s={search_term_string}"},"query-input":"required name=search_term_string"}],"inLanguage":"en-US"},{"@type":"ImageObject","inLanguage":"en-US","@id":"https:\/\/www.visit-ulcinj.com\/blog\/2015\/04\/04\/snp-ulcinj-cestitala-dan-opstine-ulcinj\/#primaryimage","url":"https:\/\/www.visit-ulcinj.com\/blog\/wp-content\/uploads\/2014\/03\/snp_1.jpg","contentUrl":"https:\/\/www.visit-ulcinj.com\/blog\/wp-content\/uploads\/2014\/03\/snp_1.jpg","width":573,"height":384},{"@type":"WebPage","@id":"https:\/\/www.visit-ulcinj.com\/blog\/2015\/04\/04\/snp-ulcinj-cestitala-dan-opstine-ulcinj\/#webpage","url":"https:\/\/www.visit-ulcinj.com\/blog\/2015\/04\/04\/snp-ulcinj-cestitala-dan-opstine-ulcinj\/","name":"SNP Ulcinj - \u010destitala Dan op\u0161tine Ulcinj - Lajme nga Ulqini","isPartOf":{"@id":"https:\/\/www.visit-ulcinj.com\/blog\/#website"},"primaryImageOfPage":{"@id":"https:\/\/www.visit-ulcinj.com\/blog\/2015\/04\/04\/snp-ulcinj-cestitala-dan-opstine-ulcinj\/#primaryimage"},"datePublished":"2015-04-04T17:37:13+00:00","dateModified":"2015-04-04T17:37:13+00:00","author":{"@id":"https:\/\/www.visit-ulcinj.com\/blog\/#\/schema\/person\/dcab619c614d3038751c63bc2aadc06d"},"description":"Socijalisti\u010dka narodna partija Crne Gore \u010destitala je Dan op\u0161tine Ulcinj, nagla\u0161avaju\u0107i da su nedostatak investicija, te\u0161ka socijalna situacija,","breadcrumb":{"@id":"https:\/\/www.visit-ulcinj.com\/blog\/2015\/04\/04\/snp-ulcinj-cestitala-dan-opstine-ulcinj\/#breadcrumb"},"inLanguage":"en-US","potentialAction":[{"@type":"ReadAction","target":["https:\/\/www.visit-ulcinj.com\/blog\/2015\/04\/04\/snp-ulcinj-cestitala-dan-opstine-ulcinj\/"]}]},{"@type":"BreadcrumbList","@id":"https:\/\/www.visit-ulcinj.com\/blog\/2015\/04\/04\/snp-ulcinj-cestitala-dan-opstine-ulcinj\/#breadcrumb","itemListElement":[{"@type":"ListItem","position":1,"name":"SNP Ulcinj &#8211; \u010destitala Dan op\u0161tine Ulcinj"}]},{"@type":"Person","@id":"https:\/\/www.visit-ulcinj.com\/blog\/#\/schema\/person\/dcab619c614d3038751c63bc2aadc06d","name":"ulqini","sameAs":["http:\/\/www.visit-ulcinj.com"],"url":"https:\/\/www.visit-ulcinj.com\/blog\/author\/admin\/"}]}},"jetpack_featured_media_url":"","jetpack_sharing_enabled":true,"jetpack_shortlink":"https:\/\/wp.me\/pe6lTn-nmO","_links":{"self":[{"href":"https:\/\/www.visit-ulcinj.com\/blog\/wp-json\/wp\/v2\/posts\/89826"}],"collection":[{"href":"https:\/\/www.visit-ulcinj.com\/blog\/wp-json\/wp\/v2\/posts"}],"about":[{"href":"https:\/\/www.visit-ulcinj.com\/blog\/wp-json\/wp\/v2\/types\/post"}],"author":[{"embeddable":true,"href":"https:\/\/www.visit-ulcinj.com\/blog\/wp-json\/wp\/v2\/users\/1"}],"replies":[{"embeddable":true,"href":"https:\/\/www.visit-ulcinj.com\/blog\/wp-json\/wp\/v2\/comments?post=89826"}],"version-history":[{"count":1,"href":"https:\/\/www.visit-ulcinj.com\/blog\/wp-json\/wp\/v2\/posts\/89826\/revisions"}],"predecessor-version":[{"id":89827,"href":"https:\/\/www.visit-ulcinj.com\/blog\/wp-json\/wp\/v2\/posts\/89826\/revisions\/89827"}],"wp:attachment":[{"href":"https:\/\/www.visit-ulcinj.com\/blog\/wp-json\/wp\/v2\/media?parent=89826"}],"wp:term":[{"taxonomy":"category","embeddable":true,"href":"https:\/\/www.visit-ulcinj.com\/blog\/wp-json\/wp\/v2\/categories?post=89826"},{"taxonomy":"post_tag","embeddable":true,"href":"https:\/\/www.visit-ulcinj.com\/blog\/wp-json\/wp\/v2\/tags?post=89826"}],"curies":[{"name":"wp","href":"https:\/\/api.w.org\/{rel}","templated":true}]}}