{"id":89833,"date":"2015-04-04T18:48:30","date_gmt":"2015-04-04T17:48:30","guid":{"rendered":"http:\/\/www.visit-ulcinj.com\/blog\/?p=89833"},"modified":"2015-04-04T18:48:30","modified_gmt":"2015-04-04T17:48:30","slug":"rasko-konjevic-ulcinj-ima-sta-da-ponudi-turistima","status":"publish","type":"post","link":"https:\/\/www.visit-ulcinj.com\/blog\/2015\/04\/04\/rasko-konjevic-ulcinj-ima-sta-da-ponudi-turistima\/","title":{"rendered":"Ra\u0161ko Konjevi\u0107: Ulcinj ima \u0161ta da ponudi turistima"},"content":{"rendered":"<p><a href=\"http:\/\/www.visit-ulcinj.com\/blog\/wp-content\/uploads\/2015\/04\/Rasko-Konjevic.jpg\"><img loading=\"lazy\" class=\"alignleft wp-image-89834\" src=\"http:\/\/www.visit-ulcinj.com\/blog\/wp-content\/uploads\/2015\/04\/Rasko-Konjevic.jpg\" alt=\"Rasko Konjevic\" width=\"508\" height=\"372\" srcset=\"https:\/\/www.visit-ulcinj.com\/blog\/wp-content\/uploads\/2015\/04\/Rasko-Konjevic.jpg 655w, https:\/\/www.visit-ulcinj.com\/blog\/wp-content\/uploads\/2015\/04\/Rasko-Konjevic-300x220.jpg 300w\" sizes=\"(max-width: 508px) 100vw, 508px\" \/><\/a>Ministar unutra\u0161njih poslova mr Ra\u0161ko Konjevi\u0107 uputio je, povodom Dana op\u0161tine Ulcinj, \u010destitku predsjedniku Op\u0161tine Fatmiru \u0110eki, predsjedniku Skup\u0161tine op\u0161tine Fuadu Had\u017eibetiju, odbornicima i gra\u0111anima.<\/p>\n<p>\u201eOtrantska vrata otvaraju pogled na grad u kojem su se kroz istoriju nebrojeno puta smjenjivale kulture i narodi, ostavljaju\u0107i za sobom neizbrisiv pe\u010dat koji se do danas vidi i osje\u0107a u Ulcinju. Izdignut na hridima iznad mora, Ulcinj je jedan od onih gradova koji svojom raznoliko\u0161\u0107u zaista imaju \u0161ta da ponude turistima\u201c, pi\u0161e u \u010destitki Konjevi\u0107a.<\/p>\n<p>Prema njegovim rije\u010dima zato prirodno bogatstvo zale\u0111a i priobalja treba iskoristiti na pravi na\u010din, privla\u0107e\u0107i nove investitore i razvijaju\u0107i lokalne projekte u smjeru zadovoljenja potreba gra\u0111ana, unaprije\u0111enja usluga i turisti\u010dkih ponuda.<\/p>\n<p>\u201eUz \u017eelju da zajedni\u010dkim naporima doprinesemo kreiranju povoljnog ambijenta za dalji razvoj grada, ujedno osna\u017euju\u0107i kadrove u cilju \u0161to kvalitenijeg pru\u017eanja usluga gra\u0111anima i turistima, u svoje ime i u ime Ministarstva unutra\u0161njih poslova, srda\u010dno Vam \u010destitam Dan op\u0161tine Ulcinj\u201c, zaklju\u010duje se u \u010destitki Konjevi\u0107a.<\/p>\n<p><strong>Izvor: CDM<\/strong><\/p>\n","protected":false},"excerpt":{"rendered":"<p>Ministar unutra\u0161njih poslova mr Ra\u0161ko Konjevi\u0107 uputio je, povodom Dana op\u0161tine Ulcinj, \u010destitku predsjedniku Op\u0161tine Fatmiru \u0110eki, predsjedniku Skup\u0161tine op\u0161tine Fuadu Had\u017eibetiju, odbornicima i gra\u0111anima. \u201eOtrantska vrata otvaraju pogled na grad u kojem su se kroz istoriju nebrojeno puta smjenjivale kulture i narodi, ostavljaju\u0107i za sobom neizbrisiv pe\u010dat koji se do danas vidi i osje\u0107a [&hellip;]<\/p>\n","protected":false},"author":1,"featured_media":0,"comment_status":"closed","ping_status":"closed","sticky":false,"template":"","format":"standard","meta":{"spay_email":"","jetpack_publicize_message":"","jetpack_is_tweetstorm":false,"jetpack_publicize_feature_enabled":true},"categories":[6950],"tags":[],"jetpack_publicize_connections":[],"yoast_head":"<!-- This site is optimized with the Yoast SEO plugin v19.1 - https:\/\/yoast.com\/wordpress\/plugins\/seo\/ -->\n<title>Ra\u0161ko Konjevi\u0107: Ulcinj ima \u0161ta da ponudi turistima - Lajme nga Ulqini<\/title>\n<meta name=\"description\" content=\"Ministar unutra\u0161njih poslova mr Ra\u0161ko Konjevi\u0107 uputio je, povodom Dana op\u0161tine Ulcinj, \u010destitku predsjedniku Op\u0161tine Fatmiru \u0110eki, predsjedniku Skup\u0161tine\" \/>\n<meta name=\"robots\" content=\"index, follow, max-snippet:-1, max-image-preview:large, max-video-preview:-1\" \/>\n<link rel=\"canonical\" href=\"https:\/\/www.visit-ulcinj.com\/blog\/2015\/04\/04\/rasko-konjevic-ulcinj-ima-sta-da-ponudi-turistima\/\" \/>\n<meta property=\"og:locale\" content=\"en_US\" \/>\n<meta property=\"og:type\" content=\"article\" \/>\n<meta property=\"og:title\" content=\"Ra\u0161ko Konjevi\u0107: Ulcinj ima \u0161ta da ponudi turistima - Lajme nga Ulqini\" \/>\n<meta property=\"og:description\" content=\"Ministar unutra\u0161njih poslova mr Ra\u0161ko Konjevi\u0107 uputio je, povodom Dana op\u0161tine Ulcinj, \u010destitku predsjedniku Op\u0161tine Fatmiru \u0110eki, predsjedniku Skup\u0161tine\" \/>\n<meta property=\"og:url\" content=\"https:\/\/www.visit-ulcinj.com\/blog\/2015\/04\/04\/rasko-konjevic-ulcinj-ima-sta-da-ponudi-turistima\/\" \/>\n<meta property=\"og:site_name\" content=\"Lajme nga Ulqini\" \/>\n<meta property=\"article:published_time\" content=\"2015-04-04T17:48:30+00:00\" \/>\n<meta property=\"og:image\" content=\"http:\/\/www.visit-ulcinj.com\/blog\/wp-content\/uploads\/2015\/04\/Rasko-Konjevic.jpg\" \/>\n<meta name=\"twitter:label1\" content=\"Written by\" \/>\n\t<meta name=\"twitter:data1\" content=\"ulqini\" \/>\n\t<meta name=\"twitter:label2\" content=\"Est. reading time\" \/>\n\t<meta name=\"twitter:data2\" content=\"1 minute\" \/>\n<script type=\"application\/ld+json\" class=\"yoast-schema-graph\">{\"@context\":\"https:\/\/schema.org\",\"@graph\":[{\"@type\":\"WebSite\",\"@id\":\"https:\/\/www.visit-ulcinj.com\/blog\/#website\",\"url\":\"https:\/\/www.visit-ulcinj.com\/blog\/\",\"name\":\"Lajme nga Ulqini\",\"description\":\"Lajme,Vijesti,Ulqini,Ulqin,Crna Gora,Mali i Zi\",\"potentialAction\":[{\"@type\":\"SearchAction\",\"target\":{\"@type\":\"EntryPoint\",\"urlTemplate\":\"https:\/\/www.visit-ulcinj.com\/blog\/?s={search_term_string}\"},\"query-input\":\"required name=search_term_string\"}],\"inLanguage\":\"en-US\"},{\"@type\":\"ImageObject\",\"inLanguage\":\"en-US\",\"@id\":\"https:\/\/www.visit-ulcinj.com\/blog\/2015\/04\/04\/rasko-konjevic-ulcinj-ima-sta-da-ponudi-turistima\/#primaryimage\",\"url\":\"https:\/\/www.visit-ulcinj.com\/blog\/wp-content\/uploads\/2015\/04\/Rasko-Konjevic.jpg\",\"contentUrl\":\"https:\/\/www.visit-ulcinj.com\/blog\/wp-content\/uploads\/2015\/04\/Rasko-Konjevic.jpg\",\"width\":655,\"height\":480},{\"@type\":\"WebPage\",\"@id\":\"https:\/\/www.visit-ulcinj.com\/blog\/2015\/04\/04\/rasko-konjevic-ulcinj-ima-sta-da-ponudi-turistima\/#webpage\",\"url\":\"https:\/\/www.visit-ulcinj.com\/blog\/2015\/04\/04\/rasko-konjevic-ulcinj-ima-sta-da-ponudi-turistima\/\",\"name\":\"Ra\u0161ko Konjevi\u0107: Ulcinj ima \u0161ta da ponudi turistima - Lajme nga Ulqini\",\"isPartOf\":{\"@id\":\"https:\/\/www.visit-ulcinj.com\/blog\/#website\"},\"primaryImageOfPage\":{\"@id\":\"https:\/\/www.visit-ulcinj.com\/blog\/2015\/04\/04\/rasko-konjevic-ulcinj-ima-sta-da-ponudi-turistima\/#primaryimage\"},\"datePublished\":\"2015-04-04T17:48:30+00:00\",\"dateModified\":\"2015-04-04T17:48:30+00:00\",\"author\":{\"@id\":\"https:\/\/www.visit-ulcinj.com\/blog\/#\/schema\/person\/dcab619c614d3038751c63bc2aadc06d\"},\"description\":\"Ministar unutra\u0161njih poslova mr Ra\u0161ko Konjevi\u0107 uputio je, povodom Dana op\u0161tine Ulcinj, \u010destitku predsjedniku Op\u0161tine Fatmiru \u0110eki, predsjedniku Skup\u0161tine\",\"breadcrumb\":{\"@id\":\"https:\/\/www.visit-ulcinj.com\/blog\/2015\/04\/04\/rasko-konjevic-ulcinj-ima-sta-da-ponudi-turistima\/#breadcrumb\"},\"inLanguage\":\"en-US\",\"potentialAction\":[{\"@type\":\"ReadAction\",\"target\":[\"https:\/\/www.visit-ulcinj.com\/blog\/2015\/04\/04\/rasko-konjevic-ulcinj-ima-sta-da-ponudi-turistima\/\"]}]},{\"@type\":\"BreadcrumbList\",\"@id\":\"https:\/\/www.visit-ulcinj.com\/blog\/2015\/04\/04\/rasko-konjevic-ulcinj-ima-sta-da-ponudi-turistima\/#breadcrumb\",\"itemListElement\":[{\"@type\":\"ListItem\",\"position\":1,\"name\":\"Ra\u0161ko Konjevi\u0107: Ulcinj ima \u0161ta da ponudi turistima\"}]},{\"@type\":\"Person\",\"@id\":\"https:\/\/www.visit-ulcinj.com\/blog\/#\/schema\/person\/dcab619c614d3038751c63bc2aadc06d\",\"name\":\"ulqini\",\"sameAs\":[\"http:\/\/www.visit-ulcinj.com\"],\"url\":\"https:\/\/www.visit-ulcinj.com\/blog\/author\/admin\/\"}]}<\/script>\n<!-- \/ Yoast SEO plugin. -->","yoast_head_json":{"title":"Ra\u0161ko Konjevi\u0107: Ulcinj ima \u0161ta da ponudi turistima - Lajme nga Ulqini","description":"Ministar unutra\u0161njih poslova mr Ra\u0161ko Konjevi\u0107 uputio je, povodom Dana op\u0161tine Ulcinj, \u010destitku predsjedniku Op\u0161tine Fatmiru \u0110eki, predsjedniku Skup\u0161tine","robots":{"index":"index","follow":"follow","max-snippet":"max-snippet:-1","max-image-preview":"max-image-preview:large","max-video-preview":"max-video-preview:-1"},"canonical":"https:\/\/www.visit-ulcinj.com\/blog\/2015\/04\/04\/rasko-konjevic-ulcinj-ima-sta-da-ponudi-turistima\/","og_locale":"en_US","og_type":"article","og_title":"Ra\u0161ko Konjevi\u0107: Ulcinj ima \u0161ta da ponudi turistima - Lajme nga Ulqini","og_description":"Ministar unutra\u0161njih poslova mr Ra\u0161ko Konjevi\u0107 uputio je, povodom Dana op\u0161tine Ulcinj, \u010destitku predsjedniku Op\u0161tine Fatmiru \u0110eki, predsjedniku Skup\u0161tine","og_url":"https:\/\/www.visit-ulcinj.com\/blog\/2015\/04\/04\/rasko-konjevic-ulcinj-ima-sta-da-ponudi-turistima\/","og_site_name":"Lajme nga Ulqini","article_published_time":"2015-04-04T17:48:30+00:00","og_image":[{"url":"http:\/\/www.visit-ulcinj.com\/blog\/wp-content\/uploads\/2015\/04\/Rasko-Konjevic.jpg"}],"twitter_misc":{"Written by":"ulqini","Est. reading time":"1 minute"},"schema":{"@context":"https:\/\/schema.org","@graph":[{"@type":"WebSite","@id":"https:\/\/www.visit-ulcinj.com\/blog\/#website","url":"https:\/\/www.visit-ulcinj.com\/blog\/","name":"Lajme nga Ulqini","description":"Lajme,Vijesti,Ulqini,Ulqin,Crna Gora,Mali i Zi","potentialAction":[{"@type":"SearchAction","target":{"@type":"EntryPoint","urlTemplate":"https:\/\/www.visit-ulcinj.com\/blog\/?s={search_term_string}"},"query-input":"required name=search_term_string"}],"inLanguage":"en-US"},{"@type":"ImageObject","inLanguage":"en-US","@id":"https:\/\/www.visit-ulcinj.com\/blog\/2015\/04\/04\/rasko-konjevic-ulcinj-ima-sta-da-ponudi-turistima\/#primaryimage","url":"https:\/\/www.visit-ulcinj.com\/blog\/wp-content\/uploads\/2015\/04\/Rasko-Konjevic.jpg","contentUrl":"https:\/\/www.visit-ulcinj.com\/blog\/wp-content\/uploads\/2015\/04\/Rasko-Konjevic.jpg","width":655,"height":480},{"@type":"WebPage","@id":"https:\/\/www.visit-ulcinj.com\/blog\/2015\/04\/04\/rasko-konjevic-ulcinj-ima-sta-da-ponudi-turistima\/#webpage","url":"https:\/\/www.visit-ulcinj.com\/blog\/2015\/04\/04\/rasko-konjevic-ulcinj-ima-sta-da-ponudi-turistima\/","name":"Ra\u0161ko Konjevi\u0107: Ulcinj ima \u0161ta da ponudi turistima - Lajme nga Ulqini","isPartOf":{"@id":"https:\/\/www.visit-ulcinj.com\/blog\/#website"},"primaryImageOfPage":{"@id":"https:\/\/www.visit-ulcinj.com\/blog\/2015\/04\/04\/rasko-konjevic-ulcinj-ima-sta-da-ponudi-turistima\/#primaryimage"},"datePublished":"2015-04-04T17:48:30+00:00","dateModified":"2015-04-04T17:48:30+00:00","author":{"@id":"https:\/\/www.visit-ulcinj.com\/blog\/#\/schema\/person\/dcab619c614d3038751c63bc2aadc06d"},"description":"Ministar unutra\u0161njih poslova mr Ra\u0161ko Konjevi\u0107 uputio je, povodom Dana op\u0161tine Ulcinj, \u010destitku predsjedniku Op\u0161tine Fatmiru \u0110eki, predsjedniku Skup\u0161tine","breadcrumb":{"@id":"https:\/\/www.visit-ulcinj.com\/blog\/2015\/04\/04\/rasko-konjevic-ulcinj-ima-sta-da-ponudi-turistima\/#breadcrumb"},"inLanguage":"en-US","potentialAction":[{"@type":"ReadAction","target":["https:\/\/www.visit-ulcinj.com\/blog\/2015\/04\/04\/rasko-konjevic-ulcinj-ima-sta-da-ponudi-turistima\/"]}]},{"@type":"BreadcrumbList","@id":"https:\/\/www.visit-ulcinj.com\/blog\/2015\/04\/04\/rasko-konjevic-ulcinj-ima-sta-da-ponudi-turistima\/#breadcrumb","itemListElement":[{"@type":"ListItem","position":1,"name":"Ra\u0161ko Konjevi\u0107: Ulcinj ima \u0161ta da ponudi turistima"}]},{"@type":"Person","@id":"https:\/\/www.visit-ulcinj.com\/blog\/#\/schema\/person\/dcab619c614d3038751c63bc2aadc06d","name":"ulqini","sameAs":["http:\/\/www.visit-ulcinj.com"],"url":"https:\/\/www.visit-ulcinj.com\/blog\/author\/admin\/"}]}},"jetpack_featured_media_url":"","jetpack_sharing_enabled":true,"jetpack_shortlink":"https:\/\/wp.me\/pe6lTn-nmV","_links":{"self":[{"href":"https:\/\/www.visit-ulcinj.com\/blog\/wp-json\/wp\/v2\/posts\/89833"}],"collection":[{"href":"https:\/\/www.visit-ulcinj.com\/blog\/wp-json\/wp\/v2\/posts"}],"about":[{"href":"https:\/\/www.visit-ulcinj.com\/blog\/wp-json\/wp\/v2\/types\/post"}],"author":[{"embeddable":true,"href":"https:\/\/www.visit-ulcinj.com\/blog\/wp-json\/wp\/v2\/users\/1"}],"replies":[{"embeddable":true,"href":"https:\/\/www.visit-ulcinj.com\/blog\/wp-json\/wp\/v2\/comments?post=89833"}],"version-history":[{"count":1,"href":"https:\/\/www.visit-ulcinj.com\/blog\/wp-json\/wp\/v2\/posts\/89833\/revisions"}],"predecessor-version":[{"id":89835,"href":"https:\/\/www.visit-ulcinj.com\/blog\/wp-json\/wp\/v2\/posts\/89833\/revisions\/89835"}],"wp:attachment":[{"href":"https:\/\/www.visit-ulcinj.com\/blog\/wp-json\/wp\/v2\/media?parent=89833"}],"wp:term":[{"taxonomy":"category","embeddable":true,"href":"https:\/\/www.visit-ulcinj.com\/blog\/wp-json\/wp\/v2\/categories?post=89833"},{"taxonomy":"post_tag","embeddable":true,"href":"https:\/\/www.visit-ulcinj.com\/blog\/wp-json\/wp\/v2\/tags?post=89833"}],"curies":[{"name":"wp","href":"https:\/\/api.w.org\/{rel}","templated":true}]}}