{"id":89836,"date":"2015-04-03T18:50:07","date_gmt":"2015-04-03T17:50:07","guid":{"rendered":"http:\/\/www.visit-ulcinj.com\/blog\/?p=89836"},"modified":"2015-04-04T18:51:57","modified_gmt":"2015-04-04T17:51:57","slug":"krivokapic-cestitka-povodom-dana-opstine-ulcinj","status":"publish","type":"post","link":"https:\/\/www.visit-ulcinj.com\/blog\/2015\/04\/03\/krivokapic-cestitka-povodom-dana-opstine-ulcinj\/","title":{"rendered":"Krivokapi\u0107: \u010cestitka povodom Dana op\u0161tine Ulcinj"},"content":{"rendered":"<div class=\"itemIntroText\">\n<p><a href=\"http:\/\/www.visit-ulcinj.com\/blog\/wp-content\/uploads\/2009\/12\/Ranko-Krivokapiq.jpg\"><img loading=\"lazy\" class=\"alignleft wp-image-28971\" src=\"http:\/\/www.visit-ulcinj.com\/blog\/wp-content\/uploads\/2009\/12\/Ranko-Krivokapiq.jpg\" alt=\"Ranko Krivokapiq\" width=\"508\" height=\"339\" srcset=\"https:\/\/www.visit-ulcinj.com\/blog\/wp-content\/uploads\/2009\/12\/Ranko-Krivokapiq.jpg 900w, https:\/\/www.visit-ulcinj.com\/blog\/wp-content\/uploads\/2009\/12\/Ranko-Krivokapiq-300x200.jpg 300w\" sizes=\"(max-width: 508px) 100vw, 508px\" \/><\/a>Pred\u015bednik Skup\u0161tine Crne Gore Ranko Krivokapi\u0107 uputio je, povodom 4. aprila Dana Op\u0161tine Ulcinj (prva subota aprila), gra\u0111ankama i gra\u0111anima Ulcinja, pred\u015bedniku Op\u0161tine Fatmiru Gjeki, pred\u015bedniku op\u0161tinske Skup\u0161tine Fuadu Had\u017eibetiju i odbornicima \u010destitku:<\/p>\n<\/div>\n<div class=\"itemFullText\">\n<p><strong>\u00a0\u201cPo\u0161tovane Ulcinjanke i Ulcinjani,<\/strong><\/p>\n<p align=\"JUSTIFY\">Va\u0161 grad je dio Crne Gore &#8211; cjelina koja objedinjuje bogatstvo kulture i vjera, sa posebnim o\u015be\u0107ajem za gra\u0111ansko jedinstvo svih nacija koje \u017eive u gradu okrenutom ka Otrantu.<\/p>\n<p align=\"JUSTIFY\">Zidine Ulcinja prkose sili mora, kao \u0161to gra\u0111anke i gra\u0111ani Ulcinja ostaju \u010dvrsti na prijetnje bezumlja, \u010duvaju\u0107i multikulturalnu Crnu Goru.<\/p>\n<p align=\"JUSTIFY\">Dr\u017eava je obavezna osna\u017eiti dalji razvoj Ulcinja, zarad boljeg \u017eivota gra\u0111ana, uz mudru valorizaciju izuzetnih potencijala i prirodnih resursa.<\/p>\n<p align=\"JUSTIFY\">U ime Skup\u0161tine Crne Gore i svoje ime, \u010destitam vam 4. april \u2013 Dan Op\u0161tine Ulcinj.\u201d<\/p>\n<p class=\"western\" align=\"JUSTIFY\"><strong>Ranko Krivokapi\u0107<\/strong><\/p>\n<\/div>\n","protected":false},"excerpt":{"rendered":"<p>Pred\u015bednik Skup\u0161tine Crne Gore Ranko Krivokapi\u0107 uputio je, povodom 4. aprila Dana Op\u0161tine Ulcinj (prva subota aprila), gra\u0111ankama i gra\u0111anima Ulcinja, pred\u015bedniku Op\u0161tine Fatmiru Gjeki, pred\u015bedniku op\u0161tinske Skup\u0161tine Fuadu Had\u017eibetiju i odbornicima \u010destitku: \u00a0\u201cPo\u0161tovane Ulcinjanke i Ulcinjani, Va\u0161 grad je dio Crne Gore &#8211; cjelina koja objedinjuje bogatstvo kulture i vjera, sa posebnim o\u015be\u0107ajem za [&hellip;]<\/p>\n","protected":false},"author":1,"featured_media":0,"comment_status":"closed","ping_status":"closed","sticky":false,"template":"","format":"standard","meta":{"spay_email":"","jetpack_publicize_message":"","jetpack_is_tweetstorm":false,"jetpack_publicize_feature_enabled":true},"categories":[8337],"tags":[],"jetpack_publicize_connections":[],"yoast_head":"<!-- This site is optimized with the Yoast SEO plugin v19.1 - https:\/\/yoast.com\/wordpress\/plugins\/seo\/ -->\n<title>Krivokapi\u0107: \u010cestitka povodom Dana op\u0161tine Ulcinj - Lajme nga Ulqini<\/title>\n<meta name=\"description\" content=\"Pred\u015bednik Skup\u0161tine Crne Gore Ranko Krivokapi\u0107 uputio je, povodom 4. aprila Dana Op\u0161tine Ulcinj (prva subota aprila), gra\u0111ankama i gra\u0111anima Ulcinja,\" \/>\n<meta name=\"robots\" content=\"index, follow, max-snippet:-1, max-image-preview:large, max-video-preview:-1\" \/>\n<link rel=\"canonical\" href=\"https:\/\/www.visit-ulcinj.com\/blog\/2015\/04\/03\/krivokapic-cestitka-povodom-dana-opstine-ulcinj\/\" \/>\n<meta property=\"og:locale\" content=\"en_US\" \/>\n<meta property=\"og:type\" content=\"article\" \/>\n<meta property=\"og:title\" content=\"Krivokapi\u0107: \u010cestitka povodom Dana op\u0161tine Ulcinj - Lajme nga Ulqini\" \/>\n<meta property=\"og:description\" content=\"Pred\u015bednik Skup\u0161tine Crne Gore Ranko Krivokapi\u0107 uputio je, povodom 4. aprila Dana Op\u0161tine Ulcinj (prva subota aprila), gra\u0111ankama i gra\u0111anima Ulcinja,\" \/>\n<meta property=\"og:url\" content=\"https:\/\/www.visit-ulcinj.com\/blog\/2015\/04\/03\/krivokapic-cestitka-povodom-dana-opstine-ulcinj\/\" \/>\n<meta property=\"og:site_name\" content=\"Lajme nga Ulqini\" \/>\n<meta property=\"article:published_time\" content=\"2015-04-03T17:50:07+00:00\" \/>\n<meta property=\"article:modified_time\" content=\"2015-04-04T17:51:57+00:00\" \/>\n<meta property=\"og:image\" content=\"http:\/\/www.visit-ulcinj.com\/blog\/wp-content\/uploads\/2009\/12\/Ranko-Krivokapiq.jpg\" \/>\n<meta name=\"twitter:label1\" content=\"Written by\" \/>\n\t<meta name=\"twitter:data1\" content=\"ulqini\" \/>\n\t<meta name=\"twitter:label2\" content=\"Est. reading time\" \/>\n\t<meta name=\"twitter:data2\" content=\"1 minute\" \/>\n<script type=\"application\/ld+json\" class=\"yoast-schema-graph\">{\"@context\":\"https:\/\/schema.org\",\"@graph\":[{\"@type\":\"WebSite\",\"@id\":\"https:\/\/www.visit-ulcinj.com\/blog\/#website\",\"url\":\"https:\/\/www.visit-ulcinj.com\/blog\/\",\"name\":\"Lajme nga Ulqini\",\"description\":\"Lajme,Vijesti,Ulqini,Ulqin,Crna Gora,Mali i Zi\",\"potentialAction\":[{\"@type\":\"SearchAction\",\"target\":{\"@type\":\"EntryPoint\",\"urlTemplate\":\"https:\/\/www.visit-ulcinj.com\/blog\/?s={search_term_string}\"},\"query-input\":\"required name=search_term_string\"}],\"inLanguage\":\"en-US\"},{\"@type\":\"ImageObject\",\"inLanguage\":\"en-US\",\"@id\":\"https:\/\/www.visit-ulcinj.com\/blog\/2015\/04\/03\/krivokapic-cestitka-povodom-dana-opstine-ulcinj\/#primaryimage\",\"url\":\"https:\/\/www.visit-ulcinj.com\/blog\/wp-content\/uploads\/2009\/12\/Ranko-Krivokapiq.jpg\",\"contentUrl\":\"https:\/\/www.visit-ulcinj.com\/blog\/wp-content\/uploads\/2009\/12\/Ranko-Krivokapiq.jpg\",\"width\":\"900\",\"height\":\"600\"},{\"@type\":\"WebPage\",\"@id\":\"https:\/\/www.visit-ulcinj.com\/blog\/2015\/04\/03\/krivokapic-cestitka-povodom-dana-opstine-ulcinj\/#webpage\",\"url\":\"https:\/\/www.visit-ulcinj.com\/blog\/2015\/04\/03\/krivokapic-cestitka-povodom-dana-opstine-ulcinj\/\",\"name\":\"Krivokapi\u0107: \u010cestitka povodom Dana op\u0161tine Ulcinj - Lajme nga Ulqini\",\"isPartOf\":{\"@id\":\"https:\/\/www.visit-ulcinj.com\/blog\/#website\"},\"primaryImageOfPage\":{\"@id\":\"https:\/\/www.visit-ulcinj.com\/blog\/2015\/04\/03\/krivokapic-cestitka-povodom-dana-opstine-ulcinj\/#primaryimage\"},\"datePublished\":\"2015-04-03T17:50:07+00:00\",\"dateModified\":\"2015-04-04T17:51:57+00:00\",\"author\":{\"@id\":\"https:\/\/www.visit-ulcinj.com\/blog\/#\/schema\/person\/dcab619c614d3038751c63bc2aadc06d\"},\"description\":\"Pred\u015bednik Skup\u0161tine Crne Gore Ranko Krivokapi\u0107 uputio je, povodom 4. aprila Dana Op\u0161tine Ulcinj (prva subota aprila), gra\u0111ankama i gra\u0111anima Ulcinja,\",\"breadcrumb\":{\"@id\":\"https:\/\/www.visit-ulcinj.com\/blog\/2015\/04\/03\/krivokapic-cestitka-povodom-dana-opstine-ulcinj\/#breadcrumb\"},\"inLanguage\":\"en-US\",\"potentialAction\":[{\"@type\":\"ReadAction\",\"target\":[\"https:\/\/www.visit-ulcinj.com\/blog\/2015\/04\/03\/krivokapic-cestitka-povodom-dana-opstine-ulcinj\/\"]}]},{\"@type\":\"BreadcrumbList\",\"@id\":\"https:\/\/www.visit-ulcinj.com\/blog\/2015\/04\/03\/krivokapic-cestitka-povodom-dana-opstine-ulcinj\/#breadcrumb\",\"itemListElement\":[{\"@type\":\"ListItem\",\"position\":1,\"name\":\"Krivokapi\u0107: \u010cestitka povodom Dana op\u0161tine Ulcinj\"}]},{\"@type\":\"Person\",\"@id\":\"https:\/\/www.visit-ulcinj.com\/blog\/#\/schema\/person\/dcab619c614d3038751c63bc2aadc06d\",\"name\":\"ulqini\",\"sameAs\":[\"http:\/\/www.visit-ulcinj.com\"],\"url\":\"https:\/\/www.visit-ulcinj.com\/blog\/author\/admin\/\"}]}<\/script>\n<!-- \/ Yoast SEO plugin. -->","yoast_head_json":{"title":"Krivokapi\u0107: \u010cestitka povodom Dana op\u0161tine Ulcinj - Lajme nga Ulqini","description":"Pred\u015bednik Skup\u0161tine Crne Gore Ranko Krivokapi\u0107 uputio je, povodom 4. aprila Dana Op\u0161tine Ulcinj (prva subota aprila), gra\u0111ankama i gra\u0111anima Ulcinja,","robots":{"index":"index","follow":"follow","max-snippet":"max-snippet:-1","max-image-preview":"max-image-preview:large","max-video-preview":"max-video-preview:-1"},"canonical":"https:\/\/www.visit-ulcinj.com\/blog\/2015\/04\/03\/krivokapic-cestitka-povodom-dana-opstine-ulcinj\/","og_locale":"en_US","og_type":"article","og_title":"Krivokapi\u0107: \u010cestitka povodom Dana op\u0161tine Ulcinj - Lajme nga Ulqini","og_description":"Pred\u015bednik Skup\u0161tine Crne Gore Ranko Krivokapi\u0107 uputio je, povodom 4. aprila Dana Op\u0161tine Ulcinj (prva subota aprila), gra\u0111ankama i gra\u0111anima Ulcinja,","og_url":"https:\/\/www.visit-ulcinj.com\/blog\/2015\/04\/03\/krivokapic-cestitka-povodom-dana-opstine-ulcinj\/","og_site_name":"Lajme nga Ulqini","article_published_time":"2015-04-03T17:50:07+00:00","article_modified_time":"2015-04-04T17:51:57+00:00","og_image":[{"url":"http:\/\/www.visit-ulcinj.com\/blog\/wp-content\/uploads\/2009\/12\/Ranko-Krivokapiq.jpg"}],"twitter_misc":{"Written by":"ulqini","Est. reading time":"1 minute"},"schema":{"@context":"https:\/\/schema.org","@graph":[{"@type":"WebSite","@id":"https:\/\/www.visit-ulcinj.com\/blog\/#website","url":"https:\/\/www.visit-ulcinj.com\/blog\/","name":"Lajme nga Ulqini","description":"Lajme,Vijesti,Ulqini,Ulqin,Crna Gora,Mali i Zi","potentialAction":[{"@type":"SearchAction","target":{"@type":"EntryPoint","urlTemplate":"https:\/\/www.visit-ulcinj.com\/blog\/?s={search_term_string}"},"query-input":"required name=search_term_string"}],"inLanguage":"en-US"},{"@type":"ImageObject","inLanguage":"en-US","@id":"https:\/\/www.visit-ulcinj.com\/blog\/2015\/04\/03\/krivokapic-cestitka-povodom-dana-opstine-ulcinj\/#primaryimage","url":"https:\/\/www.visit-ulcinj.com\/blog\/wp-content\/uploads\/2009\/12\/Ranko-Krivokapiq.jpg","contentUrl":"https:\/\/www.visit-ulcinj.com\/blog\/wp-content\/uploads\/2009\/12\/Ranko-Krivokapiq.jpg","width":"900","height":"600"},{"@type":"WebPage","@id":"https:\/\/www.visit-ulcinj.com\/blog\/2015\/04\/03\/krivokapic-cestitka-povodom-dana-opstine-ulcinj\/#webpage","url":"https:\/\/www.visit-ulcinj.com\/blog\/2015\/04\/03\/krivokapic-cestitka-povodom-dana-opstine-ulcinj\/","name":"Krivokapi\u0107: \u010cestitka povodom Dana op\u0161tine Ulcinj - Lajme nga Ulqini","isPartOf":{"@id":"https:\/\/www.visit-ulcinj.com\/blog\/#website"},"primaryImageOfPage":{"@id":"https:\/\/www.visit-ulcinj.com\/blog\/2015\/04\/03\/krivokapic-cestitka-povodom-dana-opstine-ulcinj\/#primaryimage"},"datePublished":"2015-04-03T17:50:07+00:00","dateModified":"2015-04-04T17:51:57+00:00","author":{"@id":"https:\/\/www.visit-ulcinj.com\/blog\/#\/schema\/person\/dcab619c614d3038751c63bc2aadc06d"},"description":"Pred\u015bednik Skup\u0161tine Crne Gore Ranko Krivokapi\u0107 uputio je, povodom 4. aprila Dana Op\u0161tine Ulcinj (prva subota aprila), gra\u0111ankama i gra\u0111anima Ulcinja,","breadcrumb":{"@id":"https:\/\/www.visit-ulcinj.com\/blog\/2015\/04\/03\/krivokapic-cestitka-povodom-dana-opstine-ulcinj\/#breadcrumb"},"inLanguage":"en-US","potentialAction":[{"@type":"ReadAction","target":["https:\/\/www.visit-ulcinj.com\/blog\/2015\/04\/03\/krivokapic-cestitka-povodom-dana-opstine-ulcinj\/"]}]},{"@type":"BreadcrumbList","@id":"https:\/\/www.visit-ulcinj.com\/blog\/2015\/04\/03\/krivokapic-cestitka-povodom-dana-opstine-ulcinj\/#breadcrumb","itemListElement":[{"@type":"ListItem","position":1,"name":"Krivokapi\u0107: \u010cestitka povodom Dana op\u0161tine Ulcinj"}]},{"@type":"Person","@id":"https:\/\/www.visit-ulcinj.com\/blog\/#\/schema\/person\/dcab619c614d3038751c63bc2aadc06d","name":"ulqini","sameAs":["http:\/\/www.visit-ulcinj.com"],"url":"https:\/\/www.visit-ulcinj.com\/blog\/author\/admin\/"}]}},"jetpack_featured_media_url":"","jetpack_sharing_enabled":true,"jetpack_shortlink":"https:\/\/wp.me\/pe6lTn-nmY","_links":{"self":[{"href":"https:\/\/www.visit-ulcinj.com\/blog\/wp-json\/wp\/v2\/posts\/89836"}],"collection":[{"href":"https:\/\/www.visit-ulcinj.com\/blog\/wp-json\/wp\/v2\/posts"}],"about":[{"href":"https:\/\/www.visit-ulcinj.com\/blog\/wp-json\/wp\/v2\/types\/post"}],"author":[{"embeddable":true,"href":"https:\/\/www.visit-ulcinj.com\/blog\/wp-json\/wp\/v2\/users\/1"}],"replies":[{"embeddable":true,"href":"https:\/\/www.visit-ulcinj.com\/blog\/wp-json\/wp\/v2\/comments?post=89836"}],"version-history":[{"count":1,"href":"https:\/\/www.visit-ulcinj.com\/blog\/wp-json\/wp\/v2\/posts\/89836\/revisions"}],"predecessor-version":[{"id":89837,"href":"https:\/\/www.visit-ulcinj.com\/blog\/wp-json\/wp\/v2\/posts\/89836\/revisions\/89837"}],"wp:attachment":[{"href":"https:\/\/www.visit-ulcinj.com\/blog\/wp-json\/wp\/v2\/media?parent=89836"}],"wp:term":[{"taxonomy":"category","embeddable":true,"href":"https:\/\/www.visit-ulcinj.com\/blog\/wp-json\/wp\/v2\/categories?post=89836"},{"taxonomy":"post_tag","embeddable":true,"href":"https:\/\/www.visit-ulcinj.com\/blog\/wp-json\/wp\/v2\/tags?post=89836"}],"curies":[{"name":"wp","href":"https:\/\/api.w.org\/{rel}","templated":true}]}}